{"id":93538,"date":"2023-01-21T15:20:00","date_gmt":"2023-01-21T14:20:00","guid":{"rendered":"https:\/\/weisetech.dev\/fc-barcelona-noticias\/en\/chelsea-values-barter-barca-winter_288845_102\/"},"modified":"2023-01-21T18:28:00","modified_gmt":"2023-01-21T17:28:00","slug":"chelsea-values-barter-barca-winter_288845_102","status":"publish","type":"post","link":"https:\/\/www.fcbarcelonanoticias.com\/en\/transfers\/chelsea-values-barter-barca-winter_288845_102.html","title":{"rendered":"Chelsea values \u200b\u200ba barter with Bar\u00e7a in winter"},"content":{"rendered":"<h2 class=\"wp-block-heading\">Chelsea would be in favor of carrying out an exchange with Bar\u00e7a that would include Franck Kessi\u00e9 and Hakim Ziyech. The operation would be waiting to be evaluated by the Bar\u00e7a team<\/h2>  \r\n<div class=\"article-addons\">\r\n    <a href=\"https:\/\/www.fcbarcelonanoticias.com\/en\/calendar-fc-barcelona.html\"\r\n       target=\"_self\"\r\n       title=\"Calendar of FC Barcelona\"\r\n       class=\"blue-gredient-btn\">\r\n       \r\n        Calendar of FC Barcelona    <\/a>\r\n<\/div>   <p>After the FC Barcelona have concretised the exit of the <a data-external=\"0\" data-intl-links-en=\"https:\/\/www.fcbarcelonanoticias.com\/en\/transfers\/guilty-his-exit-memphis-condition-plan-barca-with-aubameyang_288843_102.html\" data-intl-links-es=\"https:\/\/www.fcbarcelonanoticias.com\/fichajes\/culpable-su-salida-memphis-condiciono-plan-barca-con-aubameyang_288843_102.html\" href=\"https:\/\/www.fcbarcelonanoticias.com\/en\/transfers\/guilty-his-exit-memphis-condition-plan-barca-with-aubameyang_288843_102.html\" rel=\"follow\" target=\"_self\" title=\"\u00bfCulpable de su salida? Memphis condicion\u00f3 el plan del Bar\u00e7a con Aubameyang\">Memphis Depay<\/a> to the Athletic of Madrid, <strong>the directive keeps in research of players of offensive profile<\/strong> for suplir this drop, that already is the second in the season after the goodbye of Gerard Hammered. For this will have to expect the dictamen of<a data-external=\"0\" data-intl-links-en=\"https:\/\/www.fcbarcelonanoticias.com\/en\/transfers\/the-barca-expects-ok-to-sign_288837_102.html\" data-intl-links-es=\"https:\/\/www.fcbarcelonanoticias.com\/fichajes\/barca-espera-visto-bueno-laliga-poder-fichar_288837_102.html\" href=\"https:\/\/www.fcbarcelonanoticias.com\/en\/transfers\/the-barca-expects-ok-to-sign_288837_102.html\" rel=\"follow\" target=\"_self\" title=\"El Bar\u00e7a espera el visto bueno de LaLiga para poder fichar\"> LaLiga<\/a> on the &#8216;fair play financial&#8217;, to the time that evaluates some names that could arrive by the road of the exchange.<\/p>  <p>One of the possibilities of barter of the Bar\u00e7a in winter would be linked to Chelsea, an operation that already would have the seen well of the directive of the team londinense. On the one hand, <strong>the cul\u00e9s would receive to the forward Hakim Ziyech<\/strong>; by another, would leave to leave to Franck Kessi\u00e9 to Stamford Bridge to add to the sportive planning of Graham Potter, that no for to add incorporations in winter and looks for to concretise some exits.<\/p>  <p>It is not the first time that the international Moroccan comes under scrutiny of the Barcelona team,<strong> already previously the directive has showed interested in his services<\/strong>, but for then finished decanting by the signings of players like Ferran Torres and Adama Traor\u00e9. Now, the possibility arises in a moment in which the cul\u00e9s require to reinforce his forward in front of the fault of goal that have suffered during the course.<\/p>  <p>Now, <strong>Ziyech would arrive with something more than experience<\/strong>, especially after having formed part of a generation of Moroccan footballers that have made history when turning into the first African selection that reaches the semifinals of a Glass of the World. However, the &#8216;blues&#8217; are had to leave him leave, having several mechanisms on the table, although mainly the exchange with the Barcelona.<\/p>  <h4>Kessi\u00e9, focused in the Bar\u00e7a<\/h4>  <p>Ziyech Has after himself the interest of clubs like the PSV Eindhoven or the AC Milan, that also could receive him in condition of yielded.<strong> Regarding Kessi\u00e9, there are not plans of a change of airs in an immediate future by part of his surroundings<\/strong>, whereas the directive will expect to the end of the season to take a once evaluated decision the final balance of his performance with regard to the market estival. Neither luce viable the possible barter with the Inter by Brozovic.<\/p> ","protected":false},"excerpt":{"rendered":"<p>Chelsea would be in favor of carrying out an exchange with Bar\u00e7a that would include Franck Kessi\u00e9 and Hakim Ziyech. The operation would be waiting to be evaluated by the Bar\u00e7a team After the FC Barcelona have concretised the exit of the Memphis Depay to the Athletic of Madrid, the directive keeps in research of [&hellip;]<\/p>\n","protected":false},"author":363,"featured_media":93548,"comment_status":"closed","ping_status":"open","sticky":false,"template":"","format":"standard","meta":{"_acf_changed":false,"inline_featured_image":false,"_nextfly_llmd_date_locked":false,"footnotes":""},"categories":[106,449],"tags":[161,305],"class_list":["post-93538","post","type-post","status-publish","format-standard","has-post-thumbnail","hentry","category-transfers","category-transfers-2","tag-chelsea","tag-frank-kessie"],"acf":[],"yoast_head":"<!-- This site is optimized with the Yoast SEO plugin v27.3 - https:\/\/yoast.com\/product\/yoast-seo-wordpress\/ -->\n<title>Chelsea values a barter with the Bar\u00e7a in winter<\/title>\n<meta name=\"description\" content=\"Chelsea would be by the work to carry out an exchange with the Bar\u00e7a that incolucrar\u00eda to Franck Kessi\u00e9 and Hakim Ziyech. The operation would be expecting to be evaluated by the Barcelona team\" \/>\n<meta name=\"robots\" content=\"index, follow, max-snippet:-1, max-image-preview:large, max-video-preview:-1\" \/>\n<link rel=\"canonical\" href=\"https:\/\/www.fcbarcelonanoticias.com\/en\/transfers\/chelsea-values-barter-barca-winter_288845_102.html\" \/>\n<meta property=\"og:locale\" content=\"en_US\" \/>\n<meta property=\"og:type\" content=\"article\" \/>\n<meta property=\"og:title\" content=\"Chelsea values a barter with the Bar\u00e7a in winter\" \/>\n<meta property=\"og:description\" content=\"Chelsea would be by the work to carry out an exchange with the Bar\u00e7a that incolucrar\u00eda to Franck Kessi\u00e9 and Hakim Ziyech. The operation would be expecting to be evaluated by the Barcelona team\" \/>\n<meta property=\"og:url\" content=\"https:\/\/www.fcbarcelonanoticias.com\/en\/transfers\/chelsea-values-barter-barca-winter_288845_102.html\" \/>\n<meta property=\"og:site_name\" content=\"EN - FC Barcelona Noticias\" \/>\n<meta property=\"article:published_time\" content=\"2023-01-21T14:20:00+00:00\" \/>\n<meta property=\"article:modified_time\" content=\"2023-01-21T17:28:00+00:00\" \/>\n<meta property=\"og:image\" content=\"https:\/\/www.fcbarcelonanoticias.com\/en\/wp-content\/uploads\/sites\/2\/2023\/01\/kessie-y-ziyech.jpeg\" \/>\n\t<meta property=\"og:image:width\" content=\"1200\" \/>\n\t<meta property=\"og:image:height\" content=\"700\" \/>\n\t<meta property=\"og:image:type\" content=\"image\/jpeg\" \/>\n<meta name=\"author\" content=\"Claudio Betancourt\" \/>\n<meta name=\"twitter:card\" content=\"summary_large_image\" \/>\n<meta name=\"twitter:label1\" content=\"Written by\" \/>\n\t<meta name=\"twitter:data1\" content=\"Claudio Betancourt\" \/>\n\t<meta name=\"twitter:label2\" content=\"Est. reading time\" \/>\n\t<meta name=\"twitter:data2\" content=\"2 minutes\" \/>\n<script type=\"application\/ld+json\" class=\"yoast-schema-graph\">{\"@context\":\"https:\\\/\\\/schema.org\",\"@graph\":[{\"@type\":\"Article\",\"@id\":\"https:\\\/\\\/www.fcbarcelonanoticias.com\\\/en\\\/transfers\\\/chelsea-values-barter-barca-winter_288845_102.html#article\",\"isPartOf\":{\"@id\":\"https:\\\/\\\/www.fcbarcelonanoticias.com\\\/en\\\/transfers\\\/chelsea-values-barter-barca-winter_288845_102.html\"},\"author\":{\"name\":\"Claudio Betancourt\",\"@id\":\"https:\\\/\\\/www.fcbarcelonanoticias.com\\\/en\\\/#\\\/schema\\\/person\\\/76c77917e39f918eb1604c571055386e\"},\"headline\":\"Chelsea values \u200b\u200ba barter with Bar\u00e7a in winter\",\"datePublished\":\"2023-01-21T14:20:00+00:00\",\"dateModified\":\"2023-01-21T17:28:00+00:00\",\"mainEntityOfPage\":{\"@id\":\"https:\\\/\\\/www.fcbarcelonanoticias.com\\\/en\\\/transfers\\\/chelsea-values-barter-barca-winter_288845_102.html\"},\"wordCount\":429,\"image\":{\"@id\":\"https:\\\/\\\/www.fcbarcelonanoticias.com\\\/en\\\/transfers\\\/chelsea-values-barter-barca-winter_288845_102.html#primaryimage\"},\"thumbnailUrl\":\"https:\\\/\\\/www.fcbarcelonanoticias.com\\\/en\\\/wp-content\\\/uploads\\\/sites\\\/2\\\/2023\\\/01\\\/kessie-y-ziyech.jpeg\",\"keywords\":[\"Chelsea\",\"Frank Kessi\u00e9\"],\"articleSection\":[\"Transfers\",\"Transfers\"],\"inLanguage\":\"en-US\"},{\"@type\":\"WebPage\",\"@id\":\"https:\\\/\\\/www.fcbarcelonanoticias.com\\\/en\\\/transfers\\\/chelsea-values-barter-barca-winter_288845_102.html\",\"url\":\"https:\\\/\\\/www.fcbarcelonanoticias.com\\\/en\\\/transfers\\\/chelsea-values-barter-barca-winter_288845_102.html\",\"name\":\"Chelsea values a barter with the Bar\u00e7a in winter\",\"isPartOf\":{\"@id\":\"https:\\\/\\\/www.fcbarcelonanoticias.com\\\/en\\\/#website\"},\"primaryImageOfPage\":{\"@id\":\"https:\\\/\\\/www.fcbarcelonanoticias.com\\\/en\\\/transfers\\\/chelsea-values-barter-barca-winter_288845_102.html#primaryimage\"},\"image\":{\"@id\":\"https:\\\/\\\/www.fcbarcelonanoticias.com\\\/en\\\/transfers\\\/chelsea-values-barter-barca-winter_288845_102.html#primaryimage\"},\"thumbnailUrl\":\"https:\\\/\\\/www.fcbarcelonanoticias.com\\\/en\\\/wp-content\\\/uploads\\\/sites\\\/2\\\/2023\\\/01\\\/kessie-y-ziyech.jpeg\",\"datePublished\":\"2023-01-21T14:20:00+00:00\",\"dateModified\":\"2023-01-21T17:28:00+00:00\",\"author\":{\"@id\":\"https:\\\/\\\/www.fcbarcelonanoticias.com\\\/en\\\/#\\\/schema\\\/person\\\/76c77917e39f918eb1604c571055386e\"},\"description\":\"Chelsea would be by the work to carry out an exchange with the Bar\u00e7a that incolucrar\u00eda to Franck Kessi\u00e9 and Hakim Ziyech. The operation would be expecting to be evaluated by the Barcelona team\",\"breadcrumb\":{\"@id\":\"https:\\\/\\\/www.fcbarcelonanoticias.com\\\/en\\\/transfers\\\/chelsea-values-barter-barca-winter_288845_102.html#breadcrumb\"},\"inLanguage\":\"en-US\",\"potentialAction\":[{\"@type\":\"ReadAction\",\"target\":[\"https:\\\/\\\/www.fcbarcelonanoticias.com\\\/en\\\/transfers\\\/chelsea-values-barter-barca-winter_288845_102.html\"]}]},{\"@type\":\"ImageObject\",\"inLanguage\":\"en-US\",\"@id\":\"https:\\\/\\\/www.fcbarcelonanoticias.com\\\/en\\\/transfers\\\/chelsea-values-barter-barca-winter_288845_102.html#primaryimage\",\"url\":\"https:\\\/\\\/www.fcbarcelonanoticias.com\\\/en\\\/wp-content\\\/uploads\\\/sites\\\/2\\\/2023\\\/01\\\/kessie-y-ziyech.jpeg\",\"contentUrl\":\"https:\\\/\\\/www.fcbarcelonanoticias.com\\\/en\\\/wp-content\\\/uploads\\\/sites\\\/2\\\/2023\\\/01\\\/kessie-y-ziyech.jpeg\",\"width\":1200,\"height\":700},{\"@type\":\"BreadcrumbList\",\"@id\":\"https:\\\/\\\/www.fcbarcelonanoticias.com\\\/en\\\/transfers\\\/chelsea-values-barter-barca-winter_288845_102.html#breadcrumb\",\"itemListElement\":[{\"@type\":\"ListItem\",\"position\":1,\"name\":\"Portada\",\"item\":\"https:\\\/\\\/www.fcbarcelonanoticias.com\\\/en\\\/\"},{\"@type\":\"ListItem\",\"position\":2,\"name\":\"Chelsea values \u200b\u200ba barter with Bar\u00e7a in winter\"}]},{\"@type\":\"WebSite\",\"@id\":\"https:\\\/\\\/www.fcbarcelonanoticias.com\\\/en\\\/#website\",\"url\":\"https:\\\/\\\/www.fcbarcelonanoticias.com\\\/en\\\/\",\"name\":\"EN - FC Barcelona Noticias\",\"description\":\"\",\"potentialAction\":[{\"@type\":\"SearchAction\",\"target\":{\"@type\":\"EntryPoint\",\"urlTemplate\":\"https:\\\/\\\/www.fcbarcelonanoticias.com\\\/en\\\/?s={search_term_string}\"},\"query-input\":{\"@type\":\"PropertyValueSpecification\",\"valueRequired\":true,\"valueName\":\"search_term_string\"}}],\"inLanguage\":\"en-US\"},{\"@type\":\"Person\",\"@id\":\"https:\\\/\\\/www.fcbarcelonanoticias.com\\\/en\\\/#\\\/schema\\\/person\\\/76c77917e39f918eb1604c571055386e\",\"name\":\"Claudio Betancourt\",\"image\":{\"@type\":\"ImageObject\",\"inLanguage\":\"en-US\",\"@id\":\"https:\\\/\\\/secure.gravatar.com\\\/avatar\\\/?s=96&d=mm&r=g\",\"url\":\"https:\\\/\\\/secure.gravatar.com\\\/avatar\\\/?s=96&d=mm&r=g\",\"contentUrl\":\"https:\\\/\\\/secure.gravatar.com\\\/avatar\\\/?s=96&d=mm&r=g\",\"caption\":\"Claudio Betancourt\"},\"url\":\"https:\\\/\\\/www.fcbarcelonanoticias.com\\\/en\\\/claudio-betancourt_14_115.html\"}]}<\/script>\n<!-- \/ Yoast SEO plugin. -->","yoast_head_json":{"title":"Chelsea values a barter with the Bar\u00e7a in winter","description":"Chelsea would be by the work to carry out an exchange with the Bar\u00e7a that incolucrar\u00eda to Franck Kessi\u00e9 and Hakim Ziyech. The operation would be expecting to be evaluated by the Barcelona team","robots":{"index":"index","follow":"follow","max-snippet":"max-snippet:-1","max-image-preview":"max-image-preview:large","max-video-preview":"max-video-preview:-1"},"canonical":"https:\/\/www.fcbarcelonanoticias.com\/en\/transfers\/chelsea-values-barter-barca-winter_288845_102.html","og_locale":"en_US","og_type":"article","og_title":"Chelsea values a barter with the Bar\u00e7a in winter","og_description":"Chelsea would be by the work to carry out an exchange with the Bar\u00e7a that incolucrar\u00eda to Franck Kessi\u00e9 and Hakim Ziyech. The operation would be expecting to be evaluated by the Barcelona team","og_url":"https:\/\/www.fcbarcelonanoticias.com\/en\/transfers\/chelsea-values-barter-barca-winter_288845_102.html","og_site_name":"EN - FC Barcelona Noticias","article_published_time":"2023-01-21T14:20:00+00:00","article_modified_time":"2023-01-21T17:28:00+00:00","og_image":[{"width":1200,"height":700,"url":"https:\/\/www.fcbarcelonanoticias.com\/en\/wp-content\/uploads\/sites\/2\/2023\/01\/kessie-y-ziyech.jpeg","type":"image\/jpeg"}],"author":"Claudio Betancourt","twitter_card":"summary_large_image","twitter_misc":{"Written by":"Claudio Betancourt","Est. reading time":"2 minutes"},"schema":{"@context":"https:\/\/schema.org","@graph":[{"@type":"Article","@id":"https:\/\/www.fcbarcelonanoticias.com\/en\/transfers\/chelsea-values-barter-barca-winter_288845_102.html#article","isPartOf":{"@id":"https:\/\/www.fcbarcelonanoticias.com\/en\/transfers\/chelsea-values-barter-barca-winter_288845_102.html"},"author":{"name":"Claudio Betancourt","@id":"https:\/\/www.fcbarcelonanoticias.com\/en\/#\/schema\/person\/76c77917e39f918eb1604c571055386e"},"headline":"Chelsea values \u200b\u200ba barter with Bar\u00e7a in winter","datePublished":"2023-01-21T14:20:00+00:00","dateModified":"2023-01-21T17:28:00+00:00","mainEntityOfPage":{"@id":"https:\/\/www.fcbarcelonanoticias.com\/en\/transfers\/chelsea-values-barter-barca-winter_288845_102.html"},"wordCount":429,"image":{"@id":"https:\/\/www.fcbarcelonanoticias.com\/en\/transfers\/chelsea-values-barter-barca-winter_288845_102.html#primaryimage"},"thumbnailUrl":"https:\/\/www.fcbarcelonanoticias.com\/en\/wp-content\/uploads\/sites\/2\/2023\/01\/kessie-y-ziyech.jpeg","keywords":["Chelsea","Frank Kessi\u00e9"],"articleSection":["Transfers","Transfers"],"inLanguage":"en-US"},{"@type":"WebPage","@id":"https:\/\/www.fcbarcelonanoticias.com\/en\/transfers\/chelsea-values-barter-barca-winter_288845_102.html","url":"https:\/\/www.fcbarcelonanoticias.com\/en\/transfers\/chelsea-values-barter-barca-winter_288845_102.html","name":"Chelsea values a barter with the Bar\u00e7a in winter","isPartOf":{"@id":"https:\/\/www.fcbarcelonanoticias.com\/en\/#website"},"primaryImageOfPage":{"@id":"https:\/\/www.fcbarcelonanoticias.com\/en\/transfers\/chelsea-values-barter-barca-winter_288845_102.html#primaryimage"},"image":{"@id":"https:\/\/www.fcbarcelonanoticias.com\/en\/transfers\/chelsea-values-barter-barca-winter_288845_102.html#primaryimage"},"thumbnailUrl":"https:\/\/www.fcbarcelonanoticias.com\/en\/wp-content\/uploads\/sites\/2\/2023\/01\/kessie-y-ziyech.jpeg","datePublished":"2023-01-21T14:20:00+00:00","dateModified":"2023-01-21T17:28:00+00:00","author":{"@id":"https:\/\/www.fcbarcelonanoticias.com\/en\/#\/schema\/person\/76c77917e39f918eb1604c571055386e"},"description":"Chelsea would be by the work to carry out an exchange with the Bar\u00e7a that incolucrar\u00eda to Franck Kessi\u00e9 and Hakim Ziyech. The operation would be expecting to be evaluated by the Barcelona team","breadcrumb":{"@id":"https:\/\/www.fcbarcelonanoticias.com\/en\/transfers\/chelsea-values-barter-barca-winter_288845_102.html#breadcrumb"},"inLanguage":"en-US","potentialAction":[{"@type":"ReadAction","target":["https:\/\/www.fcbarcelonanoticias.com\/en\/transfers\/chelsea-values-barter-barca-winter_288845_102.html"]}]},{"@type":"ImageObject","inLanguage":"en-US","@id":"https:\/\/www.fcbarcelonanoticias.com\/en\/transfers\/chelsea-values-barter-barca-winter_288845_102.html#primaryimage","url":"https:\/\/www.fcbarcelonanoticias.com\/en\/wp-content\/uploads\/sites\/2\/2023\/01\/kessie-y-ziyech.jpeg","contentUrl":"https:\/\/www.fcbarcelonanoticias.com\/en\/wp-content\/uploads\/sites\/2\/2023\/01\/kessie-y-ziyech.jpeg","width":1200,"height":700},{"@type":"BreadcrumbList","@id":"https:\/\/www.fcbarcelonanoticias.com\/en\/transfers\/chelsea-values-barter-barca-winter_288845_102.html#breadcrumb","itemListElement":[{"@type":"ListItem","position":1,"name":"Portada","item":"https:\/\/www.fcbarcelonanoticias.com\/en\/"},{"@type":"ListItem","position":2,"name":"Chelsea values \u200b\u200ba barter with Bar\u00e7a in winter"}]},{"@type":"WebSite","@id":"https:\/\/www.fcbarcelonanoticias.com\/en\/#website","url":"https:\/\/www.fcbarcelonanoticias.com\/en\/","name":"EN - FC Barcelona Noticias","description":"","potentialAction":[{"@type":"SearchAction","target":{"@type":"EntryPoint","urlTemplate":"https:\/\/www.fcbarcelonanoticias.com\/en\/?s={search_term_string}"},"query-input":{"@type":"PropertyValueSpecification","valueRequired":true,"valueName":"search_term_string"}}],"inLanguage":"en-US"},{"@type":"Person","@id":"https:\/\/www.fcbarcelonanoticias.com\/en\/#\/schema\/person\/76c77917e39f918eb1604c571055386e","name":"Claudio Betancourt","image":{"@type":"ImageObject","inLanguage":"en-US","@id":"https:\/\/secure.gravatar.com\/avatar\/?s=96&d=mm&r=g","url":"https:\/\/secure.gravatar.com\/avatar\/?s=96&d=mm&r=g","contentUrl":"https:\/\/secure.gravatar.com\/avatar\/?s=96&d=mm&r=g","caption":"Claudio Betancourt"},"url":"https:\/\/www.fcbarcelonanoticias.com\/en\/claudio-betancourt_14_115.html"}]}},"_links":{"self":[{"href":"https:\/\/www.fcbarcelonanoticias.com\/en\/wp-json\/wp\/v2\/posts\/93538","targetHints":{"allow":["GET"]}}],"collection":[{"href":"https:\/\/www.fcbarcelonanoticias.com\/en\/wp-json\/wp\/v2\/posts"}],"about":[{"href":"https:\/\/www.fcbarcelonanoticias.com\/en\/wp-json\/wp\/v2\/types\/post"}],"author":[{"embeddable":true,"href":"https:\/\/www.fcbarcelonanoticias.com\/en\/wp-json\/wp\/v2\/users\/363"}],"replies":[{"embeddable":true,"href":"https:\/\/www.fcbarcelonanoticias.com\/en\/wp-json\/wp\/v2\/comments?post=93538"}],"version-history":[{"count":1,"href":"https:\/\/www.fcbarcelonanoticias.com\/en\/wp-json\/wp\/v2\/posts\/93538\/revisions"}],"predecessor-version":[{"id":126712,"href":"https:\/\/www.fcbarcelonanoticias.com\/en\/wp-json\/wp\/v2\/posts\/93538\/revisions\/126712"}],"wp:featuredmedia":[{"embeddable":true,"href":"https:\/\/www.fcbarcelonanoticias.com\/en\/wp-json\/wp\/v2\/media\/93548"}],"wp:attachment":[{"href":"https:\/\/www.fcbarcelonanoticias.com\/en\/wp-json\/wp\/v2\/media?parent=93538"}],"wp:term":[{"taxonomy":"category","embeddable":true,"href":"https:\/\/www.fcbarcelonanoticias.com\/en\/wp-json\/wp\/v2\/categories?post=93538"},{"taxonomy":"post_tag","embeddable":true,"href":"https:\/\/www.fcbarcelonanoticias.com\/en\/wp-json\/wp\/v2\/tags?post=93538"}],"curies":[{"name":"wp","href":"https:\/\/api.w.org\/{rel}","templated":true}]}}