{"id":93678,"date":"2024-06-16T11:55:00","date_gmt":"2024-06-16T09:55:00","guid":{"rendered":"https:\/\/weisetech.dev\/fc-barcelona-noticias\/en\/fc-barcelona-does-not-rule-out-making-cash-with-marc-guiu-this-summer_304553_102\/"},"modified":"2024-06-17T09:07:00","modified_gmt":"2024-06-17T07:07:00","slug":"fc-barcelona-does-not-rule-out-making-cash-with-marc-guiu-this-summer_304553_102","status":"publish","type":"post","link":"https:\/\/www.fcbarcelonanoticias.com\/en\/transfers\/fc-barcelona-does-not-rule-out-making-cash-with-marc-guiu-this-summer_304553_102.html","title":{"rendered":"FC Barcelona does not rule out making money with Marc Guiu this summer"},"content":{"rendered":"<h2 class=\"wp-block-heading\">Sevilla seem interested in returning to the hunt for Marc Guiu this summer. According to &#8216;SPORT&#8217;, the Seville sports director, V\u00edctor Orta, would have set his sights on the 18-year-old striker to reinforce the Andalusian attack<\/h2>  \r\n<div class=\"article-addons\">\r\n    <a href=\"https:\/\/www.fcbarcelonanoticias.com\/en\/calendar-fc-barcelona.html\"\r\n       target=\"_self\"\r\n       title=\"Calendar of FC Barcelona\"\r\n       class=\"blue-gredient-btn\">\r\n       \r\n        Calendar of FC Barcelona    <\/a>\r\n<\/div>   <p>Marc Guiu goes back to sound with strength in the radar of the Seville. After a fruitless approach of the group nervionense in winter to negotiate the cession of the of Granollers, &#8216;SPORT&#8217; ensures that <strong>the FC Barcelona could receive in brief a new call of the sportive director of the club, V\u00edctor Orta<\/strong>, to know the terms that handles the Barcelona team to leave go out to the forward of 18 years.<\/p>  <p><strong>Guiu Added 9 goals and 4 assistances in 25 parties with the Bar\u00e7a between the first team and the filial in the 2023\/24<\/strong>, a performance that shot his value of market in Transfermarkt until the 7.5 million euros. With a remaining year of agreement,<a data-external=\"0\" data-intl-links-en=\"https:\/\/www.fcbarcelonanoticias.com\/en\/transfers\/fc-barcelona-activate-roadmap-renew-marc-guiu_302807_102.html\" data-intl-links-es=\"https:\/\/www.fcbarcelonanoticias.com\/fichajes\/fc-barcelona-activa-hoja-ruta-renovar-marc-guiu_302807_102.html\" href=\"https:\/\/www.fcbarcelonanoticias.com\/en\/transfers\/fc-barcelona-activate-roadmap-renew-marc-guiu_302807_102.html\" rel=\"follow\" target=\"_self\" title=\"El FC Barcelona activa su hoja de ruta para renovar a Marc Guiu\"> the renewal of the canterano is one of the pending folders of the club this summer<\/a> and, in case that the player prefer to go out, any offer by the order of the 7-8 million euros will be very received in the Barcelona offices. However, the Seville would be more interested in a cession, since the finances of the club are not, neither much less, in his best moment.<\/p>  <h2>Vitor Roque Can have the last word on the future of Marc Guiu<\/h2>  <p>In this sense, the caterano can expect by two fundamental factors to decide if it leaves or no of the Bar\u00e7a. On the one hand, converse directly with Hansi Flick once resolve <a data-external=\"0\" data-intl-links-en=\"https:\/\/www.fcbarcelonanoticias.com\/en\/fc-barcelona\/the-fc-barcelona-takes-decision-with-the-future-of-vitor-roque_304518_102.html\" data-intl-links-es=\"https:\/\/www.fcbarcelonanoticias.com\/fc-barcelona\/fc-barcelona-toma-decision-con-futuro-vitor-roque_304518_102.html\" href=\"https:\/\/www.fcbarcelonanoticias.com\/en\/fc-barcelona\/the-fc-barcelona-takes-decision-with-the-future-of-vitor-roque_304518_102.html\" rel=\"follow\" target=\"_self\" title=\"El FC Barcelona toma una decisi\u00f3n con el futuro de Vitor Roque\"> the future of Vitor Roque<\/a>. <strong>If &#8216;Tigrinho&#8217; remains , will be practically a &#8216;sentence&#8217; for a Guiu that would not take place in the staff with the Brazilian in the team<\/strong>. If the one of Tim\u00f3teo leaves , the German trainer has to clear to the of Granollers which will be his role in the team the next season.<\/p>  <p>On the other hand, the promotion of the Bar\u00e7a Atl\u00e8tic also can have weight in the final decision of Marc. Although the forward prioritises to settle in the elite what before, <strong>remain in the filial playing in Second Division also results an attractive option<\/strong>, considering the leadership that would have ensured under the orders of Rafa M\u00e1rquez. In any case, the Barcelona directive will fix posture once receive a formal offer by the footballer. If the proposal is good, is very likely that the club prefer to do box, reserving an option of repurchase and a percentage of his sportive rights.<\/p> ","protected":false},"excerpt":{"rendered":"<p>Sevilla seem interested in returning to the hunt for Marc Guiu this summer. According to &#8216;SPORT&#8217;, the Seville sports director, V\u00edctor Orta, would have set his sights on the 18-year-old striker to reinforce the Andalusian attack Marc Guiu goes back to sound with strength in the radar of the Seville. After a fruitless approach of [&hellip;]<\/p>\n","protected":false},"author":347,"featured_media":93687,"comment_status":"closed","ping_status":"open","sticky":false,"template":"","format":"standard","meta":{"_acf_changed":false,"inline_featured_image":false,"_nextfly_llmd_date_locked":false,"footnotes":""},"categories":[106,449],"tags":[310,74],"class_list":["post-93678","post","type-post","status-publish","format-standard","has-post-thumbnail","hentry","category-transfers","category-transfers-2","tag-marc-guiu","tag-sevilla-fc"],"acf":[],"yoast_head":"<!-- This site is optimized with the Yoast SEO plugin v27.3 - https:\/\/yoast.com\/product\/yoast-seo-wordpress\/ -->\n<title>FC Barcelona does not rule out making money with Marc Guiu this summer<\/title>\n<meta name=\"description\" content=\"Sevilla seem interested in returning to the hunt for Marc Guiu this summer. According to &#039;SPORT&#039;, the Seville sports director, V\u00edctor Orta, would have set his sights on the 18-year-old striker to reinforce the Andalusian attack\" \/>\n<meta name=\"robots\" content=\"index, follow, max-snippet:-1, max-image-preview:large, max-video-preview:-1\" \/>\n<link rel=\"canonical\" href=\"https:\/\/www.fcbarcelonanoticias.com\/en\/transfers\/fc-barcelona-does-not-rule-out-making-cash-with-marc-guiu-this-summer_304553_102.html\" \/>\n<meta property=\"og:locale\" content=\"en_US\" \/>\n<meta property=\"og:type\" content=\"article\" \/>\n<meta property=\"og:title\" content=\"FC Barcelona does not rule out making money with Marc Guiu this summer\" \/>\n<meta property=\"og:description\" content=\"Sevilla seem interested in returning to the hunt for Marc Guiu this summer. According to &#039;SPORT&#039;, the Seville sports director, V\u00edctor Orta, would have set his sights on the 18-year-old striker to reinforce the Andalusian attack\" \/>\n<meta property=\"og:url\" content=\"https:\/\/www.fcbarcelonanoticias.com\/en\/transfers\/fc-barcelona-does-not-rule-out-making-cash-with-marc-guiu-this-summer_304553_102.html\" \/>\n<meta property=\"og:site_name\" content=\"EN - FC Barcelona Noticias\" \/>\n<meta property=\"article:published_time\" content=\"2024-06-16T09:55:00+00:00\" \/>\n<meta property=\"article:modified_time\" content=\"2024-06-17T07:07:00+00:00\" \/>\n<meta property=\"og:image\" content=\"https:\/\/www.fcbarcelonanoticias.com\/en\/wp-content\/uploads\/sites\/2\/2024\/06\/fc-barcelona-v-athletic-club-laliga-ea-sports.jpeg\" \/>\n\t<meta property=\"og:image:width\" content=\"1300\" \/>\n\t<meta property=\"og:image:height\" content=\"734\" \/>\n\t<meta property=\"og:image:type\" content=\"image\/jpeg\" \/>\n<meta name=\"author\" content=\"Andr\u00e9s Quiroz\" \/>\n<meta name=\"twitter:card\" content=\"summary_large_image\" \/>\n<meta name=\"twitter:label1\" content=\"Written by\" \/>\n\t<meta name=\"twitter:data1\" content=\"Andr\u00e9s Quiroz\" \/>\n\t<meta name=\"twitter:label2\" content=\"Est. reading time\" \/>\n\t<meta name=\"twitter:data2\" content=\"2 minutes\" \/>\n<script type=\"application\/ld+json\" class=\"yoast-schema-graph\">{\"@context\":\"https:\\\/\\\/schema.org\",\"@graph\":[{\"@type\":\"Article\",\"@id\":\"https:\\\/\\\/www.fcbarcelonanoticias.com\\\/en\\\/transfers\\\/fc-barcelona-does-not-rule-out-making-cash-with-marc-guiu-this-summer_304553_102.html#article\",\"isPartOf\":{\"@id\":\"https:\\\/\\\/www.fcbarcelonanoticias.com\\\/en\\\/transfers\\\/fc-barcelona-does-not-rule-out-making-cash-with-marc-guiu-this-summer_304553_102.html\"},\"author\":{\"name\":\"Andr\u00e9s Quiroz\",\"@id\":\"https:\\\/\\\/www.fcbarcelonanoticias.com\\\/en\\\/#\\\/schema\\\/person\\\/c2cd9f6fa1af5c0d0eccd0fefa575c88\"},\"headline\":\"FC Barcelona does not rule out making money with Marc Guiu this summer\",\"datePublished\":\"2024-06-16T09:55:00+00:00\",\"dateModified\":\"2024-06-17T07:07:00+00:00\",\"mainEntityOfPage\":{\"@id\":\"https:\\\/\\\/www.fcbarcelonanoticias.com\\\/en\\\/transfers\\\/fc-barcelona-does-not-rule-out-making-cash-with-marc-guiu-this-summer_304553_102.html\"},\"wordCount\":440,\"image\":{\"@id\":\"https:\\\/\\\/www.fcbarcelonanoticias.com\\\/en\\\/transfers\\\/fc-barcelona-does-not-rule-out-making-cash-with-marc-guiu-this-summer_304553_102.html#primaryimage\"},\"thumbnailUrl\":\"https:\\\/\\\/www.fcbarcelonanoticias.com\\\/en\\\/wp-content\\\/uploads\\\/sites\\\/2\\\/2024\\\/06\\\/fc-barcelona-v-athletic-club-laliga-ea-sports.jpeg\",\"keywords\":[\"Marc Guiu\",\"Sevilla FC\"],\"articleSection\":[\"Transfers\",\"Transfers\"],\"inLanguage\":\"en-US\"},{\"@type\":\"WebPage\",\"@id\":\"https:\\\/\\\/www.fcbarcelonanoticias.com\\\/en\\\/transfers\\\/fc-barcelona-does-not-rule-out-making-cash-with-marc-guiu-this-summer_304553_102.html\",\"url\":\"https:\\\/\\\/www.fcbarcelonanoticias.com\\\/en\\\/transfers\\\/fc-barcelona-does-not-rule-out-making-cash-with-marc-guiu-this-summer_304553_102.html\",\"name\":\"FC Barcelona does not rule out making money with Marc Guiu this summer\",\"isPartOf\":{\"@id\":\"https:\\\/\\\/www.fcbarcelonanoticias.com\\\/en\\\/#website\"},\"primaryImageOfPage\":{\"@id\":\"https:\\\/\\\/www.fcbarcelonanoticias.com\\\/en\\\/transfers\\\/fc-barcelona-does-not-rule-out-making-cash-with-marc-guiu-this-summer_304553_102.html#primaryimage\"},\"image\":{\"@id\":\"https:\\\/\\\/www.fcbarcelonanoticias.com\\\/en\\\/transfers\\\/fc-barcelona-does-not-rule-out-making-cash-with-marc-guiu-this-summer_304553_102.html#primaryimage\"},\"thumbnailUrl\":\"https:\\\/\\\/www.fcbarcelonanoticias.com\\\/en\\\/wp-content\\\/uploads\\\/sites\\\/2\\\/2024\\\/06\\\/fc-barcelona-v-athletic-club-laliga-ea-sports.jpeg\",\"datePublished\":\"2024-06-16T09:55:00+00:00\",\"dateModified\":\"2024-06-17T07:07:00+00:00\",\"author\":{\"@id\":\"https:\\\/\\\/www.fcbarcelonanoticias.com\\\/en\\\/#\\\/schema\\\/person\\\/c2cd9f6fa1af5c0d0eccd0fefa575c88\"},\"description\":\"Sevilla seem interested in returning to the hunt for Marc Guiu this summer. According to 'SPORT', the Seville sports director, V\u00edctor Orta, would have set his sights on the 18-year-old striker to reinforce the Andalusian attack\",\"breadcrumb\":{\"@id\":\"https:\\\/\\\/www.fcbarcelonanoticias.com\\\/en\\\/transfers\\\/fc-barcelona-does-not-rule-out-making-cash-with-marc-guiu-this-summer_304553_102.html#breadcrumb\"},\"inLanguage\":\"en-US\",\"potentialAction\":[{\"@type\":\"ReadAction\",\"target\":[\"https:\\\/\\\/www.fcbarcelonanoticias.com\\\/en\\\/transfers\\\/fc-barcelona-does-not-rule-out-making-cash-with-marc-guiu-this-summer_304553_102.html\"]}]},{\"@type\":\"ImageObject\",\"inLanguage\":\"en-US\",\"@id\":\"https:\\\/\\\/www.fcbarcelonanoticias.com\\\/en\\\/transfers\\\/fc-barcelona-does-not-rule-out-making-cash-with-marc-guiu-this-summer_304553_102.html#primaryimage\",\"url\":\"https:\\\/\\\/www.fcbarcelonanoticias.com\\\/en\\\/wp-content\\\/uploads\\\/sites\\\/2\\\/2024\\\/06\\\/fc-barcelona-v-athletic-club-laliga-ea-sports.jpeg\",\"contentUrl\":\"https:\\\/\\\/www.fcbarcelonanoticias.com\\\/en\\\/wp-content\\\/uploads\\\/sites\\\/2\\\/2024\\\/06\\\/fc-barcelona-v-athletic-club-laliga-ea-sports.jpeg\",\"width\":1300,\"height\":734},{\"@type\":\"BreadcrumbList\",\"@id\":\"https:\\\/\\\/www.fcbarcelonanoticias.com\\\/en\\\/transfers\\\/fc-barcelona-does-not-rule-out-making-cash-with-marc-guiu-this-summer_304553_102.html#breadcrumb\",\"itemListElement\":[{\"@type\":\"ListItem\",\"position\":1,\"name\":\"Portada\",\"item\":\"https:\\\/\\\/www.fcbarcelonanoticias.com\\\/en\\\/\"},{\"@type\":\"ListItem\",\"position\":2,\"name\":\"FC Barcelona does not rule out making money with Marc Guiu this summer\"}]},{\"@type\":\"WebSite\",\"@id\":\"https:\\\/\\\/www.fcbarcelonanoticias.com\\\/en\\\/#website\",\"url\":\"https:\\\/\\\/www.fcbarcelonanoticias.com\\\/en\\\/\",\"name\":\"EN - FC Barcelona Noticias\",\"description\":\"\",\"potentialAction\":[{\"@type\":\"SearchAction\",\"target\":{\"@type\":\"EntryPoint\",\"urlTemplate\":\"https:\\\/\\\/www.fcbarcelonanoticias.com\\\/en\\\/?s={search_term_string}\"},\"query-input\":{\"@type\":\"PropertyValueSpecification\",\"valueRequired\":true,\"valueName\":\"search_term_string\"}}],\"inLanguage\":\"en-US\"},{\"@type\":\"Person\",\"@id\":\"https:\\\/\\\/www.fcbarcelonanoticias.com\\\/en\\\/#\\\/schema\\\/person\\\/c2cd9f6fa1af5c0d0eccd0fefa575c88\",\"name\":\"Andr\u00e9s Quiroz\",\"image\":{\"@type\":\"ImageObject\",\"inLanguage\":\"en-US\",\"@id\":\"https:\\\/\\\/secure.gravatar.com\\\/avatar\\\/?s=96&d=mm&r=g\",\"url\":\"https:\\\/\\\/secure.gravatar.com\\\/avatar\\\/?s=96&d=mm&r=g\",\"contentUrl\":\"https:\\\/\\\/secure.gravatar.com\\\/avatar\\\/?s=96&d=mm&r=g\",\"caption\":\"Andr\u00e9s Quiroz\"},\"description\":\"Licenciado en Periodismo por la Universidad de los Andes. Me encargo de analizar y compartir los contenidos m\u00e1s destacados de la\u00a0actualidad del F\u00fatbol Club Barcelona, Mercado de Fichajes y F\u00fatbol Internacional en FCBN. La informaci\u00f3n es poder, pero tambi\u00e9n conocimiento.\",\"url\":\"https:\\\/\\\/www.fcbarcelonanoticias.com\\\/en\\\/fc-barcelona\\\/andres-quiroz_17_115.html\"}]}<\/script>\n<!-- \/ Yoast SEO plugin. -->","yoast_head_json":{"title":"FC Barcelona does not rule out making money with Marc Guiu this summer","description":"Sevilla seem interested in returning to the hunt for Marc Guiu this summer. According to 'SPORT', the Seville sports director, V\u00edctor Orta, would have set his sights on the 18-year-old striker to reinforce the Andalusian attack","robots":{"index":"index","follow":"follow","max-snippet":"max-snippet:-1","max-image-preview":"max-image-preview:large","max-video-preview":"max-video-preview:-1"},"canonical":"https:\/\/www.fcbarcelonanoticias.com\/en\/transfers\/fc-barcelona-does-not-rule-out-making-cash-with-marc-guiu-this-summer_304553_102.html","og_locale":"en_US","og_type":"article","og_title":"FC Barcelona does not rule out making money with Marc Guiu this summer","og_description":"Sevilla seem interested in returning to the hunt for Marc Guiu this summer. According to 'SPORT', the Seville sports director, V\u00edctor Orta, would have set his sights on the 18-year-old striker to reinforce the Andalusian attack","og_url":"https:\/\/www.fcbarcelonanoticias.com\/en\/transfers\/fc-barcelona-does-not-rule-out-making-cash-with-marc-guiu-this-summer_304553_102.html","og_site_name":"EN - FC Barcelona Noticias","article_published_time":"2024-06-16T09:55:00+00:00","article_modified_time":"2024-06-17T07:07:00+00:00","og_image":[{"width":1300,"height":734,"url":"https:\/\/www.fcbarcelonanoticias.com\/en\/wp-content\/uploads\/sites\/2\/2024\/06\/fc-barcelona-v-athletic-club-laliga-ea-sports.jpeg","type":"image\/jpeg"}],"author":"Andr\u00e9s Quiroz","twitter_card":"summary_large_image","twitter_misc":{"Written by":"Andr\u00e9s Quiroz","Est. reading time":"2 minutes"},"schema":{"@context":"https:\/\/schema.org","@graph":[{"@type":"Article","@id":"https:\/\/www.fcbarcelonanoticias.com\/en\/transfers\/fc-barcelona-does-not-rule-out-making-cash-with-marc-guiu-this-summer_304553_102.html#article","isPartOf":{"@id":"https:\/\/www.fcbarcelonanoticias.com\/en\/transfers\/fc-barcelona-does-not-rule-out-making-cash-with-marc-guiu-this-summer_304553_102.html"},"author":{"name":"Andr\u00e9s Quiroz","@id":"https:\/\/www.fcbarcelonanoticias.com\/en\/#\/schema\/person\/c2cd9f6fa1af5c0d0eccd0fefa575c88"},"headline":"FC Barcelona does not rule out making money with Marc Guiu this summer","datePublished":"2024-06-16T09:55:00+00:00","dateModified":"2024-06-17T07:07:00+00:00","mainEntityOfPage":{"@id":"https:\/\/www.fcbarcelonanoticias.com\/en\/transfers\/fc-barcelona-does-not-rule-out-making-cash-with-marc-guiu-this-summer_304553_102.html"},"wordCount":440,"image":{"@id":"https:\/\/www.fcbarcelonanoticias.com\/en\/transfers\/fc-barcelona-does-not-rule-out-making-cash-with-marc-guiu-this-summer_304553_102.html#primaryimage"},"thumbnailUrl":"https:\/\/www.fcbarcelonanoticias.com\/en\/wp-content\/uploads\/sites\/2\/2024\/06\/fc-barcelona-v-athletic-club-laliga-ea-sports.jpeg","keywords":["Marc Guiu","Sevilla FC"],"articleSection":["Transfers","Transfers"],"inLanguage":"en-US"},{"@type":"WebPage","@id":"https:\/\/www.fcbarcelonanoticias.com\/en\/transfers\/fc-barcelona-does-not-rule-out-making-cash-with-marc-guiu-this-summer_304553_102.html","url":"https:\/\/www.fcbarcelonanoticias.com\/en\/transfers\/fc-barcelona-does-not-rule-out-making-cash-with-marc-guiu-this-summer_304553_102.html","name":"FC Barcelona does not rule out making money with Marc Guiu this summer","isPartOf":{"@id":"https:\/\/www.fcbarcelonanoticias.com\/en\/#website"},"primaryImageOfPage":{"@id":"https:\/\/www.fcbarcelonanoticias.com\/en\/transfers\/fc-barcelona-does-not-rule-out-making-cash-with-marc-guiu-this-summer_304553_102.html#primaryimage"},"image":{"@id":"https:\/\/www.fcbarcelonanoticias.com\/en\/transfers\/fc-barcelona-does-not-rule-out-making-cash-with-marc-guiu-this-summer_304553_102.html#primaryimage"},"thumbnailUrl":"https:\/\/www.fcbarcelonanoticias.com\/en\/wp-content\/uploads\/sites\/2\/2024\/06\/fc-barcelona-v-athletic-club-laliga-ea-sports.jpeg","datePublished":"2024-06-16T09:55:00+00:00","dateModified":"2024-06-17T07:07:00+00:00","author":{"@id":"https:\/\/www.fcbarcelonanoticias.com\/en\/#\/schema\/person\/c2cd9f6fa1af5c0d0eccd0fefa575c88"},"description":"Sevilla seem interested in returning to the hunt for Marc Guiu this summer. According to 'SPORT', the Seville sports director, V\u00edctor Orta, would have set his sights on the 18-year-old striker to reinforce the Andalusian attack","breadcrumb":{"@id":"https:\/\/www.fcbarcelonanoticias.com\/en\/transfers\/fc-barcelona-does-not-rule-out-making-cash-with-marc-guiu-this-summer_304553_102.html#breadcrumb"},"inLanguage":"en-US","potentialAction":[{"@type":"ReadAction","target":["https:\/\/www.fcbarcelonanoticias.com\/en\/transfers\/fc-barcelona-does-not-rule-out-making-cash-with-marc-guiu-this-summer_304553_102.html"]}]},{"@type":"ImageObject","inLanguage":"en-US","@id":"https:\/\/www.fcbarcelonanoticias.com\/en\/transfers\/fc-barcelona-does-not-rule-out-making-cash-with-marc-guiu-this-summer_304553_102.html#primaryimage","url":"https:\/\/www.fcbarcelonanoticias.com\/en\/wp-content\/uploads\/sites\/2\/2024\/06\/fc-barcelona-v-athletic-club-laliga-ea-sports.jpeg","contentUrl":"https:\/\/www.fcbarcelonanoticias.com\/en\/wp-content\/uploads\/sites\/2\/2024\/06\/fc-barcelona-v-athletic-club-laliga-ea-sports.jpeg","width":1300,"height":734},{"@type":"BreadcrumbList","@id":"https:\/\/www.fcbarcelonanoticias.com\/en\/transfers\/fc-barcelona-does-not-rule-out-making-cash-with-marc-guiu-this-summer_304553_102.html#breadcrumb","itemListElement":[{"@type":"ListItem","position":1,"name":"Portada","item":"https:\/\/www.fcbarcelonanoticias.com\/en\/"},{"@type":"ListItem","position":2,"name":"FC Barcelona does not rule out making money with Marc Guiu this summer"}]},{"@type":"WebSite","@id":"https:\/\/www.fcbarcelonanoticias.com\/en\/#website","url":"https:\/\/www.fcbarcelonanoticias.com\/en\/","name":"EN - FC Barcelona Noticias","description":"","potentialAction":[{"@type":"SearchAction","target":{"@type":"EntryPoint","urlTemplate":"https:\/\/www.fcbarcelonanoticias.com\/en\/?s={search_term_string}"},"query-input":{"@type":"PropertyValueSpecification","valueRequired":true,"valueName":"search_term_string"}}],"inLanguage":"en-US"},{"@type":"Person","@id":"https:\/\/www.fcbarcelonanoticias.com\/en\/#\/schema\/person\/c2cd9f6fa1af5c0d0eccd0fefa575c88","name":"Andr\u00e9s Quiroz","image":{"@type":"ImageObject","inLanguage":"en-US","@id":"https:\/\/secure.gravatar.com\/avatar\/?s=96&d=mm&r=g","url":"https:\/\/secure.gravatar.com\/avatar\/?s=96&d=mm&r=g","contentUrl":"https:\/\/secure.gravatar.com\/avatar\/?s=96&d=mm&r=g","caption":"Andr\u00e9s Quiroz"},"description":"Licenciado en Periodismo por la Universidad de los Andes. Me encargo de analizar y compartir los contenidos m\u00e1s destacados de la\u00a0actualidad del F\u00fatbol Club Barcelona, Mercado de Fichajes y F\u00fatbol Internacional en FCBN. La informaci\u00f3n es poder, pero tambi\u00e9n conocimiento.","url":"https:\/\/www.fcbarcelonanoticias.com\/en\/fc-barcelona\/andres-quiroz_17_115.html"}]}},"_links":{"self":[{"href":"https:\/\/www.fcbarcelonanoticias.com\/en\/wp-json\/wp\/v2\/posts\/93678","targetHints":{"allow":["GET"]}}],"collection":[{"href":"https:\/\/www.fcbarcelonanoticias.com\/en\/wp-json\/wp\/v2\/posts"}],"about":[{"href":"https:\/\/www.fcbarcelonanoticias.com\/en\/wp-json\/wp\/v2\/types\/post"}],"author":[{"embeddable":true,"href":"https:\/\/www.fcbarcelonanoticias.com\/en\/wp-json\/wp\/v2\/users\/347"}],"replies":[{"embeddable":true,"href":"https:\/\/www.fcbarcelonanoticias.com\/en\/wp-json\/wp\/v2\/comments?post=93678"}],"version-history":[{"count":1,"href":"https:\/\/www.fcbarcelonanoticias.com\/en\/wp-json\/wp\/v2\/posts\/93678\/revisions"}],"predecessor-version":[{"id":126652,"href":"https:\/\/www.fcbarcelonanoticias.com\/en\/wp-json\/wp\/v2\/posts\/93678\/revisions\/126652"}],"wp:featuredmedia":[{"embeddable":true,"href":"https:\/\/www.fcbarcelonanoticias.com\/en\/wp-json\/wp\/v2\/media\/93687"}],"wp:attachment":[{"href":"https:\/\/www.fcbarcelonanoticias.com\/en\/wp-json\/wp\/v2\/media?parent=93678"}],"wp:term":[{"taxonomy":"category","embeddable":true,"href":"https:\/\/www.fcbarcelonanoticias.com\/en\/wp-json\/wp\/v2\/categories?post=93678"},{"taxonomy":"post_tag","embeddable":true,"href":"https:\/\/www.fcbarcelonanoticias.com\/en\/wp-json\/wp\/v2\/tags?post=93678"}],"curies":[{"name":"wp","href":"https:\/\/api.w.org\/{rel}","templated":true}]}}