{"id":93682,"date":"2019-05-11T23:01:00","date_gmt":"2019-05-11T21:01:00","guid":{"rendered":"https:\/\/weisetech.dev\/fc-barcelona-noticias\/en\/if-it-goes-to-by-pau-lopez-the-barca-could-yield-to-several-canteranos-to-the-real-betis_224509_102\/"},"modified":"2026-04-16T09:09:11","modified_gmt":"2026-04-16T07:09:11","slug":"if-it-goes-to-by-pau-lopez-the-barca-could-yield-to-several-canteranos-to-the-real-betis_224509_102","status":"publish","type":"post","link":"https:\/\/www.fcbarcelonanoticias.com\/en\/transfers\/if-it-goes-to-by-pau-lopez-the-barca-could-yield-to-several-canteranos-to-the-real-betis_224509_102.html","title":{"rendered":"If it goes to by Pau L\u00f3pez, the Bar\u00e7a could yield to several canteranos to the Real Betis"},"content":{"rendered":"<h2 class=\"wp-block-heading\">The FC Barcelona looks for an acting goalkeeper for the next season, and in his diary is the Catalan Pau L\u00f3pez. If finally the player of the Real Betis is the elected, the Barcelona group could yield to several canteranos to recess the high price of the cancerbero<\/h2>  \r\n<div class=\"article-addons\">\r\n    <a href=\"https:\/\/www.fcbarcelonanoticias.com\/en\/calendar-fc-barcelona.html\"\r\n       target=\"_self\"\r\n       title=\"Calendar of FC Barcelona\"\r\n       class=\"blue-gredient-btn\">\r\n       \r\n        Calendar of FC Barcelona    <\/a>\r\n<\/div>   <p><strong>The FC Barcelona has several pending&nbsp;subjects in the summer 2019, and one of them is the contracting of a guardameta acting. <a href=\"https:\/\/www.fcbarcelonanoticias.com\/en\/tags\/jasper-cillessen.html\">Jasper Cillessen<\/a>&nbsp;<\/strong>announced does some weeks that this time yes is decided to do the cases to look for a team in which can be headline, what will force to the Catalan group to include a spare for the goal between his operations in the window estival.<\/p> <p>After some meetings with the Dutch, <strong>the Barcelona set up the machinery and already have a full diary of interesting names<\/strong>, with canceberos of several profiles of all the corners of the world. The aim is atinar with another ideal relief for Marc-Andr\u00e9 ter Stegen, with the one who the one of Nimega has kept a good relation and to the that has covered showing an exceptional level.<\/p> <p><strong>One of which has situated  in the orbit barcelonista is Pau L\u00f3pez<\/strong>, formed in the quarry of the RCD Espanyol and from does an indisputable year in the Real Betis. In spite of living some episodes of tension with the stars cul\u00e9s in the derbis, this question seems past water, and exist remarkable reports on a player that to his 24 years begins to show  to the Spanish selection.<\/p> <p><strong>The main obstacle in this case is the price, since his clause of rescission surpasses the 35 million euros<\/strong>. The Bar\u00e7a has several aims to improve his staff and are not cheap -Frenkie of Jong and Matthijs of Ligt rondar\u00e1n the 150 &#8216;kilos&#8217; between the two-, by what this quantity surpasses with grow the investment that has prepared  in this plot.<\/p> <p><strong>The verdiblancos, in spite of everything, would be had to recess his requirements, whenever they go in some canteranos Barcelona in the negotiation<\/strong>. In the last months, in Benito Villamar\u00edn have showed interest in the cessions of youngsters like Carles Ale\u00f1\u00e1 and Jean-Clair Todibo, although according to the informations published by &#8216;Sportive Stadium&#8217;, the names that are now on the table are the ones of <a href=\"https:\/\/www.fcbarcelonanoticias.com\/en\/tags\/miranda.html\"><strong>Juan Miranda<\/strong><\/a> and Ludovit Reis.<\/p> <h2>The Bar\u00e7a wants a just price by Cillessen<\/h2> <p><strong>In a situation resembled the one of the Betis finds  the Bar\u00e7a, that does not want that the one of Cillessen was a signing <a href=\"https:\/\/www.fcbarcelonanoticias.com\/fc-barcelona\/fichajes.html\"><\/a> &#8216;given&#8217;<\/strong>. The ex of the Ajax has agreement until 2021 and a clause of rescission of 60 million euros, and expects  collect a minimum of 30 millions to leave him go out. The Benfica is tightening to close his incorporation, and it will be necessary to see which is the result of the agreement.<\/p> ","protected":false},"excerpt":{"rendered":"<p>The FC Barcelona looks for an acting goalkeeper for the next season, and in his diary is the Catalan Pau L\u00f3pez. If finally the player of the Real Betis is the elected, the Barcelona group could yield to several canteranos to recess the high price of the cancerbero The FC Barcelona has several pending&nbsp;subjects in [&hellip;]<\/p>\n","protected":false},"author":382,"featured_media":93700,"comment_status":"closed","ping_status":"open","sticky":false,"template":"","format":"standard","meta":{"_acf_changed":false,"inline_featured_image":false,"_nextfly_llmd_date_locked":false,"footnotes":""},"categories":[449,106],"tags":[265,321,181],"class_list":["post-93682","post","type-post","status-publish","format-standard","has-post-thumbnail","hentry","category-transfers-2","category-transfers","tag-jasper-cillessen","tag-miranda","tag-the-masia"],"acf":[],"yoast_head":"<!-- This site is optimized with the Yoast SEO plugin v27.3 - https:\/\/yoast.com\/product\/yoast-seo-wordpress\/ -->\n<title>If it goes to by Pau L\u00f3pez, the Bar\u00e7a could yield to several canteranos to the Real Betis<\/title>\n<meta name=\"description\" content=\"The FC Barcelona looks for an acting goalkeeper for the next season, and in his diary is the Catalan Pau L\u00f3pez. If finally the player of the Real...\" \/>\n<meta name=\"robots\" content=\"index, follow, max-snippet:-1, max-image-preview:large, max-video-preview:-1\" \/>\n<link rel=\"canonical\" href=\"https:\/\/www.fcbarcelonanoticias.com\/en\/transfers\/if-it-goes-to-by-pau-lopez-the-barca-could-yield-to-several-canteranos-to-the-real-betis_224509_102.html\" \/>\n<meta property=\"og:locale\" content=\"en_US\" \/>\n<meta property=\"og:type\" content=\"article\" \/>\n<meta property=\"og:title\" content=\"If it goes to by Pau L\u00f3pez, the Bar\u00e7a could yield to several canteranos to the Real Betis\" \/>\n<meta property=\"og:description\" content=\"The FC Barcelona looks for an acting goalkeeper for the next season, and in his diary is the Catalan Pau L\u00f3pez. If finally the player of the Real...\" \/>\n<meta property=\"og:url\" content=\"https:\/\/www.fcbarcelonanoticias.com\/en\/transfers\/if-it-goes-to-by-pau-lopez-the-barca-could-yield-to-several-canteranos-to-the-real-betis_224509_102.html\" \/>\n<meta property=\"og:site_name\" content=\"EN - FC Barcelona Noticias\" \/>\n<meta property=\"article:published_time\" content=\"2019-05-11T21:01:00+00:00\" \/>\n<meta property=\"article:modified_time\" content=\"2026-04-16T07:09:11+00:00\" \/>\n<meta property=\"og:image\" content=\"https:\/\/www.fcbarcelonanoticias.com\/en\/wp-content\/uploads\/sites\/2\/2019\/05\/ericabidal-barcelona5-290803.jpeg\" \/>\n\t<meta property=\"og:image:width\" content=\"760\" \/>\n\t<meta property=\"og:image:height\" content=\"428\" \/>\n\t<meta property=\"og:image:type\" content=\"image\/jpeg\" \/>\n<meta name=\"author\" content=\"user_4038\" \/>\n<meta name=\"twitter:card\" content=\"summary_large_image\" \/>\n<meta name=\"twitter:label1\" content=\"Written by\" \/>\n\t<meta name=\"twitter:data1\" content=\"user_4038\" \/>\n\t<meta name=\"twitter:label2\" content=\"Est. reading time\" \/>\n\t<meta name=\"twitter:data2\" content=\"2 minutes\" \/>\n<script type=\"application\/ld+json\" class=\"yoast-schema-graph\">{\"@context\":\"https:\\\/\\\/schema.org\",\"@graph\":[{\"@type\":\"Article\",\"@id\":\"https:\\\/\\\/www.fcbarcelonanoticias.com\\\/en\\\/transfers\\\/if-it-goes-to-by-pau-lopez-the-barca-could-yield-to-several-canteranos-to-the-real-betis_224509_102.html#article\",\"isPartOf\":{\"@id\":\"https:\\\/\\\/www.fcbarcelonanoticias.com\\\/en\\\/transfers\\\/if-it-goes-to-by-pau-lopez-the-barca-could-yield-to-several-canteranos-to-the-real-betis_224509_102.html\"},\"author\":{\"name\":\"user_4038\",\"@id\":\"https:\\\/\\\/www.fcbarcelonanoticias.com\\\/en\\\/#\\\/schema\\\/person\\\/d496eb2867fed0dac243bde8b6b84dc7\"},\"headline\":\"If it goes to by Pau L\u00f3pez, the Bar\u00e7a could yield to several canteranos to the Real Betis\",\"datePublished\":\"2019-05-11T21:01:00+00:00\",\"dateModified\":\"2026-04-16T07:09:11+00:00\",\"mainEntityOfPage\":{\"@id\":\"https:\\\/\\\/www.fcbarcelonanoticias.com\\\/en\\\/transfers\\\/if-it-goes-to-by-pau-lopez-the-barca-could-yield-to-several-canteranos-to-the-real-betis_224509_102.html\"},\"wordCount\":494,\"image\":{\"@id\":\"https:\\\/\\\/www.fcbarcelonanoticias.com\\\/en\\\/transfers\\\/if-it-goes-to-by-pau-lopez-the-barca-could-yield-to-several-canteranos-to-the-real-betis_224509_102.html#primaryimage\"},\"thumbnailUrl\":\"https:\\\/\\\/www.fcbarcelonanoticias.com\\\/en\\\/wp-content\\\/uploads\\\/sites\\\/2\\\/2019\\\/05\\\/ericabidal-barcelona5-290803.jpeg\",\"keywords\":[\"Jasper Cillessen\",\"Miranda\",\"The Masia\"],\"articleSection\":[\"Transfers\",\"Transfers\"],\"inLanguage\":\"en-US\"},{\"@type\":\"WebPage\",\"@id\":\"https:\\\/\\\/www.fcbarcelonanoticias.com\\\/en\\\/transfers\\\/if-it-goes-to-by-pau-lopez-the-barca-could-yield-to-several-canteranos-to-the-real-betis_224509_102.html\",\"url\":\"https:\\\/\\\/www.fcbarcelonanoticias.com\\\/en\\\/transfers\\\/if-it-goes-to-by-pau-lopez-the-barca-could-yield-to-several-canteranos-to-the-real-betis_224509_102.html\",\"name\":\"If it goes to by Pau L\u00f3pez, the Bar\u00e7a could yield to several canteranos to the Real Betis\",\"isPartOf\":{\"@id\":\"https:\\\/\\\/www.fcbarcelonanoticias.com\\\/en\\\/#website\"},\"primaryImageOfPage\":{\"@id\":\"https:\\\/\\\/www.fcbarcelonanoticias.com\\\/en\\\/transfers\\\/if-it-goes-to-by-pau-lopez-the-barca-could-yield-to-several-canteranos-to-the-real-betis_224509_102.html#primaryimage\"},\"image\":{\"@id\":\"https:\\\/\\\/www.fcbarcelonanoticias.com\\\/en\\\/transfers\\\/if-it-goes-to-by-pau-lopez-the-barca-could-yield-to-several-canteranos-to-the-real-betis_224509_102.html#primaryimage\"},\"thumbnailUrl\":\"https:\\\/\\\/www.fcbarcelonanoticias.com\\\/en\\\/wp-content\\\/uploads\\\/sites\\\/2\\\/2019\\\/05\\\/ericabidal-barcelona5-290803.jpeg\",\"datePublished\":\"2019-05-11T21:01:00+00:00\",\"dateModified\":\"2026-04-16T07:09:11+00:00\",\"author\":{\"@id\":\"https:\\\/\\\/www.fcbarcelonanoticias.com\\\/en\\\/#\\\/schema\\\/person\\\/d496eb2867fed0dac243bde8b6b84dc7\"},\"description\":\"The FC Barcelona looks for an acting goalkeeper for the next season, and in his diary is the Catalan Pau L\u00f3pez. If finally the player of the Real...\",\"breadcrumb\":{\"@id\":\"https:\\\/\\\/www.fcbarcelonanoticias.com\\\/en\\\/transfers\\\/if-it-goes-to-by-pau-lopez-the-barca-could-yield-to-several-canteranos-to-the-real-betis_224509_102.html#breadcrumb\"},\"inLanguage\":\"en-US\",\"potentialAction\":[{\"@type\":\"ReadAction\",\"target\":[\"https:\\\/\\\/www.fcbarcelonanoticias.com\\\/en\\\/transfers\\\/if-it-goes-to-by-pau-lopez-the-barca-could-yield-to-several-canteranos-to-the-real-betis_224509_102.html\"]}]},{\"@type\":\"ImageObject\",\"inLanguage\":\"en-US\",\"@id\":\"https:\\\/\\\/www.fcbarcelonanoticias.com\\\/en\\\/transfers\\\/if-it-goes-to-by-pau-lopez-the-barca-could-yield-to-several-canteranos-to-the-real-betis_224509_102.html#primaryimage\",\"url\":\"https:\\\/\\\/www.fcbarcelonanoticias.com\\\/en\\\/wp-content\\\/uploads\\\/sites\\\/2\\\/2019\\\/05\\\/ericabidal-barcelona5-290803.jpeg\",\"contentUrl\":\"https:\\\/\\\/www.fcbarcelonanoticias.com\\\/en\\\/wp-content\\\/uploads\\\/sites\\\/2\\\/2019\\\/05\\\/ericabidal-barcelona5-290803.jpeg\",\"width\":760,\"height\":428},{\"@type\":\"BreadcrumbList\",\"@id\":\"https:\\\/\\\/www.fcbarcelonanoticias.com\\\/en\\\/transfers\\\/if-it-goes-to-by-pau-lopez-the-barca-could-yield-to-several-canteranos-to-the-real-betis_224509_102.html#breadcrumb\",\"itemListElement\":[{\"@type\":\"ListItem\",\"position\":1,\"name\":\"Portada\",\"item\":\"https:\\\/\\\/www.fcbarcelonanoticias.com\\\/en\\\/\"},{\"@type\":\"ListItem\",\"position\":2,\"name\":\"If it goes to by Pau L\u00f3pez, the Bar\u00e7a could yield to several canteranos to the Real Betis\"}]},{\"@type\":\"WebSite\",\"@id\":\"https:\\\/\\\/www.fcbarcelonanoticias.com\\\/en\\\/#website\",\"url\":\"https:\\\/\\\/www.fcbarcelonanoticias.com\\\/en\\\/\",\"name\":\"EN - FC Barcelona Noticias\",\"description\":\"\",\"potentialAction\":[{\"@type\":\"SearchAction\",\"target\":{\"@type\":\"EntryPoint\",\"urlTemplate\":\"https:\\\/\\\/www.fcbarcelonanoticias.com\\\/en\\\/?s={search_term_string}\"},\"query-input\":{\"@type\":\"PropertyValueSpecification\",\"valueRequired\":true,\"valueName\":\"search_term_string\"}}],\"inLanguage\":\"en-US\"},{\"@type\":\"Person\",\"@id\":\"https:\\\/\\\/www.fcbarcelonanoticias.com\\\/en\\\/#\\\/schema\\\/person\\\/d496eb2867fed0dac243bde8b6b84dc7\",\"name\":\"user_4038\",\"image\":{\"@type\":\"ImageObject\",\"inLanguage\":\"en-US\",\"@id\":\"https:\\\/\\\/secure.gravatar.com\\\/avatar\\\/?s=96&d=mm&r=g\",\"url\":\"https:\\\/\\\/secure.gravatar.com\\\/avatar\\\/?s=96&d=mm&r=g\",\"contentUrl\":\"https:\\\/\\\/secure.gravatar.com\\\/avatar\\\/?s=96&d=mm&r=g\",\"caption\":\"user_4038\"},\"url\":\"https:\\\/\\\/www.fcbarcelonanoticias.com\\\/en\\\/user_4038.html\"}]}<\/script>\n<!-- \/ Yoast SEO plugin. -->","yoast_head_json":{"title":"If it goes to by Pau L\u00f3pez, the Bar\u00e7a could yield to several canteranos to the Real Betis","description":"The FC Barcelona looks for an acting goalkeeper for the next season, and in his diary is the Catalan Pau L\u00f3pez. If finally the player of the Real...","robots":{"index":"index","follow":"follow","max-snippet":"max-snippet:-1","max-image-preview":"max-image-preview:large","max-video-preview":"max-video-preview:-1"},"canonical":"https:\/\/www.fcbarcelonanoticias.com\/en\/transfers\/if-it-goes-to-by-pau-lopez-the-barca-could-yield-to-several-canteranos-to-the-real-betis_224509_102.html","og_locale":"en_US","og_type":"article","og_title":"If it goes to by Pau L\u00f3pez, the Bar\u00e7a could yield to several canteranos to the Real Betis","og_description":"The FC Barcelona looks for an acting goalkeeper for the next season, and in his diary is the Catalan Pau L\u00f3pez. If finally the player of the Real...","og_url":"https:\/\/www.fcbarcelonanoticias.com\/en\/transfers\/if-it-goes-to-by-pau-lopez-the-barca-could-yield-to-several-canteranos-to-the-real-betis_224509_102.html","og_site_name":"EN - FC Barcelona Noticias","article_published_time":"2019-05-11T21:01:00+00:00","article_modified_time":"2026-04-16T07:09:11+00:00","og_image":[{"width":760,"height":428,"url":"https:\/\/www.fcbarcelonanoticias.com\/en\/wp-content\/uploads\/sites\/2\/2019\/05\/ericabidal-barcelona5-290803.jpeg","type":"image\/jpeg"}],"author":"user_4038","twitter_card":"summary_large_image","twitter_misc":{"Written by":"user_4038","Est. reading time":"2 minutes"},"schema":{"@context":"https:\/\/schema.org","@graph":[{"@type":"Article","@id":"https:\/\/www.fcbarcelonanoticias.com\/en\/transfers\/if-it-goes-to-by-pau-lopez-the-barca-could-yield-to-several-canteranos-to-the-real-betis_224509_102.html#article","isPartOf":{"@id":"https:\/\/www.fcbarcelonanoticias.com\/en\/transfers\/if-it-goes-to-by-pau-lopez-the-barca-could-yield-to-several-canteranos-to-the-real-betis_224509_102.html"},"author":{"name":"user_4038","@id":"https:\/\/www.fcbarcelonanoticias.com\/en\/#\/schema\/person\/d496eb2867fed0dac243bde8b6b84dc7"},"headline":"If it goes to by Pau L\u00f3pez, the Bar\u00e7a could yield to several canteranos to the Real Betis","datePublished":"2019-05-11T21:01:00+00:00","dateModified":"2026-04-16T07:09:11+00:00","mainEntityOfPage":{"@id":"https:\/\/www.fcbarcelonanoticias.com\/en\/transfers\/if-it-goes-to-by-pau-lopez-the-barca-could-yield-to-several-canteranos-to-the-real-betis_224509_102.html"},"wordCount":494,"image":{"@id":"https:\/\/www.fcbarcelonanoticias.com\/en\/transfers\/if-it-goes-to-by-pau-lopez-the-barca-could-yield-to-several-canteranos-to-the-real-betis_224509_102.html#primaryimage"},"thumbnailUrl":"https:\/\/www.fcbarcelonanoticias.com\/en\/wp-content\/uploads\/sites\/2\/2019\/05\/ericabidal-barcelona5-290803.jpeg","keywords":["Jasper Cillessen","Miranda","The Masia"],"articleSection":["Transfers","Transfers"],"inLanguage":"en-US"},{"@type":"WebPage","@id":"https:\/\/www.fcbarcelonanoticias.com\/en\/transfers\/if-it-goes-to-by-pau-lopez-the-barca-could-yield-to-several-canteranos-to-the-real-betis_224509_102.html","url":"https:\/\/www.fcbarcelonanoticias.com\/en\/transfers\/if-it-goes-to-by-pau-lopez-the-barca-could-yield-to-several-canteranos-to-the-real-betis_224509_102.html","name":"If it goes to by Pau L\u00f3pez, the Bar\u00e7a could yield to several canteranos to the Real Betis","isPartOf":{"@id":"https:\/\/www.fcbarcelonanoticias.com\/en\/#website"},"primaryImageOfPage":{"@id":"https:\/\/www.fcbarcelonanoticias.com\/en\/transfers\/if-it-goes-to-by-pau-lopez-the-barca-could-yield-to-several-canteranos-to-the-real-betis_224509_102.html#primaryimage"},"image":{"@id":"https:\/\/www.fcbarcelonanoticias.com\/en\/transfers\/if-it-goes-to-by-pau-lopez-the-barca-could-yield-to-several-canteranos-to-the-real-betis_224509_102.html#primaryimage"},"thumbnailUrl":"https:\/\/www.fcbarcelonanoticias.com\/en\/wp-content\/uploads\/sites\/2\/2019\/05\/ericabidal-barcelona5-290803.jpeg","datePublished":"2019-05-11T21:01:00+00:00","dateModified":"2026-04-16T07:09:11+00:00","author":{"@id":"https:\/\/www.fcbarcelonanoticias.com\/en\/#\/schema\/person\/d496eb2867fed0dac243bde8b6b84dc7"},"description":"The FC Barcelona looks for an acting goalkeeper for the next season, and in his diary is the Catalan Pau L\u00f3pez. If finally the player of the Real...","breadcrumb":{"@id":"https:\/\/www.fcbarcelonanoticias.com\/en\/transfers\/if-it-goes-to-by-pau-lopez-the-barca-could-yield-to-several-canteranos-to-the-real-betis_224509_102.html#breadcrumb"},"inLanguage":"en-US","potentialAction":[{"@type":"ReadAction","target":["https:\/\/www.fcbarcelonanoticias.com\/en\/transfers\/if-it-goes-to-by-pau-lopez-the-barca-could-yield-to-several-canteranos-to-the-real-betis_224509_102.html"]}]},{"@type":"ImageObject","inLanguage":"en-US","@id":"https:\/\/www.fcbarcelonanoticias.com\/en\/transfers\/if-it-goes-to-by-pau-lopez-the-barca-could-yield-to-several-canteranos-to-the-real-betis_224509_102.html#primaryimage","url":"https:\/\/www.fcbarcelonanoticias.com\/en\/wp-content\/uploads\/sites\/2\/2019\/05\/ericabidal-barcelona5-290803.jpeg","contentUrl":"https:\/\/www.fcbarcelonanoticias.com\/en\/wp-content\/uploads\/sites\/2\/2019\/05\/ericabidal-barcelona5-290803.jpeg","width":760,"height":428},{"@type":"BreadcrumbList","@id":"https:\/\/www.fcbarcelonanoticias.com\/en\/transfers\/if-it-goes-to-by-pau-lopez-the-barca-could-yield-to-several-canteranos-to-the-real-betis_224509_102.html#breadcrumb","itemListElement":[{"@type":"ListItem","position":1,"name":"Portada","item":"https:\/\/www.fcbarcelonanoticias.com\/en\/"},{"@type":"ListItem","position":2,"name":"If it goes to by Pau L\u00f3pez, the Bar\u00e7a could yield to several canteranos to the Real Betis"}]},{"@type":"WebSite","@id":"https:\/\/www.fcbarcelonanoticias.com\/en\/#website","url":"https:\/\/www.fcbarcelonanoticias.com\/en\/","name":"EN - FC Barcelona Noticias","description":"","potentialAction":[{"@type":"SearchAction","target":{"@type":"EntryPoint","urlTemplate":"https:\/\/www.fcbarcelonanoticias.com\/en\/?s={search_term_string}"},"query-input":{"@type":"PropertyValueSpecification","valueRequired":true,"valueName":"search_term_string"}}],"inLanguage":"en-US"},{"@type":"Person","@id":"https:\/\/www.fcbarcelonanoticias.com\/en\/#\/schema\/person\/d496eb2867fed0dac243bde8b6b84dc7","name":"user_4038","image":{"@type":"ImageObject","inLanguage":"en-US","@id":"https:\/\/secure.gravatar.com\/avatar\/?s=96&d=mm&r=g","url":"https:\/\/secure.gravatar.com\/avatar\/?s=96&d=mm&r=g","contentUrl":"https:\/\/secure.gravatar.com\/avatar\/?s=96&d=mm&r=g","caption":"user_4038"},"url":"https:\/\/www.fcbarcelonanoticias.com\/en\/user_4038.html"}]}},"_links":{"self":[{"href":"https:\/\/www.fcbarcelonanoticias.com\/en\/wp-json\/wp\/v2\/posts\/93682","targetHints":{"allow":["GET"]}}],"collection":[{"href":"https:\/\/www.fcbarcelonanoticias.com\/en\/wp-json\/wp\/v2\/posts"}],"about":[{"href":"https:\/\/www.fcbarcelonanoticias.com\/en\/wp-json\/wp\/v2\/types\/post"}],"author":[{"embeddable":true,"href":"https:\/\/www.fcbarcelonanoticias.com\/en\/wp-json\/wp\/v2\/users\/382"}],"replies":[{"embeddable":true,"href":"https:\/\/www.fcbarcelonanoticias.com\/en\/wp-json\/wp\/v2\/comments?post=93682"}],"version-history":[{"count":2,"href":"https:\/\/www.fcbarcelonanoticias.com\/en\/wp-json\/wp\/v2\/posts\/93682\/revisions"}],"predecessor-version":[{"id":166904,"href":"https:\/\/www.fcbarcelonanoticias.com\/en\/wp-json\/wp\/v2\/posts\/93682\/revisions\/166904"}],"wp:featuredmedia":[{"embeddable":true,"href":"https:\/\/www.fcbarcelonanoticias.com\/en\/wp-json\/wp\/v2\/media\/93700"}],"wp:attachment":[{"href":"https:\/\/www.fcbarcelonanoticias.com\/en\/wp-json\/wp\/v2\/media?parent=93682"}],"wp:term":[{"taxonomy":"category","embeddable":true,"href":"https:\/\/www.fcbarcelonanoticias.com\/en\/wp-json\/wp\/v2\/categories?post=93682"},{"taxonomy":"post_tag","embeddable":true,"href":"https:\/\/www.fcbarcelonanoticias.com\/en\/wp-json\/wp\/v2\/tags?post=93682"}],"curies":[{"name":"wp","href":"https:\/\/api.w.org\/{rel}","templated":true}]}}