{"id":93764,"date":"2024-02-11T10:48:00","date_gmt":"2024-02-11T09:48:00","guid":{"rendered":"https:\/\/weisetech.dev\/fc-barcelona-noticias\/en\/fc-barcelona-does-not-contemplate-departure-ferran-torres-summer_300746_102\/"},"modified":"2024-02-11T10:48:00","modified_gmt":"2024-02-11T09:48:00","slug":"fc-barcelona-does-not-contemplate-departure-ferran-torres-summer_300746_102","status":"publish","type":"post","link":"https:\/\/www.fcbarcelonanoticias.com\/en\/transfers\/fc-barcelona-does-not-contemplate-departure-ferran-torres-summer_300746_102.html","title":{"rendered":"Bar\u00e7a does not contemplate the departure of Ferran Torres in the summer"},"content":{"rendered":"<h2 class=\"wp-block-heading\">The FC Barcelona board seems to have defined the continuity of Ferran Torres next season. The one from Foi\u00f3s has responded as a shock, taking advantage of the opportunities that Xavi Hern\u00e1ndez has given him thanks to the absences due to injury<\/h2>  \r\n<div class=\"article-addons\">\r\n    <a href=\"https:\/\/www.fcbarcelonanoticias.com\/en\/calendar-fc-barcelona.html\"\r\n       target=\"_self\"\r\n       title=\"Calendar of FC Barcelona\"\r\n       class=\"blue-gredient-btn\">\r\n       \r\n        Calendar of FC Barcelona    <\/a>\r\n<\/div>   <p>Ferran Torres will not be in the list of transferibles of the FC Barcelona this summer. <strong>Except surprise, the Spanish forward will continue in the club, at least, a season more<\/strong>, being one of the first bets of Joan Laporta in his second stage like mandator cul\u00e9. The Bar\u00e7a paid 55 million euros to the Manchester City by his traspaso, being the second more expensive signing of the current management, only surpassed by Raphinha (\u20ac58m).<\/p>  <p>And it is that, further of the doubts that the one of Foi\u00f3s seeded the past season, in the 2023\/24 has showed commitment and delivery from the pre-season. <strong>Ferran adds 11 goals and 4 assistances in 32 parties, being <a data-external=\"0\" data-intl-links-en=\"https:\/\/www.fcbarcelonanoticias.com\/en\/fc-barcelona\/lewandowski-ferran-joao-like-this-it-is-the-table-of-goleadores-of-the-barca-in-the-23-24_300584_102.html\" data-intl-links-es=\"https:\/\/www.fcbarcelonanoticias.com\/fc-barcelona\/lewandowski-ferran-joao-esta-tabla-goleadores-barca-en-23-24_300584_102.html\" href=\"https:\/\/www.fcbarcelonanoticias.com\/en\/fc-barcelona\/lewandowski-ferran-joao-like-this-it-is-the-table-of-goleadores-of-the-barca-in-the-23-24_300584_102.html\" rel=\"follow\" target=\"_self\" title=\"Lewandowski, Ferran, Joao F\u00e9lix... As\u00ed est\u00e1 la tabla de goleadores del Bar\u00e7a en la temporada 23\/24\">the maximum second goleador of the Bar\u00e7a<\/a> in the course<\/strong>. Unlike the 22\/23, the Valencian has taken advantage of very well the opportunities that Xavi Hern\u00e1ndez has offered him, with good performances in the role of extreme of leading centre.<\/p>  <h2>The polivalencia, the best weapon of Ferran in the Bar\u00e7a<\/h2>  <p>In this sense, the directive has clear that, thanks to his polivalencia, the &#8216;7&#8217; is a very valuable piece for the staff cul\u00e9. <strong>Torres can play like extreme by both sides, as &#8216;9&#8217; or like second tip without problems<\/strong>, characteristics that differentiate him of the rest of forwards of the staff. In spite of <a data-external=\"0\" data-intl-links-en=\"https:\/\/www.fcbarcelonanoticias.com\/en\/players\/the-hopeful-message-of-ferran-torres-who-will-do-the-impossible-to-play-at-napoli_300481_102.html\" data-intl-links-es=\"https:\/\/www.fcbarcelonanoticias.com\/jugadores\/esperanzador-mensaje-ferran-torres-hara-imposible-jugar-en-napoli_300481_102.html\" href=\"https:\/\/www.fcbarcelonanoticias.com\/en\/players\/the-hopeful-message-of-ferran-torres-who-will-do-the-impossible-to-play-at-napoli_300481_102.html\" rel=\"follow\" target=\"_self\" title=\"El esperanzador mensaje de un Ferran Torres que har\u00e1 lo imposible para jugar&nbsp;en&nbsp;Napoli\">his injury in the right thigh<\/a>, the club trusts that Ferran will keep on being valuable once return to the action.<\/p>  <p>Another key factor to bet by the continuity of Ferran is his youth and maturity. <strong>The one of Foi\u00f3s will fulfil 24 years the next 29 February and has showed character from his arrival<\/strong>, understanding his role in the staff and always had to help to the team. In the 22\/23 accumulated several parties for the forget, but Xavi ratified him the confidence and the footballer has answered of the best way. From here that, further of the imminent exit of the egarense and the problems for fichar, the club descarte use him like coin of change.<\/p> ","protected":false},"excerpt":{"rendered":"<p>The FC Barcelona board seems to have defined the continuity of Ferran Torres next season. The one from Foi\u00f3s has responded as a shock, taking advantage of the opportunities that Xavi Hern\u00e1ndez has given him thanks to the absences due to injury Ferran Torres will not be in the list of transferibles of the FC [&hellip;]<\/p>\n","protected":false},"author":347,"featured_media":93775,"comment_status":"closed","ping_status":"open","sticky":false,"template":"","format":"standard","meta":{"_acf_changed":false,"inline_featured_image":false,"_nextfly_llmd_date_locked":false,"footnotes":""},"categories":[106,449],"tags":[],"class_list":["post-93764","post","type-post","status-publish","format-standard","has-post-thumbnail","hentry","category-transfers","category-transfers-2"],"acf":[],"yoast_head":"<!-- This site is optimized with the Yoast SEO plugin v27.3 - https:\/\/yoast.com\/product\/yoast-seo-wordpress\/ -->\n<title>Bar\u00e7a does not contemplate the departure of Ferran Torres in the summer<\/title>\n<meta name=\"description\" content=\"The FC Barcelona board seems to have defined the continuity of Ferran Torres next season. The one from Foi\u00f3s has responded as a shock, taking advantage of the opportunities that Xavi Hern\u00e1ndez has given him thanks to the absences due to injury\" \/>\n<meta name=\"robots\" content=\"index, follow, max-snippet:-1, max-image-preview:large, max-video-preview:-1\" \/>\n<link rel=\"canonical\" href=\"https:\/\/www.fcbarcelonanoticias.com\/en\/transfers\/fc-barcelona-does-not-contemplate-departure-ferran-torres-summer_300746_102.html\" \/>\n<meta property=\"og:locale\" content=\"en_US\" \/>\n<meta property=\"og:type\" content=\"article\" \/>\n<meta property=\"og:title\" content=\"Bar\u00e7a does not contemplate the departure of Ferran Torres in the summer\" \/>\n<meta property=\"og:description\" content=\"The FC Barcelona board seems to have defined the continuity of Ferran Torres next season. The one from Foi\u00f3s has responded as a shock, taking advantage of the opportunities that Xavi Hern\u00e1ndez has given him thanks to the absences due to injury\" \/>\n<meta property=\"og:url\" content=\"https:\/\/www.fcbarcelonanoticias.com\/en\/transfers\/fc-barcelona-does-not-contemplate-departure-ferran-torres-summer_300746_102.html\" \/>\n<meta property=\"og:site_name\" content=\"EN - FC Barcelona Noticias\" \/>\n<meta property=\"article:published_time\" content=\"2024-02-11T09:48:00+00:00\" \/>\n<meta property=\"og:image\" content=\"https:\/\/www.fcbarcelonanoticias.com\/en\/wp-content\/uploads\/sites\/2\/2024\/02\/ferran-torres-festejando-su-gol-ante-el-amberes.png\" \/>\n\t<meta property=\"og:image:width\" content=\"1300\" \/>\n\t<meta property=\"og:image:height\" content=\"732\" \/>\n\t<meta property=\"og:image:type\" content=\"image\/png\" \/>\n<meta name=\"author\" content=\"Andr\u00e9s Quiroz\" \/>\n<meta name=\"twitter:card\" content=\"summary_large_image\" \/>\n<meta name=\"twitter:label1\" content=\"Written by\" \/>\n\t<meta name=\"twitter:data1\" content=\"Andr\u00e9s Quiroz\" \/>\n\t<meta name=\"twitter:label2\" content=\"Est. reading time\" \/>\n\t<meta name=\"twitter:data2\" content=\"2 minutes\" \/>\n<script type=\"application\/ld+json\" class=\"yoast-schema-graph\">{\"@context\":\"https:\\\/\\\/schema.org\",\"@graph\":[{\"@type\":\"Article\",\"@id\":\"https:\\\/\\\/www.fcbarcelonanoticias.com\\\/en\\\/transfers\\\/fc-barcelona-does-not-contemplate-departure-ferran-torres-summer_300746_102.html#article\",\"isPartOf\":{\"@id\":\"https:\\\/\\\/www.fcbarcelonanoticias.com\\\/en\\\/transfers\\\/fc-barcelona-does-not-contemplate-departure-ferran-torres-summer_300746_102.html\"},\"author\":{\"name\":\"Andr\u00e9s Quiroz\",\"@id\":\"https:\\\/\\\/www.fcbarcelonanoticias.com\\\/en\\\/#\\\/schema\\\/person\\\/c2cd9f6fa1af5c0d0eccd0fefa575c88\"},\"headline\":\"Bar\u00e7a does not contemplate the departure of Ferran Torres in the summer\",\"datePublished\":\"2024-02-11T09:48:00+00:00\",\"mainEntityOfPage\":{\"@id\":\"https:\\\/\\\/www.fcbarcelonanoticias.com\\\/en\\\/transfers\\\/fc-barcelona-does-not-contemplate-departure-ferran-torres-summer_300746_102.html\"},\"wordCount\":388,\"image\":{\"@id\":\"https:\\\/\\\/www.fcbarcelonanoticias.com\\\/en\\\/transfers\\\/fc-barcelona-does-not-contemplate-departure-ferran-torres-summer_300746_102.html#primaryimage\"},\"thumbnailUrl\":\"https:\\\/\\\/www.fcbarcelonanoticias.com\\\/en\\\/wp-content\\\/uploads\\\/sites\\\/2\\\/2024\\\/02\\\/ferran-torres-festejando-su-gol-ante-el-amberes.png\",\"articleSection\":[\"Transfers\",\"Transfers\"],\"inLanguage\":\"en-US\"},{\"@type\":\"WebPage\",\"@id\":\"https:\\\/\\\/www.fcbarcelonanoticias.com\\\/en\\\/transfers\\\/fc-barcelona-does-not-contemplate-departure-ferran-torres-summer_300746_102.html\",\"url\":\"https:\\\/\\\/www.fcbarcelonanoticias.com\\\/en\\\/transfers\\\/fc-barcelona-does-not-contemplate-departure-ferran-torres-summer_300746_102.html\",\"name\":\"Bar\u00e7a does not contemplate the departure of Ferran Torres in the summer\",\"isPartOf\":{\"@id\":\"https:\\\/\\\/www.fcbarcelonanoticias.com\\\/en\\\/#website\"},\"primaryImageOfPage\":{\"@id\":\"https:\\\/\\\/www.fcbarcelonanoticias.com\\\/en\\\/transfers\\\/fc-barcelona-does-not-contemplate-departure-ferran-torres-summer_300746_102.html#primaryimage\"},\"image\":{\"@id\":\"https:\\\/\\\/www.fcbarcelonanoticias.com\\\/en\\\/transfers\\\/fc-barcelona-does-not-contemplate-departure-ferran-torres-summer_300746_102.html#primaryimage\"},\"thumbnailUrl\":\"https:\\\/\\\/www.fcbarcelonanoticias.com\\\/en\\\/wp-content\\\/uploads\\\/sites\\\/2\\\/2024\\\/02\\\/ferran-torres-festejando-su-gol-ante-el-amberes.png\",\"datePublished\":\"2024-02-11T09:48:00+00:00\",\"author\":{\"@id\":\"https:\\\/\\\/www.fcbarcelonanoticias.com\\\/en\\\/#\\\/schema\\\/person\\\/c2cd9f6fa1af5c0d0eccd0fefa575c88\"},\"description\":\"The FC Barcelona board seems to have defined the continuity of Ferran Torres next season. The one from Foi\u00f3s has responded as a shock, taking advantage of the opportunities that Xavi Hern\u00e1ndez has given him thanks to the absences due to injury\",\"breadcrumb\":{\"@id\":\"https:\\\/\\\/www.fcbarcelonanoticias.com\\\/en\\\/transfers\\\/fc-barcelona-does-not-contemplate-departure-ferran-torres-summer_300746_102.html#breadcrumb\"},\"inLanguage\":\"en-US\",\"potentialAction\":[{\"@type\":\"ReadAction\",\"target\":[\"https:\\\/\\\/www.fcbarcelonanoticias.com\\\/en\\\/transfers\\\/fc-barcelona-does-not-contemplate-departure-ferran-torres-summer_300746_102.html\"]}]},{\"@type\":\"ImageObject\",\"inLanguage\":\"en-US\",\"@id\":\"https:\\\/\\\/www.fcbarcelonanoticias.com\\\/en\\\/transfers\\\/fc-barcelona-does-not-contemplate-departure-ferran-torres-summer_300746_102.html#primaryimage\",\"url\":\"https:\\\/\\\/www.fcbarcelonanoticias.com\\\/en\\\/wp-content\\\/uploads\\\/sites\\\/2\\\/2024\\\/02\\\/ferran-torres-festejando-su-gol-ante-el-amberes.png\",\"contentUrl\":\"https:\\\/\\\/www.fcbarcelonanoticias.com\\\/en\\\/wp-content\\\/uploads\\\/sites\\\/2\\\/2024\\\/02\\\/ferran-torres-festejando-su-gol-ante-el-amberes.png\",\"width\":1300,\"height\":732},{\"@type\":\"BreadcrumbList\",\"@id\":\"https:\\\/\\\/www.fcbarcelonanoticias.com\\\/en\\\/transfers\\\/fc-barcelona-does-not-contemplate-departure-ferran-torres-summer_300746_102.html#breadcrumb\",\"itemListElement\":[{\"@type\":\"ListItem\",\"position\":1,\"name\":\"Portada\",\"item\":\"https:\\\/\\\/www.fcbarcelonanoticias.com\\\/en\\\/\"},{\"@type\":\"ListItem\",\"position\":2,\"name\":\"Bar\u00e7a does not contemplate the departure of Ferran Torres in the summer\"}]},{\"@type\":\"WebSite\",\"@id\":\"https:\\\/\\\/www.fcbarcelonanoticias.com\\\/en\\\/#website\",\"url\":\"https:\\\/\\\/www.fcbarcelonanoticias.com\\\/en\\\/\",\"name\":\"EN - FC Barcelona Noticias\",\"description\":\"\",\"potentialAction\":[{\"@type\":\"SearchAction\",\"target\":{\"@type\":\"EntryPoint\",\"urlTemplate\":\"https:\\\/\\\/www.fcbarcelonanoticias.com\\\/en\\\/?s={search_term_string}\"},\"query-input\":{\"@type\":\"PropertyValueSpecification\",\"valueRequired\":true,\"valueName\":\"search_term_string\"}}],\"inLanguage\":\"en-US\"},{\"@type\":\"Person\",\"@id\":\"https:\\\/\\\/www.fcbarcelonanoticias.com\\\/en\\\/#\\\/schema\\\/person\\\/c2cd9f6fa1af5c0d0eccd0fefa575c88\",\"name\":\"Andr\u00e9s Quiroz\",\"image\":{\"@type\":\"ImageObject\",\"inLanguage\":\"en-US\",\"@id\":\"https:\\\/\\\/secure.gravatar.com\\\/avatar\\\/?s=96&d=mm&r=g\",\"url\":\"https:\\\/\\\/secure.gravatar.com\\\/avatar\\\/?s=96&d=mm&r=g\",\"contentUrl\":\"https:\\\/\\\/secure.gravatar.com\\\/avatar\\\/?s=96&d=mm&r=g\",\"caption\":\"Andr\u00e9s Quiroz\"},\"description\":\"Licenciado en Periodismo por la Universidad de los Andes. Me encargo de analizar y compartir los contenidos m\u00e1s destacados de la\u00a0actualidad del F\u00fatbol Club Barcelona, Mercado de Fichajes y F\u00fatbol Internacional en FCBN. La informaci\u00f3n es poder, pero tambi\u00e9n conocimiento.\",\"url\":\"https:\\\/\\\/www.fcbarcelonanoticias.com\\\/en\\\/fc-barcelona\\\/andres-quiroz_17_115.html\"}]}<\/script>\n<!-- \/ Yoast SEO plugin. -->","yoast_head_json":{"title":"Bar\u00e7a does not contemplate the departure of Ferran Torres in the summer","description":"The FC Barcelona board seems to have defined the continuity of Ferran Torres next season. The one from Foi\u00f3s has responded as a shock, taking advantage of the opportunities that Xavi Hern\u00e1ndez has given him thanks to the absences due to injury","robots":{"index":"index","follow":"follow","max-snippet":"max-snippet:-1","max-image-preview":"max-image-preview:large","max-video-preview":"max-video-preview:-1"},"canonical":"https:\/\/www.fcbarcelonanoticias.com\/en\/transfers\/fc-barcelona-does-not-contemplate-departure-ferran-torres-summer_300746_102.html","og_locale":"en_US","og_type":"article","og_title":"Bar\u00e7a does not contemplate the departure of Ferran Torres in the summer","og_description":"The FC Barcelona board seems to have defined the continuity of Ferran Torres next season. The one from Foi\u00f3s has responded as a shock, taking advantage of the opportunities that Xavi Hern\u00e1ndez has given him thanks to the absences due to injury","og_url":"https:\/\/www.fcbarcelonanoticias.com\/en\/transfers\/fc-barcelona-does-not-contemplate-departure-ferran-torres-summer_300746_102.html","og_site_name":"EN - FC Barcelona Noticias","article_published_time":"2024-02-11T09:48:00+00:00","og_image":[{"width":1300,"height":732,"url":"https:\/\/www.fcbarcelonanoticias.com\/en\/wp-content\/uploads\/sites\/2\/2024\/02\/ferran-torres-festejando-su-gol-ante-el-amberes.png","type":"image\/png"}],"author":"Andr\u00e9s Quiroz","twitter_card":"summary_large_image","twitter_misc":{"Written by":"Andr\u00e9s Quiroz","Est. reading time":"2 minutes"},"schema":{"@context":"https:\/\/schema.org","@graph":[{"@type":"Article","@id":"https:\/\/www.fcbarcelonanoticias.com\/en\/transfers\/fc-barcelona-does-not-contemplate-departure-ferran-torres-summer_300746_102.html#article","isPartOf":{"@id":"https:\/\/www.fcbarcelonanoticias.com\/en\/transfers\/fc-barcelona-does-not-contemplate-departure-ferran-torres-summer_300746_102.html"},"author":{"name":"Andr\u00e9s Quiroz","@id":"https:\/\/www.fcbarcelonanoticias.com\/en\/#\/schema\/person\/c2cd9f6fa1af5c0d0eccd0fefa575c88"},"headline":"Bar\u00e7a does not contemplate the departure of Ferran Torres in the summer","datePublished":"2024-02-11T09:48:00+00:00","mainEntityOfPage":{"@id":"https:\/\/www.fcbarcelonanoticias.com\/en\/transfers\/fc-barcelona-does-not-contemplate-departure-ferran-torres-summer_300746_102.html"},"wordCount":388,"image":{"@id":"https:\/\/www.fcbarcelonanoticias.com\/en\/transfers\/fc-barcelona-does-not-contemplate-departure-ferran-torres-summer_300746_102.html#primaryimage"},"thumbnailUrl":"https:\/\/www.fcbarcelonanoticias.com\/en\/wp-content\/uploads\/sites\/2\/2024\/02\/ferran-torres-festejando-su-gol-ante-el-amberes.png","articleSection":["Transfers","Transfers"],"inLanguage":"en-US"},{"@type":"WebPage","@id":"https:\/\/www.fcbarcelonanoticias.com\/en\/transfers\/fc-barcelona-does-not-contemplate-departure-ferran-torres-summer_300746_102.html","url":"https:\/\/www.fcbarcelonanoticias.com\/en\/transfers\/fc-barcelona-does-not-contemplate-departure-ferran-torres-summer_300746_102.html","name":"Bar\u00e7a does not contemplate the departure of Ferran Torres in the summer","isPartOf":{"@id":"https:\/\/www.fcbarcelonanoticias.com\/en\/#website"},"primaryImageOfPage":{"@id":"https:\/\/www.fcbarcelonanoticias.com\/en\/transfers\/fc-barcelona-does-not-contemplate-departure-ferran-torres-summer_300746_102.html#primaryimage"},"image":{"@id":"https:\/\/www.fcbarcelonanoticias.com\/en\/transfers\/fc-barcelona-does-not-contemplate-departure-ferran-torres-summer_300746_102.html#primaryimage"},"thumbnailUrl":"https:\/\/www.fcbarcelonanoticias.com\/en\/wp-content\/uploads\/sites\/2\/2024\/02\/ferran-torres-festejando-su-gol-ante-el-amberes.png","datePublished":"2024-02-11T09:48:00+00:00","author":{"@id":"https:\/\/www.fcbarcelonanoticias.com\/en\/#\/schema\/person\/c2cd9f6fa1af5c0d0eccd0fefa575c88"},"description":"The FC Barcelona board seems to have defined the continuity of Ferran Torres next season. The one from Foi\u00f3s has responded as a shock, taking advantage of the opportunities that Xavi Hern\u00e1ndez has given him thanks to the absences due to injury","breadcrumb":{"@id":"https:\/\/www.fcbarcelonanoticias.com\/en\/transfers\/fc-barcelona-does-not-contemplate-departure-ferran-torres-summer_300746_102.html#breadcrumb"},"inLanguage":"en-US","potentialAction":[{"@type":"ReadAction","target":["https:\/\/www.fcbarcelonanoticias.com\/en\/transfers\/fc-barcelona-does-not-contemplate-departure-ferran-torres-summer_300746_102.html"]}]},{"@type":"ImageObject","inLanguage":"en-US","@id":"https:\/\/www.fcbarcelonanoticias.com\/en\/transfers\/fc-barcelona-does-not-contemplate-departure-ferran-torres-summer_300746_102.html#primaryimage","url":"https:\/\/www.fcbarcelonanoticias.com\/en\/wp-content\/uploads\/sites\/2\/2024\/02\/ferran-torres-festejando-su-gol-ante-el-amberes.png","contentUrl":"https:\/\/www.fcbarcelonanoticias.com\/en\/wp-content\/uploads\/sites\/2\/2024\/02\/ferran-torres-festejando-su-gol-ante-el-amberes.png","width":1300,"height":732},{"@type":"BreadcrumbList","@id":"https:\/\/www.fcbarcelonanoticias.com\/en\/transfers\/fc-barcelona-does-not-contemplate-departure-ferran-torres-summer_300746_102.html#breadcrumb","itemListElement":[{"@type":"ListItem","position":1,"name":"Portada","item":"https:\/\/www.fcbarcelonanoticias.com\/en\/"},{"@type":"ListItem","position":2,"name":"Bar\u00e7a does not contemplate the departure of Ferran Torres in the summer"}]},{"@type":"WebSite","@id":"https:\/\/www.fcbarcelonanoticias.com\/en\/#website","url":"https:\/\/www.fcbarcelonanoticias.com\/en\/","name":"EN - FC Barcelona Noticias","description":"","potentialAction":[{"@type":"SearchAction","target":{"@type":"EntryPoint","urlTemplate":"https:\/\/www.fcbarcelonanoticias.com\/en\/?s={search_term_string}"},"query-input":{"@type":"PropertyValueSpecification","valueRequired":true,"valueName":"search_term_string"}}],"inLanguage":"en-US"},{"@type":"Person","@id":"https:\/\/www.fcbarcelonanoticias.com\/en\/#\/schema\/person\/c2cd9f6fa1af5c0d0eccd0fefa575c88","name":"Andr\u00e9s Quiroz","image":{"@type":"ImageObject","inLanguage":"en-US","@id":"https:\/\/secure.gravatar.com\/avatar\/?s=96&d=mm&r=g","url":"https:\/\/secure.gravatar.com\/avatar\/?s=96&d=mm&r=g","contentUrl":"https:\/\/secure.gravatar.com\/avatar\/?s=96&d=mm&r=g","caption":"Andr\u00e9s Quiroz"},"description":"Licenciado en Periodismo por la Universidad de los Andes. Me encargo de analizar y compartir los contenidos m\u00e1s destacados de la\u00a0actualidad del F\u00fatbol Club Barcelona, Mercado de Fichajes y F\u00fatbol Internacional en FCBN. La informaci\u00f3n es poder, pero tambi\u00e9n conocimiento.","url":"https:\/\/www.fcbarcelonanoticias.com\/en\/fc-barcelona\/andres-quiroz_17_115.html"}]}},"_links":{"self":[{"href":"https:\/\/www.fcbarcelonanoticias.com\/en\/wp-json\/wp\/v2\/posts\/93764","targetHints":{"allow":["GET"]}}],"collection":[{"href":"https:\/\/www.fcbarcelonanoticias.com\/en\/wp-json\/wp\/v2\/posts"}],"about":[{"href":"https:\/\/www.fcbarcelonanoticias.com\/en\/wp-json\/wp\/v2\/types\/post"}],"author":[{"embeddable":true,"href":"https:\/\/www.fcbarcelonanoticias.com\/en\/wp-json\/wp\/v2\/users\/347"}],"replies":[{"embeddable":true,"href":"https:\/\/www.fcbarcelonanoticias.com\/en\/wp-json\/wp\/v2\/comments?post=93764"}],"version-history":[{"count":1,"href":"https:\/\/www.fcbarcelonanoticias.com\/en\/wp-json\/wp\/v2\/posts\/93764\/revisions"}],"predecessor-version":[{"id":126715,"href":"https:\/\/www.fcbarcelonanoticias.com\/en\/wp-json\/wp\/v2\/posts\/93764\/revisions\/126715"}],"wp:featuredmedia":[{"embeddable":true,"href":"https:\/\/www.fcbarcelonanoticias.com\/en\/wp-json\/wp\/v2\/media\/93775"}],"wp:attachment":[{"href":"https:\/\/www.fcbarcelonanoticias.com\/en\/wp-json\/wp\/v2\/media?parent=93764"}],"wp:term":[{"taxonomy":"category","embeddable":true,"href":"https:\/\/www.fcbarcelonanoticias.com\/en\/wp-json\/wp\/v2\/categories?post=93764"},{"taxonomy":"post_tag","embeddable":true,"href":"https:\/\/www.fcbarcelonanoticias.com\/en\/wp-json\/wp\/v2\/tags?post=93764"}],"curies":[{"name":"wp","href":"https:\/\/api.w.org\/{rel}","templated":true}]}}