{"id":93808,"date":"2022-06-23T01:12:00","date_gmt":"2022-06-22T23:12:00","guid":{"rendered":"https:\/\/weisetech.dev\/fc-barcelona-noticias\/en\/chelsea-thinks-in-central-of-the-madrid-for-replaces_281505_102\/"},"modified":"2022-06-23T01:12:00","modified_gmt":"2022-06-22T23:12:00","slug":"chelsea-thinks-in-central-of-the-madrid-for-replaces_281505_102","status":"publish","type":"post","link":"https:\/\/www.fcbarcelonanoticias.com\/en\/transfers\/chelsea-thinks-in-central-of-the-madrid-for-replaces_281505_102.html","title":{"rendered":"Chelsea thinks of a Madrid central defender to replace R\u00fcdiger"},"content":{"rendered":"<h2 class=\"wp-block-heading\">Chelsea need to sign central defenders this summer. Given the possible departure of Andreas Christensen to FC Barcelona and the departure of Antonio R\u00fcdiger to Real Madrid, the &#8216;blue&#8217; team would have been interested in one of the &#8216;White House&#8217; defenders<\/h2>  \r\n<div class=\"article-addons\">\r\n    <a href=\"https:\/\/www.fcbarcelonanoticias.com\/en\/calendar-fc-barcelona.html\"\r\n       target=\"_self\"\r\n       title=\"Calendar of FC Barcelona\"\r\n       class=\"blue-gredient-btn\">\r\n       \r\n        Calendar of FC Barcelona    <\/a>\r\n<\/div>   <p>After a first difficult season in <a data-external=\"0\" data-intl-links-en=\"https:\/\/www.fcbarcelonanoticias.com\/en\/transfers\/the-real-madrid-denies-any-interest-in-the-new-p_281496_102.html\" data-intl-links-es=\"https:\/\/www.fcbarcelonanoticias.com\/fichajes\/real-madrid-desmiente-cualquier-interes-en-nueva-perla-futbol-frances_281496_102.html\" href=\"https:\/\/www.fcbarcelonanoticias.com\/en\/transfers\/the-real-madrid-denies-any-interest-in-the-new-p_281496_102.html\" rel=\"follow\" target=\"_self\" title=\"El Real Madrid desmiente cualquier inter\u00e9s en la nueva 'perla' del f\u00fatbol franc\u00e9s\">the Real Madrid<\/a>, \u00c9der Militao has consolidated like titling indisputable in the defence &#8216;merengue&#8217;. <strong>The course of Sergio Bouquets and of Rapha\u00ebl Varane in July of 2021 left him like the leader of the saga <\/strong>in a staff that was able to win the doublet (League and Champions) in the 2021-22 against all prognosis. At the same time, the Brazilian has won the confidence of Tite and aims to be headline with the &#8216;canarinha&#8217; in the World-wide of Catar.<\/p>  <p>All these ingredients have done that <strong>his value of market reach the 60 million euros in Transfermarkt <\/strong>and that clubs like Chelsea contemplate to prepare a substantial offer by his traspaso. <strong>According to the journalist Ekrem Konur, the group &#8216;blue&#8217; prepares a millionaire offer by the one of Sert\u00e3ozinho<\/strong>, the one who has agreement with the Madrid until June of 2025 and a clause of rescission of 250 &#8216;kilos&#8217;.<\/p>  <p>To these heights, <strong>is difficult that the &#8216;White House&#8217; accept an offer by the &#8216;3&#8217;, still when the same could rondar the 80 million euros<\/strong>. Although the arrival of R\u00fcdiger armours the saga of face to the 2022-23, the plans of the technical body that heads Carlo Ancelotti aim to move to David Praises to the left side and put to the German together with Militao like pair of head offices. In this sense, expects that the managerial offer in brief an enlargement of agreement to the player of 24 years.<\/p>  <p>The same would go accompanied by an improve salarial and a clause &#8216;prohibitiva&#8217; of 1.000 &#8216;kilos&#8217;. Florentino P\u00e9rez does not want to leave him escape and knows that,<strong> although it Praises and <a data-external=\"0\" data-intl-links-en=\"https:\/\/www.fcbarcelonanoticias.com\/en\/real-madrid\/the-madrid-could-lose-to-one-of-his-illustrate-veteran-p_281500_102.html\" data-intl-links-es=\"https:\/\/www.fcbarcelonanoticias.com\/real-madrid\/madrid-podria-perder-sus-ilustres-veteranos-por-culpa-rudiger_281500_102.html\" href=\"https:\/\/www.fcbarcelonanoticias.com\/en\/real-madrid\/the-madrid-could-lose-to-one-of-his-illustrate-veteran-p_281500_102.html\" rel=\"follow\" target=\"_self\" title=\"El Madrid podr\u00eda perder a uno de sus ilustres veteranos por 'culpa' de R\u00fcdiger\">R\u00fcdiger<\/a> are two reinforcements of luxury, the factor age favours to Militao.<\/strong> It praises it will fulfil 30 years this Friday, whereas the ex defender of Chelsea fulfilled 29 in March. In the 2021-22, \u00c9der contested 4.496 minutes in 50 parties, adding 2 goals and 3 assistances.<\/p>  <h3>Nathan Ak\u00e9, another aim of Chelsea<\/h3>  <p>In addition to a possible offer by Militao, in Stamford Bridge also have foreseen to go after Nathan Ak\u00e9. The Dutch has not attained to win the titularity in the Manchester City and Pep Guardiola would be had to do without his services, in <strong>an operation that could leave him to the group &#8216;sky blue&#8217; some 35 million euros in box<\/strong>, 10 less than which paid by him two years ago.<\/p> ","protected":false},"excerpt":{"rendered":"<p>Chelsea need to sign central defenders this summer. Given the possible departure of Andreas Christensen to FC Barcelona and the departure of Antonio R\u00fcdiger to Real Madrid, the &#8216;blue&#8217; team would have been interested in one of the &#8216;White House&#8217; defenders After a first difficult season in the Real Madrid, \u00c9der Militao has consolidated like [&hellip;]<\/p>\n","protected":false},"author":347,"featured_media":93817,"comment_status":"closed","ping_status":"open","sticky":false,"template":"","format":"standard","meta":{"_acf_changed":false,"inline_featured_image":false,"_nextfly_llmd_date_locked":false,"footnotes":""},"categories":[449,106],"tags":[161],"class_list":["post-93808","post","type-post","status-publish","format-standard","has-post-thumbnail","hentry","category-transfers-2","category-transfers","tag-chelsea"],"acf":[],"yoast_head":"<!-- This site is optimized with the Yoast SEO plugin v27.3 - https:\/\/yoast.com\/product\/yoast-seo-wordpress\/ -->\n<title>Chelsea thinks of a Madrid central defender to replace R\u00fcdiger<\/title>\n<meta name=\"description\" content=\"Chelsea needs fichar central this summer. In front of the possible course of Andreas Christensen to the FC Barcelona and the exit of Antonio R\u00fcdiger to the Real Madrid...\" \/>\n<meta name=\"robots\" content=\"index, follow, max-snippet:-1, max-image-preview:large, max-video-preview:-1\" \/>\n<link rel=\"canonical\" href=\"https:\/\/www.fcbarcelonanoticias.com\/en\/transfers\/chelsea-thinks-in-central-of-the-madrid-for-replaces_281505_102.html\" \/>\n<meta property=\"og:locale\" content=\"en_US\" \/>\n<meta property=\"og:type\" content=\"article\" \/>\n<meta property=\"og:title\" content=\"Chelsea thinks of a Madrid central defender to replace R\u00fcdiger\" \/>\n<meta property=\"og:description\" content=\"Chelsea needs fichar central this summer. In front of the possible course of Andreas Christensen to the FC Barcelona and the exit of Antonio R\u00fcdiger to the Real Madrid...\" \/>\n<meta property=\"og:url\" content=\"https:\/\/www.fcbarcelonanoticias.com\/en\/transfers\/chelsea-thinks-in-central-of-the-madrid-for-replaces_281505_102.html\" \/>\n<meta property=\"og:site_name\" content=\"EN - FC Barcelona Noticias\" \/>\n<meta property=\"article:published_time\" content=\"2022-06-22T23:12:00+00:00\" \/>\n<meta property=\"og:image\" content=\"https:\/\/www.fcbarcelonanoticias.com\/en\/wp-content\/uploads\/sites\/2\/2022\/06\/eder-militao-real-madrid.jpeg\" \/>\n\t<meta property=\"og:image:width\" content=\"1300\" \/>\n\t<meta property=\"og:image:height\" content=\"732\" \/>\n\t<meta property=\"og:image:type\" content=\"image\/jpeg\" \/>\n<meta name=\"author\" content=\"Andr\u00e9s Quiroz\" \/>\n<meta name=\"twitter:card\" content=\"summary_large_image\" \/>\n<meta name=\"twitter:label1\" content=\"Written by\" \/>\n\t<meta name=\"twitter:data1\" content=\"Andr\u00e9s Quiroz\" \/>\n\t<meta name=\"twitter:label2\" content=\"Est. reading time\" \/>\n\t<meta name=\"twitter:data2\" content=\"2 minutes\" \/>\n<script type=\"application\/ld+json\" class=\"yoast-schema-graph\">{\"@context\":\"https:\\\/\\\/schema.org\",\"@graph\":[{\"@type\":\"Article\",\"@id\":\"https:\\\/\\\/www.fcbarcelonanoticias.com\\\/en\\\/transfers\\\/chelsea-thinks-in-central-of-the-madrid-for-replaces_281505_102.html#article\",\"isPartOf\":{\"@id\":\"https:\\\/\\\/www.fcbarcelonanoticias.com\\\/en\\\/transfers\\\/chelsea-thinks-in-central-of-the-madrid-for-replaces_281505_102.html\"},\"author\":{\"name\":\"Andr\u00e9s Quiroz\",\"@id\":\"https:\\\/\\\/www.fcbarcelonanoticias.com\\\/en\\\/#\\\/schema\\\/person\\\/c2cd9f6fa1af5c0d0eccd0fefa575c88\"},\"headline\":\"Chelsea thinks of a Madrid central defender to replace R\u00fcdiger\",\"datePublished\":\"2022-06-22T23:12:00+00:00\",\"mainEntityOfPage\":{\"@id\":\"https:\\\/\\\/www.fcbarcelonanoticias.com\\\/en\\\/transfers\\\/chelsea-thinks-in-central-of-the-madrid-for-replaces_281505_102.html\"},\"wordCount\":443,\"image\":{\"@id\":\"https:\\\/\\\/www.fcbarcelonanoticias.com\\\/en\\\/transfers\\\/chelsea-thinks-in-central-of-the-madrid-for-replaces_281505_102.html#primaryimage\"},\"thumbnailUrl\":\"https:\\\/\\\/www.fcbarcelonanoticias.com\\\/en\\\/wp-content\\\/uploads\\\/sites\\\/2\\\/2022\\\/06\\\/eder-militao-real-madrid.jpeg\",\"keywords\":[\"Chelsea\"],\"articleSection\":[\"Transfers\",\"Transfers\"],\"inLanguage\":\"en-US\"},{\"@type\":\"WebPage\",\"@id\":\"https:\\\/\\\/www.fcbarcelonanoticias.com\\\/en\\\/transfers\\\/chelsea-thinks-in-central-of-the-madrid-for-replaces_281505_102.html\",\"url\":\"https:\\\/\\\/www.fcbarcelonanoticias.com\\\/en\\\/transfers\\\/chelsea-thinks-in-central-of-the-madrid-for-replaces_281505_102.html\",\"name\":\"Chelsea thinks of a Madrid central defender to replace R\u00fcdiger\",\"isPartOf\":{\"@id\":\"https:\\\/\\\/www.fcbarcelonanoticias.com\\\/en\\\/#website\"},\"primaryImageOfPage\":{\"@id\":\"https:\\\/\\\/www.fcbarcelonanoticias.com\\\/en\\\/transfers\\\/chelsea-thinks-in-central-of-the-madrid-for-replaces_281505_102.html#primaryimage\"},\"image\":{\"@id\":\"https:\\\/\\\/www.fcbarcelonanoticias.com\\\/en\\\/transfers\\\/chelsea-thinks-in-central-of-the-madrid-for-replaces_281505_102.html#primaryimage\"},\"thumbnailUrl\":\"https:\\\/\\\/www.fcbarcelonanoticias.com\\\/en\\\/wp-content\\\/uploads\\\/sites\\\/2\\\/2022\\\/06\\\/eder-militao-real-madrid.jpeg\",\"datePublished\":\"2022-06-22T23:12:00+00:00\",\"author\":{\"@id\":\"https:\\\/\\\/www.fcbarcelonanoticias.com\\\/en\\\/#\\\/schema\\\/person\\\/c2cd9f6fa1af5c0d0eccd0fefa575c88\"},\"description\":\"Chelsea needs fichar central this summer. In front of the possible course of Andreas Christensen to the FC Barcelona and the exit of Antonio R\u00fcdiger to the Real Madrid...\",\"breadcrumb\":{\"@id\":\"https:\\\/\\\/www.fcbarcelonanoticias.com\\\/en\\\/transfers\\\/chelsea-thinks-in-central-of-the-madrid-for-replaces_281505_102.html#breadcrumb\"},\"inLanguage\":\"en-US\",\"potentialAction\":[{\"@type\":\"ReadAction\",\"target\":[\"https:\\\/\\\/www.fcbarcelonanoticias.com\\\/en\\\/transfers\\\/chelsea-thinks-in-central-of-the-madrid-for-replaces_281505_102.html\"]}]},{\"@type\":\"ImageObject\",\"inLanguage\":\"en-US\",\"@id\":\"https:\\\/\\\/www.fcbarcelonanoticias.com\\\/en\\\/transfers\\\/chelsea-thinks-in-central-of-the-madrid-for-replaces_281505_102.html#primaryimage\",\"url\":\"https:\\\/\\\/www.fcbarcelonanoticias.com\\\/en\\\/wp-content\\\/uploads\\\/sites\\\/2\\\/2022\\\/06\\\/eder-militao-real-madrid.jpeg\",\"contentUrl\":\"https:\\\/\\\/www.fcbarcelonanoticias.com\\\/en\\\/wp-content\\\/uploads\\\/sites\\\/2\\\/2022\\\/06\\\/eder-militao-real-madrid.jpeg\",\"width\":1300,\"height\":732},{\"@type\":\"BreadcrumbList\",\"@id\":\"https:\\\/\\\/www.fcbarcelonanoticias.com\\\/en\\\/transfers\\\/chelsea-thinks-in-central-of-the-madrid-for-replaces_281505_102.html#breadcrumb\",\"itemListElement\":[{\"@type\":\"ListItem\",\"position\":1,\"name\":\"Portada\",\"item\":\"https:\\\/\\\/www.fcbarcelonanoticias.com\\\/en\\\/\"},{\"@type\":\"ListItem\",\"position\":2,\"name\":\"Chelsea thinks of a Madrid central defender to replace R\u00fcdiger\"}]},{\"@type\":\"WebSite\",\"@id\":\"https:\\\/\\\/www.fcbarcelonanoticias.com\\\/en\\\/#website\",\"url\":\"https:\\\/\\\/www.fcbarcelonanoticias.com\\\/en\\\/\",\"name\":\"EN - FC Barcelona Noticias\",\"description\":\"\",\"potentialAction\":[{\"@type\":\"SearchAction\",\"target\":{\"@type\":\"EntryPoint\",\"urlTemplate\":\"https:\\\/\\\/www.fcbarcelonanoticias.com\\\/en\\\/?s={search_term_string}\"},\"query-input\":{\"@type\":\"PropertyValueSpecification\",\"valueRequired\":true,\"valueName\":\"search_term_string\"}}],\"inLanguage\":\"en-US\"},{\"@type\":\"Person\",\"@id\":\"https:\\\/\\\/www.fcbarcelonanoticias.com\\\/en\\\/#\\\/schema\\\/person\\\/c2cd9f6fa1af5c0d0eccd0fefa575c88\",\"name\":\"Andr\u00e9s Quiroz\",\"image\":{\"@type\":\"ImageObject\",\"inLanguage\":\"en-US\",\"@id\":\"https:\\\/\\\/secure.gravatar.com\\\/avatar\\\/?s=96&d=mm&r=g\",\"url\":\"https:\\\/\\\/secure.gravatar.com\\\/avatar\\\/?s=96&d=mm&r=g\",\"contentUrl\":\"https:\\\/\\\/secure.gravatar.com\\\/avatar\\\/?s=96&d=mm&r=g\",\"caption\":\"Andr\u00e9s Quiroz\"},\"description\":\"Licenciado en Periodismo por la Universidad de los Andes. Me encargo de analizar y compartir los contenidos m\u00e1s destacados de la\u00a0actualidad del F\u00fatbol Club Barcelona, Mercado de Fichajes y F\u00fatbol Internacional en FCBN. La informaci\u00f3n es poder, pero tambi\u00e9n conocimiento.\",\"url\":\"https:\\\/\\\/www.fcbarcelonanoticias.com\\\/en\\\/fc-barcelona\\\/andres-quiroz_17_115.html\"}]}<\/script>\n<!-- \/ Yoast SEO plugin. -->","yoast_head_json":{"title":"Chelsea thinks of a Madrid central defender to replace R\u00fcdiger","description":"Chelsea needs fichar central this summer. In front of the possible course of Andreas Christensen to the FC Barcelona and the exit of Antonio R\u00fcdiger to the Real Madrid...","robots":{"index":"index","follow":"follow","max-snippet":"max-snippet:-1","max-image-preview":"max-image-preview:large","max-video-preview":"max-video-preview:-1"},"canonical":"https:\/\/www.fcbarcelonanoticias.com\/en\/transfers\/chelsea-thinks-in-central-of-the-madrid-for-replaces_281505_102.html","og_locale":"en_US","og_type":"article","og_title":"Chelsea thinks of a Madrid central defender to replace R\u00fcdiger","og_description":"Chelsea needs fichar central this summer. In front of the possible course of Andreas Christensen to the FC Barcelona and the exit of Antonio R\u00fcdiger to the Real Madrid...","og_url":"https:\/\/www.fcbarcelonanoticias.com\/en\/transfers\/chelsea-thinks-in-central-of-the-madrid-for-replaces_281505_102.html","og_site_name":"EN - FC Barcelona Noticias","article_published_time":"2022-06-22T23:12:00+00:00","og_image":[{"width":1300,"height":732,"url":"https:\/\/www.fcbarcelonanoticias.com\/en\/wp-content\/uploads\/sites\/2\/2022\/06\/eder-militao-real-madrid.jpeg","type":"image\/jpeg"}],"author":"Andr\u00e9s Quiroz","twitter_card":"summary_large_image","twitter_misc":{"Written by":"Andr\u00e9s Quiroz","Est. reading time":"2 minutes"},"schema":{"@context":"https:\/\/schema.org","@graph":[{"@type":"Article","@id":"https:\/\/www.fcbarcelonanoticias.com\/en\/transfers\/chelsea-thinks-in-central-of-the-madrid-for-replaces_281505_102.html#article","isPartOf":{"@id":"https:\/\/www.fcbarcelonanoticias.com\/en\/transfers\/chelsea-thinks-in-central-of-the-madrid-for-replaces_281505_102.html"},"author":{"name":"Andr\u00e9s Quiroz","@id":"https:\/\/www.fcbarcelonanoticias.com\/en\/#\/schema\/person\/c2cd9f6fa1af5c0d0eccd0fefa575c88"},"headline":"Chelsea thinks of a Madrid central defender to replace R\u00fcdiger","datePublished":"2022-06-22T23:12:00+00:00","mainEntityOfPage":{"@id":"https:\/\/www.fcbarcelonanoticias.com\/en\/transfers\/chelsea-thinks-in-central-of-the-madrid-for-replaces_281505_102.html"},"wordCount":443,"image":{"@id":"https:\/\/www.fcbarcelonanoticias.com\/en\/transfers\/chelsea-thinks-in-central-of-the-madrid-for-replaces_281505_102.html#primaryimage"},"thumbnailUrl":"https:\/\/www.fcbarcelonanoticias.com\/en\/wp-content\/uploads\/sites\/2\/2022\/06\/eder-militao-real-madrid.jpeg","keywords":["Chelsea"],"articleSection":["Transfers","Transfers"],"inLanguage":"en-US"},{"@type":"WebPage","@id":"https:\/\/www.fcbarcelonanoticias.com\/en\/transfers\/chelsea-thinks-in-central-of-the-madrid-for-replaces_281505_102.html","url":"https:\/\/www.fcbarcelonanoticias.com\/en\/transfers\/chelsea-thinks-in-central-of-the-madrid-for-replaces_281505_102.html","name":"Chelsea thinks of a Madrid central defender to replace R\u00fcdiger","isPartOf":{"@id":"https:\/\/www.fcbarcelonanoticias.com\/en\/#website"},"primaryImageOfPage":{"@id":"https:\/\/www.fcbarcelonanoticias.com\/en\/transfers\/chelsea-thinks-in-central-of-the-madrid-for-replaces_281505_102.html#primaryimage"},"image":{"@id":"https:\/\/www.fcbarcelonanoticias.com\/en\/transfers\/chelsea-thinks-in-central-of-the-madrid-for-replaces_281505_102.html#primaryimage"},"thumbnailUrl":"https:\/\/www.fcbarcelonanoticias.com\/en\/wp-content\/uploads\/sites\/2\/2022\/06\/eder-militao-real-madrid.jpeg","datePublished":"2022-06-22T23:12:00+00:00","author":{"@id":"https:\/\/www.fcbarcelonanoticias.com\/en\/#\/schema\/person\/c2cd9f6fa1af5c0d0eccd0fefa575c88"},"description":"Chelsea needs fichar central this summer. In front of the possible course of Andreas Christensen to the FC Barcelona and the exit of Antonio R\u00fcdiger to the Real Madrid...","breadcrumb":{"@id":"https:\/\/www.fcbarcelonanoticias.com\/en\/transfers\/chelsea-thinks-in-central-of-the-madrid-for-replaces_281505_102.html#breadcrumb"},"inLanguage":"en-US","potentialAction":[{"@type":"ReadAction","target":["https:\/\/www.fcbarcelonanoticias.com\/en\/transfers\/chelsea-thinks-in-central-of-the-madrid-for-replaces_281505_102.html"]}]},{"@type":"ImageObject","inLanguage":"en-US","@id":"https:\/\/www.fcbarcelonanoticias.com\/en\/transfers\/chelsea-thinks-in-central-of-the-madrid-for-replaces_281505_102.html#primaryimage","url":"https:\/\/www.fcbarcelonanoticias.com\/en\/wp-content\/uploads\/sites\/2\/2022\/06\/eder-militao-real-madrid.jpeg","contentUrl":"https:\/\/www.fcbarcelonanoticias.com\/en\/wp-content\/uploads\/sites\/2\/2022\/06\/eder-militao-real-madrid.jpeg","width":1300,"height":732},{"@type":"BreadcrumbList","@id":"https:\/\/www.fcbarcelonanoticias.com\/en\/transfers\/chelsea-thinks-in-central-of-the-madrid-for-replaces_281505_102.html#breadcrumb","itemListElement":[{"@type":"ListItem","position":1,"name":"Portada","item":"https:\/\/www.fcbarcelonanoticias.com\/en\/"},{"@type":"ListItem","position":2,"name":"Chelsea thinks of a Madrid central defender to replace R\u00fcdiger"}]},{"@type":"WebSite","@id":"https:\/\/www.fcbarcelonanoticias.com\/en\/#website","url":"https:\/\/www.fcbarcelonanoticias.com\/en\/","name":"EN - FC Barcelona Noticias","description":"","potentialAction":[{"@type":"SearchAction","target":{"@type":"EntryPoint","urlTemplate":"https:\/\/www.fcbarcelonanoticias.com\/en\/?s={search_term_string}"},"query-input":{"@type":"PropertyValueSpecification","valueRequired":true,"valueName":"search_term_string"}}],"inLanguage":"en-US"},{"@type":"Person","@id":"https:\/\/www.fcbarcelonanoticias.com\/en\/#\/schema\/person\/c2cd9f6fa1af5c0d0eccd0fefa575c88","name":"Andr\u00e9s Quiroz","image":{"@type":"ImageObject","inLanguage":"en-US","@id":"https:\/\/secure.gravatar.com\/avatar\/?s=96&d=mm&r=g","url":"https:\/\/secure.gravatar.com\/avatar\/?s=96&d=mm&r=g","contentUrl":"https:\/\/secure.gravatar.com\/avatar\/?s=96&d=mm&r=g","caption":"Andr\u00e9s Quiroz"},"description":"Licenciado en Periodismo por la Universidad de los Andes. Me encargo de analizar y compartir los contenidos m\u00e1s destacados de la\u00a0actualidad del F\u00fatbol Club Barcelona, Mercado de Fichajes y F\u00fatbol Internacional en FCBN. La informaci\u00f3n es poder, pero tambi\u00e9n conocimiento.","url":"https:\/\/www.fcbarcelonanoticias.com\/en\/fc-barcelona\/andres-quiroz_17_115.html"}]}},"_links":{"self":[{"href":"https:\/\/www.fcbarcelonanoticias.com\/en\/wp-json\/wp\/v2\/posts\/93808","targetHints":{"allow":["GET"]}}],"collection":[{"href":"https:\/\/www.fcbarcelonanoticias.com\/en\/wp-json\/wp\/v2\/posts"}],"about":[{"href":"https:\/\/www.fcbarcelonanoticias.com\/en\/wp-json\/wp\/v2\/types\/post"}],"author":[{"embeddable":true,"href":"https:\/\/www.fcbarcelonanoticias.com\/en\/wp-json\/wp\/v2\/users\/347"}],"replies":[{"embeddable":true,"href":"https:\/\/www.fcbarcelonanoticias.com\/en\/wp-json\/wp\/v2\/comments?post=93808"}],"version-history":[{"count":1,"href":"https:\/\/www.fcbarcelonanoticias.com\/en\/wp-json\/wp\/v2\/posts\/93808\/revisions"}],"predecessor-version":[{"id":126607,"href":"https:\/\/www.fcbarcelonanoticias.com\/en\/wp-json\/wp\/v2\/posts\/93808\/revisions\/126607"}],"wp:featuredmedia":[{"embeddable":true,"href":"https:\/\/www.fcbarcelonanoticias.com\/en\/wp-json\/wp\/v2\/media\/93817"}],"wp:attachment":[{"href":"https:\/\/www.fcbarcelonanoticias.com\/en\/wp-json\/wp\/v2\/media?parent=93808"}],"wp:term":[{"taxonomy":"category","embeddable":true,"href":"https:\/\/www.fcbarcelonanoticias.com\/en\/wp-json\/wp\/v2\/categories?post=93808"},{"taxonomy":"post_tag","embeddable":true,"href":"https:\/\/www.fcbarcelonanoticias.com\/en\/wp-json\/wp\/v2\/tags?post=93808"}],"curies":[{"name":"wp","href":"https:\/\/api.w.org\/{rel}","templated":true}]}}