{"id":93829,"date":"2021-08-27T12:57:00","date_gmt":"2021-08-27T10:57:00","guid":{"rendered":"https:\/\/weisetech.dev\/fc-barcelona-noticias\/en\/how-inciden-messi-and-christian-in-the-possible-signing-of_272158_102\/"},"modified":"2021-08-27T17:56:00","modified_gmt":"2021-08-27T15:56:00","slug":"how-inciden-messi-and-christian-in-the-possible-signing-of_272158_102","status":"publish","type":"post","link":"https:\/\/www.fcbarcelonanoticias.com\/en\/transfers\/how-inciden-messi-and-christian-in-the-possible-signing-of_272158_102.html","title":{"rendered":"How inciden Messi and Christian in the possible signing of Mbapp\u00e9 by the Madrid?"},"content":{"rendered":"<h2 class=\"wp-block-heading\">Lionel Messi, Cristiano Ronaldo, Karim Benzema, Sergio Bouquets and, of course, Naseer To the-Khela\u00effi and Florentino P\u00e9rez, would be forming part of all the plot that would carry to Kylian Mbapp\u00e9 to his signing by the Real Madrid. In the case of the ex captain of the Bar\u00e7a, his arrival would have finished for accelerating the exit of the French<\/h2>  \r\n<div class=\"article-addons\">\r\n    <a href=\"https:\/\/www.fcbarcelonanoticias.com\/en\/calendar-fc-barcelona.html\"\r\n       target=\"_self\"\r\n       title=\"Calendar of FC Barcelona\"\r\n       class=\"blue-gredient-btn\">\r\n       \r\n        Calendar of FC Barcelona    <\/a>\r\n<\/div>   <p>To few days so that it come to an end the market of signings, The <strong>Real Madrid<\/strong> has launched a last offensive by <strong><a data-external=\"0\" data-intl-links-en=\"https:\/\/www.fcbarcelonanoticias.com\/en\/real-madrid\/this-friday-can-do-official-the-signing-of-mbappe_272150_102.html\" data-intl-links-es=\"https:\/\/www.fcbarcelonanoticias.com\/real-madrid\/este-viernes-puede-hacerse-oficial-fichaje-mbappe-por-madrid_272150_102.html\" href=\"https:\/\/www.fcbarcelonanoticias.com\/en\/real-madrid\/this-friday-can-do-official-the-signing-of-mbappe_272150_102.html\" rel=\"follow\" target=\"_self\" title=\"Este viernes puede hacerse oficial el fichaje de Mbapp\u00e9 por el Madrid\">Kylian Mbapp\u00e9<\/a><\/strong>. With the happen of the hours, the rumours speculations, between which there would be some leak, aim to that the operation is near to close , but which characters have caused that all this occur?<\/p>  <p>The current market of signings luce like one of the most atypical of the last years, with Lionel Messi abandoning the <strong>Bar\u00e7a<\/strong> at the beginning of August, whereas Mbapp\u00e9 seems increasingly near of the <strong>Madrid<\/strong>, and until <strong><a data-external=\"0\" data-intl-links-en=\"https:\/\/www.fcbarcelonanoticias.com\/en\/transfers\/cristiano-does-not-want-to-be-still-in-the-juventus-and-asks-to-go-out_272155_102.html\" data-intl-links-es=\"https:\/\/www.fcbarcelonanoticias.com\/fichajes\/cristiano-no-quiere-seguir-en-juventus-pide-salir_272155_102.html\" href=\"https:\/\/www.fcbarcelonanoticias.com\/en\/transfers\/cristiano-does-not-want-to-be-still-in-the-juventus-and-asks-to-go-out_272155_102.html\" rel=\"follow\" target=\"_self\" title=\"Cristiano no quiere seguir en la Juventus y pide salir\">Cristiano Ronaldo<\/a><\/strong>, according to several sources, has been linked to the <strong>Manchester City<\/strong>.<\/p>  <p>In the case of the Argentinian, perhaps his arrival to the French capital has finished for doing that Mbapp\u00e9 take a definite decision in his last year of agreement, in front of the possibility of not having the same leadership, with the ex captain of the <strong>FC Barcelona<\/strong> and<strong> Neymar Jr.<\/strong> Like figures of attack in the field.<\/p>  <p>By his part, the Portuguese, the one who would have asked his exit of <strong>the Juventus<\/strong>, also has sounded for Paris Saint-Germain, where would conform one of the best tridents of attack of the last years beside <strong>Lionel<\/strong> <strong>Messi<\/strong> and <strong>Ney<\/strong>. Nevertheless, his arrival would be supeditada to the exit of the French.<\/p>  <p>Included <strong>Karim Benzema<\/strong> and <strong>Sergio Bouquets<\/strong> would have had something that see in the operation. In the case of the white forward, had like support to <strong>Mbapp\u00e9<\/strong> in his return to the selection, a favour that could give him back in Valdebebas. Meanwhile, the Andalusian could have him advanced something on how would be the things in <strong>the Madrid<\/strong>.<\/p>  <div class=\"article-video-wrapper\" data-ck-asset-wrapper=\"\"> <div class=\"article-video\"> <div> <div style=\"position: relative; padding-bottom:56.25%; height: 0; overflow: hidden; \"><\/div> <\/div> <\/div> <\/div>  <div>&nbsp;<\/div>  <h3>Florentino and To the-Khela\u00effi star the &#8216;war&#8217; in the dispatches<\/h3>  <p>Of course, the jerarca of the <strong>Real Madrid<\/strong> has been the main art\u00edfice of all this operation. <strong>P\u00e9rez<\/strong> wishes to initiate a new &#8216;was galactic&#8217; in the club, by what has to the champion of the world between his aims of market, for which does not think escatimar the resources that are necessary.<\/p>  <p>As it could not be of another way, <strong>Nasser To the Khela\u00effi<\/strong> and <strong>Leonardo<\/strong>, president and sportive director of the <strong>PSG<\/strong>, respectively, have fulfilled with the role antag\u00f3nico for the whites. In spite of that both have kept a strong and clear speech on the subject, seem to be beginning to yield in front of a convenient proposal; of the contrary, will see to <strong>Mbapp\u00e9<\/strong> leave free the next year.<\/p> ","protected":false},"excerpt":{"rendered":"<p>Lionel Messi, Cristiano Ronaldo, Karim Benzema, Sergio Bouquets and, of course, Naseer To the-Khela\u00effi and Florentino P\u00e9rez, would be forming part of all the plot that would carry to Kylian Mbapp\u00e9 to his signing by the Real Madrid. In the case of the ex captain of the Bar\u00e7a, his arrival would have finished for accelerating [&hellip;]<\/p>\n","protected":false},"author":378,"featured_media":93844,"comment_status":"closed","ping_status":"open","sticky":false,"template":"","format":"standard","meta":{"_acf_changed":false,"inline_featured_image":false,"_nextfly_llmd_date_locked":false,"footnotes":""},"categories":[449,106],"tags":[177,171,88,313],"class_list":["post-93829","post","type-post","status-publish","format-standard","has-post-thumbnail","hentry","category-transfers-2","category-transfers","tag-florentino-perez","tag-mbappe","tag-paris-saint-germain","tag-sergio-bouquets"],"acf":[],"yoast_head":"<!-- This site is optimized with the Yoast SEO plugin v27.3 - https:\/\/yoast.com\/product\/yoast-seo-wordpress\/ -->\n<title>How inciden Messi and Christian in the possible signing of...<\/title>\n<meta name=\"description\" content=\"Lionel Messi, Cristiano Ronaldo, Karim Benzema, Sergio Bouquets and, of course, Naseer To the-Khela\u00effi and Florentino P\u00e9rez, would be forming part of all the plot...\" \/>\n<meta name=\"robots\" content=\"index, follow, max-snippet:-1, max-image-preview:large, max-video-preview:-1\" \/>\n<link rel=\"canonical\" href=\"https:\/\/www.fcbarcelonanoticias.com\/en\/transfers\/how-inciden-messi-and-christian-in-the-possible-signing-of_272158_102.html\" \/>\n<meta property=\"og:locale\" content=\"en_US\" \/>\n<meta property=\"og:type\" content=\"article\" \/>\n<meta property=\"og:title\" content=\"How inciden Messi and Christian in the possible signing of...\" \/>\n<meta property=\"og:description\" content=\"Lionel Messi, Cristiano Ronaldo, Karim Benzema, Sergio Bouquets and, of course, Naseer To the-Khela\u00effi and Florentino P\u00e9rez, would be forming part of all the plot...\" \/>\n<meta property=\"og:url\" content=\"https:\/\/www.fcbarcelonanoticias.com\/en\/transfers\/how-inciden-messi-and-christian-in-the-possible-signing-of_272158_102.html\" \/>\n<meta property=\"og:site_name\" content=\"EN - FC Barcelona Noticias\" \/>\n<meta property=\"article:published_time\" content=\"2021-08-27T10:57:00+00:00\" \/>\n<meta property=\"article:modified_time\" content=\"2021-08-27T15:56:00+00:00\" \/>\n<meta property=\"og:image\" content=\"https:\/\/www.fcbarcelonanoticias.com\/en\/wp-content\/uploads\/sites\/2\/2021\/08\/1005916526-1-1.jpeg\" \/>\n\t<meta property=\"og:image:width\" content=\"1200\" \/>\n\t<meta property=\"og:image:height\" content=\"746\" \/>\n\t<meta property=\"og:image:type\" content=\"image\/jpeg\" \/>\n<meta name=\"author\" content=\"user_4034\" \/>\n<meta name=\"twitter:card\" content=\"summary_large_image\" \/>\n<meta name=\"twitter:label1\" content=\"Written by\" \/>\n\t<meta name=\"twitter:data1\" content=\"user_4034\" \/>\n\t<meta name=\"twitter:label2\" content=\"Est. reading time\" \/>\n\t<meta name=\"twitter:data2\" content=\"2 minutes\" \/>\n<script type=\"application\/ld+json\" class=\"yoast-schema-graph\">{\"@context\":\"https:\\\/\\\/schema.org\",\"@graph\":[{\"@type\":\"Article\",\"@id\":\"https:\\\/\\\/www.fcbarcelonanoticias.com\\\/en\\\/transfers\\\/how-inciden-messi-and-christian-in-the-possible-signing-of_272158_102.html#article\",\"isPartOf\":{\"@id\":\"https:\\\/\\\/www.fcbarcelonanoticias.com\\\/en\\\/transfers\\\/how-inciden-messi-and-christian-in-the-possible-signing-of_272158_102.html\"},\"author\":{\"name\":\"user_4034\",\"@id\":\"https:\\\/\\\/www.fcbarcelonanoticias.com\\\/en\\\/#\\\/schema\\\/person\\\/af5ca539abaaa1bd2753d05ef7a706d0\"},\"headline\":\"How inciden Messi and Christian in the possible signing of Mbapp\u00e9 by the Madrid?\",\"datePublished\":\"2021-08-27T10:57:00+00:00\",\"dateModified\":\"2021-08-27T15:56:00+00:00\",\"mainEntityOfPage\":{\"@id\":\"https:\\\/\\\/www.fcbarcelonanoticias.com\\\/en\\\/transfers\\\/how-inciden-messi-and-christian-in-the-possible-signing-of_272158_102.html\"},\"wordCount\":496,\"image\":{\"@id\":\"https:\\\/\\\/www.fcbarcelonanoticias.com\\\/en\\\/transfers\\\/how-inciden-messi-and-christian-in-the-possible-signing-of_272158_102.html#primaryimage\"},\"thumbnailUrl\":\"https:\\\/\\\/www.fcbarcelonanoticias.com\\\/en\\\/wp-content\\\/uploads\\\/sites\\\/2\\\/2021\\\/08\\\/1005916526-1-1.jpeg\",\"keywords\":[\"Florentino P\u00e9rez\",\"Mbapp\u00e9\",\"Paris Saint-Germain\",\"Sergio Bouquets\"],\"articleSection\":[\"Transfers\",\"Transfers\"],\"inLanguage\":\"en-US\"},{\"@type\":\"WebPage\",\"@id\":\"https:\\\/\\\/www.fcbarcelonanoticias.com\\\/en\\\/transfers\\\/how-inciden-messi-and-christian-in-the-possible-signing-of_272158_102.html\",\"url\":\"https:\\\/\\\/www.fcbarcelonanoticias.com\\\/en\\\/transfers\\\/how-inciden-messi-and-christian-in-the-possible-signing-of_272158_102.html\",\"name\":\"How inciden Messi and Christian in the possible signing of...\",\"isPartOf\":{\"@id\":\"https:\\\/\\\/www.fcbarcelonanoticias.com\\\/en\\\/#website\"},\"primaryImageOfPage\":{\"@id\":\"https:\\\/\\\/www.fcbarcelonanoticias.com\\\/en\\\/transfers\\\/how-inciden-messi-and-christian-in-the-possible-signing-of_272158_102.html#primaryimage\"},\"image\":{\"@id\":\"https:\\\/\\\/www.fcbarcelonanoticias.com\\\/en\\\/transfers\\\/how-inciden-messi-and-christian-in-the-possible-signing-of_272158_102.html#primaryimage\"},\"thumbnailUrl\":\"https:\\\/\\\/www.fcbarcelonanoticias.com\\\/en\\\/wp-content\\\/uploads\\\/sites\\\/2\\\/2021\\\/08\\\/1005916526-1-1.jpeg\",\"datePublished\":\"2021-08-27T10:57:00+00:00\",\"dateModified\":\"2021-08-27T15:56:00+00:00\",\"author\":{\"@id\":\"https:\\\/\\\/www.fcbarcelonanoticias.com\\\/en\\\/#\\\/schema\\\/person\\\/af5ca539abaaa1bd2753d05ef7a706d0\"},\"description\":\"Lionel Messi, Cristiano Ronaldo, Karim Benzema, Sergio Bouquets and, of course, Naseer To the-Khela\u00effi and Florentino P\u00e9rez, would be forming part of all the plot...\",\"breadcrumb\":{\"@id\":\"https:\\\/\\\/www.fcbarcelonanoticias.com\\\/en\\\/transfers\\\/how-inciden-messi-and-christian-in-the-possible-signing-of_272158_102.html#breadcrumb\"},\"inLanguage\":\"en-US\",\"potentialAction\":[{\"@type\":\"ReadAction\",\"target\":[\"https:\\\/\\\/www.fcbarcelonanoticias.com\\\/en\\\/transfers\\\/how-inciden-messi-and-christian-in-the-possible-signing-of_272158_102.html\"]}]},{\"@type\":\"ImageObject\",\"inLanguage\":\"en-US\",\"@id\":\"https:\\\/\\\/www.fcbarcelonanoticias.com\\\/en\\\/transfers\\\/how-inciden-messi-and-christian-in-the-possible-signing-of_272158_102.html#primaryimage\",\"url\":\"https:\\\/\\\/www.fcbarcelonanoticias.com\\\/en\\\/wp-content\\\/uploads\\\/sites\\\/2\\\/2021\\\/08\\\/1005916526-1-1.jpeg\",\"contentUrl\":\"https:\\\/\\\/www.fcbarcelonanoticias.com\\\/en\\\/wp-content\\\/uploads\\\/sites\\\/2\\\/2021\\\/08\\\/1005916526-1-1.jpeg\",\"width\":1200,\"height\":746},{\"@type\":\"BreadcrumbList\",\"@id\":\"https:\\\/\\\/www.fcbarcelonanoticias.com\\\/en\\\/transfers\\\/how-inciden-messi-and-christian-in-the-possible-signing-of_272158_102.html#breadcrumb\",\"itemListElement\":[{\"@type\":\"ListItem\",\"position\":1,\"name\":\"Portada\",\"item\":\"https:\\\/\\\/www.fcbarcelonanoticias.com\\\/en\\\/\"},{\"@type\":\"ListItem\",\"position\":2,\"name\":\"How inciden Messi and Christian in the possible signing of Mbapp\u00e9 by the Madrid?\"}]},{\"@type\":\"WebSite\",\"@id\":\"https:\\\/\\\/www.fcbarcelonanoticias.com\\\/en\\\/#website\",\"url\":\"https:\\\/\\\/www.fcbarcelonanoticias.com\\\/en\\\/\",\"name\":\"EN - FC Barcelona Noticias\",\"description\":\"\",\"potentialAction\":[{\"@type\":\"SearchAction\",\"target\":{\"@type\":\"EntryPoint\",\"urlTemplate\":\"https:\\\/\\\/www.fcbarcelonanoticias.com\\\/en\\\/?s={search_term_string}\"},\"query-input\":{\"@type\":\"PropertyValueSpecification\",\"valueRequired\":true,\"valueName\":\"search_term_string\"}}],\"inLanguage\":\"en-US\"},{\"@type\":\"Person\",\"@id\":\"https:\\\/\\\/www.fcbarcelonanoticias.com\\\/en\\\/#\\\/schema\\\/person\\\/af5ca539abaaa1bd2753d05ef7a706d0\",\"name\":\"user_4034\",\"image\":{\"@type\":\"ImageObject\",\"inLanguage\":\"en-US\",\"@id\":\"https:\\\/\\\/secure.gravatar.com\\\/avatar\\\/?s=96&d=mm&r=g\",\"url\":\"https:\\\/\\\/secure.gravatar.com\\\/avatar\\\/?s=96&d=mm&r=g\",\"contentUrl\":\"https:\\\/\\\/secure.gravatar.com\\\/avatar\\\/?s=96&d=mm&r=g\",\"caption\":\"user_4034\"},\"url\":\"https:\\\/\\\/www.fcbarcelonanoticias.com\\\/en\\\/user_4034.html\"}]}<\/script>\n<!-- \/ Yoast SEO plugin. -->","yoast_head_json":{"title":"How inciden Messi and Christian in the possible signing of...","description":"Lionel Messi, Cristiano Ronaldo, Karim Benzema, Sergio Bouquets and, of course, Naseer To the-Khela\u00effi and Florentino P\u00e9rez, would be forming part of all the plot...","robots":{"index":"index","follow":"follow","max-snippet":"max-snippet:-1","max-image-preview":"max-image-preview:large","max-video-preview":"max-video-preview:-1"},"canonical":"https:\/\/www.fcbarcelonanoticias.com\/en\/transfers\/how-inciden-messi-and-christian-in-the-possible-signing-of_272158_102.html","og_locale":"en_US","og_type":"article","og_title":"How inciden Messi and Christian in the possible signing of...","og_description":"Lionel Messi, Cristiano Ronaldo, Karim Benzema, Sergio Bouquets and, of course, Naseer To the-Khela\u00effi and Florentino P\u00e9rez, would be forming part of all the plot...","og_url":"https:\/\/www.fcbarcelonanoticias.com\/en\/transfers\/how-inciden-messi-and-christian-in-the-possible-signing-of_272158_102.html","og_site_name":"EN - FC Barcelona Noticias","article_published_time":"2021-08-27T10:57:00+00:00","article_modified_time":"2021-08-27T15:56:00+00:00","og_image":[{"width":1200,"height":746,"url":"https:\/\/www.fcbarcelonanoticias.com\/en\/wp-content\/uploads\/sites\/2\/2021\/08\/1005916526-1-1.jpeg","type":"image\/jpeg"}],"author":"user_4034","twitter_card":"summary_large_image","twitter_misc":{"Written by":"user_4034","Est. reading time":"2 minutes"},"schema":{"@context":"https:\/\/schema.org","@graph":[{"@type":"Article","@id":"https:\/\/www.fcbarcelonanoticias.com\/en\/transfers\/how-inciden-messi-and-christian-in-the-possible-signing-of_272158_102.html#article","isPartOf":{"@id":"https:\/\/www.fcbarcelonanoticias.com\/en\/transfers\/how-inciden-messi-and-christian-in-the-possible-signing-of_272158_102.html"},"author":{"name":"user_4034","@id":"https:\/\/www.fcbarcelonanoticias.com\/en\/#\/schema\/person\/af5ca539abaaa1bd2753d05ef7a706d0"},"headline":"How inciden Messi and Christian in the possible signing of Mbapp\u00e9 by the Madrid?","datePublished":"2021-08-27T10:57:00+00:00","dateModified":"2021-08-27T15:56:00+00:00","mainEntityOfPage":{"@id":"https:\/\/www.fcbarcelonanoticias.com\/en\/transfers\/how-inciden-messi-and-christian-in-the-possible-signing-of_272158_102.html"},"wordCount":496,"image":{"@id":"https:\/\/www.fcbarcelonanoticias.com\/en\/transfers\/how-inciden-messi-and-christian-in-the-possible-signing-of_272158_102.html#primaryimage"},"thumbnailUrl":"https:\/\/www.fcbarcelonanoticias.com\/en\/wp-content\/uploads\/sites\/2\/2021\/08\/1005916526-1-1.jpeg","keywords":["Florentino P\u00e9rez","Mbapp\u00e9","Paris Saint-Germain","Sergio Bouquets"],"articleSection":["Transfers","Transfers"],"inLanguage":"en-US"},{"@type":"WebPage","@id":"https:\/\/www.fcbarcelonanoticias.com\/en\/transfers\/how-inciden-messi-and-christian-in-the-possible-signing-of_272158_102.html","url":"https:\/\/www.fcbarcelonanoticias.com\/en\/transfers\/how-inciden-messi-and-christian-in-the-possible-signing-of_272158_102.html","name":"How inciden Messi and Christian in the possible signing of...","isPartOf":{"@id":"https:\/\/www.fcbarcelonanoticias.com\/en\/#website"},"primaryImageOfPage":{"@id":"https:\/\/www.fcbarcelonanoticias.com\/en\/transfers\/how-inciden-messi-and-christian-in-the-possible-signing-of_272158_102.html#primaryimage"},"image":{"@id":"https:\/\/www.fcbarcelonanoticias.com\/en\/transfers\/how-inciden-messi-and-christian-in-the-possible-signing-of_272158_102.html#primaryimage"},"thumbnailUrl":"https:\/\/www.fcbarcelonanoticias.com\/en\/wp-content\/uploads\/sites\/2\/2021\/08\/1005916526-1-1.jpeg","datePublished":"2021-08-27T10:57:00+00:00","dateModified":"2021-08-27T15:56:00+00:00","author":{"@id":"https:\/\/www.fcbarcelonanoticias.com\/en\/#\/schema\/person\/af5ca539abaaa1bd2753d05ef7a706d0"},"description":"Lionel Messi, Cristiano Ronaldo, Karim Benzema, Sergio Bouquets and, of course, Naseer To the-Khela\u00effi and Florentino P\u00e9rez, would be forming part of all the plot...","breadcrumb":{"@id":"https:\/\/www.fcbarcelonanoticias.com\/en\/transfers\/how-inciden-messi-and-christian-in-the-possible-signing-of_272158_102.html#breadcrumb"},"inLanguage":"en-US","potentialAction":[{"@type":"ReadAction","target":["https:\/\/www.fcbarcelonanoticias.com\/en\/transfers\/how-inciden-messi-and-christian-in-the-possible-signing-of_272158_102.html"]}]},{"@type":"ImageObject","inLanguage":"en-US","@id":"https:\/\/www.fcbarcelonanoticias.com\/en\/transfers\/how-inciden-messi-and-christian-in-the-possible-signing-of_272158_102.html#primaryimage","url":"https:\/\/www.fcbarcelonanoticias.com\/en\/wp-content\/uploads\/sites\/2\/2021\/08\/1005916526-1-1.jpeg","contentUrl":"https:\/\/www.fcbarcelonanoticias.com\/en\/wp-content\/uploads\/sites\/2\/2021\/08\/1005916526-1-1.jpeg","width":1200,"height":746},{"@type":"BreadcrumbList","@id":"https:\/\/www.fcbarcelonanoticias.com\/en\/transfers\/how-inciden-messi-and-christian-in-the-possible-signing-of_272158_102.html#breadcrumb","itemListElement":[{"@type":"ListItem","position":1,"name":"Portada","item":"https:\/\/www.fcbarcelonanoticias.com\/en\/"},{"@type":"ListItem","position":2,"name":"How inciden Messi and Christian in the possible signing of Mbapp\u00e9 by the Madrid?"}]},{"@type":"WebSite","@id":"https:\/\/www.fcbarcelonanoticias.com\/en\/#website","url":"https:\/\/www.fcbarcelonanoticias.com\/en\/","name":"EN - FC Barcelona Noticias","description":"","potentialAction":[{"@type":"SearchAction","target":{"@type":"EntryPoint","urlTemplate":"https:\/\/www.fcbarcelonanoticias.com\/en\/?s={search_term_string}"},"query-input":{"@type":"PropertyValueSpecification","valueRequired":true,"valueName":"search_term_string"}}],"inLanguage":"en-US"},{"@type":"Person","@id":"https:\/\/www.fcbarcelonanoticias.com\/en\/#\/schema\/person\/af5ca539abaaa1bd2753d05ef7a706d0","name":"user_4034","image":{"@type":"ImageObject","inLanguage":"en-US","@id":"https:\/\/secure.gravatar.com\/avatar\/?s=96&d=mm&r=g","url":"https:\/\/secure.gravatar.com\/avatar\/?s=96&d=mm&r=g","contentUrl":"https:\/\/secure.gravatar.com\/avatar\/?s=96&d=mm&r=g","caption":"user_4034"},"url":"https:\/\/www.fcbarcelonanoticias.com\/en\/user_4034.html"}]}},"_links":{"self":[{"href":"https:\/\/www.fcbarcelonanoticias.com\/en\/wp-json\/wp\/v2\/posts\/93829","targetHints":{"allow":["GET"]}}],"collection":[{"href":"https:\/\/www.fcbarcelonanoticias.com\/en\/wp-json\/wp\/v2\/posts"}],"about":[{"href":"https:\/\/www.fcbarcelonanoticias.com\/en\/wp-json\/wp\/v2\/types\/post"}],"author":[{"embeddable":true,"href":"https:\/\/www.fcbarcelonanoticias.com\/en\/wp-json\/wp\/v2\/users\/378"}],"replies":[{"embeddable":true,"href":"https:\/\/www.fcbarcelonanoticias.com\/en\/wp-json\/wp\/v2\/comments?post=93829"}],"version-history":[{"count":1,"href":"https:\/\/www.fcbarcelonanoticias.com\/en\/wp-json\/wp\/v2\/posts\/93829\/revisions"}],"predecessor-version":[{"id":126557,"href":"https:\/\/www.fcbarcelonanoticias.com\/en\/wp-json\/wp\/v2\/posts\/93829\/revisions\/126557"}],"wp:featuredmedia":[{"embeddable":true,"href":"https:\/\/www.fcbarcelonanoticias.com\/en\/wp-json\/wp\/v2\/media\/93844"}],"wp:attachment":[{"href":"https:\/\/www.fcbarcelonanoticias.com\/en\/wp-json\/wp\/v2\/media?parent=93829"}],"wp:term":[{"taxonomy":"category","embeddable":true,"href":"https:\/\/www.fcbarcelonanoticias.com\/en\/wp-json\/wp\/v2\/categories?post=93829"},{"taxonomy":"post_tag","embeddable":true,"href":"https:\/\/www.fcbarcelonanoticias.com\/en\/wp-json\/wp\/v2\/tags?post=93829"}],"curies":[{"name":"wp","href":"https:\/\/api.w.org\/{rel}","templated":true}]}}