{"id":93854,"date":"2024-07-13T18:42:00","date_gmt":"2024-07-13T16:42:00","guid":{"rendered":"https:\/\/weisetech.dev\/fc-barcelona-noticias\/en\/fc-barcelona-could-lose-free-inigo-martinez-dias_305409_102\/"},"modified":"2024-07-13T18:42:00","modified_gmt":"2024-07-13T16:42:00","slug":"fc-barcelona-could-lose-free-inigo-martinez-dias_305409_102","status":"publish","type":"post","link":"https:\/\/www.fcbarcelonanoticias.com\/en\/transfers\/fc-barcelona-could-lose-free-inigo-martinez-dias_305409_102.html","title":{"rendered":"FC Barcelona could lose I\u00f1igo Mart\u00ednez for free in a few days"},"content":{"rendered":"<h2 class=\"wp-block-heading\">I\u00f1igo Mart\u00ednez&#8217;s future with FC Barcelona remains up in the air after the start of the Blaugrana preseason. The Basque central defender has a contract until 2025, but since he is not registered he can activate an immediate exit clause this week<\/h2>  \r\n<div class=\"article-addons\">\r\n    <a href=\"https:\/\/www.fcbarcelonanoticias.com\/en\/calendar-fc-barcelona.html\"\r\n       target=\"_self\"\r\n       title=\"Calendar of FC Barcelona\"\r\n       class=\"blue-gredient-btn\">\r\n       \r\n        Calendar of FC Barcelona    <\/a>\r\n<\/div>   <p>The FC Barcelona can lose free to one of his footballers this week because of his problems with the &#8216;Fair Play&#8217; financial. In accordance with the established in the agreement that I\u00f1igo Mart\u00ednez signed by two seasons the past summer, <strong>the one of Ondarroa will be able to request the unilateral rescission of his bond with the team from the Tuesday 15 July<\/strong> to the not being inscribed in the Barcelona staff.<\/p>  <p>In the case to activate his clause liberatoria, <strong>the Bar\u00e7a would have to pay him the 9 million gross euros (4.5 net) corresponding to the remaining year of agreement<\/strong>, although east mount would not compute in the mass salarial of the club for the 24\/25. The Basque comes to contest 25 parties in all the competitions (1.622 minutes) the past season, but knows in disadvantage to the hour to struggle by a place in the pre-season in front of the &#8216;overbooking&#8217; of head offices in the Bar\u00e7a.<\/p>  <h2>I\u00f1igo Mart\u00ednez does not prioritise to go free of the Bar\u00e7a this summer<\/h2>  <p>And it is that, <strong>with <a data-external=\"0\" data-intl-links-en=\"https:\/\/www.fcbarcelonanoticias.com\/en\/transfers\/eric-garcia-could-be-more-important-for-the-fc-barcelona-of-what-expected_305277_102.html\" data-intl-links-es=\"https:\/\/www.fcbarcelonanoticias.com\/fichajes\/eric-garcia-podria-ser-mas-importante-fc-barcelona-se-esperaba_305277_102.html\" href=\"https:\/\/www.fcbarcelonanoticias.com\/en\/transfers\/eric-garcia-could-be-more-important-for-the-fc-barcelona-of-what-expected_305277_102.html\" rel=\"follow\" target=\"_self\" title=\"Eric Garc\u00eda podr\u00eda ser m\u00e1s importante para el FC Barcelona de lo que se esperaba\">the return of Eric Garc\u00eda<\/a>, to I\u00f1igo reduce him the options to remain with a place<\/strong> between the central cul\u00e9s, waiting for what suceda with the Catalan defender, yielded the past season to the Girona. Garc\u00eda will travel with the Selection to the Olympic games and, in principle, does not have intentions to go out, as neither it has them the one of Ondarroa neither Andreas Christensen, another of the defenders that could help to the Barcelona finances in case to accept his traspaso.<\/p>  <p>However, <strong>Mart\u00ednez has clear his intention to litigate by a place in the pre-season and would not have intention to go free this summer<\/strong>, taking for granted that Hansi Flick will have he once the club resolve his registration. The past summer, the central of 33 years also had to expect more than the foreseen to be inscribed in LaLiga, a factor that put in risk his official debut, since his agreement also included a clause liberatoria if the 23\/24 began without that the defender was authorised to play.<\/p> ","protected":false},"excerpt":{"rendered":"<p>I\u00f1igo Mart\u00ednez&#8217;s future with FC Barcelona remains up in the air after the start of the Blaugrana preseason. The Basque central defender has a contract until 2025, but since he is not registered he can activate an immediate exit clause this week The FC Barcelona can lose free to one of his footballers this week [&hellip;]<\/p>\n","protected":false},"author":347,"featured_media":93859,"comment_status":"closed","ping_status":"open","sticky":false,"template":"","format":"standard","meta":{"_acf_changed":false,"inline_featured_image":false,"_nextfly_llmd_date_locked":false,"footnotes":""},"categories":[449,106],"tags":[],"class_list":["post-93854","post","type-post","status-publish","format-standard","has-post-thumbnail","hentry","category-transfers-2","category-transfers"],"acf":[],"yoast_head":"<!-- This site is optimized with the Yoast SEO plugin v27.3 - https:\/\/yoast.com\/product\/yoast-seo-wordpress\/ -->\n<title>FC Barcelona could lose I\u00f1igo Mart\u00ednez for free in a few days<\/title>\n<meta name=\"description\" content=\"I\u00f1igo Mart\u00ednez&#039;s future with FC Barcelona remains up in the air after the start of the Blaugrana preseason. The Basque central defender has a contract until 2025, but since he is not registered he can activate an immediate exit clause this week\" \/>\n<meta name=\"robots\" content=\"index, follow, max-snippet:-1, max-image-preview:large, max-video-preview:-1\" \/>\n<link rel=\"canonical\" href=\"https:\/\/www.fcbarcelonanoticias.com\/en\/transfers\/fc-barcelona-could-lose-free-inigo-martinez-dias_305409_102.html\" \/>\n<meta property=\"og:locale\" content=\"en_US\" \/>\n<meta property=\"og:type\" content=\"article\" \/>\n<meta property=\"og:title\" content=\"FC Barcelona could lose I\u00f1igo Mart\u00ednez for free in a few days\" \/>\n<meta property=\"og:description\" content=\"I\u00f1igo Mart\u00ednez&#039;s future with FC Barcelona remains up in the air after the start of the Blaugrana preseason. The Basque central defender has a contract until 2025, but since he is not registered he can activate an immediate exit clause this week\" \/>\n<meta property=\"og:url\" content=\"https:\/\/www.fcbarcelonanoticias.com\/en\/transfers\/fc-barcelona-could-lose-free-inigo-martinez-dias_305409_102.html\" \/>\n<meta property=\"og:site_name\" content=\"EN - FC Barcelona Noticias\" \/>\n<meta property=\"article:published_time\" content=\"2024-07-13T16:42:00+00:00\" \/>\n<meta property=\"og:image\" content=\"https:\/\/www.fcbarcelonanoticias.com\/en\/wp-content\/uploads\/sites\/2\/2024\/07\/inigo-martinez-fc-barcelona.jpeg\" \/>\n\t<meta property=\"og:image:width\" content=\"1300\" \/>\n\t<meta property=\"og:image:height\" content=\"732\" \/>\n\t<meta property=\"og:image:type\" content=\"image\/jpeg\" \/>\n<meta name=\"author\" content=\"Andr\u00e9s Quiroz\" \/>\n<meta name=\"twitter:card\" content=\"summary_large_image\" \/>\n<meta name=\"twitter:label1\" content=\"Written by\" \/>\n\t<meta name=\"twitter:data1\" content=\"Andr\u00e9s Quiroz\" \/>\n\t<meta name=\"twitter:label2\" content=\"Est. reading time\" \/>\n\t<meta name=\"twitter:data2\" content=\"2 minutes\" \/>\n<script type=\"application\/ld+json\" class=\"yoast-schema-graph\">{\"@context\":\"https:\\\/\\\/schema.org\",\"@graph\":[{\"@type\":\"Article\",\"@id\":\"https:\\\/\\\/www.fcbarcelonanoticias.com\\\/en\\\/transfers\\\/fc-barcelona-could-lose-free-inigo-martinez-dias_305409_102.html#article\",\"isPartOf\":{\"@id\":\"https:\\\/\\\/www.fcbarcelonanoticias.com\\\/en\\\/transfers\\\/fc-barcelona-could-lose-free-inigo-martinez-dias_305409_102.html\"},\"author\":{\"name\":\"Andr\u00e9s Quiroz\",\"@id\":\"https:\\\/\\\/www.fcbarcelonanoticias.com\\\/en\\\/#\\\/schema\\\/person\\\/c2cd9f6fa1af5c0d0eccd0fefa575c88\"},\"headline\":\"FC Barcelona could lose I\u00f1igo Mart\u00ednez for free in a few days\",\"datePublished\":\"2024-07-13T16:42:00+00:00\",\"mainEntityOfPage\":{\"@id\":\"https:\\\/\\\/www.fcbarcelonanoticias.com\\\/en\\\/transfers\\\/fc-barcelona-could-lose-free-inigo-martinez-dias_305409_102.html\"},\"wordCount\":412,\"image\":{\"@id\":\"https:\\\/\\\/www.fcbarcelonanoticias.com\\\/en\\\/transfers\\\/fc-barcelona-could-lose-free-inigo-martinez-dias_305409_102.html#primaryimage\"},\"thumbnailUrl\":\"https:\\\/\\\/www.fcbarcelonanoticias.com\\\/en\\\/wp-content\\\/uploads\\\/sites\\\/2\\\/2024\\\/07\\\/inigo-martinez-fc-barcelona.jpeg\",\"articleSection\":[\"Transfers\",\"Transfers\"],\"inLanguage\":\"en-US\"},{\"@type\":\"WebPage\",\"@id\":\"https:\\\/\\\/www.fcbarcelonanoticias.com\\\/en\\\/transfers\\\/fc-barcelona-could-lose-free-inigo-martinez-dias_305409_102.html\",\"url\":\"https:\\\/\\\/www.fcbarcelonanoticias.com\\\/en\\\/transfers\\\/fc-barcelona-could-lose-free-inigo-martinez-dias_305409_102.html\",\"name\":\"FC Barcelona could lose I\u00f1igo Mart\u00ednez for free in a few days\",\"isPartOf\":{\"@id\":\"https:\\\/\\\/www.fcbarcelonanoticias.com\\\/en\\\/#website\"},\"primaryImageOfPage\":{\"@id\":\"https:\\\/\\\/www.fcbarcelonanoticias.com\\\/en\\\/transfers\\\/fc-barcelona-could-lose-free-inigo-martinez-dias_305409_102.html#primaryimage\"},\"image\":{\"@id\":\"https:\\\/\\\/www.fcbarcelonanoticias.com\\\/en\\\/transfers\\\/fc-barcelona-could-lose-free-inigo-martinez-dias_305409_102.html#primaryimage\"},\"thumbnailUrl\":\"https:\\\/\\\/www.fcbarcelonanoticias.com\\\/en\\\/wp-content\\\/uploads\\\/sites\\\/2\\\/2024\\\/07\\\/inigo-martinez-fc-barcelona.jpeg\",\"datePublished\":\"2024-07-13T16:42:00+00:00\",\"author\":{\"@id\":\"https:\\\/\\\/www.fcbarcelonanoticias.com\\\/en\\\/#\\\/schema\\\/person\\\/c2cd9f6fa1af5c0d0eccd0fefa575c88\"},\"description\":\"I\u00f1igo Mart\u00ednez's future with FC Barcelona remains up in the air after the start of the Blaugrana preseason. The Basque central defender has a contract until 2025, but since he is not registered he can activate an immediate exit clause this week\",\"breadcrumb\":{\"@id\":\"https:\\\/\\\/www.fcbarcelonanoticias.com\\\/en\\\/transfers\\\/fc-barcelona-could-lose-free-inigo-martinez-dias_305409_102.html#breadcrumb\"},\"inLanguage\":\"en-US\",\"potentialAction\":[{\"@type\":\"ReadAction\",\"target\":[\"https:\\\/\\\/www.fcbarcelonanoticias.com\\\/en\\\/transfers\\\/fc-barcelona-could-lose-free-inigo-martinez-dias_305409_102.html\"]}]},{\"@type\":\"ImageObject\",\"inLanguage\":\"en-US\",\"@id\":\"https:\\\/\\\/www.fcbarcelonanoticias.com\\\/en\\\/transfers\\\/fc-barcelona-could-lose-free-inigo-martinez-dias_305409_102.html#primaryimage\",\"url\":\"https:\\\/\\\/www.fcbarcelonanoticias.com\\\/en\\\/wp-content\\\/uploads\\\/sites\\\/2\\\/2024\\\/07\\\/inigo-martinez-fc-barcelona.jpeg\",\"contentUrl\":\"https:\\\/\\\/www.fcbarcelonanoticias.com\\\/en\\\/wp-content\\\/uploads\\\/sites\\\/2\\\/2024\\\/07\\\/inigo-martinez-fc-barcelona.jpeg\",\"width\":1300,\"height\":732},{\"@type\":\"BreadcrumbList\",\"@id\":\"https:\\\/\\\/www.fcbarcelonanoticias.com\\\/en\\\/transfers\\\/fc-barcelona-could-lose-free-inigo-martinez-dias_305409_102.html#breadcrumb\",\"itemListElement\":[{\"@type\":\"ListItem\",\"position\":1,\"name\":\"Portada\",\"item\":\"https:\\\/\\\/www.fcbarcelonanoticias.com\\\/en\\\/\"},{\"@type\":\"ListItem\",\"position\":2,\"name\":\"FC Barcelona could lose I\u00f1igo Mart\u00ednez for free in a few days\"}]},{\"@type\":\"WebSite\",\"@id\":\"https:\\\/\\\/www.fcbarcelonanoticias.com\\\/en\\\/#website\",\"url\":\"https:\\\/\\\/www.fcbarcelonanoticias.com\\\/en\\\/\",\"name\":\"EN - FC Barcelona Noticias\",\"description\":\"\",\"potentialAction\":[{\"@type\":\"SearchAction\",\"target\":{\"@type\":\"EntryPoint\",\"urlTemplate\":\"https:\\\/\\\/www.fcbarcelonanoticias.com\\\/en\\\/?s={search_term_string}\"},\"query-input\":{\"@type\":\"PropertyValueSpecification\",\"valueRequired\":true,\"valueName\":\"search_term_string\"}}],\"inLanguage\":\"en-US\"},{\"@type\":\"Person\",\"@id\":\"https:\\\/\\\/www.fcbarcelonanoticias.com\\\/en\\\/#\\\/schema\\\/person\\\/c2cd9f6fa1af5c0d0eccd0fefa575c88\",\"name\":\"Andr\u00e9s Quiroz\",\"image\":{\"@type\":\"ImageObject\",\"inLanguage\":\"en-US\",\"@id\":\"https:\\\/\\\/secure.gravatar.com\\\/avatar\\\/?s=96&d=mm&r=g\",\"url\":\"https:\\\/\\\/secure.gravatar.com\\\/avatar\\\/?s=96&d=mm&r=g\",\"contentUrl\":\"https:\\\/\\\/secure.gravatar.com\\\/avatar\\\/?s=96&d=mm&r=g\",\"caption\":\"Andr\u00e9s Quiroz\"},\"description\":\"Licenciado en Periodismo por la Universidad de los Andes. Me encargo de analizar y compartir los contenidos m\u00e1s destacados de la\u00a0actualidad del F\u00fatbol Club Barcelona, Mercado de Fichajes y F\u00fatbol Internacional en FCBN. La informaci\u00f3n es poder, pero tambi\u00e9n conocimiento.\",\"url\":\"https:\\\/\\\/www.fcbarcelonanoticias.com\\\/en\\\/fc-barcelona\\\/andres-quiroz_17_115.html\"}]}<\/script>\n<!-- \/ Yoast SEO plugin. -->","yoast_head_json":{"title":"FC Barcelona could lose I\u00f1igo Mart\u00ednez for free in a few days","description":"I\u00f1igo Mart\u00ednez's future with FC Barcelona remains up in the air after the start of the Blaugrana preseason. The Basque central defender has a contract until 2025, but since he is not registered he can activate an immediate exit clause this week","robots":{"index":"index","follow":"follow","max-snippet":"max-snippet:-1","max-image-preview":"max-image-preview:large","max-video-preview":"max-video-preview:-1"},"canonical":"https:\/\/www.fcbarcelonanoticias.com\/en\/transfers\/fc-barcelona-could-lose-free-inigo-martinez-dias_305409_102.html","og_locale":"en_US","og_type":"article","og_title":"FC Barcelona could lose I\u00f1igo Mart\u00ednez for free in a few days","og_description":"I\u00f1igo Mart\u00ednez's future with FC Barcelona remains up in the air after the start of the Blaugrana preseason. The Basque central defender has a contract until 2025, but since he is not registered he can activate an immediate exit clause this week","og_url":"https:\/\/www.fcbarcelonanoticias.com\/en\/transfers\/fc-barcelona-could-lose-free-inigo-martinez-dias_305409_102.html","og_site_name":"EN - FC Barcelona Noticias","article_published_time":"2024-07-13T16:42:00+00:00","og_image":[{"width":1300,"height":732,"url":"https:\/\/www.fcbarcelonanoticias.com\/en\/wp-content\/uploads\/sites\/2\/2024\/07\/inigo-martinez-fc-barcelona.jpeg","type":"image\/jpeg"}],"author":"Andr\u00e9s Quiroz","twitter_card":"summary_large_image","twitter_misc":{"Written by":"Andr\u00e9s Quiroz","Est. reading time":"2 minutes"},"schema":{"@context":"https:\/\/schema.org","@graph":[{"@type":"Article","@id":"https:\/\/www.fcbarcelonanoticias.com\/en\/transfers\/fc-barcelona-could-lose-free-inigo-martinez-dias_305409_102.html#article","isPartOf":{"@id":"https:\/\/www.fcbarcelonanoticias.com\/en\/transfers\/fc-barcelona-could-lose-free-inigo-martinez-dias_305409_102.html"},"author":{"name":"Andr\u00e9s Quiroz","@id":"https:\/\/www.fcbarcelonanoticias.com\/en\/#\/schema\/person\/c2cd9f6fa1af5c0d0eccd0fefa575c88"},"headline":"FC Barcelona could lose I\u00f1igo Mart\u00ednez for free in a few days","datePublished":"2024-07-13T16:42:00+00:00","mainEntityOfPage":{"@id":"https:\/\/www.fcbarcelonanoticias.com\/en\/transfers\/fc-barcelona-could-lose-free-inigo-martinez-dias_305409_102.html"},"wordCount":412,"image":{"@id":"https:\/\/www.fcbarcelonanoticias.com\/en\/transfers\/fc-barcelona-could-lose-free-inigo-martinez-dias_305409_102.html#primaryimage"},"thumbnailUrl":"https:\/\/www.fcbarcelonanoticias.com\/en\/wp-content\/uploads\/sites\/2\/2024\/07\/inigo-martinez-fc-barcelona.jpeg","articleSection":["Transfers","Transfers"],"inLanguage":"en-US"},{"@type":"WebPage","@id":"https:\/\/www.fcbarcelonanoticias.com\/en\/transfers\/fc-barcelona-could-lose-free-inigo-martinez-dias_305409_102.html","url":"https:\/\/www.fcbarcelonanoticias.com\/en\/transfers\/fc-barcelona-could-lose-free-inigo-martinez-dias_305409_102.html","name":"FC Barcelona could lose I\u00f1igo Mart\u00ednez for free in a few days","isPartOf":{"@id":"https:\/\/www.fcbarcelonanoticias.com\/en\/#website"},"primaryImageOfPage":{"@id":"https:\/\/www.fcbarcelonanoticias.com\/en\/transfers\/fc-barcelona-could-lose-free-inigo-martinez-dias_305409_102.html#primaryimage"},"image":{"@id":"https:\/\/www.fcbarcelonanoticias.com\/en\/transfers\/fc-barcelona-could-lose-free-inigo-martinez-dias_305409_102.html#primaryimage"},"thumbnailUrl":"https:\/\/www.fcbarcelonanoticias.com\/en\/wp-content\/uploads\/sites\/2\/2024\/07\/inigo-martinez-fc-barcelona.jpeg","datePublished":"2024-07-13T16:42:00+00:00","author":{"@id":"https:\/\/www.fcbarcelonanoticias.com\/en\/#\/schema\/person\/c2cd9f6fa1af5c0d0eccd0fefa575c88"},"description":"I\u00f1igo Mart\u00ednez's future with FC Barcelona remains up in the air after the start of the Blaugrana preseason. The Basque central defender has a contract until 2025, but since he is not registered he can activate an immediate exit clause this week","breadcrumb":{"@id":"https:\/\/www.fcbarcelonanoticias.com\/en\/transfers\/fc-barcelona-could-lose-free-inigo-martinez-dias_305409_102.html#breadcrumb"},"inLanguage":"en-US","potentialAction":[{"@type":"ReadAction","target":["https:\/\/www.fcbarcelonanoticias.com\/en\/transfers\/fc-barcelona-could-lose-free-inigo-martinez-dias_305409_102.html"]}]},{"@type":"ImageObject","inLanguage":"en-US","@id":"https:\/\/www.fcbarcelonanoticias.com\/en\/transfers\/fc-barcelona-could-lose-free-inigo-martinez-dias_305409_102.html#primaryimage","url":"https:\/\/www.fcbarcelonanoticias.com\/en\/wp-content\/uploads\/sites\/2\/2024\/07\/inigo-martinez-fc-barcelona.jpeg","contentUrl":"https:\/\/www.fcbarcelonanoticias.com\/en\/wp-content\/uploads\/sites\/2\/2024\/07\/inigo-martinez-fc-barcelona.jpeg","width":1300,"height":732},{"@type":"BreadcrumbList","@id":"https:\/\/www.fcbarcelonanoticias.com\/en\/transfers\/fc-barcelona-could-lose-free-inigo-martinez-dias_305409_102.html#breadcrumb","itemListElement":[{"@type":"ListItem","position":1,"name":"Portada","item":"https:\/\/www.fcbarcelonanoticias.com\/en\/"},{"@type":"ListItem","position":2,"name":"FC Barcelona could lose I\u00f1igo Mart\u00ednez for free in a few days"}]},{"@type":"WebSite","@id":"https:\/\/www.fcbarcelonanoticias.com\/en\/#website","url":"https:\/\/www.fcbarcelonanoticias.com\/en\/","name":"EN - FC Barcelona Noticias","description":"","potentialAction":[{"@type":"SearchAction","target":{"@type":"EntryPoint","urlTemplate":"https:\/\/www.fcbarcelonanoticias.com\/en\/?s={search_term_string}"},"query-input":{"@type":"PropertyValueSpecification","valueRequired":true,"valueName":"search_term_string"}}],"inLanguage":"en-US"},{"@type":"Person","@id":"https:\/\/www.fcbarcelonanoticias.com\/en\/#\/schema\/person\/c2cd9f6fa1af5c0d0eccd0fefa575c88","name":"Andr\u00e9s Quiroz","image":{"@type":"ImageObject","inLanguage":"en-US","@id":"https:\/\/secure.gravatar.com\/avatar\/?s=96&d=mm&r=g","url":"https:\/\/secure.gravatar.com\/avatar\/?s=96&d=mm&r=g","contentUrl":"https:\/\/secure.gravatar.com\/avatar\/?s=96&d=mm&r=g","caption":"Andr\u00e9s Quiroz"},"description":"Licenciado en Periodismo por la Universidad de los Andes. Me encargo de analizar y compartir los contenidos m\u00e1s destacados de la\u00a0actualidad del F\u00fatbol Club Barcelona, Mercado de Fichajes y F\u00fatbol Internacional en FCBN. La informaci\u00f3n es poder, pero tambi\u00e9n conocimiento.","url":"https:\/\/www.fcbarcelonanoticias.com\/en\/fc-barcelona\/andres-quiroz_17_115.html"}]}},"_links":{"self":[{"href":"https:\/\/www.fcbarcelonanoticias.com\/en\/wp-json\/wp\/v2\/posts\/93854","targetHints":{"allow":["GET"]}}],"collection":[{"href":"https:\/\/www.fcbarcelonanoticias.com\/en\/wp-json\/wp\/v2\/posts"}],"about":[{"href":"https:\/\/www.fcbarcelonanoticias.com\/en\/wp-json\/wp\/v2\/types\/post"}],"author":[{"embeddable":true,"href":"https:\/\/www.fcbarcelonanoticias.com\/en\/wp-json\/wp\/v2\/users\/347"}],"replies":[{"embeddable":true,"href":"https:\/\/www.fcbarcelonanoticias.com\/en\/wp-json\/wp\/v2\/comments?post=93854"}],"version-history":[{"count":1,"href":"https:\/\/www.fcbarcelonanoticias.com\/en\/wp-json\/wp\/v2\/posts\/93854\/revisions"}],"predecessor-version":[{"id":126588,"href":"https:\/\/www.fcbarcelonanoticias.com\/en\/wp-json\/wp\/v2\/posts\/93854\/revisions\/126588"}],"wp:featuredmedia":[{"embeddable":true,"href":"https:\/\/www.fcbarcelonanoticias.com\/en\/wp-json\/wp\/v2\/media\/93859"}],"wp:attachment":[{"href":"https:\/\/www.fcbarcelonanoticias.com\/en\/wp-json\/wp\/v2\/media?parent=93854"}],"wp:term":[{"taxonomy":"category","embeddable":true,"href":"https:\/\/www.fcbarcelonanoticias.com\/en\/wp-json\/wp\/v2\/categories?post=93854"},{"taxonomy":"post_tag","embeddable":true,"href":"https:\/\/www.fcbarcelonanoticias.com\/en\/wp-json\/wp\/v2\/tags?post=93854"}],"curies":[{"name":"wp","href":"https:\/\/api.w.org\/{rel}","templated":true}]}}