{"id":93907,"date":"2025-09-17T02:16:00","date_gmt":"2025-09-17T00:16:00","guid":{"rendered":"https:\/\/weisetech.dev\/fc-barcelona-noticias\/en\/christensen-clears-up-doubts-about-his-future-with-barcelona_314716_102\/"},"modified":"2026-03-27T11:34:42","modified_gmt":"2026-03-27T10:34:42","slug":"christensen-clears-up-doubts-about-his-future-with-barcelona_314716_102","status":"publish","type":"post","link":"https:\/\/www.fcbarcelonanoticias.com\/en\/transfers\/christensen-clears-up-doubts-about-his-future-with-barcelona_314716_102.html","title":{"rendered":"Andreas Christensen clears up doubts about his future in Barcelona"},"content":{"rendered":"<h2 class=\"wp-block-heading\">Bar\u00e7a will resume the renewal of Andreas Christensen in the coming weeks. The Dane has no intention of leaving in January and is only thinking about playing under the orders of Hansi Flick<\/h2>  \r\n<div class=\"article-addons\">\r\n    <a href=\"https:\/\/www.fcbarcelonanoticias.com\/en\/calendar-fc-barcelona.html\"\r\n       target=\"_self\"\r\n       title=\"Calendar of FC Barcelona\"\r\n       class=\"blue-gredient-btn\">\r\n       \r\n        Calendar of FC Barcelona    <\/a>\r\n<\/div>   <p><strong>Andreas Christensen<\/strong> has no doubts about his continuity at <strong>FC Barcelona<\/strong>. Although his contract ends at the end of 2025\/26, the Dane is willing to resume negotiations for a contract extension shortly. The club, likewise, values his disposition and professionalism, as well as the confidence that <strong>Hansi Flick<\/strong> has placed in him.<\/p>  <p>After almost a year injured, <strong>the &#8217;15&#8217; rejected several offers to leave in the summer<\/strong>. His name also sounds like a <a data-external=\"0\" data-intl-links-en=\"https:\/\/www.fcbarcelonanoticias.com\/en\/transfers\/christensen-could-leave-barcelona-in-january-flick-will-decide_314280_102.html\" data-intl-links-es=\"https:\/\/www.fcbarcelonanoticias.com\/fichajes\/andreas-christensen-podria-dejar-barcelona-enero-no-sin-antes-renovar_314280_102.html\" href=\"https:\/\/www.fcbarcelonanoticias.com\/en\/transfers\/christensen-could-leave-barcelona-in-january-flick-will-decide_314280_102.html\" rel=\"follow\" target=\"_self\" title=\"Andreas Christensen podr\u00eda dejar el Bar\u00e7a en enero, no sin antes renovar\">possible discard for the next winter market<\/a>, but the 29-year-old defender does not want to leave Barcelona. First, because he feels very comfortable in the city and, in addition, he is confident that he can earn a place in Flick&#8217;s lineup.<\/p>  <p>For this, of course, he must stay away from the infirmary. Christensen did the entire preseason with the team (played 147 in the four summer friendlies) and, in addition, <a data-external=\"0\" data-intl-links-en=\"https:\/\/www.fcbarcelonanoticias.com\/en\/laliga\/christensen-starting-in-rayo-barca-with-hidden-message_314533_102.html\" data-intl-links-es=\"https:\/\/www.fcbarcelonanoticias.com\/laliga\/andreas-christensen-titularidad-rayo-barca-mensaje-oculto_314533_102.html\" href=\"https:\/\/www.fcbarcelonanoticias.com\/en\/laliga\/christensen-starting-in-rayo-barca-with-hidden-message_314533_102.html\" rel=\"follow\" target=\"_self\" title=\"Andreas Christensen: titularidad en el Rayo-Bar\u00e7a con mensaje oculto\">he was a starter against Rayo<\/a> on matchday 3 of LaLiga. Before that, he had played a quarter of an hour against Levante.<\/p>  <h2>Christensen is confident of having more opportunities<\/h2>  <p>Although he stayed on the bench against Valencia (he had just played two games with his national team during the break), <strong>Andreas knows that the calendar will give him new opportunities soon<\/strong>. The next one could come on Thursday at St. James Park, a match where Flick still does not have his central defensive partnership entirely clear.<\/p>  <p>In principle, <a data-external=\"0\" data-intl-links-en=\"https:\/\/www.fcbarcelonanoticias.com\/en\/champions-league\/hansi-flick-maintains-two-doubts-in-his-newcastle-barcelona-xi_314710_102.html\" data-intl-links-es=\"https:\/\/www.fcbarcelonanoticias.com\/champions-league\/hansi-flick-mantiene-dos-dudas-alineacion-newcastle-barcelona_314710_102.html\" href=\"https:\/\/www.fcbarcelonanoticias.com\/en\/champions-league\/hansi-flick-maintains-two-doubts-in-his-newcastle-barcelona-xi_314710_102.html\" rel=\"follow\" target=\"_self\" title=\"Hansi Flick mantiene dos dudas en la alineaci\u00f3n del Newcastle-Bar\u00e7a\">Eric Garc\u00eda and Pau Cubars\u00ed should remain in the XI<\/a>, but the return of <strong>Ronald Araujo<\/strong> is also feasible. Christensen, in that sense, knows that he is still the fourth option as far as central defenders are concerned, but he can also lend a hand as a pivot if the coach requires it.<\/p>  <p>His experience with <strong>Chelsea<\/strong>, playing as a libero in a line of three, allows him to play without problems on the right or left. In addition, the departure of <strong>I\u00f1igo Mart\u00ednez<\/strong> definitively ruled out the rumors about his departure.<\/p>  <p>Now, the most logical thing would be to <strong>renew him until 2027<\/strong>, understanding that he is an experienced player (he will turn 30 in April) and with a worrying history of injuries.<\/p>  <h2>Bar\u00e7a finalizes the details of Christensen&#8217;s new contract<\/h2>  <div class=\"media media-image\" data-ck-asset-wrapper=\"\"> <div class=\"media-item\"> <img loading=\"lazy\" decoding=\"async\" alt=\"Andreas Christensen podr\u00eda dejar el Bar\u00e7a en enero, no sin antes renovar\" data-id=\"1515311\" data-resize=\"9\" height=\"563\" src=\"https:\/\/www.fcbarcelonanoticias.com\/wp-content\/uploads\/sites\/2\/2025\/09\/fcbn-8468d72c4098e9c1504bbd0367dda966.jpeg\" title=\"Andreas Christensen podr\u00eda dejar el Bar\u00e7a en enero, no sin antes renovar\" width=\"1000\"><div class=\"media-title\">Andreas Christensen training at the Ciutat Esportiva<\/div> <\/div> <\/div>  <p>Christensen maintains <strong>his termination clause at 500 million euros and his salary is around 9 million gross<\/strong> per season. Barcelona would be happy to obtain, at least, 15 &#8216;kilos&#8217; for his transfer, since the Dane arrived on a free transfer in 2022 from Chelsea.<\/p>  <p>However, the Lillerod native, for now, has no intention of leaving, but he does want to meet with the board to agree on a satisfactory renewal for both parties. <strong>A salary readjustment and the possibility of listening to offers in the summer of 2026<\/strong> are some of the aspects that the Bar\u00e7a board must resolve with the defender&#8217;s new representatives (the KIN Partners agency).<\/p>  <p><strong>Andreas changed agents this year<\/strong>, ending his relationship with Ilhan G\u00fcndogan. An aspect that, for now, does not condition his intention to renew with Bar\u00e7a. As long as Flick counts on him, there will be no compelling reason to consider a departure.<\/p> ","protected":false},"excerpt":{"rendered":"<p>Bar\u00e7a will resume the renewal of Andreas Christensen in the coming weeks. The Dane has no intention of leaving in January and is only thinking about playing under the orders of Hansi Flick Andreas Christensen has no doubts about his continuity at FC Barcelona. Although his contract ends at the end of 2025\/26, the Dane [&hellip;]<\/p>\n","protected":false},"author":347,"featured_media":93914,"comment_status":"closed","ping_status":"open","sticky":false,"template":"","format":"standard","meta":{"_acf_changed":false,"inline_featured_image":false,"_nextfly_llmd_date_locked":false,"footnotes":""},"categories":[449,106],"tags":[249,261],"class_list":["post-93907","post","type-post","status-publish","format-standard","has-post-thumbnail","hentry","category-transfers-2","category-transfers","tag-andreas-christensen","tag-football-transfer-rumors"],"acf":[],"yoast_head":"<!-- This site is optimized with the Yoast SEO plugin v27.3 - https:\/\/yoast.com\/product\/yoast-seo-wordpress\/ -->\n<title>Christensen clears up doubts about his future with Bar\u00e7a<\/title>\n<meta name=\"description\" content=\"Bar\u00e7a will resume the renewal of Andreas Christensen in the coming weeks. Discover the details of the negotiation with the Dane\" \/>\n<meta name=\"robots\" content=\"index, follow, max-snippet:-1, max-image-preview:large, max-video-preview:-1\" \/>\n<link rel=\"canonical\" href=\"https:\/\/www.fcbarcelonanoticias.com\/en\/transfers\/christensen-clears-up-doubts-about-his-future-with-barcelona_314716_102.html\" \/>\n<meta property=\"og:locale\" content=\"en_US\" \/>\n<meta property=\"og:type\" content=\"article\" \/>\n<meta property=\"og:title\" content=\"Christensen clears up doubts about his future with Bar\u00e7a\" \/>\n<meta property=\"og:description\" content=\"Bar\u00e7a will resume the renewal of Andreas Christensen in the coming weeks. Discover the details of the negotiation with the Dane\" \/>\n<meta property=\"og:url\" content=\"https:\/\/www.fcbarcelonanoticias.com\/en\/transfers\/christensen-clears-up-doubts-about-his-future-with-barcelona_314716_102.html\" \/>\n<meta property=\"og:site_name\" content=\"EN - FC Barcelona Noticias\" \/>\n<meta property=\"article:published_time\" content=\"2025-09-17T00:16:00+00:00\" \/>\n<meta property=\"article:modified_time\" content=\"2026-03-27T10:34:42+00:00\" \/>\n<meta property=\"og:image\" content=\"https:\/\/www.fcbarcelonanoticias.com\/en\/wp-content\/uploads\/sites\/2\/2025\/09\/andreas-christensen-fc-barcelona-2025-26.webp\" \/>\n\t<meta property=\"og:image:width\" content=\"1200\" \/>\n\t<meta property=\"og:image:height\" content=\"675\" \/>\n\t<meta property=\"og:image:type\" content=\"image\/webp\" \/>\n<meta name=\"author\" content=\"Andr\u00e9s Quiroz\" \/>\n<meta name=\"twitter:card\" content=\"summary_large_image\" \/>\n<meta name=\"twitter:label1\" content=\"Written by\" \/>\n\t<meta name=\"twitter:data1\" content=\"Andr\u00e9s Quiroz\" \/>\n\t<meta name=\"twitter:label2\" content=\"Est. reading time\" \/>\n\t<meta name=\"twitter:data2\" content=\"3 minutes\" \/>\n<script type=\"application\/ld+json\" class=\"yoast-schema-graph\">{\"@context\":\"https:\\\/\\\/schema.org\",\"@graph\":[{\"@type\":\"Article\",\"@id\":\"https:\\\/\\\/www.fcbarcelonanoticias.com\\\/en\\\/transfers\\\/christensen-clears-up-doubts-about-his-future-with-barcelona_314716_102.html#article\",\"isPartOf\":{\"@id\":\"https:\\\/\\\/www.fcbarcelonanoticias.com\\\/en\\\/transfers\\\/christensen-clears-up-doubts-about-his-future-with-barcelona_314716_102.html\"},\"author\":{\"name\":\"Andr\u00e9s Quiroz\",\"@id\":\"https:\\\/\\\/www.fcbarcelonanoticias.com\\\/en\\\/#\\\/schema\\\/person\\\/c2cd9f6fa1af5c0d0eccd0fefa575c88\"},\"headline\":\"Andreas Christensen clears up doubts about his future in Barcelona\",\"datePublished\":\"2025-09-17T00:16:00+00:00\",\"dateModified\":\"2026-03-27T10:34:42+00:00\",\"mainEntityOfPage\":{\"@id\":\"https:\\\/\\\/www.fcbarcelonanoticias.com\\\/en\\\/transfers\\\/christensen-clears-up-doubts-about-his-future-with-barcelona_314716_102.html\"},\"wordCount\":564,\"image\":{\"@id\":\"https:\\\/\\\/www.fcbarcelonanoticias.com\\\/en\\\/transfers\\\/christensen-clears-up-doubts-about-his-future-with-barcelona_314716_102.html#primaryimage\"},\"thumbnailUrl\":\"https:\\\/\\\/www.fcbarcelonanoticias.com\\\/en\\\/wp-content\\\/uploads\\\/sites\\\/2\\\/2025\\\/09\\\/andreas-christensen-fc-barcelona-2025-26.webp\",\"keywords\":[\"Christensen\",\"Transfer Rumors\"],\"articleSection\":[\"Transfers\",\"Transfers\"],\"inLanguage\":\"en-US\"},{\"@type\":\"WebPage\",\"@id\":\"https:\\\/\\\/www.fcbarcelonanoticias.com\\\/en\\\/transfers\\\/christensen-clears-up-doubts-about-his-future-with-barcelona_314716_102.html\",\"url\":\"https:\\\/\\\/www.fcbarcelonanoticias.com\\\/en\\\/transfers\\\/christensen-clears-up-doubts-about-his-future-with-barcelona_314716_102.html\",\"name\":\"Christensen clears up doubts about his future with Bar\u00e7a\",\"isPartOf\":{\"@id\":\"https:\\\/\\\/www.fcbarcelonanoticias.com\\\/en\\\/#website\"},\"primaryImageOfPage\":{\"@id\":\"https:\\\/\\\/www.fcbarcelonanoticias.com\\\/en\\\/transfers\\\/christensen-clears-up-doubts-about-his-future-with-barcelona_314716_102.html#primaryimage\"},\"image\":{\"@id\":\"https:\\\/\\\/www.fcbarcelonanoticias.com\\\/en\\\/transfers\\\/christensen-clears-up-doubts-about-his-future-with-barcelona_314716_102.html#primaryimage\"},\"thumbnailUrl\":\"https:\\\/\\\/www.fcbarcelonanoticias.com\\\/en\\\/wp-content\\\/uploads\\\/sites\\\/2\\\/2025\\\/09\\\/andreas-christensen-fc-barcelona-2025-26.webp\",\"datePublished\":\"2025-09-17T00:16:00+00:00\",\"dateModified\":\"2026-03-27T10:34:42+00:00\",\"author\":{\"@id\":\"https:\\\/\\\/www.fcbarcelonanoticias.com\\\/en\\\/#\\\/schema\\\/person\\\/c2cd9f6fa1af5c0d0eccd0fefa575c88\"},\"description\":\"Bar\u00e7a will resume the renewal of Andreas Christensen in the coming weeks. Discover the details of the negotiation with the Dane\",\"breadcrumb\":{\"@id\":\"https:\\\/\\\/www.fcbarcelonanoticias.com\\\/en\\\/transfers\\\/christensen-clears-up-doubts-about-his-future-with-barcelona_314716_102.html#breadcrumb\"},\"inLanguage\":\"en-US\",\"potentialAction\":[{\"@type\":\"ReadAction\",\"target\":[\"https:\\\/\\\/www.fcbarcelonanoticias.com\\\/en\\\/transfers\\\/christensen-clears-up-doubts-about-his-future-with-barcelona_314716_102.html\"]}]},{\"@type\":\"ImageObject\",\"inLanguage\":\"en-US\",\"@id\":\"https:\\\/\\\/www.fcbarcelonanoticias.com\\\/en\\\/transfers\\\/christensen-clears-up-doubts-about-his-future-with-barcelona_314716_102.html#primaryimage\",\"url\":\"https:\\\/\\\/www.fcbarcelonanoticias.com\\\/en\\\/wp-content\\\/uploads\\\/sites\\\/2\\\/2025\\\/09\\\/andreas-christensen-fc-barcelona-2025-26.webp\",\"contentUrl\":\"https:\\\/\\\/www.fcbarcelonanoticias.com\\\/en\\\/wp-content\\\/uploads\\\/sites\\\/2\\\/2025\\\/09\\\/andreas-christensen-fc-barcelona-2025-26.webp\",\"width\":1200,\"height\":675},{\"@type\":\"BreadcrumbList\",\"@id\":\"https:\\\/\\\/www.fcbarcelonanoticias.com\\\/en\\\/transfers\\\/christensen-clears-up-doubts-about-his-future-with-barcelona_314716_102.html#breadcrumb\",\"itemListElement\":[{\"@type\":\"ListItem\",\"position\":1,\"name\":\"Portada\",\"item\":\"https:\\\/\\\/www.fcbarcelonanoticias.com\\\/en\\\/\"},{\"@type\":\"ListItem\",\"position\":2,\"name\":\"Andreas Christensen clears up doubts about his future in Barcelona\"}]},{\"@type\":\"WebSite\",\"@id\":\"https:\\\/\\\/www.fcbarcelonanoticias.com\\\/en\\\/#website\",\"url\":\"https:\\\/\\\/www.fcbarcelonanoticias.com\\\/en\\\/\",\"name\":\"EN - FC Barcelona Noticias\",\"description\":\"\",\"potentialAction\":[{\"@type\":\"SearchAction\",\"target\":{\"@type\":\"EntryPoint\",\"urlTemplate\":\"https:\\\/\\\/www.fcbarcelonanoticias.com\\\/en\\\/?s={search_term_string}\"},\"query-input\":{\"@type\":\"PropertyValueSpecification\",\"valueRequired\":true,\"valueName\":\"search_term_string\"}}],\"inLanguage\":\"en-US\"},{\"@type\":\"Person\",\"@id\":\"https:\\\/\\\/www.fcbarcelonanoticias.com\\\/en\\\/#\\\/schema\\\/person\\\/c2cd9f6fa1af5c0d0eccd0fefa575c88\",\"name\":\"Andr\u00e9s Quiroz\",\"image\":{\"@type\":\"ImageObject\",\"inLanguage\":\"en-US\",\"@id\":\"https:\\\/\\\/secure.gravatar.com\\\/avatar\\\/?s=96&d=mm&r=g\",\"url\":\"https:\\\/\\\/secure.gravatar.com\\\/avatar\\\/?s=96&d=mm&r=g\",\"contentUrl\":\"https:\\\/\\\/secure.gravatar.com\\\/avatar\\\/?s=96&d=mm&r=g\",\"caption\":\"Andr\u00e9s Quiroz\"},\"description\":\"Licenciado en Periodismo por la Universidad de los Andes. Me encargo de analizar y compartir los contenidos m\u00e1s destacados de la\u00a0actualidad del F\u00fatbol Club Barcelona, Mercado de Fichajes y F\u00fatbol Internacional en FCBN. La informaci\u00f3n es poder, pero tambi\u00e9n conocimiento.\",\"url\":\"https:\\\/\\\/www.fcbarcelonanoticias.com\\\/en\\\/fc-barcelona\\\/andres-quiroz_17_115.html\"}]}<\/script>\n<!-- \/ Yoast SEO plugin. -->","yoast_head_json":{"title":"Christensen clears up doubts about his future with Bar\u00e7a","description":"Bar\u00e7a will resume the renewal of Andreas Christensen in the coming weeks. Discover the details of the negotiation with the Dane","robots":{"index":"index","follow":"follow","max-snippet":"max-snippet:-1","max-image-preview":"max-image-preview:large","max-video-preview":"max-video-preview:-1"},"canonical":"https:\/\/www.fcbarcelonanoticias.com\/en\/transfers\/christensen-clears-up-doubts-about-his-future-with-barcelona_314716_102.html","og_locale":"en_US","og_type":"article","og_title":"Christensen clears up doubts about his future with Bar\u00e7a","og_description":"Bar\u00e7a will resume the renewal of Andreas Christensen in the coming weeks. Discover the details of the negotiation with the Dane","og_url":"https:\/\/www.fcbarcelonanoticias.com\/en\/transfers\/christensen-clears-up-doubts-about-his-future-with-barcelona_314716_102.html","og_site_name":"EN - FC Barcelona Noticias","article_published_time":"2025-09-17T00:16:00+00:00","article_modified_time":"2026-03-27T10:34:42+00:00","og_image":[{"width":1200,"height":675,"url":"https:\/\/www.fcbarcelonanoticias.com\/en\/wp-content\/uploads\/sites\/2\/2025\/09\/andreas-christensen-fc-barcelona-2025-26.webp","type":"image\/webp"}],"author":"Andr\u00e9s Quiroz","twitter_card":"summary_large_image","twitter_misc":{"Written by":"Andr\u00e9s Quiroz","Est. reading time":"3 minutes"},"schema":{"@context":"https:\/\/schema.org","@graph":[{"@type":"Article","@id":"https:\/\/www.fcbarcelonanoticias.com\/en\/transfers\/christensen-clears-up-doubts-about-his-future-with-barcelona_314716_102.html#article","isPartOf":{"@id":"https:\/\/www.fcbarcelonanoticias.com\/en\/transfers\/christensen-clears-up-doubts-about-his-future-with-barcelona_314716_102.html"},"author":{"name":"Andr\u00e9s Quiroz","@id":"https:\/\/www.fcbarcelonanoticias.com\/en\/#\/schema\/person\/c2cd9f6fa1af5c0d0eccd0fefa575c88"},"headline":"Andreas Christensen clears up doubts about his future in Barcelona","datePublished":"2025-09-17T00:16:00+00:00","dateModified":"2026-03-27T10:34:42+00:00","mainEntityOfPage":{"@id":"https:\/\/www.fcbarcelonanoticias.com\/en\/transfers\/christensen-clears-up-doubts-about-his-future-with-barcelona_314716_102.html"},"wordCount":564,"image":{"@id":"https:\/\/www.fcbarcelonanoticias.com\/en\/transfers\/christensen-clears-up-doubts-about-his-future-with-barcelona_314716_102.html#primaryimage"},"thumbnailUrl":"https:\/\/www.fcbarcelonanoticias.com\/en\/wp-content\/uploads\/sites\/2\/2025\/09\/andreas-christensen-fc-barcelona-2025-26.webp","keywords":["Christensen","Transfer Rumors"],"articleSection":["Transfers","Transfers"],"inLanguage":"en-US"},{"@type":"WebPage","@id":"https:\/\/www.fcbarcelonanoticias.com\/en\/transfers\/christensen-clears-up-doubts-about-his-future-with-barcelona_314716_102.html","url":"https:\/\/www.fcbarcelonanoticias.com\/en\/transfers\/christensen-clears-up-doubts-about-his-future-with-barcelona_314716_102.html","name":"Christensen clears up doubts about his future with Bar\u00e7a","isPartOf":{"@id":"https:\/\/www.fcbarcelonanoticias.com\/en\/#website"},"primaryImageOfPage":{"@id":"https:\/\/www.fcbarcelonanoticias.com\/en\/transfers\/christensen-clears-up-doubts-about-his-future-with-barcelona_314716_102.html#primaryimage"},"image":{"@id":"https:\/\/www.fcbarcelonanoticias.com\/en\/transfers\/christensen-clears-up-doubts-about-his-future-with-barcelona_314716_102.html#primaryimage"},"thumbnailUrl":"https:\/\/www.fcbarcelonanoticias.com\/en\/wp-content\/uploads\/sites\/2\/2025\/09\/andreas-christensen-fc-barcelona-2025-26.webp","datePublished":"2025-09-17T00:16:00+00:00","dateModified":"2026-03-27T10:34:42+00:00","author":{"@id":"https:\/\/www.fcbarcelonanoticias.com\/en\/#\/schema\/person\/c2cd9f6fa1af5c0d0eccd0fefa575c88"},"description":"Bar\u00e7a will resume the renewal of Andreas Christensen in the coming weeks. Discover the details of the negotiation with the Dane","breadcrumb":{"@id":"https:\/\/www.fcbarcelonanoticias.com\/en\/transfers\/christensen-clears-up-doubts-about-his-future-with-barcelona_314716_102.html#breadcrumb"},"inLanguage":"en-US","potentialAction":[{"@type":"ReadAction","target":["https:\/\/www.fcbarcelonanoticias.com\/en\/transfers\/christensen-clears-up-doubts-about-his-future-with-barcelona_314716_102.html"]}]},{"@type":"ImageObject","inLanguage":"en-US","@id":"https:\/\/www.fcbarcelonanoticias.com\/en\/transfers\/christensen-clears-up-doubts-about-his-future-with-barcelona_314716_102.html#primaryimage","url":"https:\/\/www.fcbarcelonanoticias.com\/en\/wp-content\/uploads\/sites\/2\/2025\/09\/andreas-christensen-fc-barcelona-2025-26.webp","contentUrl":"https:\/\/www.fcbarcelonanoticias.com\/en\/wp-content\/uploads\/sites\/2\/2025\/09\/andreas-christensen-fc-barcelona-2025-26.webp","width":1200,"height":675},{"@type":"BreadcrumbList","@id":"https:\/\/www.fcbarcelonanoticias.com\/en\/transfers\/christensen-clears-up-doubts-about-his-future-with-barcelona_314716_102.html#breadcrumb","itemListElement":[{"@type":"ListItem","position":1,"name":"Portada","item":"https:\/\/www.fcbarcelonanoticias.com\/en\/"},{"@type":"ListItem","position":2,"name":"Andreas Christensen clears up doubts about his future in Barcelona"}]},{"@type":"WebSite","@id":"https:\/\/www.fcbarcelonanoticias.com\/en\/#website","url":"https:\/\/www.fcbarcelonanoticias.com\/en\/","name":"EN - FC Barcelona Noticias","description":"","potentialAction":[{"@type":"SearchAction","target":{"@type":"EntryPoint","urlTemplate":"https:\/\/www.fcbarcelonanoticias.com\/en\/?s={search_term_string}"},"query-input":{"@type":"PropertyValueSpecification","valueRequired":true,"valueName":"search_term_string"}}],"inLanguage":"en-US"},{"@type":"Person","@id":"https:\/\/www.fcbarcelonanoticias.com\/en\/#\/schema\/person\/c2cd9f6fa1af5c0d0eccd0fefa575c88","name":"Andr\u00e9s Quiroz","image":{"@type":"ImageObject","inLanguage":"en-US","@id":"https:\/\/secure.gravatar.com\/avatar\/?s=96&d=mm&r=g","url":"https:\/\/secure.gravatar.com\/avatar\/?s=96&d=mm&r=g","contentUrl":"https:\/\/secure.gravatar.com\/avatar\/?s=96&d=mm&r=g","caption":"Andr\u00e9s Quiroz"},"description":"Licenciado en Periodismo por la Universidad de los Andes. Me encargo de analizar y compartir los contenidos m\u00e1s destacados de la\u00a0actualidad del F\u00fatbol Club Barcelona, Mercado de Fichajes y F\u00fatbol Internacional en FCBN. La informaci\u00f3n es poder, pero tambi\u00e9n conocimiento.","url":"https:\/\/www.fcbarcelonanoticias.com\/en\/fc-barcelona\/andres-quiroz_17_115.html"}]}},"_links":{"self":[{"href":"https:\/\/www.fcbarcelonanoticias.com\/en\/wp-json\/wp\/v2\/posts\/93907","targetHints":{"allow":["GET"]}}],"collection":[{"href":"https:\/\/www.fcbarcelonanoticias.com\/en\/wp-json\/wp\/v2\/posts"}],"about":[{"href":"https:\/\/www.fcbarcelonanoticias.com\/en\/wp-json\/wp\/v2\/types\/post"}],"author":[{"embeddable":true,"href":"https:\/\/www.fcbarcelonanoticias.com\/en\/wp-json\/wp\/v2\/users\/347"}],"replies":[{"embeddable":true,"href":"https:\/\/www.fcbarcelonanoticias.com\/en\/wp-json\/wp\/v2\/comments?post=93907"}],"version-history":[{"count":2,"href":"https:\/\/www.fcbarcelonanoticias.com\/en\/wp-json\/wp\/v2\/posts\/93907\/revisions"}],"predecessor-version":[{"id":159648,"href":"https:\/\/www.fcbarcelonanoticias.com\/en\/wp-json\/wp\/v2\/posts\/93907\/revisions\/159648"}],"wp:featuredmedia":[{"embeddable":true,"href":"https:\/\/www.fcbarcelonanoticias.com\/en\/wp-json\/wp\/v2\/media\/93914"}],"wp:attachment":[{"href":"https:\/\/www.fcbarcelonanoticias.com\/en\/wp-json\/wp\/v2\/media?parent=93907"}],"wp:term":[{"taxonomy":"category","embeddable":true,"href":"https:\/\/www.fcbarcelonanoticias.com\/en\/wp-json\/wp\/v2\/categories?post=93907"},{"taxonomy":"post_tag","embeddable":true,"href":"https:\/\/www.fcbarcelonanoticias.com\/en\/wp-json\/wp\/v2\/tags?post=93907"}],"curies":[{"name":"wp","href":"https:\/\/api.w.org\/{rel}","templated":true}]}}