{"id":9403,"date":"2023-09-28T10:23:00","date_gmt":"2023-09-28T08:23:00","guid":{"rendered":"https:\/\/weisetech.dev\/fc-barcelona-noticias\/en\/the-fc-barcelona-imputed-by-cochecho-in-the-case-negreira_296567_102\/"},"modified":"2023-09-28T11:22:00","modified_gmt":"2023-09-28T09:22:00","slug":"the-fc-barcelona-imputed-by-cochecho-in-the-case-negreira_296567_102","status":"publish","type":"post","link":"https:\/\/www.fcbarcelonanoticias.com\/en\/club\/the-fc-barcelona-imputed-by-cochecho-in-the-case-negreira_296567_102.html","title":{"rendered":"FC Barcelona, accused of bribery in the &#8216;Negreira case&#8217;"},"content":{"rendered":"<h2 class=\"wp-block-heading\">As it has informed &#8216;The Debate&#8217;, Joaqu\u00edn Aguirre, headline of the Court of Instruction number 1 of Barcelona and judge of the &#8216;case Negreira&#8217;, has imputed to the FC Barcelona by cohecho after the payment of 7,5 million euros to the ex vice-president of the CTA<\/h2>  \r\n<div class=\"article-addons\">\r\n    <a href=\"https:\/\/www.fcbarcelonanoticias.com\/en\/fc-barcelona\/calendar-fc-barcelona.html\"\r\n       target=\"_self\"\r\n       title=\"Calendar of FC Barcelona\"\r\n       class=\"blue-gredient-btn\">\r\n       \r\n        Calendar of FC Barcelona    <\/a>\r\n<\/div>   <p><strong>It has added a new chapter to the &#8216;case Negreira&#8217;.<\/strong> This Thursday has confirmed that the Civil Guard has registered the offices of the Technical Committee of \u00c1bitros (CTA) in research of new informations, data and registers of the relation of the ex vice-president Enr\u00edquez Negreira with <a data-external=\"0\" data-intl-links-en=\"https:\/\/www.fcbarcelonanoticias.com\/en\/fc-barcelona\" data-intl-links-es=\"https:\/\/www.fcbarcelonanoticias.com\/fc-barcelona\" href=\"https:\/\/www.fcbarcelonanoticias.com\/en\/fc-barcelona\/football-soccer\/fc-barcelona.html\" rel=\"follow\" target=\"_self\" title=\"FC Barcelona\">the FC Barcelona<\/a> that derived in the payment of 7,5 million euros to the &#8216;second&#8217; of the referees in Spain.<\/p>  <p>Likewise, from &#8216;The Debate&#8217; have aimed that the headline of the Court of Instruction number 1 of Barcelona and judge of the &#8216;case Negreira&#8217;, Joaqu\u00edn Aguirre, has imputed to the Catalan institution by cohecho.<strong> In the judicial car has confirmed that the payment of the blaugrana to the exvicepresidente of the CTA constitute a crime,<\/strong> reason by which also has imputed to the ex mandators Josep Maria Bartomeu and Sandro Rosell, as well as to Jos\u00e9 Mar\u00eda Enr\u00edquez Negreira and his son Javier Enr\u00edquez Romero.<\/p>  <p>The judge has considered to Negreira like a civil servant, to penal effects, and specifies that <strong>&#8220;any civil servant can receive emolumentos by the fulfillment of the public function&#8221;.<\/strong> The decision is based by jurisprudence of the High court, that establishes that &#8220;it will consider public civil servant to all that that by immediate disposal of the Law, by election, or by nomination of competent authority participate in the exercise of public functions&#8221;.<\/p>  <h2>The decision of the magistrate Joaqu\u00edn Aguirre<\/h2>  <p>Aguirre argues the decision to consider to the members of the RFEF like civil servants because &#8220;the Federation, that controls to the referees, has to penal effects the condition of juridical entity-public and that by this reason the directors of the same, included those that form part of technical commissions, <b>have to be considered like public civil servants to penal effects<\/b>. To arrive to this conclusion, Aguirre supports in an important sentence of the Court of Justice of the European Union (TJUE) relative to a conflict that gave in the Federation of Italian Football&#8221;.<\/p>  <p>In this sense, as it establishes the judicial car to the that has had access &#8216;The Debate&#8217;, exists a criminal behaviour by the payment to Negreira, that did &#8220;in attention to the charge that exerted&#8221;, comparing that &#8220;<strong>it took advantage of of exercise of his charge of civil servant to request the d\u00e1diva or present&#8221;.<\/strong> Joaqu\u00edn Aguirre has established that &#8220;the crime is consummated when having made the payment independently that it show or no the corruption sist\u00e9mica of the Spanish arbitration owing to such payments&#8221;.<\/p>  <p>Finally, in this new &#8216;chapter&#8217; of the Case Negreira, Aguirre has remembered the letter that sent Negreira to Josep Mar\u00eda Bartomeu in 2018 in which it established that &#8220;if they did not follow him paying would reveal a series of facts that could prejudice gravely to the club&#8221;. For the magistrate,<strong> &#8220;of this gives off that Enr\u00edquez Negreira had consciousness that they had produced illicit acts in favour of the Bar\u00e7a of quite a lot of gravity&#8221;.<\/strong><\/p> ","protected":false},"excerpt":{"rendered":"<p>As it has informed &#8216;The Debate&#8217;, Joaqu\u00edn Aguirre, headline of the Court of Instruction number 1 of Barcelona and judge of the &#8216;case Negreira&#8217;, has imputed to the FC Barcelona by cohecho after the payment of 7,5 million euros to the ex vice-president of the CTA It has added a new chapter to the &#8216;case [&hellip;]<\/p>\n","protected":false},"author":353,"featured_media":0,"comment_status":"closed","ping_status":"open","sticky":false,"template":"","format":"standard","meta":{"_acf_changed":false,"inline_featured_image":false,"_nextfly_llmd_date_locked":false,"footnotes":""},"categories":[111],"tags":[270],"class_list":["post-9403","post","type-post","status-publish","format-standard","hentry","category-fc-barcelona","tag-case-negreira"],"acf":[],"yoast_head":"<!-- This site is optimized with the Yoast SEO plugin v27.3 - https:\/\/yoast.com\/product\/yoast-seo-wordpress\/ -->\n<title>The FC Barcelona, imputed by cochecho in the &#039;case Negreira&#039;<\/title>\n<meta name=\"description\" content=\"As it has informed &#039;The Debate&#039;, Joaqu\u00edn Aguirre, headline of the Court of Instruction number 1 of Barcelona and judge of the &#039;case Negreira&#039;, has imputed to the FC Barcelona by cohecho after the payment of 7,5 million euros to the ex vice-president of the CTA\" \/>\n<meta name=\"robots\" content=\"index, follow, max-snippet:-1, max-image-preview:large, max-video-preview:-1\" \/>\n<link rel=\"canonical\" href=\"https:\/\/www.fcbarcelonanoticias.com\/en\/club\/the-fc-barcelona-imputed-by-cochecho-in-the-case-negreira_296567_102.html\" \/>\n<meta property=\"og:locale\" content=\"en_US\" \/>\n<meta property=\"og:type\" content=\"article\" \/>\n<meta property=\"og:title\" content=\"The FC Barcelona, imputed by cochecho in the &#039;case Negreira&#039;\" \/>\n<meta property=\"og:description\" content=\"As it has informed &#039;The Debate&#039;, Joaqu\u00edn Aguirre, headline of the Court of Instruction number 1 of Barcelona and judge of the &#039;case Negreira&#039;, has imputed to the FC Barcelona by cohecho after the payment of 7,5 million euros to the ex vice-president of the CTA\" \/>\n<meta property=\"og:url\" content=\"https:\/\/www.fcbarcelonanoticias.com\/en\/club\/the-fc-barcelona-imputed-by-cochecho-in-the-case-negreira_296567_102.html\" \/>\n<meta property=\"og:site_name\" content=\"EN - FC Barcelona Noticias\" \/>\n<meta property=\"article:published_time\" content=\"2023-09-28T08:23:00+00:00\" \/>\n<meta property=\"article:modified_time\" content=\"2023-09-28T09:22:00+00:00\" \/>\n<meta name=\"author\" content=\"FC Barcelona Noticias\" \/>\n<meta name=\"twitter:card\" content=\"summary_large_image\" \/>\n<meta name=\"twitter:label1\" content=\"Written by\" \/>\n\t<meta name=\"twitter:data1\" content=\"FC Barcelona Noticias\" \/>\n\t<meta name=\"twitter:label2\" content=\"Est. reading time\" \/>\n\t<meta name=\"twitter:data2\" content=\"3 minutes\" \/>\n<script type=\"application\/ld+json\" class=\"yoast-schema-graph\">{\"@context\":\"https:\\\/\\\/schema.org\",\"@graph\":[{\"@type\":\"Article\",\"@id\":\"https:\\\/\\\/www.fcbarcelonanoticias.com\\\/en\\\/club\\\/the-fc-barcelona-imputed-by-cochecho-in-the-case-negreira_296567_102.html#article\",\"isPartOf\":{\"@id\":\"https:\\\/\\\/www.fcbarcelonanoticias.com\\\/en\\\/club\\\/the-fc-barcelona-imputed-by-cochecho-in-the-case-negreira_296567_102.html\"},\"author\":{\"name\":\"FC Barcelona Noticias\",\"@id\":\"https:\\\/\\\/www.fcbarcelonanoticias.com\\\/en\\\/#\\\/schema\\\/person\\\/0f2810101d27606974cdb8edb54fa54b\"},\"headline\":\"FC Barcelona, accused of bribery in the &#8216;Negreira case&#8217;\",\"datePublished\":\"2023-09-28T08:23:00+00:00\",\"dateModified\":\"2023-09-28T09:22:00+00:00\",\"mainEntityOfPage\":{\"@id\":\"https:\\\/\\\/www.fcbarcelonanoticias.com\\\/en\\\/club\\\/the-fc-barcelona-imputed-by-cochecho-in-the-case-negreira_296567_102.html\"},\"wordCount\":552,\"keywords\":[\"Case Negreira\"],\"articleSection\":[\"FC Barcelona\"],\"inLanguage\":\"en-US\"},{\"@type\":\"WebPage\",\"@id\":\"https:\\\/\\\/www.fcbarcelonanoticias.com\\\/en\\\/club\\\/the-fc-barcelona-imputed-by-cochecho-in-the-case-negreira_296567_102.html\",\"url\":\"https:\\\/\\\/www.fcbarcelonanoticias.com\\\/en\\\/club\\\/the-fc-barcelona-imputed-by-cochecho-in-the-case-negreira_296567_102.html\",\"name\":\"The FC Barcelona, imputed by cochecho in the 'case Negreira'\",\"isPartOf\":{\"@id\":\"https:\\\/\\\/www.fcbarcelonanoticias.com\\\/en\\\/#website\"},\"datePublished\":\"2023-09-28T08:23:00+00:00\",\"dateModified\":\"2023-09-28T09:22:00+00:00\",\"author\":{\"@id\":\"https:\\\/\\\/www.fcbarcelonanoticias.com\\\/en\\\/#\\\/schema\\\/person\\\/0f2810101d27606974cdb8edb54fa54b\"},\"description\":\"As it has informed 'The Debate', Joaqu\u00edn Aguirre, headline of the Court of Instruction number 1 of Barcelona and judge of the 'case Negreira', has imputed to the FC Barcelona by cohecho after the payment of 7,5 million euros to the ex vice-president of the CTA\",\"breadcrumb\":{\"@id\":\"https:\\\/\\\/www.fcbarcelonanoticias.com\\\/en\\\/club\\\/the-fc-barcelona-imputed-by-cochecho-in-the-case-negreira_296567_102.html#breadcrumb\"},\"inLanguage\":\"en-US\",\"potentialAction\":[{\"@type\":\"ReadAction\",\"target\":[\"https:\\\/\\\/www.fcbarcelonanoticias.com\\\/en\\\/club\\\/the-fc-barcelona-imputed-by-cochecho-in-the-case-negreira_296567_102.html\"]}]},{\"@type\":\"BreadcrumbList\",\"@id\":\"https:\\\/\\\/www.fcbarcelonanoticias.com\\\/en\\\/club\\\/the-fc-barcelona-imputed-by-cochecho-in-the-case-negreira_296567_102.html#breadcrumb\",\"itemListElement\":[{\"@type\":\"ListItem\",\"position\":1,\"name\":\"Portada\",\"item\":\"https:\\\/\\\/www.fcbarcelonanoticias.com\\\/en\\\/\"},{\"@type\":\"ListItem\",\"position\":2,\"name\":\"FC Barcelona, accused of bribery in the &#8216;Negreira case&#8217;\"}]},{\"@type\":\"WebSite\",\"@id\":\"https:\\\/\\\/www.fcbarcelonanoticias.com\\\/en\\\/#website\",\"url\":\"https:\\\/\\\/www.fcbarcelonanoticias.com\\\/en\\\/\",\"name\":\"EN - FC Barcelona Noticias\",\"description\":\"\",\"potentialAction\":[{\"@type\":\"SearchAction\",\"target\":{\"@type\":\"EntryPoint\",\"urlTemplate\":\"https:\\\/\\\/www.fcbarcelonanoticias.com\\\/en\\\/?s={search_term_string}\"},\"query-input\":{\"@type\":\"PropertyValueSpecification\",\"valueRequired\":true,\"valueName\":\"search_term_string\"}}],\"inLanguage\":\"en-US\"},{\"@type\":\"Person\",\"@id\":\"https:\\\/\\\/www.fcbarcelonanoticias.com\\\/en\\\/#\\\/schema\\\/person\\\/0f2810101d27606974cdb8edb54fa54b\",\"name\":\"FC Barcelona Noticias\",\"image\":{\"@type\":\"ImageObject\",\"inLanguage\":\"en-US\",\"@id\":\"https:\\\/\\\/secure.gravatar.com\\\/avatar\\\/?s=96&d=mm&r=g\",\"url\":\"https:\\\/\\\/secure.gravatar.com\\\/avatar\\\/?s=96&d=mm&r=g\",\"contentUrl\":\"https:\\\/\\\/secure.gravatar.com\\\/avatar\\\/?s=96&d=mm&r=g\",\"caption\":\"FC Barcelona Noticias\"},\"url\":\"https:\\\/\\\/www.fcbarcelonanoticias.com\\\/en\\\/fc-barcelona\\\/fcbn-writing-fc-barcelona-news_6_115.html\"}]}<\/script>\n<!-- \/ Yoast SEO plugin. -->","yoast_head_json":{"title":"The FC Barcelona, imputed by cochecho in the 'case Negreira'","description":"As it has informed 'The Debate', Joaqu\u00edn Aguirre, headline of the Court of Instruction number 1 of Barcelona and judge of the 'case Negreira', has imputed to the FC Barcelona by cohecho after the payment of 7,5 million euros to the ex vice-president of the CTA","robots":{"index":"index","follow":"follow","max-snippet":"max-snippet:-1","max-image-preview":"max-image-preview:large","max-video-preview":"max-video-preview:-1"},"canonical":"https:\/\/www.fcbarcelonanoticias.com\/en\/club\/the-fc-barcelona-imputed-by-cochecho-in-the-case-negreira_296567_102.html","og_locale":"en_US","og_type":"article","og_title":"The FC Barcelona, imputed by cochecho in the 'case Negreira'","og_description":"As it has informed 'The Debate', Joaqu\u00edn Aguirre, headline of the Court of Instruction number 1 of Barcelona and judge of the 'case Negreira', has imputed to the FC Barcelona by cohecho after the payment of 7,5 million euros to the ex vice-president of the CTA","og_url":"https:\/\/www.fcbarcelonanoticias.com\/en\/club\/the-fc-barcelona-imputed-by-cochecho-in-the-case-negreira_296567_102.html","og_site_name":"EN - FC Barcelona Noticias","article_published_time":"2023-09-28T08:23:00+00:00","article_modified_time":"2023-09-28T09:22:00+00:00","author":"FC Barcelona Noticias","twitter_card":"summary_large_image","twitter_misc":{"Written by":"FC Barcelona Noticias","Est. reading time":"3 minutes"},"schema":{"@context":"https:\/\/schema.org","@graph":[{"@type":"Article","@id":"https:\/\/www.fcbarcelonanoticias.com\/en\/club\/the-fc-barcelona-imputed-by-cochecho-in-the-case-negreira_296567_102.html#article","isPartOf":{"@id":"https:\/\/www.fcbarcelonanoticias.com\/en\/club\/the-fc-barcelona-imputed-by-cochecho-in-the-case-negreira_296567_102.html"},"author":{"name":"FC Barcelona Noticias","@id":"https:\/\/www.fcbarcelonanoticias.com\/en\/#\/schema\/person\/0f2810101d27606974cdb8edb54fa54b"},"headline":"FC Barcelona, accused of bribery in the &#8216;Negreira case&#8217;","datePublished":"2023-09-28T08:23:00+00:00","dateModified":"2023-09-28T09:22:00+00:00","mainEntityOfPage":{"@id":"https:\/\/www.fcbarcelonanoticias.com\/en\/club\/the-fc-barcelona-imputed-by-cochecho-in-the-case-negreira_296567_102.html"},"wordCount":552,"keywords":["Case Negreira"],"articleSection":["FC Barcelona"],"inLanguage":"en-US"},{"@type":"WebPage","@id":"https:\/\/www.fcbarcelonanoticias.com\/en\/club\/the-fc-barcelona-imputed-by-cochecho-in-the-case-negreira_296567_102.html","url":"https:\/\/www.fcbarcelonanoticias.com\/en\/club\/the-fc-barcelona-imputed-by-cochecho-in-the-case-negreira_296567_102.html","name":"The FC Barcelona, imputed by cochecho in the 'case Negreira'","isPartOf":{"@id":"https:\/\/www.fcbarcelonanoticias.com\/en\/#website"},"datePublished":"2023-09-28T08:23:00+00:00","dateModified":"2023-09-28T09:22:00+00:00","author":{"@id":"https:\/\/www.fcbarcelonanoticias.com\/en\/#\/schema\/person\/0f2810101d27606974cdb8edb54fa54b"},"description":"As it has informed 'The Debate', Joaqu\u00edn Aguirre, headline of the Court of Instruction number 1 of Barcelona and judge of the 'case Negreira', has imputed to the FC Barcelona by cohecho after the payment of 7,5 million euros to the ex vice-president of the CTA","breadcrumb":{"@id":"https:\/\/www.fcbarcelonanoticias.com\/en\/club\/the-fc-barcelona-imputed-by-cochecho-in-the-case-negreira_296567_102.html#breadcrumb"},"inLanguage":"en-US","potentialAction":[{"@type":"ReadAction","target":["https:\/\/www.fcbarcelonanoticias.com\/en\/club\/the-fc-barcelona-imputed-by-cochecho-in-the-case-negreira_296567_102.html"]}]},{"@type":"BreadcrumbList","@id":"https:\/\/www.fcbarcelonanoticias.com\/en\/club\/the-fc-barcelona-imputed-by-cochecho-in-the-case-negreira_296567_102.html#breadcrumb","itemListElement":[{"@type":"ListItem","position":1,"name":"Portada","item":"https:\/\/www.fcbarcelonanoticias.com\/en\/"},{"@type":"ListItem","position":2,"name":"FC Barcelona, accused of bribery in the &#8216;Negreira case&#8217;"}]},{"@type":"WebSite","@id":"https:\/\/www.fcbarcelonanoticias.com\/en\/#website","url":"https:\/\/www.fcbarcelonanoticias.com\/en\/","name":"EN - FC Barcelona Noticias","description":"","potentialAction":[{"@type":"SearchAction","target":{"@type":"EntryPoint","urlTemplate":"https:\/\/www.fcbarcelonanoticias.com\/en\/?s={search_term_string}"},"query-input":{"@type":"PropertyValueSpecification","valueRequired":true,"valueName":"search_term_string"}}],"inLanguage":"en-US"},{"@type":"Person","@id":"https:\/\/www.fcbarcelonanoticias.com\/en\/#\/schema\/person\/0f2810101d27606974cdb8edb54fa54b","name":"FC Barcelona Noticias","image":{"@type":"ImageObject","inLanguage":"en-US","@id":"https:\/\/secure.gravatar.com\/avatar\/?s=96&d=mm&r=g","url":"https:\/\/secure.gravatar.com\/avatar\/?s=96&d=mm&r=g","contentUrl":"https:\/\/secure.gravatar.com\/avatar\/?s=96&d=mm&r=g","caption":"FC Barcelona Noticias"},"url":"https:\/\/www.fcbarcelonanoticias.com\/en\/fc-barcelona\/fcbn-writing-fc-barcelona-news_6_115.html"}]}},"_links":{"self":[{"href":"https:\/\/www.fcbarcelonanoticias.com\/en\/wp-json\/wp\/v2\/posts\/9403","targetHints":{"allow":["GET"]}}],"collection":[{"href":"https:\/\/www.fcbarcelonanoticias.com\/en\/wp-json\/wp\/v2\/posts"}],"about":[{"href":"https:\/\/www.fcbarcelonanoticias.com\/en\/wp-json\/wp\/v2\/types\/post"}],"author":[{"embeddable":true,"href":"https:\/\/www.fcbarcelonanoticias.com\/en\/wp-json\/wp\/v2\/users\/353"}],"replies":[{"embeddable":true,"href":"https:\/\/www.fcbarcelonanoticias.com\/en\/wp-json\/wp\/v2\/comments?post=9403"}],"version-history":[{"count":1,"href":"https:\/\/www.fcbarcelonanoticias.com\/en\/wp-json\/wp\/v2\/posts\/9403\/revisions"}],"predecessor-version":[{"id":10385,"href":"https:\/\/www.fcbarcelonanoticias.com\/en\/wp-json\/wp\/v2\/posts\/9403\/revisions\/10385"}],"wp:attachment":[{"href":"https:\/\/www.fcbarcelonanoticias.com\/en\/wp-json\/wp\/v2\/media?parent=9403"}],"wp:term":[{"taxonomy":"category","embeddable":true,"href":"https:\/\/www.fcbarcelonanoticias.com\/en\/wp-json\/wp\/v2\/categories?post=9403"},{"taxonomy":"post_tag","embeddable":true,"href":"https:\/\/www.fcbarcelonanoticias.com\/en\/wp-json\/wp\/v2\/tags?post=9403"}],"curies":[{"name":"wp","href":"https:\/\/api.w.org\/{rel}","templated":true}]}}