{"id":94102,"date":"2025-04-06T21:50:00","date_gmt":"2025-04-06T19:50:00","guid":{"rendered":"https:\/\/weisetech.dev\/fc-barcelona-noticias\/en\/city-is-going-all-out-for-florian-wirtz-the-operation-that-would-shake-up-the-market_311996_102\/"},"modified":"2025-04-07T05:45:00","modified_gmt":"2025-04-07T03:45:00","slug":"city-is-going-all-out-for-florian-wirtz-the-operation-that-would-shake-up-the-market_311996_102","status":"publish","type":"post","link":"https:\/\/www.fcbarcelonanoticias.com\/en\/transfers\/city-is-going-all-out-for-florian-wirtz-the-operation-that-would-shake-up-the-market_311996_102.html","title":{"rendered":"City is going all out for Florian Wirtz: the operation that would shake up the market"},"content":{"rendered":"<h2 class=\"wp-block-heading\">Manchester City is preparing a massive offensive to sign the replacement for Kevin De Bruyne. The &#8216;skyblues&#8217; would offer more than 100 million euros for Florian Wirtz<\/h2>  \r\n<div class=\"article-addons\">\r\n    <a href=\"https:\/\/www.fcbarcelonanoticias.com\/en\/calendar-fc-barcelona.html\"\r\n       target=\"_self\"\r\n       title=\"Calendar of FC Barcelona\"\r\n       class=\"blue-gredient-btn\">\r\n       \r\n        Calendar of FC Barcelona    <\/a>\r\n<\/div>   <p>After a winter window in which they secured the signings of four young &#8216;cracks&#8217; with great potential for the future, <strong>Manchester City<\/strong> is planning a &#8216;revolution&#8217; in the summer. The &#8216;skyblue&#8217; team has begun refreshing an increasingly veteran squad and is preparing to part ways with several key players to make way for new stars.<\/p>  <p>One of the sacrifices of the &#8216;citizens&#8217; is <strong><a data-external=\"0\" data-intl-links-en=\"https:\/\/www.fcbarcelonanoticias.com\/en\/transfers\/surprise-bruyne-leaves-city-will-he-join-barcelona-in-an-unexpected-signing_311955_102.html\" data-intl-links-es=\"https:\/\/www.fcbarcelonanoticias.com\/fichajes\/bombazo-bruyne-deja-city-es-barcelona-su-proximo-destino_311955_102.html\" href=\"https:\/\/www.fcbarcelonanoticias.com\/en\/transfers\/surprise-bruyne-leaves-city-will-he-join-barcelona-in-an-unexpected-signing_311955_102.html\" rel=\"follow\" target=\"_self\" title=\"\u00a1Bombazo! De Bruyne deja el City: \u00bfEs el Bar\u00e7a su pr\u00f3ximo destino?\">Kevin De Bruyne<\/a><\/strong>, whose contract ends at the end of the season and has already announced that he will not renew his commitment to the club. After establishing himself as one of the best midfielders in the history of the team and the <strong>Premier League<\/strong>, the 33-year-old Belgian is ready to embark on a new challenge away from England, which is why the <strong>Etihad Stadium<\/strong> has set its sights on his potential replacement.<\/p>  <h2>City prepares a multimillion-dollar offer for Wirtz<\/h2>  <p>The search for &#8216;KDB&#8217;s&#8217; replacement has not been easy, as filling the shoes of a player who has scored <strong>70 goals and provided 119 assists in 278 matches<\/strong> in the English league will not be an easy task. However, <strong>Pep Guardiola<\/strong> believes there is one player more than ready to take on this challenge, <a data-external=\"0\" data-intl-links-en=\"https:\/\/www.fcbarcelonanoticias.com\/en\/transfers\/real-option-for-barca-the-fortune-that-leverkusen-asks-for-wirtz_311755_102.html\" data-intl-links-es=\"https:\/\/www.fcbarcelonanoticias.com\/fichajes\/opcion-real-barca-millonada-pide-leverkusen-por-wirtz_311755_102.html\" href=\"https:\/\/www.fcbarcelonanoticias.com\/en\/transfers\/real-option-for-barca-the-fortune-that-leverkusen-asks-for-wirtz_311755_102.html\" rel=\"follow\" target=\"_self\" title=\"\u00bfOpci\u00f3n real para el Bar\u00e7a? La millonada que pide el Leverkusen por Wirtz\">and it would be none other than Florian Wirtz<\/a>, whose signing has been marked as a priority for the upcoming summer market.<\/p>  <p>The German has <strong>15 goals and 13 assists in 39 matches<\/strong> played this season, statistics that support his performance on the field and give him enough arguments to take over from <strong>De Bruyne<\/strong> in the &#8216;skyblue&#8217; midfield. For this reason, the Etihad Stadium is preparing an offer close to 117 million euros to secure the services of the 21-year-old star.<\/p>  <h2>Wirtz has not made a decision about his future<\/h2>  <p>Beyond all this, <strong>the midfielder has not yet made a definitive decision<\/strong> regarding the next step in his career. However, the most likely scenario, as of today, is that Wirtz decides to continue defending the Leverkusen badge during the 2025-2026 season, thus dismissing his arrival at a major European club this summer.<\/p>  <p><strong>Xabi Alonso could play a key role in this operation<\/strong>, as his continuity on the bench at BayArena could facilitate Wirtz&#8217;s stay. Despite this, the insistence of the &#8216;citizens&#8217; on his signing could tip the scales in their favor. The &#8216;saga&#8217; remains unresolved, and all signs point to it potentially extending until the end of the summer.<\/p> ","protected":false},"excerpt":{"rendered":"<p>Manchester City is preparing a massive offensive to sign the replacement for Kevin De Bruyne. The &#8216;skyblues&#8217; would offer more than 100 million euros for Florian Wirtz After a winter window in which they secured the signings of four young &#8216;cracks&#8217; with great potential for the future, Manchester City is planning a &#8216;revolution&#8217; in the [&hellip;]<\/p>\n","protected":false},"author":358,"featured_media":94113,"comment_status":"closed","ping_status":"open","sticky":false,"template":"","format":"standard","meta":{"_acf_changed":false,"inline_featured_image":false,"_nextfly_llmd_date_locked":false,"footnotes":""},"categories":[449,106],"tags":[283,97,261],"class_list":["post-94102","post","type-post","status-publish","format-standard","has-post-thumbnail","hentry","category-transfers-2","category-transfers","tag-florian-wirtz","tag-manchester-city","tag-football-transfer-rumors"],"acf":[],"yoast_head":"<!-- This site is optimized with the Yoast SEO plugin v27.3 - https:\/\/yoast.com\/product\/yoast-seo-wordpress\/ -->\n<title>City is going all out for Florian Wirtz: the operation that would shake up the market<\/title>\n<meta name=\"description\" content=\"Manchester City is preparing a massive offensive to sign the replacement for Kevin De Bruyne. The &#039;skyblues&#039; would offer more than 100 million euros for Floria...\" \/>\n<meta name=\"robots\" content=\"index, follow, max-snippet:-1, max-image-preview:large, max-video-preview:-1\" \/>\n<link rel=\"canonical\" href=\"https:\/\/www.fcbarcelonanoticias.com\/en\/transfers\/city-is-going-all-out-for-florian-wirtz-the-operation-that-would-shake-up-the-market_311996_102.html\" \/>\n<meta property=\"og:locale\" content=\"en_US\" \/>\n<meta property=\"og:type\" content=\"article\" \/>\n<meta property=\"og:title\" content=\"City is going all out for Florian Wirtz: the operation that would shake up the market\" \/>\n<meta property=\"og:description\" content=\"Manchester City is preparing a massive offensive to sign the replacement for Kevin De Bruyne. The &#039;skyblues&#039; would offer more than 100 million euros for Floria...\" \/>\n<meta property=\"og:url\" content=\"https:\/\/www.fcbarcelonanoticias.com\/en\/transfers\/city-is-going-all-out-for-florian-wirtz-the-operation-that-would-shake-up-the-market_311996_102.html\" \/>\n<meta property=\"og:site_name\" content=\"EN - FC Barcelona Noticias\" \/>\n<meta property=\"article:published_time\" content=\"2025-04-06T19:50:00+00:00\" \/>\n<meta property=\"article:modified_time\" content=\"2025-04-07T03:45:00+00:00\" \/>\n<meta property=\"og:image\" content=\"https:\/\/www.fcbarcelonanoticias.com\/en\/wp-content\/uploads\/sites\/2\/2025\/04\/florian-wirtz-bayer-leverkusen.webp\" \/>\n\t<meta property=\"og:image:width\" content=\"1200\" \/>\n\t<meta property=\"og:image:height\" content=\"675\" \/>\n\t<meta property=\"og:image:type\" content=\"image\/webp\" \/>\n<meta name=\"author\" content=\"Juan Pablo Berdugo\" \/>\n<meta name=\"twitter:card\" content=\"summary_large_image\" \/>\n<meta name=\"twitter:label1\" content=\"Written by\" \/>\n\t<meta name=\"twitter:data1\" content=\"Juan Pablo Berdugo\" \/>\n\t<meta name=\"twitter:label2\" content=\"Est. reading time\" \/>\n\t<meta name=\"twitter:data2\" content=\"2 minutes\" \/>\n<script type=\"application\/ld+json\" class=\"yoast-schema-graph\">{\"@context\":\"https:\\\/\\\/schema.org\",\"@graph\":[{\"@type\":\"Article\",\"@id\":\"https:\\\/\\\/www.fcbarcelonanoticias.com\\\/en\\\/transfers\\\/city-is-going-all-out-for-florian-wirtz-the-operation-that-would-shake-up-the-market_311996_102.html#article\",\"isPartOf\":{\"@id\":\"https:\\\/\\\/www.fcbarcelonanoticias.com\\\/en\\\/transfers\\\/city-is-going-all-out-for-florian-wirtz-the-operation-that-would-shake-up-the-market_311996_102.html\"},\"author\":{\"name\":\"Juan Pablo Berdugo\",\"@id\":\"https:\\\/\\\/www.fcbarcelonanoticias.com\\\/en\\\/#\\\/schema\\\/person\\\/88d756918a0a1ae9fa593b5edddd1815\"},\"headline\":\"City is going all out for Florian Wirtz: the operation that would shake up the market\",\"datePublished\":\"2025-04-06T19:50:00+00:00\",\"dateModified\":\"2025-04-07T03:45:00+00:00\",\"mainEntityOfPage\":{\"@id\":\"https:\\\/\\\/www.fcbarcelonanoticias.com\\\/en\\\/transfers\\\/city-is-going-all-out-for-florian-wirtz-the-operation-that-would-shake-up-the-market_311996_102.html\"},\"wordCount\":434,\"image\":{\"@id\":\"https:\\\/\\\/www.fcbarcelonanoticias.com\\\/en\\\/transfers\\\/city-is-going-all-out-for-florian-wirtz-the-operation-that-would-shake-up-the-market_311996_102.html#primaryimage\"},\"thumbnailUrl\":\"https:\\\/\\\/www.fcbarcelonanoticias.com\\\/en\\\/wp-content\\\/uploads\\\/sites\\\/2\\\/2025\\\/04\\\/florian-wirtz-bayer-leverkusen.webp\",\"keywords\":[\"Florian Wirtz\",\"Manchester City\",\"Transfer Rumors\"],\"articleSection\":[\"Transfers\",\"Transfers\"],\"inLanguage\":\"en-US\"},{\"@type\":\"WebPage\",\"@id\":\"https:\\\/\\\/www.fcbarcelonanoticias.com\\\/en\\\/transfers\\\/city-is-going-all-out-for-florian-wirtz-the-operation-that-would-shake-up-the-market_311996_102.html\",\"url\":\"https:\\\/\\\/www.fcbarcelonanoticias.com\\\/en\\\/transfers\\\/city-is-going-all-out-for-florian-wirtz-the-operation-that-would-shake-up-the-market_311996_102.html\",\"name\":\"City is going all out for Florian Wirtz: the operation that would shake up the market\",\"isPartOf\":{\"@id\":\"https:\\\/\\\/www.fcbarcelonanoticias.com\\\/en\\\/#website\"},\"primaryImageOfPage\":{\"@id\":\"https:\\\/\\\/www.fcbarcelonanoticias.com\\\/en\\\/transfers\\\/city-is-going-all-out-for-florian-wirtz-the-operation-that-would-shake-up-the-market_311996_102.html#primaryimage\"},\"image\":{\"@id\":\"https:\\\/\\\/www.fcbarcelonanoticias.com\\\/en\\\/transfers\\\/city-is-going-all-out-for-florian-wirtz-the-operation-that-would-shake-up-the-market_311996_102.html#primaryimage\"},\"thumbnailUrl\":\"https:\\\/\\\/www.fcbarcelonanoticias.com\\\/en\\\/wp-content\\\/uploads\\\/sites\\\/2\\\/2025\\\/04\\\/florian-wirtz-bayer-leverkusen.webp\",\"datePublished\":\"2025-04-06T19:50:00+00:00\",\"dateModified\":\"2025-04-07T03:45:00+00:00\",\"author\":{\"@id\":\"https:\\\/\\\/www.fcbarcelonanoticias.com\\\/en\\\/#\\\/schema\\\/person\\\/88d756918a0a1ae9fa593b5edddd1815\"},\"description\":\"Manchester City is preparing a massive offensive to sign the replacement for Kevin De Bruyne. The 'skyblues' would offer more than 100 million euros for Floria...\",\"breadcrumb\":{\"@id\":\"https:\\\/\\\/www.fcbarcelonanoticias.com\\\/en\\\/transfers\\\/city-is-going-all-out-for-florian-wirtz-the-operation-that-would-shake-up-the-market_311996_102.html#breadcrumb\"},\"inLanguage\":\"en-US\",\"potentialAction\":[{\"@type\":\"ReadAction\",\"target\":[\"https:\\\/\\\/www.fcbarcelonanoticias.com\\\/en\\\/transfers\\\/city-is-going-all-out-for-florian-wirtz-the-operation-that-would-shake-up-the-market_311996_102.html\"]}]},{\"@type\":\"ImageObject\",\"inLanguage\":\"en-US\",\"@id\":\"https:\\\/\\\/www.fcbarcelonanoticias.com\\\/en\\\/transfers\\\/city-is-going-all-out-for-florian-wirtz-the-operation-that-would-shake-up-the-market_311996_102.html#primaryimage\",\"url\":\"https:\\\/\\\/www.fcbarcelonanoticias.com\\\/en\\\/wp-content\\\/uploads\\\/sites\\\/2\\\/2025\\\/04\\\/florian-wirtz-bayer-leverkusen.webp\",\"contentUrl\":\"https:\\\/\\\/www.fcbarcelonanoticias.com\\\/en\\\/wp-content\\\/uploads\\\/sites\\\/2\\\/2025\\\/04\\\/florian-wirtz-bayer-leverkusen.webp\",\"width\":1200,\"height\":675},{\"@type\":\"BreadcrumbList\",\"@id\":\"https:\\\/\\\/www.fcbarcelonanoticias.com\\\/en\\\/transfers\\\/city-is-going-all-out-for-florian-wirtz-the-operation-that-would-shake-up-the-market_311996_102.html#breadcrumb\",\"itemListElement\":[{\"@type\":\"ListItem\",\"position\":1,\"name\":\"Portada\",\"item\":\"https:\\\/\\\/www.fcbarcelonanoticias.com\\\/en\\\/\"},{\"@type\":\"ListItem\",\"position\":2,\"name\":\"City is going all out for Florian Wirtz: the operation that would shake up the market\"}]},{\"@type\":\"WebSite\",\"@id\":\"https:\\\/\\\/www.fcbarcelonanoticias.com\\\/en\\\/#website\",\"url\":\"https:\\\/\\\/www.fcbarcelonanoticias.com\\\/en\\\/\",\"name\":\"EN - FC Barcelona Noticias\",\"description\":\"\",\"potentialAction\":[{\"@type\":\"SearchAction\",\"target\":{\"@type\":\"EntryPoint\",\"urlTemplate\":\"https:\\\/\\\/www.fcbarcelonanoticias.com\\\/en\\\/?s={search_term_string}\"},\"query-input\":{\"@type\":\"PropertyValueSpecification\",\"valueRequired\":true,\"valueName\":\"search_term_string\"}}],\"inLanguage\":\"en-US\"},{\"@type\":\"Person\",\"@id\":\"https:\\\/\\\/www.fcbarcelonanoticias.com\\\/en\\\/#\\\/schema\\\/person\\\/88d756918a0a1ae9fa593b5edddd1815\",\"name\":\"Juan Pablo Berdugo\",\"image\":{\"@type\":\"ImageObject\",\"inLanguage\":\"en-US\",\"@id\":\"https:\\\/\\\/secure.gravatar.com\\\/avatar\\\/?s=96&d=mm&r=g\",\"url\":\"https:\\\/\\\/secure.gravatar.com\\\/avatar\\\/?s=96&d=mm&r=g\",\"contentUrl\":\"https:\\\/\\\/secure.gravatar.com\\\/avatar\\\/?s=96&d=mm&r=g\",\"caption\":\"Juan Pablo Berdugo\"},\"description\":\"Juan Pablo Berdugo es graduado en Periodismo. Colabora con FCBN como especialista en informaci\u00f3n del primer equipo del FC Barcelona, f\u00fatbol internacional y mercado de fichajes. Destaca por su enfoque anal\u00edtico, su rigor informativo y su capacidad para detectar tendencias emergentes en el f\u00fatbol global.\",\"url\":\"https:\\\/\\\/www.fcbarcelonanoticias.com\\\/en\\\/fc-barcelona\\\/juan-pablo-berdugo_18_115.html\"}]}<\/script>\n<!-- \/ Yoast SEO plugin. -->","yoast_head_json":{"title":"City is going all out for Florian Wirtz: the operation that would shake up the market","description":"Manchester City is preparing a massive offensive to sign the replacement for Kevin De Bruyne. The 'skyblues' would offer more than 100 million euros for Floria...","robots":{"index":"index","follow":"follow","max-snippet":"max-snippet:-1","max-image-preview":"max-image-preview:large","max-video-preview":"max-video-preview:-1"},"canonical":"https:\/\/www.fcbarcelonanoticias.com\/en\/transfers\/city-is-going-all-out-for-florian-wirtz-the-operation-that-would-shake-up-the-market_311996_102.html","og_locale":"en_US","og_type":"article","og_title":"City is going all out for Florian Wirtz: the operation that would shake up the market","og_description":"Manchester City is preparing a massive offensive to sign the replacement for Kevin De Bruyne. The 'skyblues' would offer more than 100 million euros for Floria...","og_url":"https:\/\/www.fcbarcelonanoticias.com\/en\/transfers\/city-is-going-all-out-for-florian-wirtz-the-operation-that-would-shake-up-the-market_311996_102.html","og_site_name":"EN - FC Barcelona Noticias","article_published_time":"2025-04-06T19:50:00+00:00","article_modified_time":"2025-04-07T03:45:00+00:00","og_image":[{"width":1200,"height":675,"url":"https:\/\/www.fcbarcelonanoticias.com\/en\/wp-content\/uploads\/sites\/2\/2025\/04\/florian-wirtz-bayer-leverkusen.webp","type":"image\/webp"}],"author":"Juan Pablo Berdugo","twitter_card":"summary_large_image","twitter_misc":{"Written by":"Juan Pablo Berdugo","Est. reading time":"2 minutes"},"schema":{"@context":"https:\/\/schema.org","@graph":[{"@type":"Article","@id":"https:\/\/www.fcbarcelonanoticias.com\/en\/transfers\/city-is-going-all-out-for-florian-wirtz-the-operation-that-would-shake-up-the-market_311996_102.html#article","isPartOf":{"@id":"https:\/\/www.fcbarcelonanoticias.com\/en\/transfers\/city-is-going-all-out-for-florian-wirtz-the-operation-that-would-shake-up-the-market_311996_102.html"},"author":{"name":"Juan Pablo Berdugo","@id":"https:\/\/www.fcbarcelonanoticias.com\/en\/#\/schema\/person\/88d756918a0a1ae9fa593b5edddd1815"},"headline":"City is going all out for Florian Wirtz: the operation that would shake up the market","datePublished":"2025-04-06T19:50:00+00:00","dateModified":"2025-04-07T03:45:00+00:00","mainEntityOfPage":{"@id":"https:\/\/www.fcbarcelonanoticias.com\/en\/transfers\/city-is-going-all-out-for-florian-wirtz-the-operation-that-would-shake-up-the-market_311996_102.html"},"wordCount":434,"image":{"@id":"https:\/\/www.fcbarcelonanoticias.com\/en\/transfers\/city-is-going-all-out-for-florian-wirtz-the-operation-that-would-shake-up-the-market_311996_102.html#primaryimage"},"thumbnailUrl":"https:\/\/www.fcbarcelonanoticias.com\/en\/wp-content\/uploads\/sites\/2\/2025\/04\/florian-wirtz-bayer-leverkusen.webp","keywords":["Florian Wirtz","Manchester City","Transfer Rumors"],"articleSection":["Transfers","Transfers"],"inLanguage":"en-US"},{"@type":"WebPage","@id":"https:\/\/www.fcbarcelonanoticias.com\/en\/transfers\/city-is-going-all-out-for-florian-wirtz-the-operation-that-would-shake-up-the-market_311996_102.html","url":"https:\/\/www.fcbarcelonanoticias.com\/en\/transfers\/city-is-going-all-out-for-florian-wirtz-the-operation-that-would-shake-up-the-market_311996_102.html","name":"City is going all out for Florian Wirtz: the operation that would shake up the market","isPartOf":{"@id":"https:\/\/www.fcbarcelonanoticias.com\/en\/#website"},"primaryImageOfPage":{"@id":"https:\/\/www.fcbarcelonanoticias.com\/en\/transfers\/city-is-going-all-out-for-florian-wirtz-the-operation-that-would-shake-up-the-market_311996_102.html#primaryimage"},"image":{"@id":"https:\/\/www.fcbarcelonanoticias.com\/en\/transfers\/city-is-going-all-out-for-florian-wirtz-the-operation-that-would-shake-up-the-market_311996_102.html#primaryimage"},"thumbnailUrl":"https:\/\/www.fcbarcelonanoticias.com\/en\/wp-content\/uploads\/sites\/2\/2025\/04\/florian-wirtz-bayer-leverkusen.webp","datePublished":"2025-04-06T19:50:00+00:00","dateModified":"2025-04-07T03:45:00+00:00","author":{"@id":"https:\/\/www.fcbarcelonanoticias.com\/en\/#\/schema\/person\/88d756918a0a1ae9fa593b5edddd1815"},"description":"Manchester City is preparing a massive offensive to sign the replacement for Kevin De Bruyne. The 'skyblues' would offer more than 100 million euros for Floria...","breadcrumb":{"@id":"https:\/\/www.fcbarcelonanoticias.com\/en\/transfers\/city-is-going-all-out-for-florian-wirtz-the-operation-that-would-shake-up-the-market_311996_102.html#breadcrumb"},"inLanguage":"en-US","potentialAction":[{"@type":"ReadAction","target":["https:\/\/www.fcbarcelonanoticias.com\/en\/transfers\/city-is-going-all-out-for-florian-wirtz-the-operation-that-would-shake-up-the-market_311996_102.html"]}]},{"@type":"ImageObject","inLanguage":"en-US","@id":"https:\/\/www.fcbarcelonanoticias.com\/en\/transfers\/city-is-going-all-out-for-florian-wirtz-the-operation-that-would-shake-up-the-market_311996_102.html#primaryimage","url":"https:\/\/www.fcbarcelonanoticias.com\/en\/wp-content\/uploads\/sites\/2\/2025\/04\/florian-wirtz-bayer-leverkusen.webp","contentUrl":"https:\/\/www.fcbarcelonanoticias.com\/en\/wp-content\/uploads\/sites\/2\/2025\/04\/florian-wirtz-bayer-leverkusen.webp","width":1200,"height":675},{"@type":"BreadcrumbList","@id":"https:\/\/www.fcbarcelonanoticias.com\/en\/transfers\/city-is-going-all-out-for-florian-wirtz-the-operation-that-would-shake-up-the-market_311996_102.html#breadcrumb","itemListElement":[{"@type":"ListItem","position":1,"name":"Portada","item":"https:\/\/www.fcbarcelonanoticias.com\/en\/"},{"@type":"ListItem","position":2,"name":"City is going all out for Florian Wirtz: the operation that would shake up the market"}]},{"@type":"WebSite","@id":"https:\/\/www.fcbarcelonanoticias.com\/en\/#website","url":"https:\/\/www.fcbarcelonanoticias.com\/en\/","name":"EN - FC Barcelona Noticias","description":"","potentialAction":[{"@type":"SearchAction","target":{"@type":"EntryPoint","urlTemplate":"https:\/\/www.fcbarcelonanoticias.com\/en\/?s={search_term_string}"},"query-input":{"@type":"PropertyValueSpecification","valueRequired":true,"valueName":"search_term_string"}}],"inLanguage":"en-US"},{"@type":"Person","@id":"https:\/\/www.fcbarcelonanoticias.com\/en\/#\/schema\/person\/88d756918a0a1ae9fa593b5edddd1815","name":"Juan Pablo Berdugo","image":{"@type":"ImageObject","inLanguage":"en-US","@id":"https:\/\/secure.gravatar.com\/avatar\/?s=96&d=mm&r=g","url":"https:\/\/secure.gravatar.com\/avatar\/?s=96&d=mm&r=g","contentUrl":"https:\/\/secure.gravatar.com\/avatar\/?s=96&d=mm&r=g","caption":"Juan Pablo Berdugo"},"description":"Juan Pablo Berdugo es graduado en Periodismo. Colabora con FCBN como especialista en informaci\u00f3n del primer equipo del FC Barcelona, f\u00fatbol internacional y mercado de fichajes. Destaca por su enfoque anal\u00edtico, su rigor informativo y su capacidad para detectar tendencias emergentes en el f\u00fatbol global.","url":"https:\/\/www.fcbarcelonanoticias.com\/en\/fc-barcelona\/juan-pablo-berdugo_18_115.html"}]}},"_links":{"self":[{"href":"https:\/\/www.fcbarcelonanoticias.com\/en\/wp-json\/wp\/v2\/posts\/94102","targetHints":{"allow":["GET"]}}],"collection":[{"href":"https:\/\/www.fcbarcelonanoticias.com\/en\/wp-json\/wp\/v2\/posts"}],"about":[{"href":"https:\/\/www.fcbarcelonanoticias.com\/en\/wp-json\/wp\/v2\/types\/post"}],"author":[{"embeddable":true,"href":"https:\/\/www.fcbarcelonanoticias.com\/en\/wp-json\/wp\/v2\/users\/358"}],"replies":[{"embeddable":true,"href":"https:\/\/www.fcbarcelonanoticias.com\/en\/wp-json\/wp\/v2\/comments?post=94102"}],"version-history":[{"count":1,"href":"https:\/\/www.fcbarcelonanoticias.com\/en\/wp-json\/wp\/v2\/posts\/94102\/revisions"}],"predecessor-version":[{"id":126931,"href":"https:\/\/www.fcbarcelonanoticias.com\/en\/wp-json\/wp\/v2\/posts\/94102\/revisions\/126931"}],"wp:featuredmedia":[{"embeddable":true,"href":"https:\/\/www.fcbarcelonanoticias.com\/en\/wp-json\/wp\/v2\/media\/94113"}],"wp:attachment":[{"href":"https:\/\/www.fcbarcelonanoticias.com\/en\/wp-json\/wp\/v2\/media?parent=94102"}],"wp:term":[{"taxonomy":"category","embeddable":true,"href":"https:\/\/www.fcbarcelonanoticias.com\/en\/wp-json\/wp\/v2\/categories?post=94102"},{"taxonomy":"post_tag","embeddable":true,"href":"https:\/\/www.fcbarcelonanoticias.com\/en\/wp-json\/wp\/v2\/tags?post=94102"}],"curies":[{"name":"wp","href":"https:\/\/api.w.org\/{rel}","templated":true}]}}