{"id":94173,"date":"2024-12-13T17:45:00","date_gmt":"2024-12-13T16:45:00","guid":{"rendered":"https:\/\/weisetech.dev\/fc-barcelona-noticias\/en\/city-accelerates-for-florian-wirtz-and-complicates-barca-plans_309289_102\/"},"modified":"2024-12-13T17:45:00","modified_gmt":"2024-12-13T16:45:00","slug":"city-accelerates-for-florian-wirtz-and-complicates-barca-plans_309289_102","status":"publish","type":"post","link":"https:\/\/www.fcbarcelonanoticias.com\/en\/transfers\/city-accelerates-for-florian-wirtz-and-complicates-barca-plans_309289_102.html","title":{"rendered":"City accelerates for Florian Wirtz and complicates Bar\u00e7a&#8217;s plans"},"content":{"rendered":"<h2 class=\"wp-block-heading\">Manchester City seems determined to go for Florian Wirtz in January. Pep Guardiola has asked the club for at least a couple of &#8216;top&#8217; reinforcements in January, and the &#8216;star&#8217; from Leverkusen is one of the targets<\/h2>  \r\n<div class=\"article-addons\">\r\n    <a href=\"https:\/\/www.fcbarcelonanoticias.com\/en\/calendar-fc-barcelona.html\"\r\n       target=\"_self\"\r\n       title=\"Calendar of FC Barcelona\"\r\n       class=\"blue-gredient-btn\">\r\n       \r\n        Calendar of FC Barcelona    <\/a>\r\n<\/div>   <p>FC Barcelona could definitively say goodbye to its chances of signing Florian Wirtz much sooner than expected. <strong>Manchester City could soon go for the player from Pulheim<\/strong>, who has scored 10 goals and provided 5 assists in 23 matches this season. Although the &#8217;10&#8217; has a contract until 2028, Bayer Leverkusen is prepared to let him go if, ultimately, an offer that meets their financial aspirations arrives.<\/p>  <p>According to &#8216;The Times&#8217;, the Manchester team has its checkbook ready to <strong><a data-external=\"0\" data-intl-links-en=\"https:\/\/www.fcbarcelonanoticias.com\/en\/transfers\" data-intl-links-es=\"https:\/\/www.fcbarcelonanoticias.com\/fichajes\" href=\"https:\/\/www.fcbarcelonanoticias.com\/en\/fc-barcelona\/transfers.html\" rel=\"follow\" target=\"_self\" title=\"Get the latest rumors from the European market\">blow up the winter market<\/a> with at least three &#8216;top&#8217; signings<\/strong> to help the team emerge from the worst crisis since the arrival of the Santpedor native to the &#8216;sky blue&#8217; bench. The coaching staff aims to incorporate a pivot, an attacking midfielder, and a winger, without ruling out the possibility of going for another full-back.<\/p>  <p>In attack, Guardiola&#8217;s favorite is Wirtz, one of Deco&#8217;s weaknesses for the upcoming summer market. The Leverkusen &#8216;star&#8217; <strong>could leave for a figure close to 120 million euros<\/strong> to form a lethal attacking trio alongside Bernardo Silva and Erling Haaland, which would mean that Bar\u00e7a would part ways with one of the players who has publicly expressed his desire to wear the blue and garnet jersey.<\/p>  <h3>Guardiola doesn&#8217;t want to waste any more time reinforcing his squad<\/h3>  <p>For the midfield, <strong>Pep has his eyes on Mart\u00edn Zubimendi and Bruno Guimar\u00e3es<\/strong>. The Real Sociedad player was one of Xavi Hern\u00e1ndez&#8217;s impossible wishes during his time at the Barcelona bench, while the Portuguese has carried Newcastle&#8217;s midfield in recent months, becoming one of the most sought-after players in his position. For the &#8216;cityzen&#8217; coach, this signing is key, as the absence of Rodri Hern\u00e1ndez led to the free fall of his team.<\/p>  <p><strong>The City has only won one of its last ten matches in the Premier and Champions<\/strong>, leaving a very poor image in both competitions. In the league, Liverpool took advantage of the significant drop of the reigning champion to pull away by eight points, while in Europe the team has fallen to 22nd place, five points from the direct qualification zone for the Round of 16 and with only one point more than their immediate pursuers in the lower part of the table, outside the &#8216;playoff&#8217; spots, Paris Saint-Germain and Stuttgart.<\/p>  <p>Hence, the &#8216;sky blue&#8217; management is willing to emulate what Chelsea has done in recent years, making high expenditures on reinforcements while the season is ongoing. Guardiola himself recently admitted that, <strong>if it were up to him, he would approve squads of 40 or 50 players<\/strong> to deal with the injury plague resulting from the tight European calendar. &#8220;Perhaps such large squads are needed. <strong>In the end, the calendar is the problem. The problem is not the physios, the doctors, or the players,&#8221;<\/strong> he said at the press conference before the Manchester derby.<\/p> ","protected":false},"excerpt":{"rendered":"<p>Manchester City seems determined to go for Florian Wirtz in January. Pep Guardiola has asked the club for at least a couple of &#8216;top&#8217; reinforcements in January, and the &#8216;star&#8217; from Leverkusen is one of the targets FC Barcelona could definitively say goodbye to its chances of signing Florian Wirtz much sooner than expected. Manchester [&hellip;]<\/p>\n","protected":false},"author":347,"featured_media":94187,"comment_status":"closed","ping_status":"open","sticky":false,"template":"","format":"standard","meta":{"_acf_changed":false,"inline_featured_image":false,"_nextfly_llmd_date_locked":false,"footnotes":""},"categories":[449,106],"tags":[103,283,97,178],"class_list":["post-94173","post","type-post","status-publish","format-standard","has-post-thumbnail","hentry","category-transfers-2","category-transfers","tag-bayer-leverkusen","tag-florian-wirtz","tag-manchester-city","tag-pep-guardiola"],"acf":[],"yoast_head":"<!-- This site is optimized with the Yoast SEO plugin v27.3 - https:\/\/yoast.com\/product\/yoast-seo-wordpress\/ -->\n<title>City accelerates for Florian Wirtz and complicates Bar\u00e7a&#039;s plans<\/title>\n<meta name=\"description\" content=\"Manchester City seems determined to go for Florian Wirtz in January. Pep Guardiola has asked the club for at least a couple of &#039;top&#039; reinforcements in January, and the &#039;star&#039; from Leverkusen is one of the targets\" \/>\n<meta name=\"robots\" content=\"index, follow, max-snippet:-1, max-image-preview:large, max-video-preview:-1\" \/>\n<link rel=\"canonical\" href=\"https:\/\/www.fcbarcelonanoticias.com\/en\/transfers\/city-accelerates-for-florian-wirtz-and-complicates-barca-plans_309289_102.html\" \/>\n<meta property=\"og:locale\" content=\"en_US\" \/>\n<meta property=\"og:type\" content=\"article\" \/>\n<meta property=\"og:title\" content=\"City accelerates for Florian Wirtz and complicates Bar\u00e7a&#039;s plans\" \/>\n<meta property=\"og:description\" content=\"Manchester City seems determined to go for Florian Wirtz in January. Pep Guardiola has asked the club for at least a couple of &#039;top&#039; reinforcements in January, and the &#039;star&#039; from Leverkusen is one of the targets\" \/>\n<meta property=\"og:url\" content=\"https:\/\/www.fcbarcelonanoticias.com\/en\/transfers\/city-accelerates-for-florian-wirtz-and-complicates-barca-plans_309289_102.html\" \/>\n<meta property=\"og:site_name\" content=\"EN - FC Barcelona Noticias\" \/>\n<meta property=\"article:published_time\" content=\"2024-12-13T16:45:00+00:00\" \/>\n<meta property=\"og:image\" content=\"https:\/\/www.fcbarcelonanoticias.com\/en\/wp-content\/uploads\/sites\/2\/2024\/12\/florian-wirtz-v-bayern-munich-scaled.jpeg\" \/>\n\t<meta property=\"og:image:width\" content=\"2560\" \/>\n\t<meta property=\"og:image:height\" content=\"1534\" \/>\n\t<meta property=\"og:image:type\" content=\"image\/jpeg\" \/>\n<meta name=\"author\" content=\"Andr\u00e9s Quiroz\" \/>\n<meta name=\"twitter:card\" content=\"summary_large_image\" \/>\n<meta name=\"twitter:label1\" content=\"Written by\" \/>\n\t<meta name=\"twitter:data1\" content=\"Andr\u00e9s Quiroz\" \/>\n\t<meta name=\"twitter:label2\" content=\"Est. reading time\" \/>\n\t<meta name=\"twitter:data2\" content=\"3 minutes\" \/>\n<script type=\"application\/ld+json\" class=\"yoast-schema-graph\">{\"@context\":\"https:\\\/\\\/schema.org\",\"@graph\":[{\"@type\":\"Article\",\"@id\":\"https:\\\/\\\/www.fcbarcelonanoticias.com\\\/en\\\/transfers\\\/city-accelerates-for-florian-wirtz-and-complicates-barca-plans_309289_102.html#article\",\"isPartOf\":{\"@id\":\"https:\\\/\\\/www.fcbarcelonanoticias.com\\\/en\\\/transfers\\\/city-accelerates-for-florian-wirtz-and-complicates-barca-plans_309289_102.html\"},\"author\":{\"name\":\"Andr\u00e9s Quiroz\",\"@id\":\"https:\\\/\\\/www.fcbarcelonanoticias.com\\\/en\\\/#\\\/schema\\\/person\\\/c2cd9f6fa1af5c0d0eccd0fefa575c88\"},\"headline\":\"City accelerates for Florian Wirtz and complicates Bar\u00e7a&#8217;s plans\",\"datePublished\":\"2024-12-13T16:45:00+00:00\",\"mainEntityOfPage\":{\"@id\":\"https:\\\/\\\/www.fcbarcelonanoticias.com\\\/en\\\/transfers\\\/city-accelerates-for-florian-wirtz-and-complicates-barca-plans_309289_102.html\"},\"wordCount\":518,\"image\":{\"@id\":\"https:\\\/\\\/www.fcbarcelonanoticias.com\\\/en\\\/transfers\\\/city-accelerates-for-florian-wirtz-and-complicates-barca-plans_309289_102.html#primaryimage\"},\"thumbnailUrl\":\"https:\\\/\\\/www.fcbarcelonanoticias.com\\\/en\\\/wp-content\\\/uploads\\\/sites\\\/2\\\/2024\\\/12\\\/florian-wirtz-v-bayern-munich-scaled.jpeg\",\"keywords\":[\"Bayer Leverkusen\",\"Florian Wirtz\",\"Manchester City\",\"Pep Guardiola\"],\"articleSection\":[\"Transfers\",\"Transfers\"],\"inLanguage\":\"en-US\"},{\"@type\":\"WebPage\",\"@id\":\"https:\\\/\\\/www.fcbarcelonanoticias.com\\\/en\\\/transfers\\\/city-accelerates-for-florian-wirtz-and-complicates-barca-plans_309289_102.html\",\"url\":\"https:\\\/\\\/www.fcbarcelonanoticias.com\\\/en\\\/transfers\\\/city-accelerates-for-florian-wirtz-and-complicates-barca-plans_309289_102.html\",\"name\":\"City accelerates for Florian Wirtz and complicates Bar\u00e7a's plans\",\"isPartOf\":{\"@id\":\"https:\\\/\\\/www.fcbarcelonanoticias.com\\\/en\\\/#website\"},\"primaryImageOfPage\":{\"@id\":\"https:\\\/\\\/www.fcbarcelonanoticias.com\\\/en\\\/transfers\\\/city-accelerates-for-florian-wirtz-and-complicates-barca-plans_309289_102.html#primaryimage\"},\"image\":{\"@id\":\"https:\\\/\\\/www.fcbarcelonanoticias.com\\\/en\\\/transfers\\\/city-accelerates-for-florian-wirtz-and-complicates-barca-plans_309289_102.html#primaryimage\"},\"thumbnailUrl\":\"https:\\\/\\\/www.fcbarcelonanoticias.com\\\/en\\\/wp-content\\\/uploads\\\/sites\\\/2\\\/2024\\\/12\\\/florian-wirtz-v-bayern-munich-scaled.jpeg\",\"datePublished\":\"2024-12-13T16:45:00+00:00\",\"author\":{\"@id\":\"https:\\\/\\\/www.fcbarcelonanoticias.com\\\/en\\\/#\\\/schema\\\/person\\\/c2cd9f6fa1af5c0d0eccd0fefa575c88\"},\"description\":\"Manchester City seems determined to go for Florian Wirtz in January. Pep Guardiola has asked the club for at least a couple of 'top' reinforcements in January, and the 'star' from Leverkusen is one of the targets\",\"breadcrumb\":{\"@id\":\"https:\\\/\\\/www.fcbarcelonanoticias.com\\\/en\\\/transfers\\\/city-accelerates-for-florian-wirtz-and-complicates-barca-plans_309289_102.html#breadcrumb\"},\"inLanguage\":\"en-US\",\"potentialAction\":[{\"@type\":\"ReadAction\",\"target\":[\"https:\\\/\\\/www.fcbarcelonanoticias.com\\\/en\\\/transfers\\\/city-accelerates-for-florian-wirtz-and-complicates-barca-plans_309289_102.html\"]}]},{\"@type\":\"ImageObject\",\"inLanguage\":\"en-US\",\"@id\":\"https:\\\/\\\/www.fcbarcelonanoticias.com\\\/en\\\/transfers\\\/city-accelerates-for-florian-wirtz-and-complicates-barca-plans_309289_102.html#primaryimage\",\"url\":\"https:\\\/\\\/www.fcbarcelonanoticias.com\\\/en\\\/wp-content\\\/uploads\\\/sites\\\/2\\\/2024\\\/12\\\/florian-wirtz-v-bayern-munich-scaled.jpeg\",\"contentUrl\":\"https:\\\/\\\/www.fcbarcelonanoticias.com\\\/en\\\/wp-content\\\/uploads\\\/sites\\\/2\\\/2024\\\/12\\\/florian-wirtz-v-bayern-munich-scaled.jpeg\",\"width\":2560,\"height\":1534},{\"@type\":\"BreadcrumbList\",\"@id\":\"https:\\\/\\\/www.fcbarcelonanoticias.com\\\/en\\\/transfers\\\/city-accelerates-for-florian-wirtz-and-complicates-barca-plans_309289_102.html#breadcrumb\",\"itemListElement\":[{\"@type\":\"ListItem\",\"position\":1,\"name\":\"Portada\",\"item\":\"https:\\\/\\\/www.fcbarcelonanoticias.com\\\/en\\\/\"},{\"@type\":\"ListItem\",\"position\":2,\"name\":\"City accelerates for Florian Wirtz and complicates Bar\u00e7a&#8217;s plans\"}]},{\"@type\":\"WebSite\",\"@id\":\"https:\\\/\\\/www.fcbarcelonanoticias.com\\\/en\\\/#website\",\"url\":\"https:\\\/\\\/www.fcbarcelonanoticias.com\\\/en\\\/\",\"name\":\"EN - FC Barcelona Noticias\",\"description\":\"\",\"potentialAction\":[{\"@type\":\"SearchAction\",\"target\":{\"@type\":\"EntryPoint\",\"urlTemplate\":\"https:\\\/\\\/www.fcbarcelonanoticias.com\\\/en\\\/?s={search_term_string}\"},\"query-input\":{\"@type\":\"PropertyValueSpecification\",\"valueRequired\":true,\"valueName\":\"search_term_string\"}}],\"inLanguage\":\"en-US\"},{\"@type\":\"Person\",\"@id\":\"https:\\\/\\\/www.fcbarcelonanoticias.com\\\/en\\\/#\\\/schema\\\/person\\\/c2cd9f6fa1af5c0d0eccd0fefa575c88\",\"name\":\"Andr\u00e9s Quiroz\",\"image\":{\"@type\":\"ImageObject\",\"inLanguage\":\"en-US\",\"@id\":\"https:\\\/\\\/secure.gravatar.com\\\/avatar\\\/?s=96&d=mm&r=g\",\"url\":\"https:\\\/\\\/secure.gravatar.com\\\/avatar\\\/?s=96&d=mm&r=g\",\"contentUrl\":\"https:\\\/\\\/secure.gravatar.com\\\/avatar\\\/?s=96&d=mm&r=g\",\"caption\":\"Andr\u00e9s Quiroz\"},\"description\":\"Licenciado en Periodismo por la Universidad de los Andes. Me encargo de analizar y compartir los contenidos m\u00e1s destacados de la\u00a0actualidad del F\u00fatbol Club Barcelona, Mercado de Fichajes y F\u00fatbol Internacional en FCBN. La informaci\u00f3n es poder, pero tambi\u00e9n conocimiento.\",\"url\":\"https:\\\/\\\/www.fcbarcelonanoticias.com\\\/en\\\/fc-barcelona\\\/andres-quiroz_17_115.html\"}]}<\/script>\n<!-- \/ Yoast SEO plugin. -->","yoast_head_json":{"title":"City accelerates for Florian Wirtz and complicates Bar\u00e7a's plans","description":"Manchester City seems determined to go for Florian Wirtz in January. Pep Guardiola has asked the club for at least a couple of 'top' reinforcements in January, and the 'star' from Leverkusen is one of the targets","robots":{"index":"index","follow":"follow","max-snippet":"max-snippet:-1","max-image-preview":"max-image-preview:large","max-video-preview":"max-video-preview:-1"},"canonical":"https:\/\/www.fcbarcelonanoticias.com\/en\/transfers\/city-accelerates-for-florian-wirtz-and-complicates-barca-plans_309289_102.html","og_locale":"en_US","og_type":"article","og_title":"City accelerates for Florian Wirtz and complicates Bar\u00e7a's plans","og_description":"Manchester City seems determined to go for Florian Wirtz in January. Pep Guardiola has asked the club for at least a couple of 'top' reinforcements in January, and the 'star' from Leverkusen is one of the targets","og_url":"https:\/\/www.fcbarcelonanoticias.com\/en\/transfers\/city-accelerates-for-florian-wirtz-and-complicates-barca-plans_309289_102.html","og_site_name":"EN - FC Barcelona Noticias","article_published_time":"2024-12-13T16:45:00+00:00","og_image":[{"width":2560,"height":1534,"url":"https:\/\/www.fcbarcelonanoticias.com\/en\/wp-content\/uploads\/sites\/2\/2024\/12\/florian-wirtz-v-bayern-munich-scaled.jpeg","type":"image\/jpeg"}],"author":"Andr\u00e9s Quiroz","twitter_card":"summary_large_image","twitter_misc":{"Written by":"Andr\u00e9s Quiroz","Est. reading time":"3 minutes"},"schema":{"@context":"https:\/\/schema.org","@graph":[{"@type":"Article","@id":"https:\/\/www.fcbarcelonanoticias.com\/en\/transfers\/city-accelerates-for-florian-wirtz-and-complicates-barca-plans_309289_102.html#article","isPartOf":{"@id":"https:\/\/www.fcbarcelonanoticias.com\/en\/transfers\/city-accelerates-for-florian-wirtz-and-complicates-barca-plans_309289_102.html"},"author":{"name":"Andr\u00e9s Quiroz","@id":"https:\/\/www.fcbarcelonanoticias.com\/en\/#\/schema\/person\/c2cd9f6fa1af5c0d0eccd0fefa575c88"},"headline":"City accelerates for Florian Wirtz and complicates Bar\u00e7a&#8217;s plans","datePublished":"2024-12-13T16:45:00+00:00","mainEntityOfPage":{"@id":"https:\/\/www.fcbarcelonanoticias.com\/en\/transfers\/city-accelerates-for-florian-wirtz-and-complicates-barca-plans_309289_102.html"},"wordCount":518,"image":{"@id":"https:\/\/www.fcbarcelonanoticias.com\/en\/transfers\/city-accelerates-for-florian-wirtz-and-complicates-barca-plans_309289_102.html#primaryimage"},"thumbnailUrl":"https:\/\/www.fcbarcelonanoticias.com\/en\/wp-content\/uploads\/sites\/2\/2024\/12\/florian-wirtz-v-bayern-munich-scaled.jpeg","keywords":["Bayer Leverkusen","Florian Wirtz","Manchester City","Pep Guardiola"],"articleSection":["Transfers","Transfers"],"inLanguage":"en-US"},{"@type":"WebPage","@id":"https:\/\/www.fcbarcelonanoticias.com\/en\/transfers\/city-accelerates-for-florian-wirtz-and-complicates-barca-plans_309289_102.html","url":"https:\/\/www.fcbarcelonanoticias.com\/en\/transfers\/city-accelerates-for-florian-wirtz-and-complicates-barca-plans_309289_102.html","name":"City accelerates for Florian Wirtz and complicates Bar\u00e7a's plans","isPartOf":{"@id":"https:\/\/www.fcbarcelonanoticias.com\/en\/#website"},"primaryImageOfPage":{"@id":"https:\/\/www.fcbarcelonanoticias.com\/en\/transfers\/city-accelerates-for-florian-wirtz-and-complicates-barca-plans_309289_102.html#primaryimage"},"image":{"@id":"https:\/\/www.fcbarcelonanoticias.com\/en\/transfers\/city-accelerates-for-florian-wirtz-and-complicates-barca-plans_309289_102.html#primaryimage"},"thumbnailUrl":"https:\/\/www.fcbarcelonanoticias.com\/en\/wp-content\/uploads\/sites\/2\/2024\/12\/florian-wirtz-v-bayern-munich-scaled.jpeg","datePublished":"2024-12-13T16:45:00+00:00","author":{"@id":"https:\/\/www.fcbarcelonanoticias.com\/en\/#\/schema\/person\/c2cd9f6fa1af5c0d0eccd0fefa575c88"},"description":"Manchester City seems determined to go for Florian Wirtz in January. Pep Guardiola has asked the club for at least a couple of 'top' reinforcements in January, and the 'star' from Leverkusen is one of the targets","breadcrumb":{"@id":"https:\/\/www.fcbarcelonanoticias.com\/en\/transfers\/city-accelerates-for-florian-wirtz-and-complicates-barca-plans_309289_102.html#breadcrumb"},"inLanguage":"en-US","potentialAction":[{"@type":"ReadAction","target":["https:\/\/www.fcbarcelonanoticias.com\/en\/transfers\/city-accelerates-for-florian-wirtz-and-complicates-barca-plans_309289_102.html"]}]},{"@type":"ImageObject","inLanguage":"en-US","@id":"https:\/\/www.fcbarcelonanoticias.com\/en\/transfers\/city-accelerates-for-florian-wirtz-and-complicates-barca-plans_309289_102.html#primaryimage","url":"https:\/\/www.fcbarcelonanoticias.com\/en\/wp-content\/uploads\/sites\/2\/2024\/12\/florian-wirtz-v-bayern-munich-scaled.jpeg","contentUrl":"https:\/\/www.fcbarcelonanoticias.com\/en\/wp-content\/uploads\/sites\/2\/2024\/12\/florian-wirtz-v-bayern-munich-scaled.jpeg","width":2560,"height":1534},{"@type":"BreadcrumbList","@id":"https:\/\/www.fcbarcelonanoticias.com\/en\/transfers\/city-accelerates-for-florian-wirtz-and-complicates-barca-plans_309289_102.html#breadcrumb","itemListElement":[{"@type":"ListItem","position":1,"name":"Portada","item":"https:\/\/www.fcbarcelonanoticias.com\/en\/"},{"@type":"ListItem","position":2,"name":"City accelerates for Florian Wirtz and complicates Bar\u00e7a&#8217;s plans"}]},{"@type":"WebSite","@id":"https:\/\/www.fcbarcelonanoticias.com\/en\/#website","url":"https:\/\/www.fcbarcelonanoticias.com\/en\/","name":"EN - FC Barcelona Noticias","description":"","potentialAction":[{"@type":"SearchAction","target":{"@type":"EntryPoint","urlTemplate":"https:\/\/www.fcbarcelonanoticias.com\/en\/?s={search_term_string}"},"query-input":{"@type":"PropertyValueSpecification","valueRequired":true,"valueName":"search_term_string"}}],"inLanguage":"en-US"},{"@type":"Person","@id":"https:\/\/www.fcbarcelonanoticias.com\/en\/#\/schema\/person\/c2cd9f6fa1af5c0d0eccd0fefa575c88","name":"Andr\u00e9s Quiroz","image":{"@type":"ImageObject","inLanguage":"en-US","@id":"https:\/\/secure.gravatar.com\/avatar\/?s=96&d=mm&r=g","url":"https:\/\/secure.gravatar.com\/avatar\/?s=96&d=mm&r=g","contentUrl":"https:\/\/secure.gravatar.com\/avatar\/?s=96&d=mm&r=g","caption":"Andr\u00e9s Quiroz"},"description":"Licenciado en Periodismo por la Universidad de los Andes. Me encargo de analizar y compartir los contenidos m\u00e1s destacados de la\u00a0actualidad del F\u00fatbol Club Barcelona, Mercado de Fichajes y F\u00fatbol Internacional en FCBN. La informaci\u00f3n es poder, pero tambi\u00e9n conocimiento.","url":"https:\/\/www.fcbarcelonanoticias.com\/en\/fc-barcelona\/andres-quiroz_17_115.html"}]}},"_links":{"self":[{"href":"https:\/\/www.fcbarcelonanoticias.com\/en\/wp-json\/wp\/v2\/posts\/94173","targetHints":{"allow":["GET"]}}],"collection":[{"href":"https:\/\/www.fcbarcelonanoticias.com\/en\/wp-json\/wp\/v2\/posts"}],"about":[{"href":"https:\/\/www.fcbarcelonanoticias.com\/en\/wp-json\/wp\/v2\/types\/post"}],"author":[{"embeddable":true,"href":"https:\/\/www.fcbarcelonanoticias.com\/en\/wp-json\/wp\/v2\/users\/347"}],"replies":[{"embeddable":true,"href":"https:\/\/www.fcbarcelonanoticias.com\/en\/wp-json\/wp\/v2\/comments?post=94173"}],"version-history":[{"count":1,"href":"https:\/\/www.fcbarcelonanoticias.com\/en\/wp-json\/wp\/v2\/posts\/94173\/revisions"}],"predecessor-version":[{"id":126871,"href":"https:\/\/www.fcbarcelonanoticias.com\/en\/wp-json\/wp\/v2\/posts\/94173\/revisions\/126871"}],"wp:featuredmedia":[{"embeddable":true,"href":"https:\/\/www.fcbarcelonanoticias.com\/en\/wp-json\/wp\/v2\/media\/94187"}],"wp:attachment":[{"href":"https:\/\/www.fcbarcelonanoticias.com\/en\/wp-json\/wp\/v2\/media?parent=94173"}],"wp:term":[{"taxonomy":"category","embeddable":true,"href":"https:\/\/www.fcbarcelonanoticias.com\/en\/wp-json\/wp\/v2\/categories?post=94173"},{"taxonomy":"post_tag","embeddable":true,"href":"https:\/\/www.fcbarcelonanoticias.com\/en\/wp-json\/wp\/v2\/tags?post=94173"}],"curies":[{"name":"wp","href":"https:\/\/api.w.org\/{rel}","templated":true}]}}