{"id":94400,"date":"2024-09-18T23:20:00","date_gmt":"2024-09-18T21:20:00","guid":{"rendered":"https:\/\/weisetech.dev\/fc-barcelona-noticias\/en\/lever-zoom-jamal-musiala-fc-barcelona-next-summer_307357_102\/"},"modified":"2024-09-20T18:58:00","modified_gmt":"2024-09-20T16:58:00","slug":"lever-zoom-jamal-musiala-fc-barcelona-next-summer_307357_102","status":"publish","type":"post","link":"https:\/\/www.fcbarcelonanoticias.com\/en\/transfers\/lever-zoom-jamal-musiala-fc-barcelona-next-summer_307357_102.html","title":{"rendered":"The &#8216;lever&#8217; that will bring Jamal Musiala closer to FC Barcelona next summer"},"content":{"rendered":"<h2 class=\"wp-block-heading\">The FC Barcelona board trusts to have enough salary margin and cash in hand to sign normally in the summer of 2025. One of the &#8216;cracks&#8217; who would be within reach is Jamal Musiala, once the new contract with Nike is closed<\/h2>  \r\n<div class=\"article-addons\">\r\n    <a href=\"https:\/\/www.fcbarcelonanoticias.com\/en\/calendar-fc-barcelona.html\"\r\n       target=\"_self\"\r\n       title=\"Calendar of FC Barcelona\"\r\n       class=\"blue-gredient-btn\">\r\n       \r\n        Calendar of FC Barcelona    <\/a>\r\n<\/div>   <p>Joan Laporta seems to have a clear formula to attack the signing of Jamal Musiala next summer. <strong>The 21-year-old winger, one of the main figures of the last Euro Cup, has a contract with Bayern Munich until June 2026<\/strong> and, for the moment, his future with the Bavarians remains undefined. In that sense, the FC Barcelona board trusts to be able to negotiate an affordable price for the Stuttgart player, although it will be a high transfer for the Catalans&#8217; finances.<\/p>  <p><strong>In principle, Bar\u00e7a would be willing to offer 120 million euros for the Bavarian &#8217;42&#8217;<\/strong>, 10 kilos less than his current market value. The sporting director of the Munich team, Max Eberl, recently assured that, although it will be a difficult negotiation, the club has already started negotiations with Musiala&#8217;s agent to sign a new contract, although the board is aware of the risk of losing its star. . &#8220;If Jamal wants to go somewhere else in 2026, then a solution will be found,&#8221; Eberl commented in an interview with &#8216;Sport1&#8217;.<\/p>  <h2>The new contract with Nike, key for Bar\u00e7a in the &#8216;Operation Musiala&#8217;<\/h2>  <p>In that sense, Bar\u00e7a would take advantage of Musiala&#8217;s desire to make the jump to another &#8216;big&#8217; to make him their star signing of the summer of 2025, as long as the club has enough &#8216;Fair Play&#8217; to strengthen itself. Laporta intends to reinvest the money derived from the new contract that the club will sign with Nike,<strong> a &#8216;leverage&#8217; that will leave Bar\u00e7a around 90 million euros net per season, in addition to a bonus of \u20ac120M, enough to amortize the transfer of the &#8216;crack&#8217;. &#8216; German<\/strong>.<\/p>  <p>The board hopes to close the negotiation with the American company before the end of the year, an agreement that will allow the club to return once and for all to the 1\/1 rule to sign normally. <strong>The club hoped to add the money from the new contract with Nike this summer, but negotiations with the North American multinational took longer than expected<\/strong>. Not in vain, Bar\u00e7a just released its two alternative kits for 2024\/25 this month, while the home shirt went on sale a month later than usual.<\/p> ","protected":false},"excerpt":{"rendered":"<p>The FC Barcelona board trusts to have enough salary margin and cash in hand to sign normally in the summer of 2025. One of the &#8216;cracks&#8217; who would be within reach is Jamal Musiala, once the new contract with Nike is closed Joan Laporta seems to have a clear formula to attack the signing of [&hellip;]<\/p>\n","protected":false},"author":347,"featured_media":94415,"comment_status":"closed","ping_status":"open","sticky":false,"template":"","format":"standard","meta":{"_acf_changed":false,"inline_featured_image":false,"_nextfly_llmd_date_locked":false,"footnotes":""},"categories":[449,106],"tags":[104,212],"class_list":["post-94400","post","type-post","status-publish","format-standard","has-post-thumbnail","hentry","category-transfers-2","category-transfers","tag-bayern-munich","tag-jamal-musiala"],"acf":[],"yoast_head":"<!-- This site is optimized with the Yoast SEO plugin v27.3 - https:\/\/yoast.com\/product\/yoast-seo-wordpress\/ -->\n<title>The &#039;lever&#039; that will bring Jamal Musiala closer to FC Barcelona next summer<\/title>\n<meta name=\"description\" content=\"The FC Barcelona board trusts to have enough salary margin and cash in hand to sign normally in the summer of 2025. One of the &#039;cracks&#039; who would be within reach is Jamal Musiala, once the new contract with Nike is closed\" \/>\n<meta name=\"robots\" content=\"index, follow, max-snippet:-1, max-image-preview:large, max-video-preview:-1\" \/>\n<link rel=\"canonical\" href=\"https:\/\/www.fcbarcelonanoticias.com\/en\/transfers\/lever-zoom-jamal-musiala-fc-barcelona-next-summer_307357_102.html\" \/>\n<meta property=\"og:locale\" content=\"en_US\" \/>\n<meta property=\"og:type\" content=\"article\" \/>\n<meta property=\"og:title\" content=\"The &#039;lever&#039; that will bring Jamal Musiala closer to FC Barcelona next summer\" \/>\n<meta property=\"og:description\" content=\"The FC Barcelona board trusts to have enough salary margin and cash in hand to sign normally in the summer of 2025. One of the &#039;cracks&#039; who would be within reach is Jamal Musiala, once the new contract with Nike is closed\" \/>\n<meta property=\"og:url\" content=\"https:\/\/www.fcbarcelonanoticias.com\/en\/transfers\/lever-zoom-jamal-musiala-fc-barcelona-next-summer_307357_102.html\" \/>\n<meta property=\"og:site_name\" content=\"EN - FC Barcelona Noticias\" \/>\n<meta property=\"article:published_time\" content=\"2024-09-18T21:20:00+00:00\" \/>\n<meta property=\"article:modified_time\" content=\"2024-09-20T16:58:00+00:00\" \/>\n<meta property=\"og:image\" content=\"https:\/\/www.fcbarcelonanoticias.com\/en\/wp-content\/uploads\/sites\/2\/2024\/09\/jamal-musiala-bayern-munich.jpeg\" \/>\n\t<meta property=\"og:image:width\" content=\"1250\" \/>\n\t<meta property=\"og:image:height\" content=\"730\" \/>\n\t<meta property=\"og:image:type\" content=\"image\/jpeg\" \/>\n<meta name=\"author\" content=\"Andr\u00e9s Quiroz\" \/>\n<meta name=\"twitter:card\" content=\"summary_large_image\" \/>\n<meta name=\"twitter:label1\" content=\"Written by\" \/>\n\t<meta name=\"twitter:data1\" content=\"Andr\u00e9s Quiroz\" \/>\n\t<meta name=\"twitter:label2\" content=\"Est. reading time\" \/>\n\t<meta name=\"twitter:data2\" content=\"2 minutes\" \/>\n<script type=\"application\/ld+json\" class=\"yoast-schema-graph\">{\"@context\":\"https:\\\/\\\/schema.org\",\"@graph\":[{\"@type\":\"Article\",\"@id\":\"https:\\\/\\\/www.fcbarcelonanoticias.com\\\/en\\\/transfers\\\/lever-zoom-jamal-musiala-fc-barcelona-next-summer_307357_102.html#article\",\"isPartOf\":{\"@id\":\"https:\\\/\\\/www.fcbarcelonanoticias.com\\\/en\\\/transfers\\\/lever-zoom-jamal-musiala-fc-barcelona-next-summer_307357_102.html\"},\"author\":{\"name\":\"Andr\u00e9s Quiroz\",\"@id\":\"https:\\\/\\\/www.fcbarcelonanoticias.com\\\/en\\\/#\\\/schema\\\/person\\\/c2cd9f6fa1af5c0d0eccd0fefa575c88\"},\"headline\":\"The &#8216;lever&#8217; that will bring Jamal Musiala closer to FC Barcelona next summer\",\"datePublished\":\"2024-09-18T21:20:00+00:00\",\"dateModified\":\"2024-09-20T16:58:00+00:00\",\"mainEntityOfPage\":{\"@id\":\"https:\\\/\\\/www.fcbarcelonanoticias.com\\\/en\\\/transfers\\\/lever-zoom-jamal-musiala-fc-barcelona-next-summer_307357_102.html\"},\"wordCount\":411,\"image\":{\"@id\":\"https:\\\/\\\/www.fcbarcelonanoticias.com\\\/en\\\/transfers\\\/lever-zoom-jamal-musiala-fc-barcelona-next-summer_307357_102.html#primaryimage\"},\"thumbnailUrl\":\"https:\\\/\\\/www.fcbarcelonanoticias.com\\\/en\\\/wp-content\\\/uploads\\\/sites\\\/2\\\/2024\\\/09\\\/jamal-musiala-bayern-munich.jpeg\",\"keywords\":[\"Bayern Munich\",\"Jamal Musiala\"],\"articleSection\":[\"Transfers\",\"Transfers\"],\"inLanguage\":\"en-US\"},{\"@type\":\"WebPage\",\"@id\":\"https:\\\/\\\/www.fcbarcelonanoticias.com\\\/en\\\/transfers\\\/lever-zoom-jamal-musiala-fc-barcelona-next-summer_307357_102.html\",\"url\":\"https:\\\/\\\/www.fcbarcelonanoticias.com\\\/en\\\/transfers\\\/lever-zoom-jamal-musiala-fc-barcelona-next-summer_307357_102.html\",\"name\":\"The 'lever' that will bring Jamal Musiala closer to FC Barcelona next summer\",\"isPartOf\":{\"@id\":\"https:\\\/\\\/www.fcbarcelonanoticias.com\\\/en\\\/#website\"},\"primaryImageOfPage\":{\"@id\":\"https:\\\/\\\/www.fcbarcelonanoticias.com\\\/en\\\/transfers\\\/lever-zoom-jamal-musiala-fc-barcelona-next-summer_307357_102.html#primaryimage\"},\"image\":{\"@id\":\"https:\\\/\\\/www.fcbarcelonanoticias.com\\\/en\\\/transfers\\\/lever-zoom-jamal-musiala-fc-barcelona-next-summer_307357_102.html#primaryimage\"},\"thumbnailUrl\":\"https:\\\/\\\/www.fcbarcelonanoticias.com\\\/en\\\/wp-content\\\/uploads\\\/sites\\\/2\\\/2024\\\/09\\\/jamal-musiala-bayern-munich.jpeg\",\"datePublished\":\"2024-09-18T21:20:00+00:00\",\"dateModified\":\"2024-09-20T16:58:00+00:00\",\"author\":{\"@id\":\"https:\\\/\\\/www.fcbarcelonanoticias.com\\\/en\\\/#\\\/schema\\\/person\\\/c2cd9f6fa1af5c0d0eccd0fefa575c88\"},\"description\":\"The FC Barcelona board trusts to have enough salary margin and cash in hand to sign normally in the summer of 2025. One of the 'cracks' who would be within reach is Jamal Musiala, once the new contract with Nike is closed\",\"breadcrumb\":{\"@id\":\"https:\\\/\\\/www.fcbarcelonanoticias.com\\\/en\\\/transfers\\\/lever-zoom-jamal-musiala-fc-barcelona-next-summer_307357_102.html#breadcrumb\"},\"inLanguage\":\"en-US\",\"potentialAction\":[{\"@type\":\"ReadAction\",\"target\":[\"https:\\\/\\\/www.fcbarcelonanoticias.com\\\/en\\\/transfers\\\/lever-zoom-jamal-musiala-fc-barcelona-next-summer_307357_102.html\"]}]},{\"@type\":\"ImageObject\",\"inLanguage\":\"en-US\",\"@id\":\"https:\\\/\\\/www.fcbarcelonanoticias.com\\\/en\\\/transfers\\\/lever-zoom-jamal-musiala-fc-barcelona-next-summer_307357_102.html#primaryimage\",\"url\":\"https:\\\/\\\/www.fcbarcelonanoticias.com\\\/en\\\/wp-content\\\/uploads\\\/sites\\\/2\\\/2024\\\/09\\\/jamal-musiala-bayern-munich.jpeg\",\"contentUrl\":\"https:\\\/\\\/www.fcbarcelonanoticias.com\\\/en\\\/wp-content\\\/uploads\\\/sites\\\/2\\\/2024\\\/09\\\/jamal-musiala-bayern-munich.jpeg\",\"width\":1250,\"height\":730},{\"@type\":\"BreadcrumbList\",\"@id\":\"https:\\\/\\\/www.fcbarcelonanoticias.com\\\/en\\\/transfers\\\/lever-zoom-jamal-musiala-fc-barcelona-next-summer_307357_102.html#breadcrumb\",\"itemListElement\":[{\"@type\":\"ListItem\",\"position\":1,\"name\":\"Portada\",\"item\":\"https:\\\/\\\/www.fcbarcelonanoticias.com\\\/en\\\/\"},{\"@type\":\"ListItem\",\"position\":2,\"name\":\"The &#8216;lever&#8217; that will bring Jamal Musiala closer to FC Barcelona next summer\"}]},{\"@type\":\"WebSite\",\"@id\":\"https:\\\/\\\/www.fcbarcelonanoticias.com\\\/en\\\/#website\",\"url\":\"https:\\\/\\\/www.fcbarcelonanoticias.com\\\/en\\\/\",\"name\":\"EN - FC Barcelona Noticias\",\"description\":\"\",\"potentialAction\":[{\"@type\":\"SearchAction\",\"target\":{\"@type\":\"EntryPoint\",\"urlTemplate\":\"https:\\\/\\\/www.fcbarcelonanoticias.com\\\/en\\\/?s={search_term_string}\"},\"query-input\":{\"@type\":\"PropertyValueSpecification\",\"valueRequired\":true,\"valueName\":\"search_term_string\"}}],\"inLanguage\":\"en-US\"},{\"@type\":\"Person\",\"@id\":\"https:\\\/\\\/www.fcbarcelonanoticias.com\\\/en\\\/#\\\/schema\\\/person\\\/c2cd9f6fa1af5c0d0eccd0fefa575c88\",\"name\":\"Andr\u00e9s Quiroz\",\"image\":{\"@type\":\"ImageObject\",\"inLanguage\":\"en-US\",\"@id\":\"https:\\\/\\\/secure.gravatar.com\\\/avatar\\\/?s=96&d=mm&r=g\",\"url\":\"https:\\\/\\\/secure.gravatar.com\\\/avatar\\\/?s=96&d=mm&r=g\",\"contentUrl\":\"https:\\\/\\\/secure.gravatar.com\\\/avatar\\\/?s=96&d=mm&r=g\",\"caption\":\"Andr\u00e9s Quiroz\"},\"description\":\"Licenciado en Periodismo por la Universidad de los Andes. Me encargo de analizar y compartir los contenidos m\u00e1s destacados de la\u00a0actualidad del F\u00fatbol Club Barcelona, Mercado de Fichajes y F\u00fatbol Internacional en FCBN. La informaci\u00f3n es poder, pero tambi\u00e9n conocimiento.\",\"url\":\"https:\\\/\\\/www.fcbarcelonanoticias.com\\\/en\\\/fc-barcelona\\\/andres-quiroz_17_115.html\"}]}<\/script>\n<!-- \/ Yoast SEO plugin. -->","yoast_head_json":{"title":"The 'lever' that will bring Jamal Musiala closer to FC Barcelona next summer","description":"The FC Barcelona board trusts to have enough salary margin and cash in hand to sign normally in the summer of 2025. One of the 'cracks' who would be within reach is Jamal Musiala, once the new contract with Nike is closed","robots":{"index":"index","follow":"follow","max-snippet":"max-snippet:-1","max-image-preview":"max-image-preview:large","max-video-preview":"max-video-preview:-1"},"canonical":"https:\/\/www.fcbarcelonanoticias.com\/en\/transfers\/lever-zoom-jamal-musiala-fc-barcelona-next-summer_307357_102.html","og_locale":"en_US","og_type":"article","og_title":"The 'lever' that will bring Jamal Musiala closer to FC Barcelona next summer","og_description":"The FC Barcelona board trusts to have enough salary margin and cash in hand to sign normally in the summer of 2025. One of the 'cracks' who would be within reach is Jamal Musiala, once the new contract with Nike is closed","og_url":"https:\/\/www.fcbarcelonanoticias.com\/en\/transfers\/lever-zoom-jamal-musiala-fc-barcelona-next-summer_307357_102.html","og_site_name":"EN - FC Barcelona Noticias","article_published_time":"2024-09-18T21:20:00+00:00","article_modified_time":"2024-09-20T16:58:00+00:00","og_image":[{"width":1250,"height":730,"url":"https:\/\/www.fcbarcelonanoticias.com\/en\/wp-content\/uploads\/sites\/2\/2024\/09\/jamal-musiala-bayern-munich.jpeg","type":"image\/jpeg"}],"author":"Andr\u00e9s Quiroz","twitter_card":"summary_large_image","twitter_misc":{"Written by":"Andr\u00e9s Quiroz","Est. reading time":"2 minutes"},"schema":{"@context":"https:\/\/schema.org","@graph":[{"@type":"Article","@id":"https:\/\/www.fcbarcelonanoticias.com\/en\/transfers\/lever-zoom-jamal-musiala-fc-barcelona-next-summer_307357_102.html#article","isPartOf":{"@id":"https:\/\/www.fcbarcelonanoticias.com\/en\/transfers\/lever-zoom-jamal-musiala-fc-barcelona-next-summer_307357_102.html"},"author":{"name":"Andr\u00e9s Quiroz","@id":"https:\/\/www.fcbarcelonanoticias.com\/en\/#\/schema\/person\/c2cd9f6fa1af5c0d0eccd0fefa575c88"},"headline":"The &#8216;lever&#8217; that will bring Jamal Musiala closer to FC Barcelona next summer","datePublished":"2024-09-18T21:20:00+00:00","dateModified":"2024-09-20T16:58:00+00:00","mainEntityOfPage":{"@id":"https:\/\/www.fcbarcelonanoticias.com\/en\/transfers\/lever-zoom-jamal-musiala-fc-barcelona-next-summer_307357_102.html"},"wordCount":411,"image":{"@id":"https:\/\/www.fcbarcelonanoticias.com\/en\/transfers\/lever-zoom-jamal-musiala-fc-barcelona-next-summer_307357_102.html#primaryimage"},"thumbnailUrl":"https:\/\/www.fcbarcelonanoticias.com\/en\/wp-content\/uploads\/sites\/2\/2024\/09\/jamal-musiala-bayern-munich.jpeg","keywords":["Bayern Munich","Jamal Musiala"],"articleSection":["Transfers","Transfers"],"inLanguage":"en-US"},{"@type":"WebPage","@id":"https:\/\/www.fcbarcelonanoticias.com\/en\/transfers\/lever-zoom-jamal-musiala-fc-barcelona-next-summer_307357_102.html","url":"https:\/\/www.fcbarcelonanoticias.com\/en\/transfers\/lever-zoom-jamal-musiala-fc-barcelona-next-summer_307357_102.html","name":"The 'lever' that will bring Jamal Musiala closer to FC Barcelona next summer","isPartOf":{"@id":"https:\/\/www.fcbarcelonanoticias.com\/en\/#website"},"primaryImageOfPage":{"@id":"https:\/\/www.fcbarcelonanoticias.com\/en\/transfers\/lever-zoom-jamal-musiala-fc-barcelona-next-summer_307357_102.html#primaryimage"},"image":{"@id":"https:\/\/www.fcbarcelonanoticias.com\/en\/transfers\/lever-zoom-jamal-musiala-fc-barcelona-next-summer_307357_102.html#primaryimage"},"thumbnailUrl":"https:\/\/www.fcbarcelonanoticias.com\/en\/wp-content\/uploads\/sites\/2\/2024\/09\/jamal-musiala-bayern-munich.jpeg","datePublished":"2024-09-18T21:20:00+00:00","dateModified":"2024-09-20T16:58:00+00:00","author":{"@id":"https:\/\/www.fcbarcelonanoticias.com\/en\/#\/schema\/person\/c2cd9f6fa1af5c0d0eccd0fefa575c88"},"description":"The FC Barcelona board trusts to have enough salary margin and cash in hand to sign normally in the summer of 2025. One of the 'cracks' who would be within reach is Jamal Musiala, once the new contract with Nike is closed","breadcrumb":{"@id":"https:\/\/www.fcbarcelonanoticias.com\/en\/transfers\/lever-zoom-jamal-musiala-fc-barcelona-next-summer_307357_102.html#breadcrumb"},"inLanguage":"en-US","potentialAction":[{"@type":"ReadAction","target":["https:\/\/www.fcbarcelonanoticias.com\/en\/transfers\/lever-zoom-jamal-musiala-fc-barcelona-next-summer_307357_102.html"]}]},{"@type":"ImageObject","inLanguage":"en-US","@id":"https:\/\/www.fcbarcelonanoticias.com\/en\/transfers\/lever-zoom-jamal-musiala-fc-barcelona-next-summer_307357_102.html#primaryimage","url":"https:\/\/www.fcbarcelonanoticias.com\/en\/wp-content\/uploads\/sites\/2\/2024\/09\/jamal-musiala-bayern-munich.jpeg","contentUrl":"https:\/\/www.fcbarcelonanoticias.com\/en\/wp-content\/uploads\/sites\/2\/2024\/09\/jamal-musiala-bayern-munich.jpeg","width":1250,"height":730},{"@type":"BreadcrumbList","@id":"https:\/\/www.fcbarcelonanoticias.com\/en\/transfers\/lever-zoom-jamal-musiala-fc-barcelona-next-summer_307357_102.html#breadcrumb","itemListElement":[{"@type":"ListItem","position":1,"name":"Portada","item":"https:\/\/www.fcbarcelonanoticias.com\/en\/"},{"@type":"ListItem","position":2,"name":"The &#8216;lever&#8217; that will bring Jamal Musiala closer to FC Barcelona next summer"}]},{"@type":"WebSite","@id":"https:\/\/www.fcbarcelonanoticias.com\/en\/#website","url":"https:\/\/www.fcbarcelonanoticias.com\/en\/","name":"EN - FC Barcelona Noticias","description":"","potentialAction":[{"@type":"SearchAction","target":{"@type":"EntryPoint","urlTemplate":"https:\/\/www.fcbarcelonanoticias.com\/en\/?s={search_term_string}"},"query-input":{"@type":"PropertyValueSpecification","valueRequired":true,"valueName":"search_term_string"}}],"inLanguage":"en-US"},{"@type":"Person","@id":"https:\/\/www.fcbarcelonanoticias.com\/en\/#\/schema\/person\/c2cd9f6fa1af5c0d0eccd0fefa575c88","name":"Andr\u00e9s Quiroz","image":{"@type":"ImageObject","inLanguage":"en-US","@id":"https:\/\/secure.gravatar.com\/avatar\/?s=96&d=mm&r=g","url":"https:\/\/secure.gravatar.com\/avatar\/?s=96&d=mm&r=g","contentUrl":"https:\/\/secure.gravatar.com\/avatar\/?s=96&d=mm&r=g","caption":"Andr\u00e9s Quiroz"},"description":"Licenciado en Periodismo por la Universidad de los Andes. Me encargo de analizar y compartir los contenidos m\u00e1s destacados de la\u00a0actualidad del F\u00fatbol Club Barcelona, Mercado de Fichajes y F\u00fatbol Internacional en FCBN. La informaci\u00f3n es poder, pero tambi\u00e9n conocimiento.","url":"https:\/\/www.fcbarcelonanoticias.com\/en\/fc-barcelona\/andres-quiroz_17_115.html"}]}},"_links":{"self":[{"href":"https:\/\/www.fcbarcelonanoticias.com\/en\/wp-json\/wp\/v2\/posts\/94400","targetHints":{"allow":["GET"]}}],"collection":[{"href":"https:\/\/www.fcbarcelonanoticias.com\/en\/wp-json\/wp\/v2\/posts"}],"about":[{"href":"https:\/\/www.fcbarcelonanoticias.com\/en\/wp-json\/wp\/v2\/types\/post"}],"author":[{"embeddable":true,"href":"https:\/\/www.fcbarcelonanoticias.com\/en\/wp-json\/wp\/v2\/users\/347"}],"replies":[{"embeddable":true,"href":"https:\/\/www.fcbarcelonanoticias.com\/en\/wp-json\/wp\/v2\/comments?post=94400"}],"version-history":[{"count":1,"href":"https:\/\/www.fcbarcelonanoticias.com\/en\/wp-json\/wp\/v2\/posts\/94400\/revisions"}],"predecessor-version":[{"id":131046,"href":"https:\/\/www.fcbarcelonanoticias.com\/en\/wp-json\/wp\/v2\/posts\/94400\/revisions\/131046"}],"wp:featuredmedia":[{"embeddable":true,"href":"https:\/\/www.fcbarcelonanoticias.com\/en\/wp-json\/wp\/v2\/media\/94415"}],"wp:attachment":[{"href":"https:\/\/www.fcbarcelonanoticias.com\/en\/wp-json\/wp\/v2\/media?parent=94400"}],"wp:term":[{"taxonomy":"category","embeddable":true,"href":"https:\/\/www.fcbarcelonanoticias.com\/en\/wp-json\/wp\/v2\/categories?post=94400"},{"taxonomy":"post_tag","embeddable":true,"href":"https:\/\/www.fcbarcelonanoticias.com\/en\/wp-json\/wp\/v2\/tags?post=94400"}],"curies":[{"name":"wp","href":"https:\/\/api.w.org\/{rel}","templated":true}]}}