{"id":94425,"date":"2024-12-05T17:23:00","date_gmt":"2024-12-05T16:23:00","guid":{"rendered":"https:\/\/weisetech.dev\/fc-barcelona-noticias\/en\/fc-barcelona-get-the-final-lever-to-sign-dani-olmo_309093_102\/"},"modified":"2024-12-05T17:45:00","modified_gmt":"2024-12-05T16:45:00","slug":"fc-barcelona-get-the-final-lever-to-sign-dani-olmo_309093_102","status":"publish","type":"post","link":"https:\/\/www.fcbarcelonanoticias.com\/en\/transfers\/fc-barcelona-get-the-final-lever-to-sign-dani-olmo_309093_102.html","title":{"rendered":"FC Barcelona get the final &#8216;lever&#8217; to sign Dani Olmo"},"content":{"rendered":"<h2 class=\"wp-block-heading\">Bar\u00e7a is close to entering the 1\/1 rule. The club will negotiate the sale of VIP seats for the next 20 years and expect to receive 200 million euros<\/h2>  \r\n<div class=\"article-addons\">\r\n    <a href=\"https:\/\/www.fcbarcelonanoticias.com\/en\/calendar-fc-barcelona.html\"\r\n       target=\"_self\"\r\n       title=\"Calendar of FC Barcelona\"\r\n       class=\"blue-gredient-btn\">\r\n       \r\n        Calendar of FC Barcelona    <\/a>\r\n<\/div>   <p><strong>FC Barcelona<\/strong> is very close to resolving its priority folder. The Catalans are finalising negotiations for the sale of VIP seats at the <strong>Spotify Camp Nou <\/strong>for the next 20 years, which will mean an immediate income of 200 million euros and will allow them to enter the 1\/1 rule, <a data-external=\"0\" data-intl-links-en=\"https:\/\/www.fcbarcelonanoticias.com\/en\/transfers\/fc-barcelona-big-task-in-the-winter-transfer-market_309007_102.html\" data-intl-links-es=\"https:\/\/www.fcbarcelonanoticias.com\/fichajes\/gran-tarea-fc-barcelona-en-mercado-fichajes-invierno_309007_102.html\" href=\"https:\/\/www.fcbarcelonanoticias.com\/en\/transfers\/fc-barcelona-big-task-in-the-winter-transfer-market_309007_102.html\" rel=\"follow\" target=\"_self\" title=\"FC Barcelona's big task in the winter transfer market\">a definitive step to be able to register Dani Olmo and Pau V\u00edctor in the winter market<\/a>.<\/p>  <p>The Blaugranas studied different alternatives to solve their problems with financial fair play, among which the new contract with <strong>Nike <\/strong>stood out, an agreement that was made official a couple of weeks ago, or the search for new partners for <strong>Bar\u00e7a Vision<\/strong>.<\/p>  <p>However, the appearance of this model previously applied by clubs such as <strong>Real Madrid<\/strong> has been the best way to put an end to the salary cap inconveniences. The Blaugranas will sell a limited number of seats with special services for a minimum period of 20 years <strong>in exchange for 200 million euros<\/strong>, an operation that has already received the green light from the board and only the deal with the buyer is needed, with several companies very interested in acquiring the entire package immediately.<\/p>  <h3>Bar\u00e7a will be able to register Dani Olmo and Pau V\u00edctor in January<\/h3>  <p>At <strong>Can Bar\u00e7a<\/strong> they have already informed <strong>LaLiga <\/strong>of this new lever and it will be validated without problems, so it is a matter of days before the club returns to the 1\/1 rule. The forecast is that everything will be resolved before January 18, the date on which <strong>Hansi Flick&#8217;s<\/strong> team returns to play in the league championship.<\/p>  <p>With this new agreement, the Blaugranas will not only be able to finalize the registrations of <strong>Dani Olmo<\/strong> and <strong>Pau V\u00edctor<\/strong> in January, but they will also be able to deal with other operations such as the renewals of <strong>Gavi <\/strong>and <strong>Pedri <\/strong>or, even, the arrival of some reinforcement if they consider it necessary.<\/p>  <p>In addition, the sale of the VIP seats, together with the signing of the new contract with <strong>Nike<\/strong>, will give the club the financial muscle necessary to take on a big signing next summer, although the idea of \u200b\u200bthe Blaugrana leadership is to be cautious with the club&#8217;s finances as far as possible. However, <a data-external=\"0\" data-intl-links-en=\"https:\/\/www.fcbarcelonanoticias.com\/en\/transfers\/rafael-leao-passes-on-premier-league-giant-and-gives-barca-wings-with-his-signing_309080_102.html\" data-intl-links-es=\"https:\/\/www.fcbarcelonanoticias.com\/fichajes\/rafael-leao-pasa-grande-premier-da-alas-barca-con-su-fichaje_309080_102.html\" href=\"https:\/\/www.fcbarcelonanoticias.com\/en\/transfers\/rafael-leao-passes-on-premier-league-giant-and-gives-barca-wings-with-his-signing_309080_102.html\" rel=\"follow\" target=\"_self\" title=\"Rafael Leao 'passes' on a Premier League giant and gives Bar\u00e7a 'wings' with his signing\">names such as Rafael Leao, Florian Wirtz and Viktor Gy\u00f6keres will continue to hover over Barcelona in the coming months<\/a>.<\/p> ","protected":false},"excerpt":{"rendered":"<p>Bar\u00e7a is close to entering the 1\/1 rule. The club will negotiate the sale of VIP seats for the next 20 years and expect to receive 200 million euros FC Barcelona is very close to resolving its priority folder. The Catalans are finalising negotiations for the sale of VIP seats at the Spotify Camp Nou [&hellip;]<\/p>\n","protected":false},"author":358,"featured_media":94433,"comment_status":"closed","ping_status":"open","sticky":false,"template":"","format":"standard","meta":{"_acf_changed":false,"inline_featured_image":false,"_nextfly_llmd_date_locked":false,"footnotes":""},"categories":[106,449],"tags":[],"class_list":["post-94425","post","type-post","status-publish","format-standard","has-post-thumbnail","hentry","category-transfers","category-transfers-2"],"acf":[],"yoast_head":"<!-- This site is optimized with the Yoast SEO plugin v27.3 - https:\/\/yoast.com\/product\/yoast-seo-wordpress\/ -->\n<title>FC Barcelona get the final &#039;lever&#039; to sign Dani Olmo<\/title>\n<meta name=\"description\" content=\"Bar\u00e7a is close to entering the 1\/1 rule. The club will negotiate the sale of VIP seats for the next 20 years and expect to receive 200 million euros\" \/>\n<meta name=\"robots\" content=\"index, follow, max-snippet:-1, max-image-preview:large, max-video-preview:-1\" \/>\n<link rel=\"canonical\" href=\"https:\/\/www.fcbarcelonanoticias.com\/en\/transfers\/fc-barcelona-get-the-final-lever-to-sign-dani-olmo_309093_102.html\" \/>\n<meta property=\"og:locale\" content=\"en_US\" \/>\n<meta property=\"og:type\" content=\"article\" \/>\n<meta property=\"og:title\" content=\"FC Barcelona get the final &#039;lever&#039; to sign Dani Olmo\" \/>\n<meta property=\"og:description\" content=\"Bar\u00e7a is close to entering the 1\/1 rule. The club will negotiate the sale of VIP seats for the next 20 years and expect to receive 200 million euros\" \/>\n<meta property=\"og:url\" content=\"https:\/\/www.fcbarcelonanoticias.com\/en\/transfers\/fc-barcelona-get-the-final-lever-to-sign-dani-olmo_309093_102.html\" \/>\n<meta property=\"og:site_name\" content=\"EN - FC Barcelona Noticias\" \/>\n<meta property=\"article:published_time\" content=\"2024-12-05T16:23:00+00:00\" \/>\n<meta property=\"article:modified_time\" content=\"2024-12-05T16:45:00+00:00\" \/>\n<meta property=\"og:image\" content=\"https:\/\/www.fcbarcelonanoticias.com\/en\/wp-content\/uploads\/sites\/2\/2024\/12\/dani-olmo-mallorca-scaled.jpeg\" \/>\n\t<meta property=\"og:image:width\" content=\"2560\" \/>\n\t<meta property=\"og:image:height\" content=\"1707\" \/>\n\t<meta property=\"og:image:type\" content=\"image\/jpeg\" \/>\n<meta name=\"author\" content=\"Juan Pablo Berdugo\" \/>\n<meta name=\"twitter:card\" content=\"summary_large_image\" \/>\n<meta name=\"twitter:label1\" content=\"Written by\" \/>\n\t<meta name=\"twitter:data1\" content=\"Juan Pablo Berdugo\" \/>\n\t<meta name=\"twitter:label2\" content=\"Est. reading time\" \/>\n\t<meta name=\"twitter:data2\" content=\"2 minutes\" \/>\n<script type=\"application\/ld+json\" class=\"yoast-schema-graph\">{\"@context\":\"https:\\\/\\\/schema.org\",\"@graph\":[{\"@type\":\"Article\",\"@id\":\"https:\\\/\\\/www.fcbarcelonanoticias.com\\\/en\\\/transfers\\\/fc-barcelona-get-the-final-lever-to-sign-dani-olmo_309093_102.html#article\",\"isPartOf\":{\"@id\":\"https:\\\/\\\/www.fcbarcelonanoticias.com\\\/en\\\/transfers\\\/fc-barcelona-get-the-final-lever-to-sign-dani-olmo_309093_102.html\"},\"author\":{\"name\":\"Juan Pablo Berdugo\",\"@id\":\"https:\\\/\\\/www.fcbarcelonanoticias.com\\\/en\\\/#\\\/schema\\\/person\\\/88d756918a0a1ae9fa593b5edddd1815\"},\"headline\":\"FC Barcelona get the final &#8216;lever&#8217; to sign Dani Olmo\",\"datePublished\":\"2024-12-05T16:23:00+00:00\",\"dateModified\":\"2024-12-05T16:45:00+00:00\",\"mainEntityOfPage\":{\"@id\":\"https:\\\/\\\/www.fcbarcelonanoticias.com\\\/en\\\/transfers\\\/fc-barcelona-get-the-final-lever-to-sign-dani-olmo_309093_102.html\"},\"wordCount\":433,\"image\":{\"@id\":\"https:\\\/\\\/www.fcbarcelonanoticias.com\\\/en\\\/transfers\\\/fc-barcelona-get-the-final-lever-to-sign-dani-olmo_309093_102.html#primaryimage\"},\"thumbnailUrl\":\"https:\\\/\\\/www.fcbarcelonanoticias.com\\\/en\\\/wp-content\\\/uploads\\\/sites\\\/2\\\/2024\\\/12\\\/dani-olmo-mallorca-scaled.jpeg\",\"articleSection\":[\"Transfers\",\"Transfers\"],\"inLanguage\":\"en-US\"},{\"@type\":\"WebPage\",\"@id\":\"https:\\\/\\\/www.fcbarcelonanoticias.com\\\/en\\\/transfers\\\/fc-barcelona-get-the-final-lever-to-sign-dani-olmo_309093_102.html\",\"url\":\"https:\\\/\\\/www.fcbarcelonanoticias.com\\\/en\\\/transfers\\\/fc-barcelona-get-the-final-lever-to-sign-dani-olmo_309093_102.html\",\"name\":\"FC Barcelona get the final 'lever' to sign Dani Olmo\",\"isPartOf\":{\"@id\":\"https:\\\/\\\/www.fcbarcelonanoticias.com\\\/en\\\/#website\"},\"primaryImageOfPage\":{\"@id\":\"https:\\\/\\\/www.fcbarcelonanoticias.com\\\/en\\\/transfers\\\/fc-barcelona-get-the-final-lever-to-sign-dani-olmo_309093_102.html#primaryimage\"},\"image\":{\"@id\":\"https:\\\/\\\/www.fcbarcelonanoticias.com\\\/en\\\/transfers\\\/fc-barcelona-get-the-final-lever-to-sign-dani-olmo_309093_102.html#primaryimage\"},\"thumbnailUrl\":\"https:\\\/\\\/www.fcbarcelonanoticias.com\\\/en\\\/wp-content\\\/uploads\\\/sites\\\/2\\\/2024\\\/12\\\/dani-olmo-mallorca-scaled.jpeg\",\"datePublished\":\"2024-12-05T16:23:00+00:00\",\"dateModified\":\"2024-12-05T16:45:00+00:00\",\"author\":{\"@id\":\"https:\\\/\\\/www.fcbarcelonanoticias.com\\\/en\\\/#\\\/schema\\\/person\\\/88d756918a0a1ae9fa593b5edddd1815\"},\"description\":\"Bar\u00e7a is close to entering the 1\\\/1 rule. The club will negotiate the sale of VIP seats for the next 20 years and expect to receive 200 million euros\",\"breadcrumb\":{\"@id\":\"https:\\\/\\\/www.fcbarcelonanoticias.com\\\/en\\\/transfers\\\/fc-barcelona-get-the-final-lever-to-sign-dani-olmo_309093_102.html#breadcrumb\"},\"inLanguage\":\"en-US\",\"potentialAction\":[{\"@type\":\"ReadAction\",\"target\":[\"https:\\\/\\\/www.fcbarcelonanoticias.com\\\/en\\\/transfers\\\/fc-barcelona-get-the-final-lever-to-sign-dani-olmo_309093_102.html\"]}]},{\"@type\":\"ImageObject\",\"inLanguage\":\"en-US\",\"@id\":\"https:\\\/\\\/www.fcbarcelonanoticias.com\\\/en\\\/transfers\\\/fc-barcelona-get-the-final-lever-to-sign-dani-olmo_309093_102.html#primaryimage\",\"url\":\"https:\\\/\\\/www.fcbarcelonanoticias.com\\\/en\\\/wp-content\\\/uploads\\\/sites\\\/2\\\/2024\\\/12\\\/dani-olmo-mallorca-scaled.jpeg\",\"contentUrl\":\"https:\\\/\\\/www.fcbarcelonanoticias.com\\\/en\\\/wp-content\\\/uploads\\\/sites\\\/2\\\/2024\\\/12\\\/dani-olmo-mallorca-scaled.jpeg\",\"width\":2560,\"height\":1707},{\"@type\":\"BreadcrumbList\",\"@id\":\"https:\\\/\\\/www.fcbarcelonanoticias.com\\\/en\\\/transfers\\\/fc-barcelona-get-the-final-lever-to-sign-dani-olmo_309093_102.html#breadcrumb\",\"itemListElement\":[{\"@type\":\"ListItem\",\"position\":1,\"name\":\"Portada\",\"item\":\"https:\\\/\\\/www.fcbarcelonanoticias.com\\\/en\\\/\"},{\"@type\":\"ListItem\",\"position\":2,\"name\":\"FC Barcelona get the final &#8216;lever&#8217; to sign Dani Olmo\"}]},{\"@type\":\"WebSite\",\"@id\":\"https:\\\/\\\/www.fcbarcelonanoticias.com\\\/en\\\/#website\",\"url\":\"https:\\\/\\\/www.fcbarcelonanoticias.com\\\/en\\\/\",\"name\":\"EN - FC Barcelona Noticias\",\"description\":\"\",\"potentialAction\":[{\"@type\":\"SearchAction\",\"target\":{\"@type\":\"EntryPoint\",\"urlTemplate\":\"https:\\\/\\\/www.fcbarcelonanoticias.com\\\/en\\\/?s={search_term_string}\"},\"query-input\":{\"@type\":\"PropertyValueSpecification\",\"valueRequired\":true,\"valueName\":\"search_term_string\"}}],\"inLanguage\":\"en-US\"},{\"@type\":\"Person\",\"@id\":\"https:\\\/\\\/www.fcbarcelonanoticias.com\\\/en\\\/#\\\/schema\\\/person\\\/88d756918a0a1ae9fa593b5edddd1815\",\"name\":\"Juan Pablo Berdugo\",\"image\":{\"@type\":\"ImageObject\",\"inLanguage\":\"en-US\",\"@id\":\"https:\\\/\\\/secure.gravatar.com\\\/avatar\\\/?s=96&d=mm&r=g\",\"url\":\"https:\\\/\\\/secure.gravatar.com\\\/avatar\\\/?s=96&d=mm&r=g\",\"contentUrl\":\"https:\\\/\\\/secure.gravatar.com\\\/avatar\\\/?s=96&d=mm&r=g\",\"caption\":\"Juan Pablo Berdugo\"},\"description\":\"Juan Pablo Berdugo es graduado en Periodismo. Colabora con FCBN como especialista en informaci\u00f3n del primer equipo del FC Barcelona, f\u00fatbol internacional y mercado de fichajes. Destaca por su enfoque anal\u00edtico, su rigor informativo y su capacidad para detectar tendencias emergentes en el f\u00fatbol global.\",\"url\":\"https:\\\/\\\/www.fcbarcelonanoticias.com\\\/en\\\/fc-barcelona\\\/juan-pablo-berdugo_18_115.html\"}]}<\/script>\n<!-- \/ Yoast SEO plugin. -->","yoast_head_json":{"title":"FC Barcelona get the final 'lever' to sign Dani Olmo","description":"Bar\u00e7a is close to entering the 1\/1 rule. The club will negotiate the sale of VIP seats for the next 20 years and expect to receive 200 million euros","robots":{"index":"index","follow":"follow","max-snippet":"max-snippet:-1","max-image-preview":"max-image-preview:large","max-video-preview":"max-video-preview:-1"},"canonical":"https:\/\/www.fcbarcelonanoticias.com\/en\/transfers\/fc-barcelona-get-the-final-lever-to-sign-dani-olmo_309093_102.html","og_locale":"en_US","og_type":"article","og_title":"FC Barcelona get the final 'lever' to sign Dani Olmo","og_description":"Bar\u00e7a is close to entering the 1\/1 rule. The club will negotiate the sale of VIP seats for the next 20 years and expect to receive 200 million euros","og_url":"https:\/\/www.fcbarcelonanoticias.com\/en\/transfers\/fc-barcelona-get-the-final-lever-to-sign-dani-olmo_309093_102.html","og_site_name":"EN - FC Barcelona Noticias","article_published_time":"2024-12-05T16:23:00+00:00","article_modified_time":"2024-12-05T16:45:00+00:00","og_image":[{"width":2560,"height":1707,"url":"https:\/\/www.fcbarcelonanoticias.com\/en\/wp-content\/uploads\/sites\/2\/2024\/12\/dani-olmo-mallorca-scaled.jpeg","type":"image\/jpeg"}],"author":"Juan Pablo Berdugo","twitter_card":"summary_large_image","twitter_misc":{"Written by":"Juan Pablo Berdugo","Est. reading time":"2 minutes"},"schema":{"@context":"https:\/\/schema.org","@graph":[{"@type":"Article","@id":"https:\/\/www.fcbarcelonanoticias.com\/en\/transfers\/fc-barcelona-get-the-final-lever-to-sign-dani-olmo_309093_102.html#article","isPartOf":{"@id":"https:\/\/www.fcbarcelonanoticias.com\/en\/transfers\/fc-barcelona-get-the-final-lever-to-sign-dani-olmo_309093_102.html"},"author":{"name":"Juan Pablo Berdugo","@id":"https:\/\/www.fcbarcelonanoticias.com\/en\/#\/schema\/person\/88d756918a0a1ae9fa593b5edddd1815"},"headline":"FC Barcelona get the final &#8216;lever&#8217; to sign Dani Olmo","datePublished":"2024-12-05T16:23:00+00:00","dateModified":"2024-12-05T16:45:00+00:00","mainEntityOfPage":{"@id":"https:\/\/www.fcbarcelonanoticias.com\/en\/transfers\/fc-barcelona-get-the-final-lever-to-sign-dani-olmo_309093_102.html"},"wordCount":433,"image":{"@id":"https:\/\/www.fcbarcelonanoticias.com\/en\/transfers\/fc-barcelona-get-the-final-lever-to-sign-dani-olmo_309093_102.html#primaryimage"},"thumbnailUrl":"https:\/\/www.fcbarcelonanoticias.com\/en\/wp-content\/uploads\/sites\/2\/2024\/12\/dani-olmo-mallorca-scaled.jpeg","articleSection":["Transfers","Transfers"],"inLanguage":"en-US"},{"@type":"WebPage","@id":"https:\/\/www.fcbarcelonanoticias.com\/en\/transfers\/fc-barcelona-get-the-final-lever-to-sign-dani-olmo_309093_102.html","url":"https:\/\/www.fcbarcelonanoticias.com\/en\/transfers\/fc-barcelona-get-the-final-lever-to-sign-dani-olmo_309093_102.html","name":"FC Barcelona get the final 'lever' to sign Dani Olmo","isPartOf":{"@id":"https:\/\/www.fcbarcelonanoticias.com\/en\/#website"},"primaryImageOfPage":{"@id":"https:\/\/www.fcbarcelonanoticias.com\/en\/transfers\/fc-barcelona-get-the-final-lever-to-sign-dani-olmo_309093_102.html#primaryimage"},"image":{"@id":"https:\/\/www.fcbarcelonanoticias.com\/en\/transfers\/fc-barcelona-get-the-final-lever-to-sign-dani-olmo_309093_102.html#primaryimage"},"thumbnailUrl":"https:\/\/www.fcbarcelonanoticias.com\/en\/wp-content\/uploads\/sites\/2\/2024\/12\/dani-olmo-mallorca-scaled.jpeg","datePublished":"2024-12-05T16:23:00+00:00","dateModified":"2024-12-05T16:45:00+00:00","author":{"@id":"https:\/\/www.fcbarcelonanoticias.com\/en\/#\/schema\/person\/88d756918a0a1ae9fa593b5edddd1815"},"description":"Bar\u00e7a is close to entering the 1\/1 rule. The club will negotiate the sale of VIP seats for the next 20 years and expect to receive 200 million euros","breadcrumb":{"@id":"https:\/\/www.fcbarcelonanoticias.com\/en\/transfers\/fc-barcelona-get-the-final-lever-to-sign-dani-olmo_309093_102.html#breadcrumb"},"inLanguage":"en-US","potentialAction":[{"@type":"ReadAction","target":["https:\/\/www.fcbarcelonanoticias.com\/en\/transfers\/fc-barcelona-get-the-final-lever-to-sign-dani-olmo_309093_102.html"]}]},{"@type":"ImageObject","inLanguage":"en-US","@id":"https:\/\/www.fcbarcelonanoticias.com\/en\/transfers\/fc-barcelona-get-the-final-lever-to-sign-dani-olmo_309093_102.html#primaryimage","url":"https:\/\/www.fcbarcelonanoticias.com\/en\/wp-content\/uploads\/sites\/2\/2024\/12\/dani-olmo-mallorca-scaled.jpeg","contentUrl":"https:\/\/www.fcbarcelonanoticias.com\/en\/wp-content\/uploads\/sites\/2\/2024\/12\/dani-olmo-mallorca-scaled.jpeg","width":2560,"height":1707},{"@type":"BreadcrumbList","@id":"https:\/\/www.fcbarcelonanoticias.com\/en\/transfers\/fc-barcelona-get-the-final-lever-to-sign-dani-olmo_309093_102.html#breadcrumb","itemListElement":[{"@type":"ListItem","position":1,"name":"Portada","item":"https:\/\/www.fcbarcelonanoticias.com\/en\/"},{"@type":"ListItem","position":2,"name":"FC Barcelona get the final &#8216;lever&#8217; to sign Dani Olmo"}]},{"@type":"WebSite","@id":"https:\/\/www.fcbarcelonanoticias.com\/en\/#website","url":"https:\/\/www.fcbarcelonanoticias.com\/en\/","name":"EN - FC Barcelona Noticias","description":"","potentialAction":[{"@type":"SearchAction","target":{"@type":"EntryPoint","urlTemplate":"https:\/\/www.fcbarcelonanoticias.com\/en\/?s={search_term_string}"},"query-input":{"@type":"PropertyValueSpecification","valueRequired":true,"valueName":"search_term_string"}}],"inLanguage":"en-US"},{"@type":"Person","@id":"https:\/\/www.fcbarcelonanoticias.com\/en\/#\/schema\/person\/88d756918a0a1ae9fa593b5edddd1815","name":"Juan Pablo Berdugo","image":{"@type":"ImageObject","inLanguage":"en-US","@id":"https:\/\/secure.gravatar.com\/avatar\/?s=96&d=mm&r=g","url":"https:\/\/secure.gravatar.com\/avatar\/?s=96&d=mm&r=g","contentUrl":"https:\/\/secure.gravatar.com\/avatar\/?s=96&d=mm&r=g","caption":"Juan Pablo Berdugo"},"description":"Juan Pablo Berdugo es graduado en Periodismo. Colabora con FCBN como especialista en informaci\u00f3n del primer equipo del FC Barcelona, f\u00fatbol internacional y mercado de fichajes. Destaca por su enfoque anal\u00edtico, su rigor informativo y su capacidad para detectar tendencias emergentes en el f\u00fatbol global.","url":"https:\/\/www.fcbarcelonanoticias.com\/en\/fc-barcelona\/juan-pablo-berdugo_18_115.html"}]}},"_links":{"self":[{"href":"https:\/\/www.fcbarcelonanoticias.com\/en\/wp-json\/wp\/v2\/posts\/94425","targetHints":{"allow":["GET"]}}],"collection":[{"href":"https:\/\/www.fcbarcelonanoticias.com\/en\/wp-json\/wp\/v2\/posts"}],"about":[{"href":"https:\/\/www.fcbarcelonanoticias.com\/en\/wp-json\/wp\/v2\/types\/post"}],"author":[{"embeddable":true,"href":"https:\/\/www.fcbarcelonanoticias.com\/en\/wp-json\/wp\/v2\/users\/358"}],"replies":[{"embeddable":true,"href":"https:\/\/www.fcbarcelonanoticias.com\/en\/wp-json\/wp\/v2\/comments?post=94425"}],"version-history":[{"count":1,"href":"https:\/\/www.fcbarcelonanoticias.com\/en\/wp-json\/wp\/v2\/posts\/94425\/revisions"}],"predecessor-version":[{"id":126870,"href":"https:\/\/www.fcbarcelonanoticias.com\/en\/wp-json\/wp\/v2\/posts\/94425\/revisions\/126870"}],"wp:featuredmedia":[{"embeddable":true,"href":"https:\/\/www.fcbarcelonanoticias.com\/en\/wp-json\/wp\/v2\/media\/94433"}],"wp:attachment":[{"href":"https:\/\/www.fcbarcelonanoticias.com\/en\/wp-json\/wp\/v2\/media?parent=94425"}],"wp:term":[{"taxonomy":"category","embeddable":true,"href":"https:\/\/www.fcbarcelonanoticias.com\/en\/wp-json\/wp\/v2\/categories?post=94425"},{"taxonomy":"post_tag","embeddable":true,"href":"https:\/\/www.fcbarcelonanoticias.com\/en\/wp-json\/wp\/v2\/tags?post=94425"}],"curies":[{"name":"wp","href":"https:\/\/api.w.org\/{rel}","templated":true}]}}