{"id":94476,"date":"2023-07-18T01:38:00","date_gmt":"2023-07-17T23:38:00","guid":{"rendered":"https:\/\/weisetech.dev\/fc-barcelona-noticias\/en\/barcelona-launch-for-diego-percan-reinforce-subsidiary-attack_294209_102\/"},"modified":"2023-07-18T01:39:00","modified_gmt":"2023-07-17T23:39:00","slug":"barcelona-launch-for-diego-percan-reinforce-subsidiary-attack_294209_102","status":"publish","type":"post","link":"https:\/\/www.fcbarcelonanoticias.com\/en\/transfers\/barcelona-launch-for-diego-percan-reinforce-subsidiary-attack_294209_102.html","title":{"rendered":"Bar\u00e7a goes after Diego Perc\u00e1n to reinforce the attack of the subsidiary"},"content":{"rendered":"<h2 class=\"wp-block-heading\">The departures of Roberto, Luismi, Barber\u00e1, Ilias and Fabio Blanco have left Bar\u00e7a Atl\u00e8tic without alternatives as far as center forwards are concerned. In this sense, &#8216;SPORT&#8217; assures that the club wants Diego Perc\u00e1n to make him the &#8216;9&#8217; of the subsidiary<\/h2>  \r\n<div class=\"article-addons\">\r\n    <a href=\"https:\/\/www.fcbarcelonanoticias.com\/en\/calendar-fc-barcelona.html\"\r\n       target=\"_self\"\r\n       title=\"Calendar of FC Barcelona\"\r\n       class=\"blue-gredient-btn\">\r\n       \r\n        Calendar of FC Barcelona    <\/a>\r\n<\/div>   <p>The FC Barcelona is very interested in Diego Pertejo Canseco, better known like Diego Perc\u00e1n, to reinforce the attack of the filial. <strong>The exits of Roberto, Luismi, Barber\u00e1, Ilias and Fabio White have left to the ones of Rafa M\u00e1rquez without alternatives in what to centrodelanteros refers <\/strong> and the profile of the attacker of the Cultural and Sportive Leonese fulfils with what the Bar\u00e7a Atl\u00e8tic is looking for by relation price\/quality.<\/p>  <p>The filial <a data-external=\"0\" data-intl-links-en=\"https:\/\/www.fcbarcelonanoticias.com\/en\/preseason\/gavi-surprised-colleagues-last-training-fc-barcelona_294206_102.html\" data-intl-links-es=\"https:\/\/www.fcbarcelonanoticias.com\/pretemporada\/gavi-sorprendio-companeros-ultimo-entrenamiento-fc-barcelona_294206_102.html\" href=\"https:\/\/www.fcbarcelonanoticias.com\/en\/preseason\/gavi-surprised-colleagues-last-training-fc-barcelona_294206_102.html\" rel=\"follow\" target=\"_self\" title=\"Gavi sorprendi\u00f3 a sus compa\u00f1eros en el \u00faltimo entrenamiento del Bar\u00e7a\">will begin this Tuesday his pre-season<\/a>, after ara\u00f1ar the promotion to Second Division the past season. <strong>In total, the team has 14 drops with regard to the 2022\/23<\/strong>, in his majority after having finalised agreement. Thus, the club prioritises the arrival of a forward and Perc\u00e1n is, for the moment, the favourite of the directive <strong>after adding 8 goals and 3 assistances in the First RFEF<\/strong> the past season.<\/p>  <h2>The versatility, main attribute of Diego Perc\u00e1n<\/h2>  <p>The one of Le\u00f3n has stood out by his mobility by all the front of the area, being a skillful footballer with the balloon and with good aerial game. However, his versatility is his main attribute, since <strong>the player of 21 years can play like extreme by both sides and like centrodelantero without problems<\/strong>. In fact, the right side is where feels more comfortable, but also left good performances like referent of area with the Cultural.<\/p>  <p>So much &#8216;SPORT&#8217; as &#8216;Relief&#8217; coincide in that Perc\u00e1n is very near of the Bar\u00e7a, <strong>as long as the Leonese entity accept an offer to the drop<\/strong>. The forward is valued in 300.000 euros in Transfermarkt, but the Bar\u00e7a pretends ficharle by a mount inferior, although his agreement expires in 2025. The 2022\/23 was his first complete season with the first team of the Cultural, being headline in 32 of 37 parties for which was available.<\/p>  <h2>The Bar\u00e7a Atl\u00e9tic looks for his third reinforcement<\/h2>  <p>To concretise the arrival of Diego Perc\u00e1n will be the third reinforcement of the Bar\u00e7a Atl\u00e9tic after the arrivals of <strong>Mikayil Faye (head office of 19 years) and \u00c1lvaro P\u00e9rez Field, &#8216;Trilli&#8217; (lateral of 20 years)<\/strong>. Both have trained with the first team during the last week under the orders of Xavi Hern\u00e1ndez and, in the case of Faye, <a data-external=\"0\" data-intl-links-en=\"https:\/\/www.fcbarcelonanoticias.com\/en\/preseason\/xavi-hernandez-dara-shooting-duo-araujo-faye-pre-season_294203_102.html\" data-intl-links-es=\"https:\/\/www.fcbarcelonanoticias.com\/pretemporada\/xavi-hernandez-dara-rodaje-dupla-araujo-faye-pretemporada_294203_102.html\" href=\"https:\/\/www.fcbarcelonanoticias.com\/en\/preseason\/xavi-hernandez-dara-shooting-duo-araujo-faye-pre-season_294203_102.html\" rel=\"follow\" target=\"_self\" title=\"Xavi Hern\u00e1ndez dar\u00e1 rodaje a la dupla Ara\u00fajo-Fay\u00e9 en la pretemporada\">is almost safe his presence in turns it American<\/a>.<\/p> ","protected":false},"excerpt":{"rendered":"<p>The departures of Roberto, Luismi, Barber\u00e1, Ilias and Fabio Blanco have left Bar\u00e7a Atl\u00e8tic without alternatives as far as center forwards are concerned. In this sense, &#8216;SPORT&#8217; assures that the club wants Diego Perc\u00e1n to make him the &#8216;9&#8217; of the subsidiary The FC Barcelona is very interested in Diego Pertejo Canseco, better known like [&hellip;]<\/p>\n","protected":false},"author":347,"featured_media":94481,"comment_status":"closed","ping_status":"open","sticky":false,"template":"","format":"standard","meta":{"_acf_changed":false,"inline_featured_image":false,"_nextfly_llmd_date_locked":false,"footnotes":""},"categories":[449,106],"tags":[],"class_list":["post-94476","post","type-post","status-publish","format-standard","has-post-thumbnail","hentry","category-transfers-2","category-transfers"],"acf":[],"yoast_head":"<!-- This site is optimized with the Yoast SEO plugin v27.3 - https:\/\/yoast.com\/product\/yoast-seo-wordpress\/ -->\n<title>Bar\u00e7a goes after Diego Perc\u00e1n to reinforce the attack of the subsidiary<\/title>\n<meta name=\"description\" content=\"The departures of Roberto, Luismi, Barber\u00e1, Ilias and Fabio Blanco have left Bar\u00e7a Atl\u00e8tic without alternatives as far as center forwards are concerned. In this sense, &#039;SPORT&#039; assures that the club wants Diego Perc\u00e1n to make him the &#039;9&#039; of the subsidiary\" \/>\n<meta name=\"robots\" content=\"index, follow, max-snippet:-1, max-image-preview:large, max-video-preview:-1\" \/>\n<link rel=\"canonical\" href=\"https:\/\/www.fcbarcelonanoticias.com\/en\/transfers\/barcelona-launch-for-diego-percan-reinforce-subsidiary-attack_294209_102.html\" \/>\n<meta property=\"og:locale\" content=\"en_US\" \/>\n<meta property=\"og:type\" content=\"article\" \/>\n<meta property=\"og:title\" content=\"Bar\u00e7a goes after Diego Perc\u00e1n to reinforce the attack of the subsidiary\" \/>\n<meta property=\"og:description\" content=\"The departures of Roberto, Luismi, Barber\u00e1, Ilias and Fabio Blanco have left Bar\u00e7a Atl\u00e8tic without alternatives as far as center forwards are concerned. In this sense, &#039;SPORT&#039; assures that the club wants Diego Perc\u00e1n to make him the &#039;9&#039; of the subsidiary\" \/>\n<meta property=\"og:url\" content=\"https:\/\/www.fcbarcelonanoticias.com\/en\/transfers\/barcelona-launch-for-diego-percan-reinforce-subsidiary-attack_294209_102.html\" \/>\n<meta property=\"og:site_name\" content=\"EN - FC Barcelona Noticias\" \/>\n<meta property=\"article:published_time\" content=\"2023-07-17T23:38:00+00:00\" \/>\n<meta property=\"article:modified_time\" content=\"2023-07-17T23:39:00+00:00\" \/>\n<meta property=\"og:image\" content=\"https:\/\/www.fcbarcelonanoticias.com\/en\/wp-content\/uploads\/sites\/2\/2023\/07\/diego-percan-cultural-leonesa.jpeg\" \/>\n\t<meta property=\"og:image:width\" content=\"1300\" \/>\n\t<meta property=\"og:image:height\" content=\"732\" \/>\n\t<meta property=\"og:image:type\" content=\"image\/jpeg\" \/>\n<meta name=\"author\" content=\"Andr\u00e9s Quiroz\" \/>\n<meta name=\"twitter:card\" content=\"summary_large_image\" \/>\n<meta name=\"twitter:label1\" content=\"Written by\" \/>\n\t<meta name=\"twitter:data1\" content=\"Andr\u00e9s Quiroz\" \/>\n\t<meta name=\"twitter:label2\" content=\"Est. reading time\" \/>\n\t<meta name=\"twitter:data2\" content=\"2 minutes\" \/>\n<script type=\"application\/ld+json\" class=\"yoast-schema-graph\">{\"@context\":\"https:\\\/\\\/schema.org\",\"@graph\":[{\"@type\":\"Article\",\"@id\":\"https:\\\/\\\/www.fcbarcelonanoticias.com\\\/en\\\/transfers\\\/barcelona-launch-for-diego-percan-reinforce-subsidiary-attack_294209_102.html#article\",\"isPartOf\":{\"@id\":\"https:\\\/\\\/www.fcbarcelonanoticias.com\\\/en\\\/transfers\\\/barcelona-launch-for-diego-percan-reinforce-subsidiary-attack_294209_102.html\"},\"author\":{\"name\":\"Andr\u00e9s Quiroz\",\"@id\":\"https:\\\/\\\/www.fcbarcelonanoticias.com\\\/en\\\/#\\\/schema\\\/person\\\/c2cd9f6fa1af5c0d0eccd0fefa575c88\"},\"headline\":\"Bar\u00e7a goes after Diego Perc\u00e1n to reinforce the attack of the subsidiary\",\"datePublished\":\"2023-07-17T23:38:00+00:00\",\"dateModified\":\"2023-07-17T23:39:00+00:00\",\"mainEntityOfPage\":{\"@id\":\"https:\\\/\\\/www.fcbarcelonanoticias.com\\\/en\\\/transfers\\\/barcelona-launch-for-diego-percan-reinforce-subsidiary-attack_294209_102.html\"},\"wordCount\":442,\"image\":{\"@id\":\"https:\\\/\\\/www.fcbarcelonanoticias.com\\\/en\\\/transfers\\\/barcelona-launch-for-diego-percan-reinforce-subsidiary-attack_294209_102.html#primaryimage\"},\"thumbnailUrl\":\"https:\\\/\\\/www.fcbarcelonanoticias.com\\\/en\\\/wp-content\\\/uploads\\\/sites\\\/2\\\/2023\\\/07\\\/diego-percan-cultural-leonesa.jpeg\",\"articleSection\":[\"Transfers\",\"Transfers\"],\"inLanguage\":\"en-US\"},{\"@type\":\"WebPage\",\"@id\":\"https:\\\/\\\/www.fcbarcelonanoticias.com\\\/en\\\/transfers\\\/barcelona-launch-for-diego-percan-reinforce-subsidiary-attack_294209_102.html\",\"url\":\"https:\\\/\\\/www.fcbarcelonanoticias.com\\\/en\\\/transfers\\\/barcelona-launch-for-diego-percan-reinforce-subsidiary-attack_294209_102.html\",\"name\":\"Bar\u00e7a goes after Diego Perc\u00e1n to reinforce the attack of the subsidiary\",\"isPartOf\":{\"@id\":\"https:\\\/\\\/www.fcbarcelonanoticias.com\\\/en\\\/#website\"},\"primaryImageOfPage\":{\"@id\":\"https:\\\/\\\/www.fcbarcelonanoticias.com\\\/en\\\/transfers\\\/barcelona-launch-for-diego-percan-reinforce-subsidiary-attack_294209_102.html#primaryimage\"},\"image\":{\"@id\":\"https:\\\/\\\/www.fcbarcelonanoticias.com\\\/en\\\/transfers\\\/barcelona-launch-for-diego-percan-reinforce-subsidiary-attack_294209_102.html#primaryimage\"},\"thumbnailUrl\":\"https:\\\/\\\/www.fcbarcelonanoticias.com\\\/en\\\/wp-content\\\/uploads\\\/sites\\\/2\\\/2023\\\/07\\\/diego-percan-cultural-leonesa.jpeg\",\"datePublished\":\"2023-07-17T23:38:00+00:00\",\"dateModified\":\"2023-07-17T23:39:00+00:00\",\"author\":{\"@id\":\"https:\\\/\\\/www.fcbarcelonanoticias.com\\\/en\\\/#\\\/schema\\\/person\\\/c2cd9f6fa1af5c0d0eccd0fefa575c88\"},\"description\":\"The departures of Roberto, Luismi, Barber\u00e1, Ilias and Fabio Blanco have left Bar\u00e7a Atl\u00e8tic without alternatives as far as center forwards are concerned. In this sense, 'SPORT' assures that the club wants Diego Perc\u00e1n to make him the '9' of the subsidiary\",\"breadcrumb\":{\"@id\":\"https:\\\/\\\/www.fcbarcelonanoticias.com\\\/en\\\/transfers\\\/barcelona-launch-for-diego-percan-reinforce-subsidiary-attack_294209_102.html#breadcrumb\"},\"inLanguage\":\"en-US\",\"potentialAction\":[{\"@type\":\"ReadAction\",\"target\":[\"https:\\\/\\\/www.fcbarcelonanoticias.com\\\/en\\\/transfers\\\/barcelona-launch-for-diego-percan-reinforce-subsidiary-attack_294209_102.html\"]}]},{\"@type\":\"ImageObject\",\"inLanguage\":\"en-US\",\"@id\":\"https:\\\/\\\/www.fcbarcelonanoticias.com\\\/en\\\/transfers\\\/barcelona-launch-for-diego-percan-reinforce-subsidiary-attack_294209_102.html#primaryimage\",\"url\":\"https:\\\/\\\/www.fcbarcelonanoticias.com\\\/en\\\/wp-content\\\/uploads\\\/sites\\\/2\\\/2023\\\/07\\\/diego-percan-cultural-leonesa.jpeg\",\"contentUrl\":\"https:\\\/\\\/www.fcbarcelonanoticias.com\\\/en\\\/wp-content\\\/uploads\\\/sites\\\/2\\\/2023\\\/07\\\/diego-percan-cultural-leonesa.jpeg\",\"width\":1300,\"height\":732},{\"@type\":\"BreadcrumbList\",\"@id\":\"https:\\\/\\\/www.fcbarcelonanoticias.com\\\/en\\\/transfers\\\/barcelona-launch-for-diego-percan-reinforce-subsidiary-attack_294209_102.html#breadcrumb\",\"itemListElement\":[{\"@type\":\"ListItem\",\"position\":1,\"name\":\"Portada\",\"item\":\"https:\\\/\\\/www.fcbarcelonanoticias.com\\\/en\\\/\"},{\"@type\":\"ListItem\",\"position\":2,\"name\":\"Bar\u00e7a goes after Diego Perc\u00e1n to reinforce the attack of the subsidiary\"}]},{\"@type\":\"WebSite\",\"@id\":\"https:\\\/\\\/www.fcbarcelonanoticias.com\\\/en\\\/#website\",\"url\":\"https:\\\/\\\/www.fcbarcelonanoticias.com\\\/en\\\/\",\"name\":\"EN - FC Barcelona Noticias\",\"description\":\"\",\"potentialAction\":[{\"@type\":\"SearchAction\",\"target\":{\"@type\":\"EntryPoint\",\"urlTemplate\":\"https:\\\/\\\/www.fcbarcelonanoticias.com\\\/en\\\/?s={search_term_string}\"},\"query-input\":{\"@type\":\"PropertyValueSpecification\",\"valueRequired\":true,\"valueName\":\"search_term_string\"}}],\"inLanguage\":\"en-US\"},{\"@type\":\"Person\",\"@id\":\"https:\\\/\\\/www.fcbarcelonanoticias.com\\\/en\\\/#\\\/schema\\\/person\\\/c2cd9f6fa1af5c0d0eccd0fefa575c88\",\"name\":\"Andr\u00e9s Quiroz\",\"image\":{\"@type\":\"ImageObject\",\"inLanguage\":\"en-US\",\"@id\":\"https:\\\/\\\/secure.gravatar.com\\\/avatar\\\/?s=96&d=mm&r=g\",\"url\":\"https:\\\/\\\/secure.gravatar.com\\\/avatar\\\/?s=96&d=mm&r=g\",\"contentUrl\":\"https:\\\/\\\/secure.gravatar.com\\\/avatar\\\/?s=96&d=mm&r=g\",\"caption\":\"Andr\u00e9s Quiroz\"},\"description\":\"Licenciado en Periodismo por la Universidad de los Andes. Me encargo de analizar y compartir los contenidos m\u00e1s destacados de la\u00a0actualidad del F\u00fatbol Club Barcelona, Mercado de Fichajes y F\u00fatbol Internacional en FCBN. La informaci\u00f3n es poder, pero tambi\u00e9n conocimiento.\",\"url\":\"https:\\\/\\\/www.fcbarcelonanoticias.com\\\/en\\\/fc-barcelona\\\/andres-quiroz_17_115.html\"}]}<\/script>\n<!-- \/ Yoast SEO plugin. -->","yoast_head_json":{"title":"Bar\u00e7a goes after Diego Perc\u00e1n to reinforce the attack of the subsidiary","description":"The departures of Roberto, Luismi, Barber\u00e1, Ilias and Fabio Blanco have left Bar\u00e7a Atl\u00e8tic without alternatives as far as center forwards are concerned. In this sense, 'SPORT' assures that the club wants Diego Perc\u00e1n to make him the '9' of the subsidiary","robots":{"index":"index","follow":"follow","max-snippet":"max-snippet:-1","max-image-preview":"max-image-preview:large","max-video-preview":"max-video-preview:-1"},"canonical":"https:\/\/www.fcbarcelonanoticias.com\/en\/transfers\/barcelona-launch-for-diego-percan-reinforce-subsidiary-attack_294209_102.html","og_locale":"en_US","og_type":"article","og_title":"Bar\u00e7a goes after Diego Perc\u00e1n to reinforce the attack of the subsidiary","og_description":"The departures of Roberto, Luismi, Barber\u00e1, Ilias and Fabio Blanco have left Bar\u00e7a Atl\u00e8tic without alternatives as far as center forwards are concerned. In this sense, 'SPORT' assures that the club wants Diego Perc\u00e1n to make him the '9' of the subsidiary","og_url":"https:\/\/www.fcbarcelonanoticias.com\/en\/transfers\/barcelona-launch-for-diego-percan-reinforce-subsidiary-attack_294209_102.html","og_site_name":"EN - FC Barcelona Noticias","article_published_time":"2023-07-17T23:38:00+00:00","article_modified_time":"2023-07-17T23:39:00+00:00","og_image":[{"width":1300,"height":732,"url":"https:\/\/www.fcbarcelonanoticias.com\/en\/wp-content\/uploads\/sites\/2\/2023\/07\/diego-percan-cultural-leonesa.jpeg","type":"image\/jpeg"}],"author":"Andr\u00e9s Quiroz","twitter_card":"summary_large_image","twitter_misc":{"Written by":"Andr\u00e9s Quiroz","Est. reading time":"2 minutes"},"schema":{"@context":"https:\/\/schema.org","@graph":[{"@type":"Article","@id":"https:\/\/www.fcbarcelonanoticias.com\/en\/transfers\/barcelona-launch-for-diego-percan-reinforce-subsidiary-attack_294209_102.html#article","isPartOf":{"@id":"https:\/\/www.fcbarcelonanoticias.com\/en\/transfers\/barcelona-launch-for-diego-percan-reinforce-subsidiary-attack_294209_102.html"},"author":{"name":"Andr\u00e9s Quiroz","@id":"https:\/\/www.fcbarcelonanoticias.com\/en\/#\/schema\/person\/c2cd9f6fa1af5c0d0eccd0fefa575c88"},"headline":"Bar\u00e7a goes after Diego Perc\u00e1n to reinforce the attack of the subsidiary","datePublished":"2023-07-17T23:38:00+00:00","dateModified":"2023-07-17T23:39:00+00:00","mainEntityOfPage":{"@id":"https:\/\/www.fcbarcelonanoticias.com\/en\/transfers\/barcelona-launch-for-diego-percan-reinforce-subsidiary-attack_294209_102.html"},"wordCount":442,"image":{"@id":"https:\/\/www.fcbarcelonanoticias.com\/en\/transfers\/barcelona-launch-for-diego-percan-reinforce-subsidiary-attack_294209_102.html#primaryimage"},"thumbnailUrl":"https:\/\/www.fcbarcelonanoticias.com\/en\/wp-content\/uploads\/sites\/2\/2023\/07\/diego-percan-cultural-leonesa.jpeg","articleSection":["Transfers","Transfers"],"inLanguage":"en-US"},{"@type":"WebPage","@id":"https:\/\/www.fcbarcelonanoticias.com\/en\/transfers\/barcelona-launch-for-diego-percan-reinforce-subsidiary-attack_294209_102.html","url":"https:\/\/www.fcbarcelonanoticias.com\/en\/transfers\/barcelona-launch-for-diego-percan-reinforce-subsidiary-attack_294209_102.html","name":"Bar\u00e7a goes after Diego Perc\u00e1n to reinforce the attack of the subsidiary","isPartOf":{"@id":"https:\/\/www.fcbarcelonanoticias.com\/en\/#website"},"primaryImageOfPage":{"@id":"https:\/\/www.fcbarcelonanoticias.com\/en\/transfers\/barcelona-launch-for-diego-percan-reinforce-subsidiary-attack_294209_102.html#primaryimage"},"image":{"@id":"https:\/\/www.fcbarcelonanoticias.com\/en\/transfers\/barcelona-launch-for-diego-percan-reinforce-subsidiary-attack_294209_102.html#primaryimage"},"thumbnailUrl":"https:\/\/www.fcbarcelonanoticias.com\/en\/wp-content\/uploads\/sites\/2\/2023\/07\/diego-percan-cultural-leonesa.jpeg","datePublished":"2023-07-17T23:38:00+00:00","dateModified":"2023-07-17T23:39:00+00:00","author":{"@id":"https:\/\/www.fcbarcelonanoticias.com\/en\/#\/schema\/person\/c2cd9f6fa1af5c0d0eccd0fefa575c88"},"description":"The departures of Roberto, Luismi, Barber\u00e1, Ilias and Fabio Blanco have left Bar\u00e7a Atl\u00e8tic without alternatives as far as center forwards are concerned. In this sense, 'SPORT' assures that the club wants Diego Perc\u00e1n to make him the '9' of the subsidiary","breadcrumb":{"@id":"https:\/\/www.fcbarcelonanoticias.com\/en\/transfers\/barcelona-launch-for-diego-percan-reinforce-subsidiary-attack_294209_102.html#breadcrumb"},"inLanguage":"en-US","potentialAction":[{"@type":"ReadAction","target":["https:\/\/www.fcbarcelonanoticias.com\/en\/transfers\/barcelona-launch-for-diego-percan-reinforce-subsidiary-attack_294209_102.html"]}]},{"@type":"ImageObject","inLanguage":"en-US","@id":"https:\/\/www.fcbarcelonanoticias.com\/en\/transfers\/barcelona-launch-for-diego-percan-reinforce-subsidiary-attack_294209_102.html#primaryimage","url":"https:\/\/www.fcbarcelonanoticias.com\/en\/wp-content\/uploads\/sites\/2\/2023\/07\/diego-percan-cultural-leonesa.jpeg","contentUrl":"https:\/\/www.fcbarcelonanoticias.com\/en\/wp-content\/uploads\/sites\/2\/2023\/07\/diego-percan-cultural-leonesa.jpeg","width":1300,"height":732},{"@type":"BreadcrumbList","@id":"https:\/\/www.fcbarcelonanoticias.com\/en\/transfers\/barcelona-launch-for-diego-percan-reinforce-subsidiary-attack_294209_102.html#breadcrumb","itemListElement":[{"@type":"ListItem","position":1,"name":"Portada","item":"https:\/\/www.fcbarcelonanoticias.com\/en\/"},{"@type":"ListItem","position":2,"name":"Bar\u00e7a goes after Diego Perc\u00e1n to reinforce the attack of the subsidiary"}]},{"@type":"WebSite","@id":"https:\/\/www.fcbarcelonanoticias.com\/en\/#website","url":"https:\/\/www.fcbarcelonanoticias.com\/en\/","name":"EN - FC Barcelona Noticias","description":"","potentialAction":[{"@type":"SearchAction","target":{"@type":"EntryPoint","urlTemplate":"https:\/\/www.fcbarcelonanoticias.com\/en\/?s={search_term_string}"},"query-input":{"@type":"PropertyValueSpecification","valueRequired":true,"valueName":"search_term_string"}}],"inLanguage":"en-US"},{"@type":"Person","@id":"https:\/\/www.fcbarcelonanoticias.com\/en\/#\/schema\/person\/c2cd9f6fa1af5c0d0eccd0fefa575c88","name":"Andr\u00e9s Quiroz","image":{"@type":"ImageObject","inLanguage":"en-US","@id":"https:\/\/secure.gravatar.com\/avatar\/?s=96&d=mm&r=g","url":"https:\/\/secure.gravatar.com\/avatar\/?s=96&d=mm&r=g","contentUrl":"https:\/\/secure.gravatar.com\/avatar\/?s=96&d=mm&r=g","caption":"Andr\u00e9s Quiroz"},"description":"Licenciado en Periodismo por la Universidad de los Andes. Me encargo de analizar y compartir los contenidos m\u00e1s destacados de la\u00a0actualidad del F\u00fatbol Club Barcelona, Mercado de Fichajes y F\u00fatbol Internacional en FCBN. La informaci\u00f3n es poder, pero tambi\u00e9n conocimiento.","url":"https:\/\/www.fcbarcelonanoticias.com\/en\/fc-barcelona\/andres-quiroz_17_115.html"}]}},"_links":{"self":[{"href":"https:\/\/www.fcbarcelonanoticias.com\/en\/wp-json\/wp\/v2\/posts\/94476","targetHints":{"allow":["GET"]}}],"collection":[{"href":"https:\/\/www.fcbarcelonanoticias.com\/en\/wp-json\/wp\/v2\/posts"}],"about":[{"href":"https:\/\/www.fcbarcelonanoticias.com\/en\/wp-json\/wp\/v2\/types\/post"}],"author":[{"embeddable":true,"href":"https:\/\/www.fcbarcelonanoticias.com\/en\/wp-json\/wp\/v2\/users\/347"}],"replies":[{"embeddable":true,"href":"https:\/\/www.fcbarcelonanoticias.com\/en\/wp-json\/wp\/v2\/comments?post=94476"}],"version-history":[{"count":1,"href":"https:\/\/www.fcbarcelonanoticias.com\/en\/wp-json\/wp\/v2\/posts\/94476\/revisions"}],"predecessor-version":[{"id":125136,"href":"https:\/\/www.fcbarcelonanoticias.com\/en\/wp-json\/wp\/v2\/posts\/94476\/revisions\/125136"}],"wp:featuredmedia":[{"embeddable":true,"href":"https:\/\/www.fcbarcelonanoticias.com\/en\/wp-json\/wp\/v2\/media\/94481"}],"wp:attachment":[{"href":"https:\/\/www.fcbarcelonanoticias.com\/en\/wp-json\/wp\/v2\/media?parent=94476"}],"wp:term":[{"taxonomy":"category","embeddable":true,"href":"https:\/\/www.fcbarcelonanoticias.com\/en\/wp-json\/wp\/v2\/categories?post=94476"},{"taxonomy":"post_tag","embeddable":true,"href":"https:\/\/www.fcbarcelonanoticias.com\/en\/wp-json\/wp\/v2\/tags?post=94476"}],"curies":[{"name":"wp","href":"https:\/\/api.w.org\/{rel}","templated":true}]}}