{"id":94477,"date":"2025-03-23T16:46:00","date_gmt":"2025-03-23T15:46:00","guid":{"rendered":"https:\/\/weisetech.dev\/fc-barcelona-noticias\/en\/barca-is-not-alone-tough-rival-in-laliga-enters-the-fight-for-viktor-gy-keres_311677_102\/"},"modified":"2025-03-24T06:36:00","modified_gmt":"2025-03-24T05:36:00","slug":"barca-is-not-alone-tough-rival-in-laliga-enters-the-fight-for-viktor-gy-keres_311677_102","status":"publish","type":"post","link":"https:\/\/www.fcbarcelonanoticias.com\/en\/transfers\/barca-is-not-alone-tough-rival-in-laliga-enters-the-fight-for-viktor-gy-keres_311677_102.html","title":{"rendered":"Bar\u00e7a is not alone: a tough rival in LaLiga enters the fight for Viktor Gy\u00f6keres"},"content":{"rendered":"<h2 class=\"wp-block-heading\">Atl\u00e9tico de Madrid has joined the bidding for Viktor Gy\u00f6keres. The colchoneros want him to replace Antoine Griezmann and complicate his signing for Bar\u00e7a<\/h2>  \r\n<div class=\"article-addons\">\r\n    <a href=\"https:\/\/www.fcbarcelonanoticias.com\/en\/calendar-fc-barcelona.html\"\r\n       target=\"_self\"\r\n       title=\"Calendar of FC Barcelona\"\r\n       class=\"blue-gredient-btn\">\r\n       \r\n        Calendar of FC Barcelona    <\/a>\r\n<\/div>   <p>The battle for <a data-external=\"0\" data-intl-links-en=\"https:\/\/www.fcbarcelonanoticias.com\/en\/transfers\/barca-has-plan-for-viktor-gy-keres-this-is-how-they-intend-to-lower-his-price_311561_102.html\" data-intl-links-es=\"https:\/\/www.fcbarcelonanoticias.com\/fichajes\/barca-tiene-plan-viktor-gy-keres-pretende-bajar-su-precio_311561_102.html\" href=\"https:\/\/www.fcbarcelonanoticias.com\/en\/transfers\/barca-has-plan-for-viktor-gy-keres-this-is-how-they-intend-to-lower-his-price_311561_102.html\" rel=\"follow\" target=\"_self\" title=\"Bar\u00e7a has a plan for Viktor Gy\u00f6keres: this is how they intend to lower his price\">Viktor Gy\u00f6keres<\/a> has begun to intensify. As we enter the final stretch of the season, the most important clubs in Europe are starting to make moves to take the lead in the race for a forward who is set to be one of the main attractions of the summer. <strong>FC Barcelona<\/strong> is closely following him and considers him a serious candidate to take over from <strong>Lewandowski<\/strong> in the future, but a big team from <strong>LaLiga<\/strong> complicates their options.<\/p>  <p>According to journalist Rub\u00e9n Ur\u00eda, <strong>Atl\u00e9tico de Madrid<\/strong> has fully entered the bidding for the Swede. The red-and-white entity is preparing a revolution during the upcoming transfer market, and due to the highly probable departure of <strong>Antoine Griezmann<\/strong> to MLS, the sports management will be forced to find him a partner to <strong>Juli\u00e1n \u00c1lvarez<\/strong> in the attack.<\/p>  <p>It is in this scenario that the name of the Swede appears, who continues to add candidates to his long list of suitors. The <strong>40 goals and 10 assists he has recorded in 41 matches with Sporting CP<\/strong> have established him as the great sensation of the season, which is why a fierce battle is looming to secure his services at the end of the season.<\/p>  <h2>The Premier League is still on the lookout for Gy\u00f6keres<\/h2>  <p>Cul\u00e9s and colchoneros present themselves as two major candidates in the auction for <strong>Gy\u00f6keres<\/strong>, but the presence of the Premier League seriously threatens their options. Teams like <strong>Manchester United<\/strong> and <strong>Arsenal<\/strong> are more than interested in bringing the scorer into their ranks, with the &#8216;red devils&#8217; willing to go all out to reunite the Nordic player with <strong>R\u00faben Amorim<\/strong>, the coach who brought out his best version.<\/p>  <p>However, the aforementioned source revealed that Riyadh Air Metropolitano has already initiated contact with the player&#8217;s entourage to inform them of their intentions, and they would be clear that the &#8216;Cholo&#8217; Simeone&#8217;s project is on the rise, making the Atl\u00e9tico option an interesting one for the scorer, <strong>whose operation would range between 65 and 75 million euros<\/strong>.<\/p>  <p>Meanwhile, at <strong>Can Bar\u00e7a<\/strong>, they are keeping an eye on the player&#8217;s situation, but their interest has slightly cooled as stars like <strong>Luis D\u00edaz<\/strong> or <a data-external=\"0\" data-intl-links-en=\"https:\/\/www.fcbarcelonanoticias.com\/en\/transfers\/the-key-for-fc-barcelona-to-sign-isak-possible-dream_311674_102.html\" data-intl-links-es=\"https:\/\/www.fcbarcelonanoticias.com\/fichajes\/llave-fc-barcelona-fichar-isak-un-sueno-posible_311674_102.html\" href=\"https:\/\/www.fcbarcelonanoticias.com\/en\/transfers\/the-key-for-fc-barcelona-to-sign-isak-possible-dream_311674_102.html\" rel=\"follow\" target=\"_self\" title=\"The key for FC Barcelona to sign Isak: a possible dream?\">Alexander Isak<\/a> would be higher on the club&#8217;s priority list. However, his name remains on <strong>Deco<\/strong>&#8216;s desk, which is why no movement is ruled out in the coming weeks.<\/p> ","protected":false},"excerpt":{"rendered":"<p>Atl\u00e9tico de Madrid has joined the bidding for Viktor Gy\u00f6keres. The colchoneros want him to replace Antoine Griezmann and complicate his signing for Bar\u00e7a The battle for Viktor Gy\u00f6keres has begun to intensify. As we enter the final stretch of the season, the most important clubs in Europe are starting to make moves to take [&hellip;]<\/p>\n","protected":false},"author":358,"featured_media":94482,"comment_status":"closed","ping_status":"open","sticky":false,"template":"","format":"standard","meta":{"_acf_changed":false,"inline_featured_image":false,"_nextfly_llmd_date_locked":false,"footnotes":""},"categories":[106,449],"tags":[235],"class_list":["post-94477","post","type-post","status-publish","format-standard","has-post-thumbnail","hentry","category-transfers","category-transfers-2","tag-viktor-gyokeres"],"acf":[],"yoast_head":"<!-- This site is optimized with the Yoast SEO plugin v27.3 - https:\/\/yoast.com\/product\/yoast-seo-wordpress\/ -->\n<title>Bar\u00e7a is not alone: a tough rival in LaLiga enters the fight for Viktor Gy\u00f6keres<\/title>\n<meta name=\"description\" content=\"Atl\u00e9tico de Madrid has joined the bidding for Viktor Gy\u00f6keres. The colchoneros want him to replace Antoine Griezmann and complicate his signing for...\" \/>\n<meta name=\"robots\" content=\"index, follow, max-snippet:-1, max-image-preview:large, max-video-preview:-1\" \/>\n<link rel=\"canonical\" href=\"https:\/\/www.fcbarcelonanoticias.com\/en\/transfers\/barca-is-not-alone-tough-rival-in-laliga-enters-the-fight-for-viktor-gy-keres_311677_102.html\" \/>\n<meta property=\"og:locale\" content=\"en_US\" \/>\n<meta property=\"og:type\" content=\"article\" \/>\n<meta property=\"og:title\" content=\"Bar\u00e7a is not alone: a tough rival in LaLiga enters the fight for Viktor Gy\u00f6keres\" \/>\n<meta property=\"og:description\" content=\"Atl\u00e9tico de Madrid has joined the bidding for Viktor Gy\u00f6keres. The colchoneros want him to replace Antoine Griezmann and complicate his signing for...\" \/>\n<meta property=\"og:url\" content=\"https:\/\/www.fcbarcelonanoticias.com\/en\/transfers\/barca-is-not-alone-tough-rival-in-laliga-enters-the-fight-for-viktor-gy-keres_311677_102.html\" \/>\n<meta property=\"og:site_name\" content=\"EN - FC Barcelona Noticias\" \/>\n<meta property=\"article:published_time\" content=\"2025-03-23T15:46:00+00:00\" \/>\n<meta property=\"article:modified_time\" content=\"2025-03-24T05:36:00+00:00\" \/>\n<meta property=\"og:image\" content=\"https:\/\/www.fcbarcelonanoticias.com\/en\/wp-content\/uploads\/sites\/2\/2025\/03\/sweden-v-slovakia-uefa-nations-league-2024-25-league-c-group-c1-4-1.jpeg\" \/>\n\t<meta property=\"og:image:width\" content=\"1200\" \/>\n\t<meta property=\"og:image:height\" content=\"675\" \/>\n\t<meta property=\"og:image:type\" content=\"image\/jpeg\" \/>\n<meta name=\"author\" content=\"Juan Pablo Berdugo\" \/>\n<meta name=\"twitter:card\" content=\"summary_large_image\" \/>\n<meta name=\"twitter:label1\" content=\"Written by\" \/>\n\t<meta name=\"twitter:data1\" content=\"Juan Pablo Berdugo\" \/>\n\t<meta name=\"twitter:label2\" content=\"Est. reading time\" \/>\n\t<meta name=\"twitter:data2\" content=\"2 minutes\" \/>\n<script type=\"application\/ld+json\" class=\"yoast-schema-graph\">{\"@context\":\"https:\\\/\\\/schema.org\",\"@graph\":[{\"@type\":\"Article\",\"@id\":\"https:\\\/\\\/www.fcbarcelonanoticias.com\\\/en\\\/transfers\\\/barca-is-not-alone-tough-rival-in-laliga-enters-the-fight-for-viktor-gy-keres_311677_102.html#article\",\"isPartOf\":{\"@id\":\"https:\\\/\\\/www.fcbarcelonanoticias.com\\\/en\\\/transfers\\\/barca-is-not-alone-tough-rival-in-laliga-enters-the-fight-for-viktor-gy-keres_311677_102.html\"},\"author\":{\"name\":\"Juan Pablo Berdugo\",\"@id\":\"https:\\\/\\\/www.fcbarcelonanoticias.com\\\/en\\\/#\\\/schema\\\/person\\\/88d756918a0a1ae9fa593b5edddd1815\"},\"headline\":\"Bar\u00e7a is not alone: a tough rival in LaLiga enters the fight for Viktor Gy\u00f6keres\",\"datePublished\":\"2025-03-23T15:46:00+00:00\",\"dateModified\":\"2025-03-24T05:36:00+00:00\",\"mainEntityOfPage\":{\"@id\":\"https:\\\/\\\/www.fcbarcelonanoticias.com\\\/en\\\/transfers\\\/barca-is-not-alone-tough-rival-in-laliga-enters-the-fight-for-viktor-gy-keres_311677_102.html\"},\"wordCount\":448,\"image\":{\"@id\":\"https:\\\/\\\/www.fcbarcelonanoticias.com\\\/en\\\/transfers\\\/barca-is-not-alone-tough-rival-in-laliga-enters-the-fight-for-viktor-gy-keres_311677_102.html#primaryimage\"},\"thumbnailUrl\":\"https:\\\/\\\/www.fcbarcelonanoticias.com\\\/en\\\/wp-content\\\/uploads\\\/sites\\\/2\\\/2025\\\/03\\\/sweden-v-slovakia-uefa-nations-league-2024-25-league-c-group-c1-4-1.jpeg\",\"keywords\":[\"Viktor Gy\u00f6keres\"],\"articleSection\":[\"Transfers\",\"Transfers\"],\"inLanguage\":\"en-US\"},{\"@type\":\"WebPage\",\"@id\":\"https:\\\/\\\/www.fcbarcelonanoticias.com\\\/en\\\/transfers\\\/barca-is-not-alone-tough-rival-in-laliga-enters-the-fight-for-viktor-gy-keres_311677_102.html\",\"url\":\"https:\\\/\\\/www.fcbarcelonanoticias.com\\\/en\\\/transfers\\\/barca-is-not-alone-tough-rival-in-laliga-enters-the-fight-for-viktor-gy-keres_311677_102.html\",\"name\":\"Bar\u00e7a is not alone: a tough rival in LaLiga enters the fight for Viktor Gy\u00f6keres\",\"isPartOf\":{\"@id\":\"https:\\\/\\\/www.fcbarcelonanoticias.com\\\/en\\\/#website\"},\"primaryImageOfPage\":{\"@id\":\"https:\\\/\\\/www.fcbarcelonanoticias.com\\\/en\\\/transfers\\\/barca-is-not-alone-tough-rival-in-laliga-enters-the-fight-for-viktor-gy-keres_311677_102.html#primaryimage\"},\"image\":{\"@id\":\"https:\\\/\\\/www.fcbarcelonanoticias.com\\\/en\\\/transfers\\\/barca-is-not-alone-tough-rival-in-laliga-enters-the-fight-for-viktor-gy-keres_311677_102.html#primaryimage\"},\"thumbnailUrl\":\"https:\\\/\\\/www.fcbarcelonanoticias.com\\\/en\\\/wp-content\\\/uploads\\\/sites\\\/2\\\/2025\\\/03\\\/sweden-v-slovakia-uefa-nations-league-2024-25-league-c-group-c1-4-1.jpeg\",\"datePublished\":\"2025-03-23T15:46:00+00:00\",\"dateModified\":\"2025-03-24T05:36:00+00:00\",\"author\":{\"@id\":\"https:\\\/\\\/www.fcbarcelonanoticias.com\\\/en\\\/#\\\/schema\\\/person\\\/88d756918a0a1ae9fa593b5edddd1815\"},\"description\":\"Atl\u00e9tico de Madrid has joined the bidding for Viktor Gy\u00f6keres. The colchoneros want him to replace Antoine Griezmann and complicate his signing for...\",\"breadcrumb\":{\"@id\":\"https:\\\/\\\/www.fcbarcelonanoticias.com\\\/en\\\/transfers\\\/barca-is-not-alone-tough-rival-in-laliga-enters-the-fight-for-viktor-gy-keres_311677_102.html#breadcrumb\"},\"inLanguage\":\"en-US\",\"potentialAction\":[{\"@type\":\"ReadAction\",\"target\":[\"https:\\\/\\\/www.fcbarcelonanoticias.com\\\/en\\\/transfers\\\/barca-is-not-alone-tough-rival-in-laliga-enters-the-fight-for-viktor-gy-keres_311677_102.html\"]}]},{\"@type\":\"ImageObject\",\"inLanguage\":\"en-US\",\"@id\":\"https:\\\/\\\/www.fcbarcelonanoticias.com\\\/en\\\/transfers\\\/barca-is-not-alone-tough-rival-in-laliga-enters-the-fight-for-viktor-gy-keres_311677_102.html#primaryimage\",\"url\":\"https:\\\/\\\/www.fcbarcelonanoticias.com\\\/en\\\/wp-content\\\/uploads\\\/sites\\\/2\\\/2025\\\/03\\\/sweden-v-slovakia-uefa-nations-league-2024-25-league-c-group-c1-4-1.jpeg\",\"contentUrl\":\"https:\\\/\\\/www.fcbarcelonanoticias.com\\\/en\\\/wp-content\\\/uploads\\\/sites\\\/2\\\/2025\\\/03\\\/sweden-v-slovakia-uefa-nations-league-2024-25-league-c-group-c1-4-1.jpeg\",\"width\":1200,\"height\":675},{\"@type\":\"BreadcrumbList\",\"@id\":\"https:\\\/\\\/www.fcbarcelonanoticias.com\\\/en\\\/transfers\\\/barca-is-not-alone-tough-rival-in-laliga-enters-the-fight-for-viktor-gy-keres_311677_102.html#breadcrumb\",\"itemListElement\":[{\"@type\":\"ListItem\",\"position\":1,\"name\":\"Portada\",\"item\":\"https:\\\/\\\/www.fcbarcelonanoticias.com\\\/en\\\/\"},{\"@type\":\"ListItem\",\"position\":2,\"name\":\"Bar\u00e7a is not alone: a tough rival in LaLiga enters the fight for Viktor Gy\u00f6keres\"}]},{\"@type\":\"WebSite\",\"@id\":\"https:\\\/\\\/www.fcbarcelonanoticias.com\\\/en\\\/#website\",\"url\":\"https:\\\/\\\/www.fcbarcelonanoticias.com\\\/en\\\/\",\"name\":\"EN - FC Barcelona Noticias\",\"description\":\"\",\"potentialAction\":[{\"@type\":\"SearchAction\",\"target\":{\"@type\":\"EntryPoint\",\"urlTemplate\":\"https:\\\/\\\/www.fcbarcelonanoticias.com\\\/en\\\/?s={search_term_string}\"},\"query-input\":{\"@type\":\"PropertyValueSpecification\",\"valueRequired\":true,\"valueName\":\"search_term_string\"}}],\"inLanguage\":\"en-US\"},{\"@type\":\"Person\",\"@id\":\"https:\\\/\\\/www.fcbarcelonanoticias.com\\\/en\\\/#\\\/schema\\\/person\\\/88d756918a0a1ae9fa593b5edddd1815\",\"name\":\"Juan Pablo Berdugo\",\"image\":{\"@type\":\"ImageObject\",\"inLanguage\":\"en-US\",\"@id\":\"https:\\\/\\\/secure.gravatar.com\\\/avatar\\\/?s=96&d=mm&r=g\",\"url\":\"https:\\\/\\\/secure.gravatar.com\\\/avatar\\\/?s=96&d=mm&r=g\",\"contentUrl\":\"https:\\\/\\\/secure.gravatar.com\\\/avatar\\\/?s=96&d=mm&r=g\",\"caption\":\"Juan Pablo Berdugo\"},\"description\":\"Juan Pablo Berdugo es graduado en Periodismo. Colabora con FCBN como especialista en informaci\u00f3n del primer equipo del FC Barcelona, f\u00fatbol internacional y mercado de fichajes. Destaca por su enfoque anal\u00edtico, su rigor informativo y su capacidad para detectar tendencias emergentes en el f\u00fatbol global.\",\"url\":\"https:\\\/\\\/www.fcbarcelonanoticias.com\\\/en\\\/fc-barcelona\\\/juan-pablo-berdugo_18_115.html\"}]}<\/script>\n<!-- \/ Yoast SEO plugin. -->","yoast_head_json":{"title":"Bar\u00e7a is not alone: a tough rival in LaLiga enters the fight for Viktor Gy\u00f6keres","description":"Atl\u00e9tico de Madrid has joined the bidding for Viktor Gy\u00f6keres. The colchoneros want him to replace Antoine Griezmann and complicate his signing for...","robots":{"index":"index","follow":"follow","max-snippet":"max-snippet:-1","max-image-preview":"max-image-preview:large","max-video-preview":"max-video-preview:-1"},"canonical":"https:\/\/www.fcbarcelonanoticias.com\/en\/transfers\/barca-is-not-alone-tough-rival-in-laliga-enters-the-fight-for-viktor-gy-keres_311677_102.html","og_locale":"en_US","og_type":"article","og_title":"Bar\u00e7a is not alone: a tough rival in LaLiga enters the fight for Viktor Gy\u00f6keres","og_description":"Atl\u00e9tico de Madrid has joined the bidding for Viktor Gy\u00f6keres. The colchoneros want him to replace Antoine Griezmann and complicate his signing for...","og_url":"https:\/\/www.fcbarcelonanoticias.com\/en\/transfers\/barca-is-not-alone-tough-rival-in-laliga-enters-the-fight-for-viktor-gy-keres_311677_102.html","og_site_name":"EN - FC Barcelona Noticias","article_published_time":"2025-03-23T15:46:00+00:00","article_modified_time":"2025-03-24T05:36:00+00:00","og_image":[{"width":1200,"height":675,"url":"https:\/\/www.fcbarcelonanoticias.com\/en\/wp-content\/uploads\/sites\/2\/2025\/03\/sweden-v-slovakia-uefa-nations-league-2024-25-league-c-group-c1-4-1.jpeg","type":"image\/jpeg"}],"author":"Juan Pablo Berdugo","twitter_card":"summary_large_image","twitter_misc":{"Written by":"Juan Pablo Berdugo","Est. reading time":"2 minutes"},"schema":{"@context":"https:\/\/schema.org","@graph":[{"@type":"Article","@id":"https:\/\/www.fcbarcelonanoticias.com\/en\/transfers\/barca-is-not-alone-tough-rival-in-laliga-enters-the-fight-for-viktor-gy-keres_311677_102.html#article","isPartOf":{"@id":"https:\/\/www.fcbarcelonanoticias.com\/en\/transfers\/barca-is-not-alone-tough-rival-in-laliga-enters-the-fight-for-viktor-gy-keres_311677_102.html"},"author":{"name":"Juan Pablo Berdugo","@id":"https:\/\/www.fcbarcelonanoticias.com\/en\/#\/schema\/person\/88d756918a0a1ae9fa593b5edddd1815"},"headline":"Bar\u00e7a is not alone: a tough rival in LaLiga enters the fight for Viktor Gy\u00f6keres","datePublished":"2025-03-23T15:46:00+00:00","dateModified":"2025-03-24T05:36:00+00:00","mainEntityOfPage":{"@id":"https:\/\/www.fcbarcelonanoticias.com\/en\/transfers\/barca-is-not-alone-tough-rival-in-laliga-enters-the-fight-for-viktor-gy-keres_311677_102.html"},"wordCount":448,"image":{"@id":"https:\/\/www.fcbarcelonanoticias.com\/en\/transfers\/barca-is-not-alone-tough-rival-in-laliga-enters-the-fight-for-viktor-gy-keres_311677_102.html#primaryimage"},"thumbnailUrl":"https:\/\/www.fcbarcelonanoticias.com\/en\/wp-content\/uploads\/sites\/2\/2025\/03\/sweden-v-slovakia-uefa-nations-league-2024-25-league-c-group-c1-4-1.jpeg","keywords":["Viktor Gy\u00f6keres"],"articleSection":["Transfers","Transfers"],"inLanguage":"en-US"},{"@type":"WebPage","@id":"https:\/\/www.fcbarcelonanoticias.com\/en\/transfers\/barca-is-not-alone-tough-rival-in-laliga-enters-the-fight-for-viktor-gy-keres_311677_102.html","url":"https:\/\/www.fcbarcelonanoticias.com\/en\/transfers\/barca-is-not-alone-tough-rival-in-laliga-enters-the-fight-for-viktor-gy-keres_311677_102.html","name":"Bar\u00e7a is not alone: a tough rival in LaLiga enters the fight for Viktor Gy\u00f6keres","isPartOf":{"@id":"https:\/\/www.fcbarcelonanoticias.com\/en\/#website"},"primaryImageOfPage":{"@id":"https:\/\/www.fcbarcelonanoticias.com\/en\/transfers\/barca-is-not-alone-tough-rival-in-laliga-enters-the-fight-for-viktor-gy-keres_311677_102.html#primaryimage"},"image":{"@id":"https:\/\/www.fcbarcelonanoticias.com\/en\/transfers\/barca-is-not-alone-tough-rival-in-laliga-enters-the-fight-for-viktor-gy-keres_311677_102.html#primaryimage"},"thumbnailUrl":"https:\/\/www.fcbarcelonanoticias.com\/en\/wp-content\/uploads\/sites\/2\/2025\/03\/sweden-v-slovakia-uefa-nations-league-2024-25-league-c-group-c1-4-1.jpeg","datePublished":"2025-03-23T15:46:00+00:00","dateModified":"2025-03-24T05:36:00+00:00","author":{"@id":"https:\/\/www.fcbarcelonanoticias.com\/en\/#\/schema\/person\/88d756918a0a1ae9fa593b5edddd1815"},"description":"Atl\u00e9tico de Madrid has joined the bidding for Viktor Gy\u00f6keres. The colchoneros want him to replace Antoine Griezmann and complicate his signing for...","breadcrumb":{"@id":"https:\/\/www.fcbarcelonanoticias.com\/en\/transfers\/barca-is-not-alone-tough-rival-in-laliga-enters-the-fight-for-viktor-gy-keres_311677_102.html#breadcrumb"},"inLanguage":"en-US","potentialAction":[{"@type":"ReadAction","target":["https:\/\/www.fcbarcelonanoticias.com\/en\/transfers\/barca-is-not-alone-tough-rival-in-laliga-enters-the-fight-for-viktor-gy-keres_311677_102.html"]}]},{"@type":"ImageObject","inLanguage":"en-US","@id":"https:\/\/www.fcbarcelonanoticias.com\/en\/transfers\/barca-is-not-alone-tough-rival-in-laliga-enters-the-fight-for-viktor-gy-keres_311677_102.html#primaryimage","url":"https:\/\/www.fcbarcelonanoticias.com\/en\/wp-content\/uploads\/sites\/2\/2025\/03\/sweden-v-slovakia-uefa-nations-league-2024-25-league-c-group-c1-4-1.jpeg","contentUrl":"https:\/\/www.fcbarcelonanoticias.com\/en\/wp-content\/uploads\/sites\/2\/2025\/03\/sweden-v-slovakia-uefa-nations-league-2024-25-league-c-group-c1-4-1.jpeg","width":1200,"height":675},{"@type":"BreadcrumbList","@id":"https:\/\/www.fcbarcelonanoticias.com\/en\/transfers\/barca-is-not-alone-tough-rival-in-laliga-enters-the-fight-for-viktor-gy-keres_311677_102.html#breadcrumb","itemListElement":[{"@type":"ListItem","position":1,"name":"Portada","item":"https:\/\/www.fcbarcelonanoticias.com\/en\/"},{"@type":"ListItem","position":2,"name":"Bar\u00e7a is not alone: a tough rival in LaLiga enters the fight for Viktor Gy\u00f6keres"}]},{"@type":"WebSite","@id":"https:\/\/www.fcbarcelonanoticias.com\/en\/#website","url":"https:\/\/www.fcbarcelonanoticias.com\/en\/","name":"EN - FC Barcelona Noticias","description":"","potentialAction":[{"@type":"SearchAction","target":{"@type":"EntryPoint","urlTemplate":"https:\/\/www.fcbarcelonanoticias.com\/en\/?s={search_term_string}"},"query-input":{"@type":"PropertyValueSpecification","valueRequired":true,"valueName":"search_term_string"}}],"inLanguage":"en-US"},{"@type":"Person","@id":"https:\/\/www.fcbarcelonanoticias.com\/en\/#\/schema\/person\/88d756918a0a1ae9fa593b5edddd1815","name":"Juan Pablo Berdugo","image":{"@type":"ImageObject","inLanguage":"en-US","@id":"https:\/\/secure.gravatar.com\/avatar\/?s=96&d=mm&r=g","url":"https:\/\/secure.gravatar.com\/avatar\/?s=96&d=mm&r=g","contentUrl":"https:\/\/secure.gravatar.com\/avatar\/?s=96&d=mm&r=g","caption":"Juan Pablo Berdugo"},"description":"Juan Pablo Berdugo es graduado en Periodismo. Colabora con FCBN como especialista en informaci\u00f3n del primer equipo del FC Barcelona, f\u00fatbol internacional y mercado de fichajes. Destaca por su enfoque anal\u00edtico, su rigor informativo y su capacidad para detectar tendencias emergentes en el f\u00fatbol global.","url":"https:\/\/www.fcbarcelonanoticias.com\/en\/fc-barcelona\/juan-pablo-berdugo_18_115.html"}]}},"_links":{"self":[{"href":"https:\/\/www.fcbarcelonanoticias.com\/en\/wp-json\/wp\/v2\/posts\/94477","targetHints":{"allow":["GET"]}}],"collection":[{"href":"https:\/\/www.fcbarcelonanoticias.com\/en\/wp-json\/wp\/v2\/posts"}],"about":[{"href":"https:\/\/www.fcbarcelonanoticias.com\/en\/wp-json\/wp\/v2\/types\/post"}],"author":[{"embeddable":true,"href":"https:\/\/www.fcbarcelonanoticias.com\/en\/wp-json\/wp\/v2\/users\/358"}],"replies":[{"embeddable":true,"href":"https:\/\/www.fcbarcelonanoticias.com\/en\/wp-json\/wp\/v2\/comments?post=94477"}],"version-history":[{"count":1,"href":"https:\/\/www.fcbarcelonanoticias.com\/en\/wp-json\/wp\/v2\/posts\/94477\/revisions"}],"predecessor-version":[{"id":95404,"href":"https:\/\/www.fcbarcelonanoticias.com\/en\/wp-json\/wp\/v2\/posts\/94477\/revisions\/95404"}],"wp:featuredmedia":[{"embeddable":true,"href":"https:\/\/www.fcbarcelonanoticias.com\/en\/wp-json\/wp\/v2\/media\/94482"}],"wp:attachment":[{"href":"https:\/\/www.fcbarcelonanoticias.com\/en\/wp-json\/wp\/v2\/media?parent=94477"}],"wp:term":[{"taxonomy":"category","embeddable":true,"href":"https:\/\/www.fcbarcelonanoticias.com\/en\/wp-json\/wp\/v2\/categories?post=94477"},{"taxonomy":"post_tag","embeddable":true,"href":"https:\/\/www.fcbarcelonanoticias.com\/en\/wp-json\/wp\/v2\/tags?post=94477"}],"curies":[{"name":"wp","href":"https:\/\/api.w.org\/{rel}","templated":true}]}}