{"id":94613,"date":"2023-03-27T17:13:00","date_gmt":"2023-03-27T15:13:00","guid":{"rendered":"https:\/\/weisetech.dev\/fc-barcelona-noticias\/en\/new-summit-athletico-paranaense-vitor-roque_290931_102\/"},"modified":"2023-03-27T17:13:00","modified_gmt":"2023-03-27T15:13:00","slug":"new-summit-athletico-paranaense-vitor-roque_290931_102","status":"publish","type":"post","link":"https:\/\/www.fcbarcelonanoticias.com\/en\/transfers\/new-summit-athletico-paranaense-vitor-roque_290931_102.html","title":{"rendered":"New &#8216;summit&#8217; Bar\u00e7a-Athletico Paranaense by Vitor Roque"},"content":{"rendered":"<h2 class=\"wp-block-heading\">A representative of the Athletico Paranaense will be travelling to the City Condal in the next days to know the scope of the interest of the Barcelona team by the signing of Vitor Roque and his real disposal to offer<\/h2>  \r\n<div class=\"article-addons\">\r\n    <a href=\"https:\/\/www.fcbarcelonanoticias.com\/en\/calendar-fc-barcelona.html\"\r\n       target=\"_self\"\r\n       title=\"Calendar of FC Barcelona\"\r\n       class=\"blue-gredient-btn\">\r\n       \r\n        Calendar of FC Barcelona    <\/a>\r\n<\/div>   <p>The FC Barcelona has already clear-cut varied of his aims with regard to the market estival of transfers. In addition to reinforcing the axis of the saga and the medullary,<a data-external=\"0\" data-intl-links-en=\"https:\/\/www.fcbarcelonanoticias.com\/en\/transfers\/barca-could-controversial-top-right-back_290920_102.html\" data-intl-links-es=\"https:\/\/www.fcbarcelonanoticias.com\/fichajes\/barca-podria-haber-tomado-ya-polemica-decision-sobre-fichaje-lateral-derecho-top_290920_102.html\" href=\"https:\/\/www.fcbarcelonanoticias.com\/en\/transfers\/barca-could-controversial-top-right-back_290920_102.html\" rel=\"follow\" target=\"_self\" title=\"El Bar\u00e7a podr\u00eda haber tomado ya una pol\u00e9mica decisi\u00f3n sobre el fichaje de un lateral derecho 'top'\"> sacrificing&#8217; like this the option of the right side<\/a>, the sportive area has foreseen to add a piece of attack. This would be<strong> Vitor Roque, by the one who expects a hard competition in front of the interest of other teams<\/strong>.<\/p>  <p>In accordance with the &#8216;Chain BE&#8217;, <strong>the Barcelona executive train has fixed in his diary a new meeting with a representative of the Athletico Paranaense<\/strong>, that could be decisive for the success of this operation. According to the quoted half, these conversations will serve to know the scope of the interest of the Barcelona team in doing with his services.<\/p>  <h2>How much will ask the Athletico Paranaense?<\/h2>  <p>In very few months, the value of market of the attacker Brazilian has elevated of considerable way. Although the skilled portal &#8216;Transfermarkt&#8217; prices him around the 15 million euros,<strong> the offers by the forward could surpass the 30 &#8216;kilos&#8217;<\/strong>, as in the case of which presented Paris Saint-Germain.<\/p>  <p>However, conscious of the projection of the player to so short age and of the interest that could arouse for other clubs, the team of Paran\u00e1 would finish desestimando these ofrecimientos. In accordance with the newspaper &#8216;ACE&#8217;, <strong>the amount that would be asking from Brazil would surpass the 50 million euros<\/strong> to leave him cross the Atlantic ocean.<\/p>  <h3>The possible plan of action of the Bar\u00e7a<\/h3>  <p>In such sense, <strong>will be precise that the Catalan entity concretise one or more significant sales<\/strong> to be able to arrive to Brazilian floor with an offer convincente. It will not be an easy work, taking in account the economic problems that is having the club even to inscribe players, as in the case that has to Gavi again with index card of the Juvenile To.<\/p> ","protected":false},"excerpt":{"rendered":"<p>A representative of the Athletico Paranaense will be travelling to the City Condal in the next days to know the scope of the interest of the Barcelona team by the signing of Vitor Roque and his real disposal to offer The FC Barcelona has already clear-cut varied of his aims with regard to the market [&hellip;]<\/p>\n","protected":false},"author":363,"featured_media":94622,"comment_status":"closed","ping_status":"open","sticky":false,"template":"","format":"standard","meta":{"_acf_changed":false,"inline_featured_image":false,"_nextfly_llmd_date_locked":false,"footnotes":""},"categories":[106,449],"tags":[327],"class_list":["post-94613","post","type-post","status-publish","format-standard","has-post-thumbnail","hentry","category-transfers","category-transfers-2","tag-vitor-roque"],"acf":[],"yoast_head":"<!-- This site is optimized with the Yoast SEO plugin v27.3 - https:\/\/yoast.com\/product\/yoast-seo-wordpress\/ -->\n<title>New &#039;summit&#039; Bar\u00e7a-Athletico Paranaense by Vitor Roque<\/title>\n<meta name=\"description\" content=\"A representative of the Athletico Paranaense will be travelling to the City Condal in the next days to know the scope of the interest of the Barcelona team by the signing of Vitor Roque and his real disposal to offer\" \/>\n<meta name=\"robots\" content=\"index, follow, max-snippet:-1, max-image-preview:large, max-video-preview:-1\" \/>\n<link rel=\"canonical\" href=\"https:\/\/www.fcbarcelonanoticias.com\/en\/transfers\/new-summit-athletico-paranaense-vitor-roque_290931_102.html\" \/>\n<meta property=\"og:locale\" content=\"en_US\" \/>\n<meta property=\"og:type\" content=\"article\" \/>\n<meta property=\"og:title\" content=\"New &#039;summit&#039; Bar\u00e7a-Athletico Paranaense by Vitor Roque\" \/>\n<meta property=\"og:description\" content=\"A representative of the Athletico Paranaense will be travelling to the City Condal in the next days to know the scope of the interest of the Barcelona team by the signing of Vitor Roque and his real disposal to offer\" \/>\n<meta property=\"og:url\" content=\"https:\/\/www.fcbarcelonanoticias.com\/en\/transfers\/new-summit-athletico-paranaense-vitor-roque_290931_102.html\" \/>\n<meta property=\"og:site_name\" content=\"EN - FC Barcelona Noticias\" \/>\n<meta property=\"article:published_time\" content=\"2023-03-27T15:13:00+00:00\" \/>\n<meta property=\"og:image\" content=\"https:\/\/www.fcbarcelonanoticias.com\/en\/wp-content\/uploads\/sites\/2\/2023\/03\/fbl-libertadores-estudiantes-paranaense-1.jpeg\" \/>\n\t<meta property=\"og:image:width\" content=\"1200\" \/>\n\t<meta property=\"og:image:height\" content=\"701\" \/>\n\t<meta property=\"og:image:type\" content=\"image\/jpeg\" \/>\n<meta name=\"author\" content=\"Claudio Betancourt\" \/>\n<meta name=\"twitter:card\" content=\"summary_large_image\" \/>\n<meta name=\"twitter:label1\" content=\"Written by\" \/>\n\t<meta name=\"twitter:data1\" content=\"Claudio Betancourt\" \/>\n\t<meta name=\"twitter:label2\" content=\"Est. reading time\" \/>\n\t<meta name=\"twitter:data2\" content=\"2 minutes\" \/>\n<script type=\"application\/ld+json\" class=\"yoast-schema-graph\">{\"@context\":\"https:\\\/\\\/schema.org\",\"@graph\":[{\"@type\":\"Article\",\"@id\":\"https:\\\/\\\/www.fcbarcelonanoticias.com\\\/en\\\/transfers\\\/new-summit-athletico-paranaense-vitor-roque_290931_102.html#article\",\"isPartOf\":{\"@id\":\"https:\\\/\\\/www.fcbarcelonanoticias.com\\\/en\\\/transfers\\\/new-summit-athletico-paranaense-vitor-roque_290931_102.html\"},\"author\":{\"name\":\"Claudio Betancourt\",\"@id\":\"https:\\\/\\\/www.fcbarcelonanoticias.com\\\/en\\\/#\\\/schema\\\/person\\\/76c77917e39f918eb1604c571055386e\"},\"headline\":\"New &#8216;summit&#8217; Bar\u00e7a-Athletico Paranaense by Vitor Roque\",\"datePublished\":\"2023-03-27T15:13:00+00:00\",\"mainEntityOfPage\":{\"@id\":\"https:\\\/\\\/www.fcbarcelonanoticias.com\\\/en\\\/transfers\\\/new-summit-athletico-paranaense-vitor-roque_290931_102.html\"},\"wordCount\":364,\"image\":{\"@id\":\"https:\\\/\\\/www.fcbarcelonanoticias.com\\\/en\\\/transfers\\\/new-summit-athletico-paranaense-vitor-roque_290931_102.html#primaryimage\"},\"thumbnailUrl\":\"https:\\\/\\\/www.fcbarcelonanoticias.com\\\/en\\\/wp-content\\\/uploads\\\/sites\\\/2\\\/2023\\\/03\\\/fbl-libertadores-estudiantes-paranaense-1.jpeg\",\"keywords\":[\"Vitor Roque\"],\"articleSection\":[\"Transfers\",\"Transfers\"],\"inLanguage\":\"en-US\"},{\"@type\":\"WebPage\",\"@id\":\"https:\\\/\\\/www.fcbarcelonanoticias.com\\\/en\\\/transfers\\\/new-summit-athletico-paranaense-vitor-roque_290931_102.html\",\"url\":\"https:\\\/\\\/www.fcbarcelonanoticias.com\\\/en\\\/transfers\\\/new-summit-athletico-paranaense-vitor-roque_290931_102.html\",\"name\":\"New 'summit' Bar\u00e7a-Athletico Paranaense by Vitor Roque\",\"isPartOf\":{\"@id\":\"https:\\\/\\\/www.fcbarcelonanoticias.com\\\/en\\\/#website\"},\"primaryImageOfPage\":{\"@id\":\"https:\\\/\\\/www.fcbarcelonanoticias.com\\\/en\\\/transfers\\\/new-summit-athletico-paranaense-vitor-roque_290931_102.html#primaryimage\"},\"image\":{\"@id\":\"https:\\\/\\\/www.fcbarcelonanoticias.com\\\/en\\\/transfers\\\/new-summit-athletico-paranaense-vitor-roque_290931_102.html#primaryimage\"},\"thumbnailUrl\":\"https:\\\/\\\/www.fcbarcelonanoticias.com\\\/en\\\/wp-content\\\/uploads\\\/sites\\\/2\\\/2023\\\/03\\\/fbl-libertadores-estudiantes-paranaense-1.jpeg\",\"datePublished\":\"2023-03-27T15:13:00+00:00\",\"author\":{\"@id\":\"https:\\\/\\\/www.fcbarcelonanoticias.com\\\/en\\\/#\\\/schema\\\/person\\\/76c77917e39f918eb1604c571055386e\"},\"description\":\"A representative of the Athletico Paranaense will be travelling to the City Condal in the next days to know the scope of the interest of the Barcelona team by the signing of Vitor Roque and his real disposal to offer\",\"breadcrumb\":{\"@id\":\"https:\\\/\\\/www.fcbarcelonanoticias.com\\\/en\\\/transfers\\\/new-summit-athletico-paranaense-vitor-roque_290931_102.html#breadcrumb\"},\"inLanguage\":\"en-US\",\"potentialAction\":[{\"@type\":\"ReadAction\",\"target\":[\"https:\\\/\\\/www.fcbarcelonanoticias.com\\\/en\\\/transfers\\\/new-summit-athletico-paranaense-vitor-roque_290931_102.html\"]}]},{\"@type\":\"ImageObject\",\"inLanguage\":\"en-US\",\"@id\":\"https:\\\/\\\/www.fcbarcelonanoticias.com\\\/en\\\/transfers\\\/new-summit-athletico-paranaense-vitor-roque_290931_102.html#primaryimage\",\"url\":\"https:\\\/\\\/www.fcbarcelonanoticias.com\\\/en\\\/wp-content\\\/uploads\\\/sites\\\/2\\\/2023\\\/03\\\/fbl-libertadores-estudiantes-paranaense-1.jpeg\",\"contentUrl\":\"https:\\\/\\\/www.fcbarcelonanoticias.com\\\/en\\\/wp-content\\\/uploads\\\/sites\\\/2\\\/2023\\\/03\\\/fbl-libertadores-estudiantes-paranaense-1.jpeg\",\"width\":1200,\"height\":701},{\"@type\":\"BreadcrumbList\",\"@id\":\"https:\\\/\\\/www.fcbarcelonanoticias.com\\\/en\\\/transfers\\\/new-summit-athletico-paranaense-vitor-roque_290931_102.html#breadcrumb\",\"itemListElement\":[{\"@type\":\"ListItem\",\"position\":1,\"name\":\"Portada\",\"item\":\"https:\\\/\\\/www.fcbarcelonanoticias.com\\\/en\\\/\"},{\"@type\":\"ListItem\",\"position\":2,\"name\":\"New &#8216;summit&#8217; Bar\u00e7a-Athletico Paranaense by Vitor Roque\"}]},{\"@type\":\"WebSite\",\"@id\":\"https:\\\/\\\/www.fcbarcelonanoticias.com\\\/en\\\/#website\",\"url\":\"https:\\\/\\\/www.fcbarcelonanoticias.com\\\/en\\\/\",\"name\":\"EN - FC Barcelona Noticias\",\"description\":\"\",\"potentialAction\":[{\"@type\":\"SearchAction\",\"target\":{\"@type\":\"EntryPoint\",\"urlTemplate\":\"https:\\\/\\\/www.fcbarcelonanoticias.com\\\/en\\\/?s={search_term_string}\"},\"query-input\":{\"@type\":\"PropertyValueSpecification\",\"valueRequired\":true,\"valueName\":\"search_term_string\"}}],\"inLanguage\":\"en-US\"},{\"@type\":\"Person\",\"@id\":\"https:\\\/\\\/www.fcbarcelonanoticias.com\\\/en\\\/#\\\/schema\\\/person\\\/76c77917e39f918eb1604c571055386e\",\"name\":\"Claudio Betancourt\",\"image\":{\"@type\":\"ImageObject\",\"inLanguage\":\"en-US\",\"@id\":\"https:\\\/\\\/secure.gravatar.com\\\/avatar\\\/?s=96&d=mm&r=g\",\"url\":\"https:\\\/\\\/secure.gravatar.com\\\/avatar\\\/?s=96&d=mm&r=g\",\"contentUrl\":\"https:\\\/\\\/secure.gravatar.com\\\/avatar\\\/?s=96&d=mm&r=g\",\"caption\":\"Claudio Betancourt\"},\"url\":\"https:\\\/\\\/www.fcbarcelonanoticias.com\\\/en\\\/claudio-betancourt_14_115.html\"}]}<\/script>\n<!-- \/ Yoast SEO plugin. -->","yoast_head_json":{"title":"New 'summit' Bar\u00e7a-Athletico Paranaense by Vitor Roque","description":"A representative of the Athletico Paranaense will be travelling to the City Condal in the next days to know the scope of the interest of the Barcelona team by the signing of Vitor Roque and his real disposal to offer","robots":{"index":"index","follow":"follow","max-snippet":"max-snippet:-1","max-image-preview":"max-image-preview:large","max-video-preview":"max-video-preview:-1"},"canonical":"https:\/\/www.fcbarcelonanoticias.com\/en\/transfers\/new-summit-athletico-paranaense-vitor-roque_290931_102.html","og_locale":"en_US","og_type":"article","og_title":"New 'summit' Bar\u00e7a-Athletico Paranaense by Vitor Roque","og_description":"A representative of the Athletico Paranaense will be travelling to the City Condal in the next days to know the scope of the interest of the Barcelona team by the signing of Vitor Roque and his real disposal to offer","og_url":"https:\/\/www.fcbarcelonanoticias.com\/en\/transfers\/new-summit-athletico-paranaense-vitor-roque_290931_102.html","og_site_name":"EN - FC Barcelona Noticias","article_published_time":"2023-03-27T15:13:00+00:00","og_image":[{"width":1200,"height":701,"url":"https:\/\/www.fcbarcelonanoticias.com\/en\/wp-content\/uploads\/sites\/2\/2023\/03\/fbl-libertadores-estudiantes-paranaense-1.jpeg","type":"image\/jpeg"}],"author":"Claudio Betancourt","twitter_card":"summary_large_image","twitter_misc":{"Written by":"Claudio Betancourt","Est. reading time":"2 minutes"},"schema":{"@context":"https:\/\/schema.org","@graph":[{"@type":"Article","@id":"https:\/\/www.fcbarcelonanoticias.com\/en\/transfers\/new-summit-athletico-paranaense-vitor-roque_290931_102.html#article","isPartOf":{"@id":"https:\/\/www.fcbarcelonanoticias.com\/en\/transfers\/new-summit-athletico-paranaense-vitor-roque_290931_102.html"},"author":{"name":"Claudio Betancourt","@id":"https:\/\/www.fcbarcelonanoticias.com\/en\/#\/schema\/person\/76c77917e39f918eb1604c571055386e"},"headline":"New &#8216;summit&#8217; Bar\u00e7a-Athletico Paranaense by Vitor Roque","datePublished":"2023-03-27T15:13:00+00:00","mainEntityOfPage":{"@id":"https:\/\/www.fcbarcelonanoticias.com\/en\/transfers\/new-summit-athletico-paranaense-vitor-roque_290931_102.html"},"wordCount":364,"image":{"@id":"https:\/\/www.fcbarcelonanoticias.com\/en\/transfers\/new-summit-athletico-paranaense-vitor-roque_290931_102.html#primaryimage"},"thumbnailUrl":"https:\/\/www.fcbarcelonanoticias.com\/en\/wp-content\/uploads\/sites\/2\/2023\/03\/fbl-libertadores-estudiantes-paranaense-1.jpeg","keywords":["Vitor Roque"],"articleSection":["Transfers","Transfers"],"inLanguage":"en-US"},{"@type":"WebPage","@id":"https:\/\/www.fcbarcelonanoticias.com\/en\/transfers\/new-summit-athletico-paranaense-vitor-roque_290931_102.html","url":"https:\/\/www.fcbarcelonanoticias.com\/en\/transfers\/new-summit-athletico-paranaense-vitor-roque_290931_102.html","name":"New 'summit' Bar\u00e7a-Athletico Paranaense by Vitor Roque","isPartOf":{"@id":"https:\/\/www.fcbarcelonanoticias.com\/en\/#website"},"primaryImageOfPage":{"@id":"https:\/\/www.fcbarcelonanoticias.com\/en\/transfers\/new-summit-athletico-paranaense-vitor-roque_290931_102.html#primaryimage"},"image":{"@id":"https:\/\/www.fcbarcelonanoticias.com\/en\/transfers\/new-summit-athletico-paranaense-vitor-roque_290931_102.html#primaryimage"},"thumbnailUrl":"https:\/\/www.fcbarcelonanoticias.com\/en\/wp-content\/uploads\/sites\/2\/2023\/03\/fbl-libertadores-estudiantes-paranaense-1.jpeg","datePublished":"2023-03-27T15:13:00+00:00","author":{"@id":"https:\/\/www.fcbarcelonanoticias.com\/en\/#\/schema\/person\/76c77917e39f918eb1604c571055386e"},"description":"A representative of the Athletico Paranaense will be travelling to the City Condal in the next days to know the scope of the interest of the Barcelona team by the signing of Vitor Roque and his real disposal to offer","breadcrumb":{"@id":"https:\/\/www.fcbarcelonanoticias.com\/en\/transfers\/new-summit-athletico-paranaense-vitor-roque_290931_102.html#breadcrumb"},"inLanguage":"en-US","potentialAction":[{"@type":"ReadAction","target":["https:\/\/www.fcbarcelonanoticias.com\/en\/transfers\/new-summit-athletico-paranaense-vitor-roque_290931_102.html"]}]},{"@type":"ImageObject","inLanguage":"en-US","@id":"https:\/\/www.fcbarcelonanoticias.com\/en\/transfers\/new-summit-athletico-paranaense-vitor-roque_290931_102.html#primaryimage","url":"https:\/\/www.fcbarcelonanoticias.com\/en\/wp-content\/uploads\/sites\/2\/2023\/03\/fbl-libertadores-estudiantes-paranaense-1.jpeg","contentUrl":"https:\/\/www.fcbarcelonanoticias.com\/en\/wp-content\/uploads\/sites\/2\/2023\/03\/fbl-libertadores-estudiantes-paranaense-1.jpeg","width":1200,"height":701},{"@type":"BreadcrumbList","@id":"https:\/\/www.fcbarcelonanoticias.com\/en\/transfers\/new-summit-athletico-paranaense-vitor-roque_290931_102.html#breadcrumb","itemListElement":[{"@type":"ListItem","position":1,"name":"Portada","item":"https:\/\/www.fcbarcelonanoticias.com\/en\/"},{"@type":"ListItem","position":2,"name":"New &#8216;summit&#8217; Bar\u00e7a-Athletico Paranaense by Vitor Roque"}]},{"@type":"WebSite","@id":"https:\/\/www.fcbarcelonanoticias.com\/en\/#website","url":"https:\/\/www.fcbarcelonanoticias.com\/en\/","name":"EN - FC Barcelona Noticias","description":"","potentialAction":[{"@type":"SearchAction","target":{"@type":"EntryPoint","urlTemplate":"https:\/\/www.fcbarcelonanoticias.com\/en\/?s={search_term_string}"},"query-input":{"@type":"PropertyValueSpecification","valueRequired":true,"valueName":"search_term_string"}}],"inLanguage":"en-US"},{"@type":"Person","@id":"https:\/\/www.fcbarcelonanoticias.com\/en\/#\/schema\/person\/76c77917e39f918eb1604c571055386e","name":"Claudio Betancourt","image":{"@type":"ImageObject","inLanguage":"en-US","@id":"https:\/\/secure.gravatar.com\/avatar\/?s=96&d=mm&r=g","url":"https:\/\/secure.gravatar.com\/avatar\/?s=96&d=mm&r=g","contentUrl":"https:\/\/secure.gravatar.com\/avatar\/?s=96&d=mm&r=g","caption":"Claudio Betancourt"},"url":"https:\/\/www.fcbarcelonanoticias.com\/en\/claudio-betancourt_14_115.html"}]}},"_links":{"self":[{"href":"https:\/\/www.fcbarcelonanoticias.com\/en\/wp-json\/wp\/v2\/posts\/94613","targetHints":{"allow":["GET"]}}],"collection":[{"href":"https:\/\/www.fcbarcelonanoticias.com\/en\/wp-json\/wp\/v2\/posts"}],"about":[{"href":"https:\/\/www.fcbarcelonanoticias.com\/en\/wp-json\/wp\/v2\/types\/post"}],"author":[{"embeddable":true,"href":"https:\/\/www.fcbarcelonanoticias.com\/en\/wp-json\/wp\/v2\/users\/363"}],"replies":[{"embeddable":true,"href":"https:\/\/www.fcbarcelonanoticias.com\/en\/wp-json\/wp\/v2\/comments?post=94613"}],"version-history":[{"count":1,"href":"https:\/\/www.fcbarcelonanoticias.com\/en\/wp-json\/wp\/v2\/posts\/94613\/revisions"}],"predecessor-version":[{"id":131091,"href":"https:\/\/www.fcbarcelonanoticias.com\/en\/wp-json\/wp\/v2\/posts\/94613\/revisions\/131091"}],"wp:featuredmedia":[{"embeddable":true,"href":"https:\/\/www.fcbarcelonanoticias.com\/en\/wp-json\/wp\/v2\/media\/94622"}],"wp:attachment":[{"href":"https:\/\/www.fcbarcelonanoticias.com\/en\/wp-json\/wp\/v2\/media?parent=94613"}],"wp:term":[{"taxonomy":"category","embeddable":true,"href":"https:\/\/www.fcbarcelonanoticias.com\/en\/wp-json\/wp\/v2\/categories?post=94613"},{"taxonomy":"post_tag","embeddable":true,"href":"https:\/\/www.fcbarcelonanoticias.com\/en\/wp-json\/wp\/v2\/tags?post=94613"}],"curies":[{"name":"wp","href":"https:\/\/api.w.org\/{rel}","templated":true}]}}