{"id":9472,"date":"2024-08-14T21:22:00","date_gmt":"2024-08-14T19:22:00","guid":{"rendered":"https:\/\/weisetech.dev\/fc-barcelona-noticias\/en\/cover-fcbn-14-08-2024-valverde-reopens-nico-williams-case_306464_102\/"},"modified":"2024-08-15T23:33:00","modified_gmt":"2024-08-15T21:33:00","slug":"cover-fcbn-14-08-2024-valverde-reopens-nico-williams-case_306464_102","status":"publish","type":"post","link":"https:\/\/www.fcbarcelonanoticias.com\/en\/covers\/cover-fcbn-14-08-2024-valverde-reopens-nico-williams-case_306464_102.html","title":{"rendered":"FCBN cover 08\/14\/2024: Valverde reopens the Nico Williams case"},"content":{"rendered":"<h2 class=\"wp-block-heading\">This is today&#8217;s FCBN cover, Wednesday, August 14, 2024: The Athletic manager has once again sparked rumors about Nico Williams&#8217; future with some strange and unexpected statements<\/h2>  \r\n<div class=\"article-addons\">\r\n    <a href=\"https:\/\/www.fcbarcelonanoticias.com\/en\/calendar-fc-barcelona.html\"\r\n       target=\"_self\"\r\n       title=\"Calendar of FC Barcelona\"\r\n       class=\"blue-gredient-btn\">\r\n       \r\n        Calendar of FC Barcelona    <\/a>\r\n<\/div>   <p>On the FCBN cover of this Wednesday 14 August 2024 we highlight: <strong>Ernesto Valverde has returned, incomprehensibly, to give life again to the &#8220;soap opera of the summer&#8221;<\/strong>. The coach has not ruled out the forward&#8217;s departure. Why?<\/p>  <h2>FCBN cover, Tuesday, August 14, 2024 on X (Twitter):<\/h2>  <blockquote class=\"twitter-tweet\"> <p dir=\"ltr\" lang=\"pt\">\ud83d\udfe6\ud83d\udfe5 Cover FCBN 14\/08\/2024<br><br> STRANGER THINGS \u2753 <a href=\"https:\/\/t.co\/en\/1g9VyHVGM7\">pic.twitter.com\/1g9vyhvgm7<\/a><\/p> \u2014 FCBN (@FCBNOTICIAS) <a href=\"https:\/\/twitter.com\/en\/FCBNOTICIAS\/status\/1823798292616241461?ref_src=twsrc%5Etfw\">August 14, 2024<\/a> <\/blockquote> <p><strong><a data-external=\"1\" href=\"https:\/\/www.fcbarcelonanoticias.com\/en\/portadas-futbol\" rel=\"follow\" target=\"_self\" title=\"Todas las Portadas de FCBN\">INFO: You can see all the covers of FCBN doing click in this link<\/a><\/strong><\/p> ","protected":false},"excerpt":{"rendered":"<p>This is today&#8217;s FCBN cover, Wednesday, August 14, 2024: The Athletic manager has once again sparked rumors about Nico Williams&#8217; future with some strange and unexpected statements On the FCBN cover of this Wednesday 14 August 2024 we highlight: Ernesto Valverde has returned, incomprehensibly, to give life again to the &#8220;soap opera of the summer&#8221;. [&hellip;]<\/p>\n","protected":false},"author":351,"featured_media":9473,"comment_status":"closed","ping_status":"open","sticky":false,"template":"","format":"standard","meta":{"_acf_changed":false,"inline_featured_image":false,"_nextfly_llmd_date_locked":false,"footnotes":""},"categories":[124],"tags":[81,218,174],"class_list":["post-9472","post","type-post","status-publish","format-standard","has-post-thumbnail","hentry","category-covers","tag-athletic-de-bilbao","tag-ernesto-valverde","tag-nico-williams"],"acf":[],"yoast_head":"<!-- This site is optimized with the Yoast SEO plugin v27.3 - https:\/\/yoast.com\/product\/yoast-seo-wordpress\/ -->\n<title>FCBN cover 08\/14\/2024: Valverde reopens the Nico Williams case<\/title>\n<meta name=\"description\" content=\"This is today&#039;s FCBN cover, Wednesday, August 14, 2024: The Athletic manager has once again sparked rumors about Nico Williams&#039; future with some strange and unexpected statements\" \/>\n<meta name=\"robots\" content=\"index, follow, max-snippet:-1, max-image-preview:large, max-video-preview:-1\" \/>\n<link rel=\"canonical\" href=\"https:\/\/www.fcbarcelonanoticias.com\/en\/covers\/cover-fcbn-14-08-2024-valverde-reopens-nico-williams-case_306464_102.html\" \/>\n<meta property=\"og:locale\" content=\"en_US\" \/>\n<meta property=\"og:type\" content=\"article\" \/>\n<meta property=\"og:title\" content=\"FCBN cover 08\/14\/2024: Valverde reopens the Nico Williams case\" \/>\n<meta property=\"og:description\" content=\"This is today&#039;s FCBN cover, Wednesday, August 14, 2024: The Athletic manager has once again sparked rumors about Nico Williams&#039; future with some strange and unexpected statements\" \/>\n<meta property=\"og:url\" content=\"https:\/\/www.fcbarcelonanoticias.com\/en\/covers\/cover-fcbn-14-08-2024-valverde-reopens-nico-williams-case_306464_102.html\" \/>\n<meta property=\"og:site_name\" content=\"EN - FC Barcelona Noticias\" \/>\n<meta property=\"article:published_time\" content=\"2024-08-14T19:22:00+00:00\" \/>\n<meta property=\"article:modified_time\" content=\"2024-08-15T21:33:00+00:00\" \/>\n<meta property=\"og:image\" content=\"https:\/\/www.fcbarcelonanoticias.com\/en\/wp-content\/uploads\/sites\/2\/2024\/08\/portada-fcbn-14-8-2024-valverde-no-descarta-salida-nico-williams.jpeg\" \/>\n\t<meta property=\"og:image:width\" content=\"1080\" \/>\n\t<meta property=\"og:image:height\" content=\"1350\" \/>\n\t<meta property=\"og:image:type\" content=\"image\/jpeg\" \/>\n<meta name=\"author\" content=\"David Jim\u00e9nez\" \/>\n<meta name=\"twitter:card\" content=\"summary_large_image\" \/>\n<meta name=\"twitter:label1\" content=\"Written by\" \/>\n\t<meta name=\"twitter:data1\" content=\"David Jim\u00e9nez\" \/>\n<script type=\"application\/ld+json\" class=\"yoast-schema-graph\">{\"@context\":\"https:\\\/\\\/schema.org\",\"@graph\":[{\"@type\":\"Article\",\"@id\":\"https:\\\/\\\/www.fcbarcelonanoticias.com\\\/en\\\/covers\\\/cover-fcbn-14-08-2024-valverde-reopens-nico-williams-case_306464_102.html#article\",\"isPartOf\":{\"@id\":\"https:\\\/\\\/www.fcbarcelonanoticias.com\\\/en\\\/covers\\\/cover-fcbn-14-08-2024-valverde-reopens-nico-williams-case_306464_102.html\"},\"author\":{\"name\":\"David Jim\u00e9nez\",\"@id\":\"https:\\\/\\\/www.fcbarcelonanoticias.com\\\/en\\\/#\\\/schema\\\/person\\\/ba19d9de61d41107240dd68c56521ef5\"},\"headline\":\"FCBN cover 08\\\/14\\\/2024: Valverde reopens the Nico Williams case\",\"datePublished\":\"2024-08-14T19:22:00+00:00\",\"dateModified\":\"2024-08-15T21:33:00+00:00\",\"mainEntityOfPage\":{\"@id\":\"https:\\\/\\\/www.fcbarcelonanoticias.com\\\/en\\\/covers\\\/cover-fcbn-14-08-2024-valverde-reopens-nico-williams-case_306464_102.html\"},\"wordCount\":104,\"image\":{\"@id\":\"https:\\\/\\\/www.fcbarcelonanoticias.com\\\/en\\\/covers\\\/cover-fcbn-14-08-2024-valverde-reopens-nico-williams-case_306464_102.html#primaryimage\"},\"thumbnailUrl\":\"https:\\\/\\\/www.fcbarcelonanoticias.com\\\/en\\\/wp-content\\\/uploads\\\/sites\\\/2\\\/2024\\\/08\\\/portada-fcbn-14-8-2024-valverde-no-descarta-salida-nico-williams.jpeg\",\"keywords\":[\"Athletic de Bilbao\",\"Ernesto Valverde\",\"Nico Williams\"],\"articleSection\":[\"Covers\"],\"inLanguage\":\"en-US\"},{\"@type\":\"WebPage\",\"@id\":\"https:\\\/\\\/www.fcbarcelonanoticias.com\\\/en\\\/covers\\\/cover-fcbn-14-08-2024-valverde-reopens-nico-williams-case_306464_102.html\",\"url\":\"https:\\\/\\\/www.fcbarcelonanoticias.com\\\/en\\\/covers\\\/cover-fcbn-14-08-2024-valverde-reopens-nico-williams-case_306464_102.html\",\"name\":\"FCBN cover 08\\\/14\\\/2024: Valverde reopens the Nico Williams case\",\"isPartOf\":{\"@id\":\"https:\\\/\\\/www.fcbarcelonanoticias.com\\\/en\\\/#website\"},\"primaryImageOfPage\":{\"@id\":\"https:\\\/\\\/www.fcbarcelonanoticias.com\\\/en\\\/covers\\\/cover-fcbn-14-08-2024-valverde-reopens-nico-williams-case_306464_102.html#primaryimage\"},\"image\":{\"@id\":\"https:\\\/\\\/www.fcbarcelonanoticias.com\\\/en\\\/covers\\\/cover-fcbn-14-08-2024-valverde-reopens-nico-williams-case_306464_102.html#primaryimage\"},\"thumbnailUrl\":\"https:\\\/\\\/www.fcbarcelonanoticias.com\\\/en\\\/wp-content\\\/uploads\\\/sites\\\/2\\\/2024\\\/08\\\/portada-fcbn-14-8-2024-valverde-no-descarta-salida-nico-williams.jpeg\",\"datePublished\":\"2024-08-14T19:22:00+00:00\",\"dateModified\":\"2024-08-15T21:33:00+00:00\",\"author\":{\"@id\":\"https:\\\/\\\/www.fcbarcelonanoticias.com\\\/en\\\/#\\\/schema\\\/person\\\/ba19d9de61d41107240dd68c56521ef5\"},\"description\":\"This is today's FCBN cover, Wednesday, August 14, 2024: The Athletic manager has once again sparked rumors about Nico Williams' future with some strange and unexpected statements\",\"breadcrumb\":{\"@id\":\"https:\\\/\\\/www.fcbarcelonanoticias.com\\\/en\\\/covers\\\/cover-fcbn-14-08-2024-valverde-reopens-nico-williams-case_306464_102.html#breadcrumb\"},\"inLanguage\":\"en-US\",\"potentialAction\":[{\"@type\":\"ReadAction\",\"target\":[\"https:\\\/\\\/www.fcbarcelonanoticias.com\\\/en\\\/covers\\\/cover-fcbn-14-08-2024-valverde-reopens-nico-williams-case_306464_102.html\"]}]},{\"@type\":\"ImageObject\",\"inLanguage\":\"en-US\",\"@id\":\"https:\\\/\\\/www.fcbarcelonanoticias.com\\\/en\\\/covers\\\/cover-fcbn-14-08-2024-valverde-reopens-nico-williams-case_306464_102.html#primaryimage\",\"url\":\"https:\\\/\\\/www.fcbarcelonanoticias.com\\\/en\\\/wp-content\\\/uploads\\\/sites\\\/2\\\/2024\\\/08\\\/portada-fcbn-14-8-2024-valverde-no-descarta-salida-nico-williams.jpeg\",\"contentUrl\":\"https:\\\/\\\/www.fcbarcelonanoticias.com\\\/en\\\/wp-content\\\/uploads\\\/sites\\\/2\\\/2024\\\/08\\\/portada-fcbn-14-8-2024-valverde-no-descarta-salida-nico-williams.jpeg\",\"width\":1080,\"height\":1350},{\"@type\":\"BreadcrumbList\",\"@id\":\"https:\\\/\\\/www.fcbarcelonanoticias.com\\\/en\\\/covers\\\/cover-fcbn-14-08-2024-valverde-reopens-nico-williams-case_306464_102.html#breadcrumb\",\"itemListElement\":[{\"@type\":\"ListItem\",\"position\":1,\"name\":\"Portada\",\"item\":\"https:\\\/\\\/www.fcbarcelonanoticias.com\\\/en\\\/\"},{\"@type\":\"ListItem\",\"position\":2,\"name\":\"FCBN cover 08\\\/14\\\/2024: Valverde reopens the Nico Williams case\"}]},{\"@type\":\"WebSite\",\"@id\":\"https:\\\/\\\/www.fcbarcelonanoticias.com\\\/en\\\/#website\",\"url\":\"https:\\\/\\\/www.fcbarcelonanoticias.com\\\/en\\\/\",\"name\":\"EN - FC Barcelona Noticias\",\"description\":\"\",\"potentialAction\":[{\"@type\":\"SearchAction\",\"target\":{\"@type\":\"EntryPoint\",\"urlTemplate\":\"https:\\\/\\\/www.fcbarcelonanoticias.com\\\/en\\\/?s={search_term_string}\"},\"query-input\":{\"@type\":\"PropertyValueSpecification\",\"valueRequired\":true,\"valueName\":\"search_term_string\"}}],\"inLanguage\":\"en-US\"},{\"@type\":\"Person\",\"@id\":\"https:\\\/\\\/www.fcbarcelonanoticias.com\\\/en\\\/#\\\/schema\\\/person\\\/ba19d9de61d41107240dd68c56521ef5\",\"name\":\"David Jim\u00e9nez\",\"image\":{\"@type\":\"ImageObject\",\"inLanguage\":\"en-US\",\"@id\":\"https:\\\/\\\/secure.gravatar.com\\\/avatar\\\/?s=96&d=mm&r=g\",\"url\":\"https:\\\/\\\/secure.gravatar.com\\\/avatar\\\/?s=96&d=mm&r=g\",\"contentUrl\":\"https:\\\/\\\/secure.gravatar.com\\\/avatar\\\/?s=96&d=mm&r=g\",\"caption\":\"David Jim\u00e9nez\"},\"description\":\"Responsable editorial en FC Barcelona Noticias (FCBN).\u00a0Especializado en la actualidad del F\u00fatbol Club Barcelona: partidos, fichajes, an\u00e1lisis t\u00e1ctico y competiciones oficiales. Coordina coberturas, edici\u00f3n y est\u00e1ndares editoriales para garantizar rigor, contexto y verificaci\u00f3n de datos en todos los contenidos. Con gran experiencia en el ecosistema\u00a0digital deportivo, medios de comunicaci\u00f3n\u00a0y gesti\u00f3n de audiencias. Impulsa piezas explicativas, gu\u00edas pr\u00e1cticas y contenidos innovadores de servicio al lector, priorizando fuentes oficiales (F\u00fatbol Club Barcelona, LaLiga, UEFA, RFEF) y contrastes m\u00faltiples. Transparencia editorial: trabajamos conforme a nuestra Pol\u00edtica Editorial y Pol\u00edtica de Correcciones. M\u00e1s informaci\u00f3n sobre el medio en Qui\u00e9nes somos.\",\"url\":\"https:\\\/\\\/www.fcbarcelonanoticias.com\\\/en\\\/fc-barcelona\\\/david-jimenez_7_115.html\"}]}<\/script>\n<!-- \/ Yoast SEO plugin. -->","yoast_head_json":{"title":"FCBN cover 08\/14\/2024: Valverde reopens the Nico Williams case","description":"This is today's FCBN cover, Wednesday, August 14, 2024: The Athletic manager has once again sparked rumors about Nico Williams' future with some strange and unexpected statements","robots":{"index":"index","follow":"follow","max-snippet":"max-snippet:-1","max-image-preview":"max-image-preview:large","max-video-preview":"max-video-preview:-1"},"canonical":"https:\/\/www.fcbarcelonanoticias.com\/en\/covers\/cover-fcbn-14-08-2024-valverde-reopens-nico-williams-case_306464_102.html","og_locale":"en_US","og_type":"article","og_title":"FCBN cover 08\/14\/2024: Valverde reopens the Nico Williams case","og_description":"This is today's FCBN cover, Wednesday, August 14, 2024: The Athletic manager has once again sparked rumors about Nico Williams' future with some strange and unexpected statements","og_url":"https:\/\/www.fcbarcelonanoticias.com\/en\/covers\/cover-fcbn-14-08-2024-valverde-reopens-nico-williams-case_306464_102.html","og_site_name":"EN - FC Barcelona Noticias","article_published_time":"2024-08-14T19:22:00+00:00","article_modified_time":"2024-08-15T21:33:00+00:00","og_image":[{"width":1080,"height":1350,"url":"https:\/\/www.fcbarcelonanoticias.com\/en\/wp-content\/uploads\/sites\/2\/2024\/08\/portada-fcbn-14-8-2024-valverde-no-descarta-salida-nico-williams.jpeg","type":"image\/jpeg"}],"author":"David Jim\u00e9nez","twitter_card":"summary_large_image","twitter_misc":{"Written by":"David Jim\u00e9nez"},"schema":{"@context":"https:\/\/schema.org","@graph":[{"@type":"Article","@id":"https:\/\/www.fcbarcelonanoticias.com\/en\/covers\/cover-fcbn-14-08-2024-valverde-reopens-nico-williams-case_306464_102.html#article","isPartOf":{"@id":"https:\/\/www.fcbarcelonanoticias.com\/en\/covers\/cover-fcbn-14-08-2024-valverde-reopens-nico-williams-case_306464_102.html"},"author":{"name":"David Jim\u00e9nez","@id":"https:\/\/www.fcbarcelonanoticias.com\/en\/#\/schema\/person\/ba19d9de61d41107240dd68c56521ef5"},"headline":"FCBN cover 08\/14\/2024: Valverde reopens the Nico Williams case","datePublished":"2024-08-14T19:22:00+00:00","dateModified":"2024-08-15T21:33:00+00:00","mainEntityOfPage":{"@id":"https:\/\/www.fcbarcelonanoticias.com\/en\/covers\/cover-fcbn-14-08-2024-valverde-reopens-nico-williams-case_306464_102.html"},"wordCount":104,"image":{"@id":"https:\/\/www.fcbarcelonanoticias.com\/en\/covers\/cover-fcbn-14-08-2024-valverde-reopens-nico-williams-case_306464_102.html#primaryimage"},"thumbnailUrl":"https:\/\/www.fcbarcelonanoticias.com\/en\/wp-content\/uploads\/sites\/2\/2024\/08\/portada-fcbn-14-8-2024-valverde-no-descarta-salida-nico-williams.jpeg","keywords":["Athletic de Bilbao","Ernesto Valverde","Nico Williams"],"articleSection":["Covers"],"inLanguage":"en-US"},{"@type":"WebPage","@id":"https:\/\/www.fcbarcelonanoticias.com\/en\/covers\/cover-fcbn-14-08-2024-valverde-reopens-nico-williams-case_306464_102.html","url":"https:\/\/www.fcbarcelonanoticias.com\/en\/covers\/cover-fcbn-14-08-2024-valverde-reopens-nico-williams-case_306464_102.html","name":"FCBN cover 08\/14\/2024: Valverde reopens the Nico Williams case","isPartOf":{"@id":"https:\/\/www.fcbarcelonanoticias.com\/en\/#website"},"primaryImageOfPage":{"@id":"https:\/\/www.fcbarcelonanoticias.com\/en\/covers\/cover-fcbn-14-08-2024-valverde-reopens-nico-williams-case_306464_102.html#primaryimage"},"image":{"@id":"https:\/\/www.fcbarcelonanoticias.com\/en\/covers\/cover-fcbn-14-08-2024-valverde-reopens-nico-williams-case_306464_102.html#primaryimage"},"thumbnailUrl":"https:\/\/www.fcbarcelonanoticias.com\/en\/wp-content\/uploads\/sites\/2\/2024\/08\/portada-fcbn-14-8-2024-valverde-no-descarta-salida-nico-williams.jpeg","datePublished":"2024-08-14T19:22:00+00:00","dateModified":"2024-08-15T21:33:00+00:00","author":{"@id":"https:\/\/www.fcbarcelonanoticias.com\/en\/#\/schema\/person\/ba19d9de61d41107240dd68c56521ef5"},"description":"This is today's FCBN cover, Wednesday, August 14, 2024: The Athletic manager has once again sparked rumors about Nico Williams' future with some strange and unexpected statements","breadcrumb":{"@id":"https:\/\/www.fcbarcelonanoticias.com\/en\/covers\/cover-fcbn-14-08-2024-valverde-reopens-nico-williams-case_306464_102.html#breadcrumb"},"inLanguage":"en-US","potentialAction":[{"@type":"ReadAction","target":["https:\/\/www.fcbarcelonanoticias.com\/en\/covers\/cover-fcbn-14-08-2024-valverde-reopens-nico-williams-case_306464_102.html"]}]},{"@type":"ImageObject","inLanguage":"en-US","@id":"https:\/\/www.fcbarcelonanoticias.com\/en\/covers\/cover-fcbn-14-08-2024-valverde-reopens-nico-williams-case_306464_102.html#primaryimage","url":"https:\/\/www.fcbarcelonanoticias.com\/en\/wp-content\/uploads\/sites\/2\/2024\/08\/portada-fcbn-14-8-2024-valverde-no-descarta-salida-nico-williams.jpeg","contentUrl":"https:\/\/www.fcbarcelonanoticias.com\/en\/wp-content\/uploads\/sites\/2\/2024\/08\/portada-fcbn-14-8-2024-valverde-no-descarta-salida-nico-williams.jpeg","width":1080,"height":1350},{"@type":"BreadcrumbList","@id":"https:\/\/www.fcbarcelonanoticias.com\/en\/covers\/cover-fcbn-14-08-2024-valverde-reopens-nico-williams-case_306464_102.html#breadcrumb","itemListElement":[{"@type":"ListItem","position":1,"name":"Portada","item":"https:\/\/www.fcbarcelonanoticias.com\/en\/"},{"@type":"ListItem","position":2,"name":"FCBN cover 08\/14\/2024: Valverde reopens the Nico Williams case"}]},{"@type":"WebSite","@id":"https:\/\/www.fcbarcelonanoticias.com\/en\/#website","url":"https:\/\/www.fcbarcelonanoticias.com\/en\/","name":"EN - FC Barcelona Noticias","description":"","potentialAction":[{"@type":"SearchAction","target":{"@type":"EntryPoint","urlTemplate":"https:\/\/www.fcbarcelonanoticias.com\/en\/?s={search_term_string}"},"query-input":{"@type":"PropertyValueSpecification","valueRequired":true,"valueName":"search_term_string"}}],"inLanguage":"en-US"},{"@type":"Person","@id":"https:\/\/www.fcbarcelonanoticias.com\/en\/#\/schema\/person\/ba19d9de61d41107240dd68c56521ef5","name":"David Jim\u00e9nez","image":{"@type":"ImageObject","inLanguage":"en-US","@id":"https:\/\/secure.gravatar.com\/avatar\/?s=96&d=mm&r=g","url":"https:\/\/secure.gravatar.com\/avatar\/?s=96&d=mm&r=g","contentUrl":"https:\/\/secure.gravatar.com\/avatar\/?s=96&d=mm&r=g","caption":"David Jim\u00e9nez"},"description":"Responsable editorial en FC Barcelona Noticias (FCBN).\u00a0Especializado en la actualidad del F\u00fatbol Club Barcelona: partidos, fichajes, an\u00e1lisis t\u00e1ctico y competiciones oficiales. Coordina coberturas, edici\u00f3n y est\u00e1ndares editoriales para garantizar rigor, contexto y verificaci\u00f3n de datos en todos los contenidos. Con gran experiencia en el ecosistema\u00a0digital deportivo, medios de comunicaci\u00f3n\u00a0y gesti\u00f3n de audiencias. Impulsa piezas explicativas, gu\u00edas pr\u00e1cticas y contenidos innovadores de servicio al lector, priorizando fuentes oficiales (F\u00fatbol Club Barcelona, LaLiga, UEFA, RFEF) y contrastes m\u00faltiples. Transparencia editorial: trabajamos conforme a nuestra Pol\u00edtica Editorial y Pol\u00edtica de Correcciones. M\u00e1s informaci\u00f3n sobre el medio en Qui\u00e9nes somos.","url":"https:\/\/www.fcbarcelonanoticias.com\/en\/fc-barcelona\/david-jimenez_7_115.html"}]}},"_links":{"self":[{"href":"https:\/\/www.fcbarcelonanoticias.com\/en\/wp-json\/wp\/v2\/posts\/9472","targetHints":{"allow":["GET"]}}],"collection":[{"href":"https:\/\/www.fcbarcelonanoticias.com\/en\/wp-json\/wp\/v2\/posts"}],"about":[{"href":"https:\/\/www.fcbarcelonanoticias.com\/en\/wp-json\/wp\/v2\/types\/post"}],"author":[{"embeddable":true,"href":"https:\/\/www.fcbarcelonanoticias.com\/en\/wp-json\/wp\/v2\/users\/351"}],"replies":[{"embeddable":true,"href":"https:\/\/www.fcbarcelonanoticias.com\/en\/wp-json\/wp\/v2\/comments?post=9472"}],"version-history":[{"count":1,"href":"https:\/\/www.fcbarcelonanoticias.com\/en\/wp-json\/wp\/v2\/posts\/9472\/revisions"}],"predecessor-version":[{"id":10426,"href":"https:\/\/www.fcbarcelonanoticias.com\/en\/wp-json\/wp\/v2\/posts\/9472\/revisions\/10426"}],"wp:featuredmedia":[{"embeddable":true,"href":"https:\/\/www.fcbarcelonanoticias.com\/en\/wp-json\/wp\/v2\/media\/9473"}],"wp:attachment":[{"href":"https:\/\/www.fcbarcelonanoticias.com\/en\/wp-json\/wp\/v2\/media?parent=9472"}],"wp:term":[{"taxonomy":"category","embeddable":true,"href":"https:\/\/www.fcbarcelonanoticias.com\/en\/wp-json\/wp\/v2\/categories?post=9472"},{"taxonomy":"post_tag","embeddable":true,"href":"https:\/\/www.fcbarcelonanoticias.com\/en\/wp-json\/wp\/v2\/tags?post=9472"}],"curies":[{"name":"wp","href":"https:\/\/api.w.org\/{rel}","templated":true}]}}