{"id":94736,"date":"2023-05-27T16:17:00","date_gmt":"2023-05-27T14:17:00","guid":{"rendered":"https:\/\/weisetech.dev\/fc-barcelona-noticias\/en\/profile-midfielder-look-for-xavi-barca-relieve-busquets_292705_102\/"},"modified":"2023-05-27T21:36:00","modified_gmt":"2023-05-27T19:36:00","slug":"profile-midfielder-look-for-xavi-barca-relieve-busquets_292705_102","status":"publish","type":"post","link":"https:\/\/www.fcbarcelonanoticias.com\/en\/transfers\/profile-midfielder-look-for-xavi-barca-relieve-busquets_292705_102.html","title":{"rendered":"The profile of the midfielder that Xavi and Bar\u00e7a are looking for to relieve Busquets"},"content":{"rendered":"<h2 class=\"wp-block-heading\">Xavi Hern\u00e1ndez has spoken at the press conference prior to the match against RCD Mallorca and has revealed the profile of the player he is looking for to replace Sergio Busquets in midfield<\/h2>  \r\n<div class=\"article-addons\">\r\n    <a href=\"https:\/\/www.fcbarcelonanoticias.com\/en\/calendar-fc-barcelona.html\"\r\n       target=\"_self\"\r\n       title=\"Calendar of FC Barcelona\"\r\n       class=\"blue-gredient-btn\">\r\n       \r\n        Calendar of FC Barcelona    <\/a>\r\n<\/div>   <p>The FC Barcelona will have to do manoeuvres during the market of signings <strong>to give with the relief of Sergio Busquets.<\/strong> The captain <a data-external=\"0\" data-intl-links-en=\"https:\/\/www.fcbarcelonanoticias.com\/en\/fc-barcelona\/barcelona-say-farewell-busquets-jordi-alba-camp-nou-engagement-mallorca_292676_102.html\" data-intl-links-es=\"https:\/\/www.fcbarcelonanoticias.com\/fc-barcelona\/barca-se-despedira-busquets-jordi-alba-camp-nou-partido-mallorca_292676_102.html\" href=\"https:\/\/www.fcbarcelonanoticias.com\/en\/fc-barcelona\/barcelona-say-farewell-busquets-jordi-alba-camp-nou-engagement-mallorca_292676_102.html\" rel=\"follow\" target=\"_self\" title=\"El Bar\u00e7a se despedir\u00e1 de Busquets, Jordi Alba y el Camp Nou tras el partido ante el Mallorca\">will sack of the Barcelona fans this Sunday<\/a> after 15 seasons defending the elastic of the first team,<strong> where has had a flawless path with more than 31 titles to his name.<\/strong><\/p>  <p>For anybody is a secret that <a data-external=\"0\" data-intl-links-en=\"https:\/\/www.fcbarcelonanoticias.com\/en\/transfers\/fc-barcelona-could-include-three-discards-in-operation-zubimendi_292596_102.html\" data-intl-links-es=\"https:\/\/www.fcbarcelonanoticias.com\/fichajes\/fc-barcelona-podria-incluir-tres-descartes-en-operacion-zubimendi_292596_102.html\" href=\"https:\/\/www.fcbarcelonanoticias.com\/en\/transfers\/fc-barcelona-could-include-three-discards-in-operation-zubimendi_292596_102.html\" rel=\"follow\" target=\"_self\" title=\"El Bar\u00e7a podr\u00eda incluir a tres 'descartes' en la 'Operaci\u00f3n Zubimendi'\">the favourite of Xavi Hern\u00e1ndez is Mart\u00edn Zubimendi,<\/a> so much by youth as by his characteristics of game in the Real Sociedad. However, <strong>also there are other names that can finish recalando in the Spotify Camp Nou,<\/strong> as R\u00faben Neves or Sofyan Amrabat.<\/p>  <h2>Xavi wants a &#8216;5&#8217; of guarantees<\/h2>  <p>In fact, the own technician has desvelado in the previous press conference to the commitment suspender belt in front of the RCD Mallorca which is the profile that looks for like spare of &#8216;Busi&#8217; for his sportive project. <strong>&#8220;It is necessary to find a very important footballer for suplir to Busquets. The one who was more complete in the pivote. It has to be a player very determinant, that win duels and was intelligent&#8221;<\/strong>, aimed Xavi.<\/p>  <p>On the same line, it added that <strong>the sportive direction has to hit in the signing of a &#8216;5&#8217; of guarantees<\/strong> to aspire to a successful campaign. &#8220;Busquets has been fundamental to achieve the Supercopa and the League. We depend of the Fair Play and of the economic situation,<strong> but if we want to compete next year will be a decisive incorporation<\/strong>&#8220;, sentenced the one of Terrassa.<\/p>  <h2>The Bar\u00e7a will give priority to the exits<\/h2>  <p>Like this the things, <strong>it will be necessary to see which will be the posture of the Bar\u00e7a in front of the requirements of the trainer of face to the market of signings<\/strong>. First they will carry out the &#8216;Operation Gone out&#8217; and afterwards will evaluate to each one of the names that have in his list of futuribles. <strong>Joshua Kimmich also can be an alternative<\/strong> that would adjust to the system of game of the club, although nowadays the Bayern Munich does not have in his plans listen offers by him. The time will dictate sentence.<\/p> ","protected":false},"excerpt":{"rendered":"<p>Xavi Hern\u00e1ndez has spoken at the press conference prior to the match against RCD Mallorca and has revealed the profile of the player he is looking for to replace Sergio Busquets in midfield The FC Barcelona will have to do manoeuvres during the market of signings to give with the relief of Sergio Busquets. The [&hellip;]<\/p>\n","protected":false},"author":0,"featured_media":94750,"comment_status":"closed","ping_status":"open","sticky":false,"template":"","format":"standard","meta":{"_acf_changed":false,"inline_featured_image":false,"_nextfly_llmd_date_locked":false,"footnotes":""},"categories":[449,106],"tags":[104,415],"class_list":["post-94736","post","type-post","status-publish","format-standard","has-post-thumbnail","hentry","category-transfers-2","category-transfers","tag-bayern-munich","tag-zubimendi"],"acf":[],"yoast_head":"<!-- This site is optimized with the Yoast SEO plugin v27.3 - https:\/\/yoast.com\/product\/yoast-seo-wordpress\/ -->\n<title>The profile of the midfielder that Xavi and Bar\u00e7a are looking for to relieve Busquets<\/title>\n<meta name=\"description\" content=\"Xavi Hern\u00e1ndez has spoken at the press conference prior to the match against RCD Mallorca and has revealed the profile of the player he is looking for to replace Sergio Busquets in midfield\" \/>\n<meta name=\"robots\" content=\"index, follow, max-snippet:-1, max-image-preview:large, max-video-preview:-1\" \/>\n<link rel=\"canonical\" href=\"https:\/\/www.fcbarcelonanoticias.com\/en\/transfers\/profile-midfielder-look-for-xavi-barca-relieve-busquets_292705_102.html\" \/>\n<meta property=\"og:locale\" content=\"en_US\" \/>\n<meta property=\"og:type\" content=\"article\" \/>\n<meta property=\"og:title\" content=\"The profile of the midfielder that Xavi and Bar\u00e7a are looking for to relieve Busquets\" \/>\n<meta property=\"og:description\" content=\"Xavi Hern\u00e1ndez has spoken at the press conference prior to the match against RCD Mallorca and has revealed the profile of the player he is looking for to replace Sergio Busquets in midfield\" \/>\n<meta property=\"og:url\" content=\"https:\/\/www.fcbarcelonanoticias.com\/en\/transfers\/profile-midfielder-look-for-xavi-barca-relieve-busquets_292705_102.html\" \/>\n<meta property=\"og:site_name\" content=\"EN - FC Barcelona Noticias\" \/>\n<meta property=\"article:published_time\" content=\"2023-05-27T14:17:00+00:00\" \/>\n<meta property=\"article:modified_time\" content=\"2023-05-27T19:36:00+00:00\" \/>\n<meta property=\"og:image\" content=\"https:\/\/www.fcbarcelonanoticias.com\/en\/wp-content\/uploads\/sites\/2\/2023\/05\/sergio-busquets-ovacionado-en-el-camp-nou.jpeg\" \/>\n\t<meta property=\"og:image:width\" content=\"1250\" \/>\n\t<meta property=\"og:image:height\" content=\"750\" \/>\n\t<meta property=\"og:image:type\" content=\"image\/jpeg\" \/>\n<meta name=\"twitter:card\" content=\"summary_large_image\" \/>\n<meta name=\"twitter:label1\" content=\"Est. reading time\" \/>\n\t<meta name=\"twitter:data1\" content=\"2 minutes\" \/>\n<script type=\"application\/ld+json\" class=\"yoast-schema-graph\">{\"@context\":\"https:\\\/\\\/schema.org\",\"@graph\":[{\"@type\":\"Article\",\"@id\":\"https:\\\/\\\/www.fcbarcelonanoticias.com\\\/en\\\/transfers\\\/profile-midfielder-look-for-xavi-barca-relieve-busquets_292705_102.html#article\",\"isPartOf\":{\"@id\":\"https:\\\/\\\/www.fcbarcelonanoticias.com\\\/en\\\/transfers\\\/profile-midfielder-look-for-xavi-barca-relieve-busquets_292705_102.html\"},\"author\":{\"name\":\"\",\"@id\":\"\"},\"headline\":\"The profile of the midfielder that Xavi and Bar\u00e7a are looking for to relieve Busquets\",\"datePublished\":\"2023-05-27T14:17:00+00:00\",\"dateModified\":\"2023-05-27T19:36:00+00:00\",\"mainEntityOfPage\":{\"@id\":\"https:\\\/\\\/www.fcbarcelonanoticias.com\\\/en\\\/transfers\\\/profile-midfielder-look-for-xavi-barca-relieve-busquets_292705_102.html\"},\"wordCount\":409,\"image\":{\"@id\":\"https:\\\/\\\/www.fcbarcelonanoticias.com\\\/en\\\/transfers\\\/profile-midfielder-look-for-xavi-barca-relieve-busquets_292705_102.html#primaryimage\"},\"thumbnailUrl\":\"https:\\\/\\\/www.fcbarcelonanoticias.com\\\/en\\\/wp-content\\\/uploads\\\/sites\\\/2\\\/2023\\\/05\\\/sergio-busquets-ovacionado-en-el-camp-nou.jpeg\",\"keywords\":[\"Bayern Munich\",\"Zubimendi\"],\"articleSection\":[\"Transfers\",\"Transfers\"],\"inLanguage\":\"en-US\"},{\"@type\":\"WebPage\",\"@id\":\"https:\\\/\\\/www.fcbarcelonanoticias.com\\\/en\\\/transfers\\\/profile-midfielder-look-for-xavi-barca-relieve-busquets_292705_102.html\",\"url\":\"https:\\\/\\\/www.fcbarcelonanoticias.com\\\/en\\\/transfers\\\/profile-midfielder-look-for-xavi-barca-relieve-busquets_292705_102.html\",\"name\":\"The profile of the midfielder that Xavi and Bar\u00e7a are looking for to relieve Busquets\",\"isPartOf\":{\"@id\":\"https:\\\/\\\/www.fcbarcelonanoticias.com\\\/en\\\/#website\"},\"primaryImageOfPage\":{\"@id\":\"https:\\\/\\\/www.fcbarcelonanoticias.com\\\/en\\\/transfers\\\/profile-midfielder-look-for-xavi-barca-relieve-busquets_292705_102.html#primaryimage\"},\"image\":{\"@id\":\"https:\\\/\\\/www.fcbarcelonanoticias.com\\\/en\\\/transfers\\\/profile-midfielder-look-for-xavi-barca-relieve-busquets_292705_102.html#primaryimage\"},\"thumbnailUrl\":\"https:\\\/\\\/www.fcbarcelonanoticias.com\\\/en\\\/wp-content\\\/uploads\\\/sites\\\/2\\\/2023\\\/05\\\/sergio-busquets-ovacionado-en-el-camp-nou.jpeg\",\"datePublished\":\"2023-05-27T14:17:00+00:00\",\"dateModified\":\"2023-05-27T19:36:00+00:00\",\"author\":{\"@id\":\"\"},\"description\":\"Xavi Hern\u00e1ndez has spoken at the press conference prior to the match against RCD Mallorca and has revealed the profile of the player he is looking for to replace Sergio Busquets in midfield\",\"breadcrumb\":{\"@id\":\"https:\\\/\\\/www.fcbarcelonanoticias.com\\\/en\\\/transfers\\\/profile-midfielder-look-for-xavi-barca-relieve-busquets_292705_102.html#breadcrumb\"},\"inLanguage\":\"en-US\",\"potentialAction\":[{\"@type\":\"ReadAction\",\"target\":[\"https:\\\/\\\/www.fcbarcelonanoticias.com\\\/en\\\/transfers\\\/profile-midfielder-look-for-xavi-barca-relieve-busquets_292705_102.html\"]}]},{\"@type\":\"ImageObject\",\"inLanguage\":\"en-US\",\"@id\":\"https:\\\/\\\/www.fcbarcelonanoticias.com\\\/en\\\/transfers\\\/profile-midfielder-look-for-xavi-barca-relieve-busquets_292705_102.html#primaryimage\",\"url\":\"https:\\\/\\\/www.fcbarcelonanoticias.com\\\/en\\\/wp-content\\\/uploads\\\/sites\\\/2\\\/2023\\\/05\\\/sergio-busquets-ovacionado-en-el-camp-nou.jpeg\",\"contentUrl\":\"https:\\\/\\\/www.fcbarcelonanoticias.com\\\/en\\\/wp-content\\\/uploads\\\/sites\\\/2\\\/2023\\\/05\\\/sergio-busquets-ovacionado-en-el-camp-nou.jpeg\",\"width\":1250,\"height\":750},{\"@type\":\"BreadcrumbList\",\"@id\":\"https:\\\/\\\/www.fcbarcelonanoticias.com\\\/en\\\/transfers\\\/profile-midfielder-look-for-xavi-barca-relieve-busquets_292705_102.html#breadcrumb\",\"itemListElement\":[{\"@type\":\"ListItem\",\"position\":1,\"name\":\"Portada\",\"item\":\"https:\\\/\\\/www.fcbarcelonanoticias.com\\\/en\\\/\"},{\"@type\":\"ListItem\",\"position\":2,\"name\":\"The profile of the midfielder that Xavi and Bar\u00e7a are looking for to relieve Busquets\"}]},{\"@type\":\"WebSite\",\"@id\":\"https:\\\/\\\/www.fcbarcelonanoticias.com\\\/en\\\/#website\",\"url\":\"https:\\\/\\\/www.fcbarcelonanoticias.com\\\/en\\\/\",\"name\":\"EN - FC Barcelona Noticias\",\"description\":\"\",\"potentialAction\":[{\"@type\":\"SearchAction\",\"target\":{\"@type\":\"EntryPoint\",\"urlTemplate\":\"https:\\\/\\\/www.fcbarcelonanoticias.com\\\/en\\\/?s={search_term_string}\"},\"query-input\":{\"@type\":\"PropertyValueSpecification\",\"valueRequired\":true,\"valueName\":\"search_term_string\"}}],\"inLanguage\":\"en-US\"}]}<\/script>\n<!-- \/ Yoast SEO plugin. -->","yoast_head_json":{"title":"The profile of the midfielder that Xavi and Bar\u00e7a are looking for to relieve Busquets","description":"Xavi Hern\u00e1ndez has spoken at the press conference prior to the match against RCD Mallorca and has revealed the profile of the player he is looking for to replace Sergio Busquets in midfield","robots":{"index":"index","follow":"follow","max-snippet":"max-snippet:-1","max-image-preview":"max-image-preview:large","max-video-preview":"max-video-preview:-1"},"canonical":"https:\/\/www.fcbarcelonanoticias.com\/en\/transfers\/profile-midfielder-look-for-xavi-barca-relieve-busquets_292705_102.html","og_locale":"en_US","og_type":"article","og_title":"The profile of the midfielder that Xavi and Bar\u00e7a are looking for to relieve Busquets","og_description":"Xavi Hern\u00e1ndez has spoken at the press conference prior to the match against RCD Mallorca and has revealed the profile of the player he is looking for to replace Sergio Busquets in midfield","og_url":"https:\/\/www.fcbarcelonanoticias.com\/en\/transfers\/profile-midfielder-look-for-xavi-barca-relieve-busquets_292705_102.html","og_site_name":"EN - FC Barcelona Noticias","article_published_time":"2023-05-27T14:17:00+00:00","article_modified_time":"2023-05-27T19:36:00+00:00","og_image":[{"width":1250,"height":750,"url":"https:\/\/www.fcbarcelonanoticias.com\/en\/wp-content\/uploads\/sites\/2\/2023\/05\/sergio-busquets-ovacionado-en-el-camp-nou.jpeg","type":"image\/jpeg"}],"twitter_card":"summary_large_image","twitter_misc":{"Est. reading time":"2 minutes"},"schema":{"@context":"https:\/\/schema.org","@graph":[{"@type":"Article","@id":"https:\/\/www.fcbarcelonanoticias.com\/en\/transfers\/profile-midfielder-look-for-xavi-barca-relieve-busquets_292705_102.html#article","isPartOf":{"@id":"https:\/\/www.fcbarcelonanoticias.com\/en\/transfers\/profile-midfielder-look-for-xavi-barca-relieve-busquets_292705_102.html"},"author":{"name":"","@id":""},"headline":"The profile of the midfielder that Xavi and Bar\u00e7a are looking for to relieve Busquets","datePublished":"2023-05-27T14:17:00+00:00","dateModified":"2023-05-27T19:36:00+00:00","mainEntityOfPage":{"@id":"https:\/\/www.fcbarcelonanoticias.com\/en\/transfers\/profile-midfielder-look-for-xavi-barca-relieve-busquets_292705_102.html"},"wordCount":409,"image":{"@id":"https:\/\/www.fcbarcelonanoticias.com\/en\/transfers\/profile-midfielder-look-for-xavi-barca-relieve-busquets_292705_102.html#primaryimage"},"thumbnailUrl":"https:\/\/www.fcbarcelonanoticias.com\/en\/wp-content\/uploads\/sites\/2\/2023\/05\/sergio-busquets-ovacionado-en-el-camp-nou.jpeg","keywords":["Bayern Munich","Zubimendi"],"articleSection":["Transfers","Transfers"],"inLanguage":"en-US"},{"@type":"WebPage","@id":"https:\/\/www.fcbarcelonanoticias.com\/en\/transfers\/profile-midfielder-look-for-xavi-barca-relieve-busquets_292705_102.html","url":"https:\/\/www.fcbarcelonanoticias.com\/en\/transfers\/profile-midfielder-look-for-xavi-barca-relieve-busquets_292705_102.html","name":"The profile of the midfielder that Xavi and Bar\u00e7a are looking for to relieve Busquets","isPartOf":{"@id":"https:\/\/www.fcbarcelonanoticias.com\/en\/#website"},"primaryImageOfPage":{"@id":"https:\/\/www.fcbarcelonanoticias.com\/en\/transfers\/profile-midfielder-look-for-xavi-barca-relieve-busquets_292705_102.html#primaryimage"},"image":{"@id":"https:\/\/www.fcbarcelonanoticias.com\/en\/transfers\/profile-midfielder-look-for-xavi-barca-relieve-busquets_292705_102.html#primaryimage"},"thumbnailUrl":"https:\/\/www.fcbarcelonanoticias.com\/en\/wp-content\/uploads\/sites\/2\/2023\/05\/sergio-busquets-ovacionado-en-el-camp-nou.jpeg","datePublished":"2023-05-27T14:17:00+00:00","dateModified":"2023-05-27T19:36:00+00:00","author":{"@id":""},"description":"Xavi Hern\u00e1ndez has spoken at the press conference prior to the match against RCD Mallorca and has revealed the profile of the player he is looking for to replace Sergio Busquets in midfield","breadcrumb":{"@id":"https:\/\/www.fcbarcelonanoticias.com\/en\/transfers\/profile-midfielder-look-for-xavi-barca-relieve-busquets_292705_102.html#breadcrumb"},"inLanguage":"en-US","potentialAction":[{"@type":"ReadAction","target":["https:\/\/www.fcbarcelonanoticias.com\/en\/transfers\/profile-midfielder-look-for-xavi-barca-relieve-busquets_292705_102.html"]}]},{"@type":"ImageObject","inLanguage":"en-US","@id":"https:\/\/www.fcbarcelonanoticias.com\/en\/transfers\/profile-midfielder-look-for-xavi-barca-relieve-busquets_292705_102.html#primaryimage","url":"https:\/\/www.fcbarcelonanoticias.com\/en\/wp-content\/uploads\/sites\/2\/2023\/05\/sergio-busquets-ovacionado-en-el-camp-nou.jpeg","contentUrl":"https:\/\/www.fcbarcelonanoticias.com\/en\/wp-content\/uploads\/sites\/2\/2023\/05\/sergio-busquets-ovacionado-en-el-camp-nou.jpeg","width":1250,"height":750},{"@type":"BreadcrumbList","@id":"https:\/\/www.fcbarcelonanoticias.com\/en\/transfers\/profile-midfielder-look-for-xavi-barca-relieve-busquets_292705_102.html#breadcrumb","itemListElement":[{"@type":"ListItem","position":1,"name":"Portada","item":"https:\/\/www.fcbarcelonanoticias.com\/en\/"},{"@type":"ListItem","position":2,"name":"The profile of the midfielder that Xavi and Bar\u00e7a are looking for to relieve Busquets"}]},{"@type":"WebSite","@id":"https:\/\/www.fcbarcelonanoticias.com\/en\/#website","url":"https:\/\/www.fcbarcelonanoticias.com\/en\/","name":"EN - FC Barcelona Noticias","description":"","potentialAction":[{"@type":"SearchAction","target":{"@type":"EntryPoint","urlTemplate":"https:\/\/www.fcbarcelonanoticias.com\/en\/?s={search_term_string}"},"query-input":{"@type":"PropertyValueSpecification","valueRequired":true,"valueName":"search_term_string"}}],"inLanguage":"en-US"}]}},"_links":{"self":[{"href":"https:\/\/www.fcbarcelonanoticias.com\/en\/wp-json\/wp\/v2\/posts\/94736","targetHints":{"allow":["GET"]}}],"collection":[{"href":"https:\/\/www.fcbarcelonanoticias.com\/en\/wp-json\/wp\/v2\/posts"}],"about":[{"href":"https:\/\/www.fcbarcelonanoticias.com\/en\/wp-json\/wp\/v2\/types\/post"}],"replies":[{"embeddable":true,"href":"https:\/\/www.fcbarcelonanoticias.com\/en\/wp-json\/wp\/v2\/comments?post=94736"}],"version-history":[{"count":1,"href":"https:\/\/www.fcbarcelonanoticias.com\/en\/wp-json\/wp\/v2\/posts\/94736\/revisions"}],"predecessor-version":[{"id":131083,"href":"https:\/\/www.fcbarcelonanoticias.com\/en\/wp-json\/wp\/v2\/posts\/94736\/revisions\/131083"}],"wp:featuredmedia":[{"embeddable":true,"href":"https:\/\/www.fcbarcelonanoticias.com\/en\/wp-json\/wp\/v2\/media\/94750"}],"wp:attachment":[{"href":"https:\/\/www.fcbarcelonanoticias.com\/en\/wp-json\/wp\/v2\/media?parent=94736"}],"wp:term":[{"taxonomy":"category","embeddable":true,"href":"https:\/\/www.fcbarcelonanoticias.com\/en\/wp-json\/wp\/v2\/categories?post=94736"},{"taxonomy":"post_tag","embeddable":true,"href":"https:\/\/www.fcbarcelonanoticias.com\/en\/wp-json\/wp\/v2\/tags?post=94736"}],"curies":[{"name":"wp","href":"https:\/\/api.w.org\/{rel}","templated":true}]}}