{"id":94789,"date":"2024-07-14T19:52:00","date_gmt":"2024-07-14T17:52:00","guid":{"rendered":"https:\/\/weisetech.dev\/fc-barcelona-noticias\/en\/propitious-reason-fc-barcelona-will-finish-say-goodbye-amadou-onana_305440_102\/"},"modified":"2024-07-14T19:55:00","modified_gmt":"2024-07-14T17:55:00","slug":"propitious-reason-fc-barcelona-will-finish-say-goodbye-amadou-onana_305440_102","status":"publish","type":"post","link":"https:\/\/www.fcbarcelonanoticias.com\/en\/transfers\/propitious-reason-fc-barcelona-will-finish-say-goodbye-amadou-onana_305440_102.html","title":{"rendered":"The reason that led FC Barcelona to say goodbye to Amadou Onana"},"content":{"rendered":"<h2 class=\"wp-block-heading\">Everything indicates that Everton midfielder Amadou Onana will sign for Aston Villa, which rules out his possible arrival at FC Barcelona. This transaction has fallen due to several unexpected reasons<\/h2>  \r\n<div class=\"article-addons\">\r\n    <a href=\"https:\/\/www.fcbarcelonanoticias.com\/en\/calendar-fc-barcelona.html\"\r\n       target=\"_self\"\r\n       title=\"Calendar of FC Barcelona\"\r\n       class=\"blue-gredient-btn\">\r\n       \r\n        Calendar of FC Barcelona    <\/a>\r\n<\/div>   <p>The market veraniego of incorporations of the season 2024\/25 already has given beginning <strong>and with him have begun to produce some movements that affect of a form or another to the FC Barcelona<\/strong>. The combined Barcelonan has two very clear aims for this window estival of signings: reinforce with a left extreme and a mediocentro of first level, as long as they allow it the regulations of the &#8216;fair play&#8217; financial and the rule 1\/1 in LaLiga.<\/p>  <p><a data-external=\"0\" data-intl-links-en=\"https:\/\/www.fcbarcelonanoticias.com\/en\/transfers\/maximum-priority-barca-deco-anger-by-nico-williams-as-soon-as-club-returns-rule-1-1_305331_102.html\" data-intl-links-es=\"https:\/\/www.fcbarcelonanoticias.com\/fichajes\/maxima-prioridad-barca-deco-ira-por-nico-williams-en-cuanto-club-vuelva-regla-1-1_305331_102.html\" href=\"https:\/\/www.fcbarcelonanoticias.com\/en\/transfers\/maximum-priority-barca-deco-anger-by-nico-williams-as-soon-as-club-returns-rule-1-1_305331_102.html\" rel=\"follow\" target=\"_self\" title=\"\u00a1M\u00e1xima prioridad del Bar\u00e7a! Deco ir\u00e1 a por Nico Williams en cuanto el club vuelva a la regla 1\/1\">Regarding the pointer by the left-handed band, seems to have consensus in the option chosen: Nico Williams<\/a>. Nevertheless, regarding the mediocentro, <strong>there is a wider variety of names that the sportive direction cul\u00e9 is considering<\/strong>. One of them was the mediocentro Belgian of 22 years of the Everton, Amadou Onana.<\/p>  <p>The native of Dakar <strong>was very appreciated by his big physical deployment, what allowed him strengthen defensivamente the centre of the field of the cast cul\u00e9<\/strong>. To his time, also can contribute in the aerial game and in offensive works, although this last is not his main fortress. However, the Catalan picture will have to sack of this alternative, since according to the journalist Fabrizio Romano, <a data-external=\"0\" data-intl-links-en=\"https:\/\/www.fcbarcelonanoticias.com\/en\/transfers\/signing-has-conditioned-strong-interest-fc-barcelona-nico-williams_305425_102.html\" data-intl-links-es=\"https:\/\/www.fcbarcelonanoticias.com\/fichajes\/fichaje-ha-condicionado-fuerte-interes-fc-barcelona-nico-williams_305425_102.html\" href=\"https:\/\/www.fcbarcelonanoticias.com\/en\/transfers\/signing-has-conditioned-strong-interest-fc-barcelona-nico-williams_305425_102.html\" rel=\"follow\" target=\"_self\" title=\"El fichaje que ha condicionado el fuerte inter\u00e9s del FC Barcelona en Nico Williams\">Onana would be near to join to the Aston Villa of Unai Emery<\/a> in an operation valued in roughly 50 million pounds sterling (around 60 M\u20ac).<\/p>  <h2>The reasons behind the signing fallido of Amadou Onana<\/h2>  <p>Now, the portal &#8216;Liverpool Throw&#8217;, specialised in subjects related with the two big clubs of Merseyside, Liverpool and Everton, <strong>has stood out the main reasons by which Amadou Onana decided to abandon the group &#8216;Toffee&#8217;<\/strong>. The first of them would be related with the elimination of Belgium in the eighth of final of the Eurocopa, the past 1 July.<\/p>  <p>According to this source, <strong>the mediocentro had the aspiration to form part of a team that struggled by important aims<\/strong>. Although the FC Barcelona fit in this description, the fact that it prioritised the incorporation of Nico Williams cooled the operation, opening the door to other casts like the Aston Villa, that remained in fourth place in the Premier League 2023\/24 and will contest the UEFA Champions League in the next season 2024\/25.<\/p>  <p>Another reason that precipitated this transaction, that still lacking by oficializar, <strong>is the wish of the Everton to leave go out to some players, and Amadou Onana was in his list of priorities of sales<\/strong>. As &#8216;Transfermarkt&#8217;, the mediocentro was the player with greater value of market of the club, estimated in some 50 M\u20ac. Therefore, it would not be surprising that, considering the value of the footballers and the teams interested in him, opted for selling it to the best bidder, prioritising his exit before that the one of, for example, Jarrad Branthwaite. Likewise, <strong>this sale would help enormously to balance the accounts of the group &#8216;Toffee&#8217;<\/strong>, that is interested in resolving quickly his financial problems to fulfil with the rules of cost of the Premier League <a data-external=\"0\" data-intl-links-en=\"https:\/\/www.fcbarcelonanoticias.com\/en\/transfers\/good-news-for-barca-for-onana-everton-sanctioned-and-closer-to-relegation_302428_102.html\" data-intl-links-es=\"https:\/\/www.fcbarcelonanoticias.com\/fichajes\/buenas-noticias-barca-por-onana-everton-sancionado-mas-cerca-descenso_302428_102.html\" href=\"https:\/\/www.fcbarcelonanoticias.com\/en\/transfers\/good-news-for-barca-for-onana-everton-sanctioned-and-closer-to-relegation_302428_102.html\" rel=\"follow\" target=\"_self\" title=\"\u00bfBuenas noticias para el Bar\u00e7a por Onana? El Everton, sancionado y m\u00e1s cerca del descenso\">and avoid possible sanctions<\/a>.<\/p> ","protected":false},"excerpt":{"rendered":"<p>Everything indicates that Everton midfielder Amadou Onana will sign for Aston Villa, which rules out his possible arrival at FC Barcelona. This transaction has fallen due to several unexpected reasons The market veraniego of incorporations of the season 2024\/25 already has given beginning and with him have begun to produce some movements that affect of [&hellip;]<\/p>\n","protected":false},"author":355,"featured_media":94804,"comment_status":"closed","ping_status":"open","sticky":false,"template":"","format":"standard","meta":{"_acf_changed":false,"inline_featured_image":false,"_nextfly_llmd_date_locked":false,"footnotes":""},"categories":[449,106],"tags":[407],"class_list":["post-94789","post","type-post","status-publish","format-standard","has-post-thumbnail","hentry","category-transfers-2","category-transfers","tag-amadou-onana"],"acf":[],"yoast_head":"<!-- This site is optimized with the Yoast SEO plugin v27.3 - https:\/\/yoast.com\/product\/yoast-seo-wordpress\/ -->\n<title>The reason that led FC Barcelona to say goodbye to Amadou Onana<\/title>\n<meta name=\"description\" content=\"Everything indicates that Everton midfielder Amadou Onana will sign for Aston Villa, which rules out his possible arrival at FC Barcelona. This transaction has fallen due to several unexpected reasons\" \/>\n<meta name=\"robots\" content=\"index, follow, max-snippet:-1, max-image-preview:large, max-video-preview:-1\" \/>\n<link rel=\"canonical\" href=\"https:\/\/www.fcbarcelonanoticias.com\/en\/transfers\/propitious-reason-fc-barcelona-will-finish-say-goodbye-amadou-onana_305440_102.html\" \/>\n<meta property=\"og:locale\" content=\"en_US\" \/>\n<meta property=\"og:type\" content=\"article\" \/>\n<meta property=\"og:title\" content=\"The reason that led FC Barcelona to say goodbye to Amadou Onana\" \/>\n<meta property=\"og:description\" content=\"Everything indicates that Everton midfielder Amadou Onana will sign for Aston Villa, which rules out his possible arrival at FC Barcelona. This transaction has fallen due to several unexpected reasons\" \/>\n<meta property=\"og:url\" content=\"https:\/\/www.fcbarcelonanoticias.com\/en\/transfers\/propitious-reason-fc-barcelona-will-finish-say-goodbye-amadou-onana_305440_102.html\" \/>\n<meta property=\"og:site_name\" content=\"EN - FC Barcelona Noticias\" \/>\n<meta property=\"article:published_time\" content=\"2024-07-14T17:52:00+00:00\" \/>\n<meta property=\"article:modified_time\" content=\"2024-07-14T17:55:00+00:00\" \/>\n<meta property=\"og:image\" content=\"https:\/\/www.fcbarcelonanoticias.com\/en\/wp-content\/uploads\/sites\/2\/2024\/07\/amadou-onana-en-el-duelo-entre-francia-y-belgica-en-los-octavos-de-final-de-la-eurocopa-2024.png\" \/>\n\t<meta property=\"og:image:width\" content=\"1300\" \/>\n\t<meta property=\"og:image:height\" content=\"732\" \/>\n\t<meta property=\"og:image:type\" content=\"image\/png\" \/>\n<meta name=\"author\" content=\"Kevin G\u00f3mez\" \/>\n<meta name=\"twitter:card\" content=\"summary_large_image\" \/>\n<meta name=\"twitter:label1\" content=\"Written by\" \/>\n\t<meta name=\"twitter:data1\" content=\"Kevin G\u00f3mez\" \/>\n\t<meta name=\"twitter:label2\" content=\"Est. reading time\" \/>\n\t<meta name=\"twitter:data2\" content=\"3 minutes\" \/>\n<script type=\"application\/ld+json\" class=\"yoast-schema-graph\">{\"@context\":\"https:\\\/\\\/schema.org\",\"@graph\":[{\"@type\":\"Article\",\"@id\":\"https:\\\/\\\/www.fcbarcelonanoticias.com\\\/en\\\/transfers\\\/propitious-reason-fc-barcelona-will-finish-say-goodbye-amadou-onana_305440_102.html#article\",\"isPartOf\":{\"@id\":\"https:\\\/\\\/www.fcbarcelonanoticias.com\\\/en\\\/transfers\\\/propitious-reason-fc-barcelona-will-finish-say-goodbye-amadou-onana_305440_102.html\"},\"author\":{\"name\":\"Kevin G\u00f3mez\",\"@id\":\"https:\\\/\\\/www.fcbarcelonanoticias.com\\\/en\\\/#\\\/schema\\\/person\\\/991443f134df9a64c6874f96ff984c9d\"},\"headline\":\"The reason that led FC Barcelona to say goodbye to Amadou Onana\",\"datePublished\":\"2024-07-14T17:52:00+00:00\",\"dateModified\":\"2024-07-14T17:55:00+00:00\",\"mainEntityOfPage\":{\"@id\":\"https:\\\/\\\/www.fcbarcelonanoticias.com\\\/en\\\/transfers\\\/propitious-reason-fc-barcelona-will-finish-say-goodbye-amadou-onana_305440_102.html\"},\"wordCount\":525,\"image\":{\"@id\":\"https:\\\/\\\/www.fcbarcelonanoticias.com\\\/en\\\/transfers\\\/propitious-reason-fc-barcelona-will-finish-say-goodbye-amadou-onana_305440_102.html#primaryimage\"},\"thumbnailUrl\":\"https:\\\/\\\/www.fcbarcelonanoticias.com\\\/en\\\/wp-content\\\/uploads\\\/sites\\\/2\\\/2024\\\/07\\\/amadou-onana-en-el-duelo-entre-francia-y-belgica-en-los-octavos-de-final-de-la-eurocopa-2024.png\",\"keywords\":[\"Amadou Onana\"],\"articleSection\":[\"Transfers\",\"Transfers\"],\"inLanguage\":\"en-US\"},{\"@type\":\"WebPage\",\"@id\":\"https:\\\/\\\/www.fcbarcelonanoticias.com\\\/en\\\/transfers\\\/propitious-reason-fc-barcelona-will-finish-say-goodbye-amadou-onana_305440_102.html\",\"url\":\"https:\\\/\\\/www.fcbarcelonanoticias.com\\\/en\\\/transfers\\\/propitious-reason-fc-barcelona-will-finish-say-goodbye-amadou-onana_305440_102.html\",\"name\":\"The reason that led FC Barcelona to say goodbye to Amadou Onana\",\"isPartOf\":{\"@id\":\"https:\\\/\\\/www.fcbarcelonanoticias.com\\\/en\\\/#website\"},\"primaryImageOfPage\":{\"@id\":\"https:\\\/\\\/www.fcbarcelonanoticias.com\\\/en\\\/transfers\\\/propitious-reason-fc-barcelona-will-finish-say-goodbye-amadou-onana_305440_102.html#primaryimage\"},\"image\":{\"@id\":\"https:\\\/\\\/www.fcbarcelonanoticias.com\\\/en\\\/transfers\\\/propitious-reason-fc-barcelona-will-finish-say-goodbye-amadou-onana_305440_102.html#primaryimage\"},\"thumbnailUrl\":\"https:\\\/\\\/www.fcbarcelonanoticias.com\\\/en\\\/wp-content\\\/uploads\\\/sites\\\/2\\\/2024\\\/07\\\/amadou-onana-en-el-duelo-entre-francia-y-belgica-en-los-octavos-de-final-de-la-eurocopa-2024.png\",\"datePublished\":\"2024-07-14T17:52:00+00:00\",\"dateModified\":\"2024-07-14T17:55:00+00:00\",\"author\":{\"@id\":\"https:\\\/\\\/www.fcbarcelonanoticias.com\\\/en\\\/#\\\/schema\\\/person\\\/991443f134df9a64c6874f96ff984c9d\"},\"description\":\"Everything indicates that Everton midfielder Amadou Onana will sign for Aston Villa, which rules out his possible arrival at FC Barcelona. This transaction has fallen due to several unexpected reasons\",\"breadcrumb\":{\"@id\":\"https:\\\/\\\/www.fcbarcelonanoticias.com\\\/en\\\/transfers\\\/propitious-reason-fc-barcelona-will-finish-say-goodbye-amadou-onana_305440_102.html#breadcrumb\"},\"inLanguage\":\"en-US\",\"potentialAction\":[{\"@type\":\"ReadAction\",\"target\":[\"https:\\\/\\\/www.fcbarcelonanoticias.com\\\/en\\\/transfers\\\/propitious-reason-fc-barcelona-will-finish-say-goodbye-amadou-onana_305440_102.html\"]}]},{\"@type\":\"ImageObject\",\"inLanguage\":\"en-US\",\"@id\":\"https:\\\/\\\/www.fcbarcelonanoticias.com\\\/en\\\/transfers\\\/propitious-reason-fc-barcelona-will-finish-say-goodbye-amadou-onana_305440_102.html#primaryimage\",\"url\":\"https:\\\/\\\/www.fcbarcelonanoticias.com\\\/en\\\/wp-content\\\/uploads\\\/sites\\\/2\\\/2024\\\/07\\\/amadou-onana-en-el-duelo-entre-francia-y-belgica-en-los-octavos-de-final-de-la-eurocopa-2024.png\",\"contentUrl\":\"https:\\\/\\\/www.fcbarcelonanoticias.com\\\/en\\\/wp-content\\\/uploads\\\/sites\\\/2\\\/2024\\\/07\\\/amadou-onana-en-el-duelo-entre-francia-y-belgica-en-los-octavos-de-final-de-la-eurocopa-2024.png\",\"width\":1300,\"height\":732},{\"@type\":\"BreadcrumbList\",\"@id\":\"https:\\\/\\\/www.fcbarcelonanoticias.com\\\/en\\\/transfers\\\/propitious-reason-fc-barcelona-will-finish-say-goodbye-amadou-onana_305440_102.html#breadcrumb\",\"itemListElement\":[{\"@type\":\"ListItem\",\"position\":1,\"name\":\"Portada\",\"item\":\"https:\\\/\\\/www.fcbarcelonanoticias.com\\\/en\\\/\"},{\"@type\":\"ListItem\",\"position\":2,\"name\":\"The reason that led FC Barcelona to say goodbye to Amadou Onana\"}]},{\"@type\":\"WebSite\",\"@id\":\"https:\\\/\\\/www.fcbarcelonanoticias.com\\\/en\\\/#website\",\"url\":\"https:\\\/\\\/www.fcbarcelonanoticias.com\\\/en\\\/\",\"name\":\"EN - FC Barcelona Noticias\",\"description\":\"\",\"potentialAction\":[{\"@type\":\"SearchAction\",\"target\":{\"@type\":\"EntryPoint\",\"urlTemplate\":\"https:\\\/\\\/www.fcbarcelonanoticias.com\\\/en\\\/?s={search_term_string}\"},\"query-input\":{\"@type\":\"PropertyValueSpecification\",\"valueRequired\":true,\"valueName\":\"search_term_string\"}}],\"inLanguage\":\"en-US\"},{\"@type\":\"Person\",\"@id\":\"https:\\\/\\\/www.fcbarcelonanoticias.com\\\/en\\\/#\\\/schema\\\/person\\\/991443f134df9a64c6874f96ff984c9d\",\"name\":\"Kevin G\u00f3mez\",\"image\":{\"@type\":\"ImageObject\",\"inLanguage\":\"en-US\",\"@id\":\"https:\\\/\\\/secure.gravatar.com\\\/avatar\\\/?s=96&d=mm&r=g\",\"url\":\"https:\\\/\\\/secure.gravatar.com\\\/avatar\\\/?s=96&d=mm&r=g\",\"contentUrl\":\"https:\\\/\\\/secure.gravatar.com\\\/avatar\\\/?s=96&d=mm&r=g\",\"caption\":\"Kevin G\u00f3mez\"},\"description\":\"Licenciado\u00a0en Periodismo y Comunicaci\u00f3n Audiovisual. Redactor en FCBN responsable de cubrir toda\u00a0la informaci\u00f3n del FC Barcelona y las principales competiciones de\u00a0f\u00fatbol.\",\"url\":\"https:\\\/\\\/www.fcbarcelonanoticias.com\\\/en\\\/jugadores\\\/kevin-gomez_23_115.html\"}]}<\/script>\n<!-- \/ Yoast SEO plugin. -->","yoast_head_json":{"title":"The reason that led FC Barcelona to say goodbye to Amadou Onana","description":"Everything indicates that Everton midfielder Amadou Onana will sign for Aston Villa, which rules out his possible arrival at FC Barcelona. This transaction has fallen due to several unexpected reasons","robots":{"index":"index","follow":"follow","max-snippet":"max-snippet:-1","max-image-preview":"max-image-preview:large","max-video-preview":"max-video-preview:-1"},"canonical":"https:\/\/www.fcbarcelonanoticias.com\/en\/transfers\/propitious-reason-fc-barcelona-will-finish-say-goodbye-amadou-onana_305440_102.html","og_locale":"en_US","og_type":"article","og_title":"The reason that led FC Barcelona to say goodbye to Amadou Onana","og_description":"Everything indicates that Everton midfielder Amadou Onana will sign for Aston Villa, which rules out his possible arrival at FC Barcelona. This transaction has fallen due to several unexpected reasons","og_url":"https:\/\/www.fcbarcelonanoticias.com\/en\/transfers\/propitious-reason-fc-barcelona-will-finish-say-goodbye-amadou-onana_305440_102.html","og_site_name":"EN - FC Barcelona Noticias","article_published_time":"2024-07-14T17:52:00+00:00","article_modified_time":"2024-07-14T17:55:00+00:00","og_image":[{"width":1300,"height":732,"url":"https:\/\/www.fcbarcelonanoticias.com\/en\/wp-content\/uploads\/sites\/2\/2024\/07\/amadou-onana-en-el-duelo-entre-francia-y-belgica-en-los-octavos-de-final-de-la-eurocopa-2024.png","type":"image\/png"}],"author":"Kevin G\u00f3mez","twitter_card":"summary_large_image","twitter_misc":{"Written by":"Kevin G\u00f3mez","Est. reading time":"3 minutes"},"schema":{"@context":"https:\/\/schema.org","@graph":[{"@type":"Article","@id":"https:\/\/www.fcbarcelonanoticias.com\/en\/transfers\/propitious-reason-fc-barcelona-will-finish-say-goodbye-amadou-onana_305440_102.html#article","isPartOf":{"@id":"https:\/\/www.fcbarcelonanoticias.com\/en\/transfers\/propitious-reason-fc-barcelona-will-finish-say-goodbye-amadou-onana_305440_102.html"},"author":{"name":"Kevin G\u00f3mez","@id":"https:\/\/www.fcbarcelonanoticias.com\/en\/#\/schema\/person\/991443f134df9a64c6874f96ff984c9d"},"headline":"The reason that led FC Barcelona to say goodbye to Amadou Onana","datePublished":"2024-07-14T17:52:00+00:00","dateModified":"2024-07-14T17:55:00+00:00","mainEntityOfPage":{"@id":"https:\/\/www.fcbarcelonanoticias.com\/en\/transfers\/propitious-reason-fc-barcelona-will-finish-say-goodbye-amadou-onana_305440_102.html"},"wordCount":525,"image":{"@id":"https:\/\/www.fcbarcelonanoticias.com\/en\/transfers\/propitious-reason-fc-barcelona-will-finish-say-goodbye-amadou-onana_305440_102.html#primaryimage"},"thumbnailUrl":"https:\/\/www.fcbarcelonanoticias.com\/en\/wp-content\/uploads\/sites\/2\/2024\/07\/amadou-onana-en-el-duelo-entre-francia-y-belgica-en-los-octavos-de-final-de-la-eurocopa-2024.png","keywords":["Amadou Onana"],"articleSection":["Transfers","Transfers"],"inLanguage":"en-US"},{"@type":"WebPage","@id":"https:\/\/www.fcbarcelonanoticias.com\/en\/transfers\/propitious-reason-fc-barcelona-will-finish-say-goodbye-amadou-onana_305440_102.html","url":"https:\/\/www.fcbarcelonanoticias.com\/en\/transfers\/propitious-reason-fc-barcelona-will-finish-say-goodbye-amadou-onana_305440_102.html","name":"The reason that led FC Barcelona to say goodbye to Amadou Onana","isPartOf":{"@id":"https:\/\/www.fcbarcelonanoticias.com\/en\/#website"},"primaryImageOfPage":{"@id":"https:\/\/www.fcbarcelonanoticias.com\/en\/transfers\/propitious-reason-fc-barcelona-will-finish-say-goodbye-amadou-onana_305440_102.html#primaryimage"},"image":{"@id":"https:\/\/www.fcbarcelonanoticias.com\/en\/transfers\/propitious-reason-fc-barcelona-will-finish-say-goodbye-amadou-onana_305440_102.html#primaryimage"},"thumbnailUrl":"https:\/\/www.fcbarcelonanoticias.com\/en\/wp-content\/uploads\/sites\/2\/2024\/07\/amadou-onana-en-el-duelo-entre-francia-y-belgica-en-los-octavos-de-final-de-la-eurocopa-2024.png","datePublished":"2024-07-14T17:52:00+00:00","dateModified":"2024-07-14T17:55:00+00:00","author":{"@id":"https:\/\/www.fcbarcelonanoticias.com\/en\/#\/schema\/person\/991443f134df9a64c6874f96ff984c9d"},"description":"Everything indicates that Everton midfielder Amadou Onana will sign for Aston Villa, which rules out his possible arrival at FC Barcelona. This transaction has fallen due to several unexpected reasons","breadcrumb":{"@id":"https:\/\/www.fcbarcelonanoticias.com\/en\/transfers\/propitious-reason-fc-barcelona-will-finish-say-goodbye-amadou-onana_305440_102.html#breadcrumb"},"inLanguage":"en-US","potentialAction":[{"@type":"ReadAction","target":["https:\/\/www.fcbarcelonanoticias.com\/en\/transfers\/propitious-reason-fc-barcelona-will-finish-say-goodbye-amadou-onana_305440_102.html"]}]},{"@type":"ImageObject","inLanguage":"en-US","@id":"https:\/\/www.fcbarcelonanoticias.com\/en\/transfers\/propitious-reason-fc-barcelona-will-finish-say-goodbye-amadou-onana_305440_102.html#primaryimage","url":"https:\/\/www.fcbarcelonanoticias.com\/en\/wp-content\/uploads\/sites\/2\/2024\/07\/amadou-onana-en-el-duelo-entre-francia-y-belgica-en-los-octavos-de-final-de-la-eurocopa-2024.png","contentUrl":"https:\/\/www.fcbarcelonanoticias.com\/en\/wp-content\/uploads\/sites\/2\/2024\/07\/amadou-onana-en-el-duelo-entre-francia-y-belgica-en-los-octavos-de-final-de-la-eurocopa-2024.png","width":1300,"height":732},{"@type":"BreadcrumbList","@id":"https:\/\/www.fcbarcelonanoticias.com\/en\/transfers\/propitious-reason-fc-barcelona-will-finish-say-goodbye-amadou-onana_305440_102.html#breadcrumb","itemListElement":[{"@type":"ListItem","position":1,"name":"Portada","item":"https:\/\/www.fcbarcelonanoticias.com\/en\/"},{"@type":"ListItem","position":2,"name":"The reason that led FC Barcelona to say goodbye to Amadou Onana"}]},{"@type":"WebSite","@id":"https:\/\/www.fcbarcelonanoticias.com\/en\/#website","url":"https:\/\/www.fcbarcelonanoticias.com\/en\/","name":"EN - FC Barcelona Noticias","description":"","potentialAction":[{"@type":"SearchAction","target":{"@type":"EntryPoint","urlTemplate":"https:\/\/www.fcbarcelonanoticias.com\/en\/?s={search_term_string}"},"query-input":{"@type":"PropertyValueSpecification","valueRequired":true,"valueName":"search_term_string"}}],"inLanguage":"en-US"},{"@type":"Person","@id":"https:\/\/www.fcbarcelonanoticias.com\/en\/#\/schema\/person\/991443f134df9a64c6874f96ff984c9d","name":"Kevin G\u00f3mez","image":{"@type":"ImageObject","inLanguage":"en-US","@id":"https:\/\/secure.gravatar.com\/avatar\/?s=96&d=mm&r=g","url":"https:\/\/secure.gravatar.com\/avatar\/?s=96&d=mm&r=g","contentUrl":"https:\/\/secure.gravatar.com\/avatar\/?s=96&d=mm&r=g","caption":"Kevin G\u00f3mez"},"description":"Licenciado\u00a0en Periodismo y Comunicaci\u00f3n Audiovisual. Redactor en FCBN responsable de cubrir toda\u00a0la informaci\u00f3n del FC Barcelona y las principales competiciones de\u00a0f\u00fatbol.","url":"https:\/\/www.fcbarcelonanoticias.com\/en\/jugadores\/kevin-gomez_23_115.html"}]}},"_links":{"self":[{"href":"https:\/\/www.fcbarcelonanoticias.com\/en\/wp-json\/wp\/v2\/posts\/94789","targetHints":{"allow":["GET"]}}],"collection":[{"href":"https:\/\/www.fcbarcelonanoticias.com\/en\/wp-json\/wp\/v2\/posts"}],"about":[{"href":"https:\/\/www.fcbarcelonanoticias.com\/en\/wp-json\/wp\/v2\/types\/post"}],"author":[{"embeddable":true,"href":"https:\/\/www.fcbarcelonanoticias.com\/en\/wp-json\/wp\/v2\/users\/355"}],"replies":[{"embeddable":true,"href":"https:\/\/www.fcbarcelonanoticias.com\/en\/wp-json\/wp\/v2\/comments?post=94789"}],"version-history":[{"count":1,"href":"https:\/\/www.fcbarcelonanoticias.com\/en\/wp-json\/wp\/v2\/posts\/94789\/revisions"}],"predecessor-version":[{"id":131031,"href":"https:\/\/www.fcbarcelonanoticias.com\/en\/wp-json\/wp\/v2\/posts\/94789\/revisions\/131031"}],"wp:featuredmedia":[{"embeddable":true,"href":"https:\/\/www.fcbarcelonanoticias.com\/en\/wp-json\/wp\/v2\/media\/94804"}],"wp:attachment":[{"href":"https:\/\/www.fcbarcelonanoticias.com\/en\/wp-json\/wp\/v2\/media?parent=94789"}],"wp:term":[{"taxonomy":"category","embeddable":true,"href":"https:\/\/www.fcbarcelonanoticias.com\/en\/wp-json\/wp\/v2\/categories?post=94789"},{"taxonomy":"post_tag","embeddable":true,"href":"https:\/\/www.fcbarcelonanoticias.com\/en\/wp-json\/wp\/v2\/tags?post=94789"}],"curies":[{"name":"wp","href":"https:\/\/api.w.org\/{rel}","templated":true}]}}