{"id":94792,"date":"2022-09-20T20:53:00","date_gmt":"2022-09-20T18:53:00","guid":{"rendered":"https:\/\/weisetech.dev\/fc-barcelona-noticias\/en\/barcelona-plans-to-negotiate-bellerin-renewal-in-january_284573_102\/"},"modified":"2022-09-21T02:18:00","modified_gmt":"2022-09-21T00:18:00","slug":"barcelona-plans-to-negotiate-bellerin-renewal-in-january_284573_102","status":"publish","type":"post","link":"https:\/\/www.fcbarcelonanoticias.com\/en\/transfers\/barcelona-plans-to-negotiate-bellerin-renewal-in-january_284573_102.html","title":{"rendered":"Bar\u00e7a plans to negotiate the renewal of Beller\u00edn in January"},"content":{"rendered":"<h2 class=\"wp-block-heading\">Bar\u00e7a begins to plan the squad for next season and H\u00e9ctor Beller\u00edn could be the protagonist of the first movement. The club is happy with the side and they would be studying his renewal, although it is subject to certain conditions<\/h2>  \r\n<div class=\"article-addons\">\r\n    <a href=\"https:\/\/www.fcbarcelonanoticias.com\/en\/calendar-fc-barcelona.html\"\r\n       target=\"_self\"\r\n       title=\"Calendar of FC Barcelona\"\r\n       class=\"blue-gredient-btn\">\r\n       \r\n        Calendar of FC Barcelona    <\/a>\r\n<\/div>   <p>During the past window estival, the <a data-external=\"0\" data-intl-links-en=\"https:\/\/www.fcbarcelonanoticias.com\/en\/fc-barcelona\" data-intl-links-es=\"https:\/\/www.fcbarcelonanoticias.com\/fc-barcelona\" href=\"https:\/\/www.fcbarcelonanoticias.com\/en\/football-soccer\/fc-barcelona.html\" rel=\"follow\" target=\"_self\" title=\"FC Barcelona\">FC Barcelona<\/a> looked for by all the means reinforce his right side. The cul\u00e9s were not satisfied with Sergi\u00f1o Dest, the one who to the dessert finished yielded in the AC Milan, by what put to C\u00e9sar Azpilicueta like the main aim for the right-handed band. However, the operation of the navarro was a failure and east renewed his agreement with <a data-external=\"0\" data-intl-links-en=\"https:\/\/www.fcbarcelonanoticias.com\/en\/tags\/chelsea\" data-intl-links-es=\"https:\/\/www.fcbarcelonanoticias.com\/tags\/chelsea\" href=\"https:\/\/www.fcbarcelonanoticias.com\/en\/tags\/chelsea.html\" rel=\"follow\" target=\"_self\" title=\"Chelsea\">Chelsea<\/a>,<strong> reason whereby the club studied diverse options and H\u00e9ctor Beller\u00edn was the elected for apuntalar the position<\/strong>.<\/p>  <p>The ex footballer of the Arsenal landed in the City Condal in the last hours of the market after terminating his agreement with the &#8216;gunners&#8217;, club of the that formed part from the juvenile categories. Because of the existent doubts around his physicist (has suffered a series of injuries in the last years that mermaron his evolution)<strong> and the problems of the Barcelona entity with the &#8216;fair play&#8217; financial, Beller\u00edn only signed by a season, until June of 2023<\/strong>.<\/p>  <p>However, the stay of the defender in the Spotify Camp Nou could extend in the next months. And it is that according to the journalist Matteo Moretto, <strong>the square directed by Xavi Hern\u00e1ndez would be planning negotiate the renewal of the footballer during the next month of January<\/strong>. The alone side has contested 2 of the five meetings in which it has been available, being headline in front of the C\u00e1diz (party in which it made a performance convincente) and going out from the bench in front of the Elche, where played 31 minutes.<\/p>  <p>In spite of his little time of game, <strong>in Can Bar\u00e7a are more than happy with the adaptation of H\u00e9ctor, the one who has assumed of good way his role of acting<\/strong>. In this sense, the trainer blaugrana has opted by Jules Kound\u00e9 or Ronald Ara\u00fajo by the right lane in the parties of &#8216;weight&#8217;, supporting in the defensive reliability of the polyvalent head offices. Nevertheless, the alternative of the Catalan in the bench likes a lot to the egarense, the one who values the presence of the player like replacement of guarantees.<\/p>  <h3>Xavi will be key<\/h3>  <p>Like this then , <strong>the word of Hern\u00e1ndez will have a lot of weight in the negotiations of the extension of the bond of Beller\u00edn<\/strong>. By his part, the side sees with good eyes continue his career in the Bar\u00e7a, club in which it formed in juvenile before splitting to London, where gave the jump to the elite. In the meantime, the Real Betis is attentive to the situation of H\u00e9ctor, since east was fundamental in the team of Pellegrini during the season in which it was yielded in Benito Villamar\u00edn.<\/p> ","protected":false},"excerpt":{"rendered":"<p>Bar\u00e7a begins to plan the squad for next season and H\u00e9ctor Beller\u00edn could be the protagonist of the first movement. The club is happy with the side and they would be studying his renewal, although it is subject to certain conditions During the past window estival, the FC Barcelona looked for by all the means [&hellip;]<\/p>\n","protected":false},"author":358,"featured_media":94805,"comment_status":"closed","ping_status":"open","sticky":false,"template":"","format":"standard","meta":{"_acf_changed":false,"inline_featured_image":false,"_nextfly_llmd_date_locked":false,"footnotes":""},"categories":[449,106],"tags":[253],"class_list":["post-94792","post","type-post","status-publish","format-standard","has-post-thumbnail","hentry","category-transfers-2","category-transfers","tag-hector-bellerin"],"acf":[],"yoast_head":"<!-- This site is optimized with the Yoast SEO plugin v27.3 - https:\/\/yoast.com\/product\/yoast-seo-wordpress\/ -->\n<title>The Bar\u00e7a plans to negotiate the renewal of Beller\u00edn in January<\/title>\n<meta name=\"description\" content=\"The Bar\u00e7a begins to schedule the staff of the next season and H\u00e9ctor Beller\u00edn could be protagonist of the first movement. The club is happy with...\" \/>\n<meta name=\"robots\" content=\"index, follow, max-snippet:-1, max-image-preview:large, max-video-preview:-1\" \/>\n<link rel=\"canonical\" href=\"https:\/\/www.fcbarcelonanoticias.com\/en\/transfers\/barcelona-plans-to-negotiate-bellerin-renewal-in-january_284573_102.html\" \/>\n<meta property=\"og:locale\" content=\"en_US\" \/>\n<meta property=\"og:type\" content=\"article\" \/>\n<meta property=\"og:title\" content=\"The Bar\u00e7a plans to negotiate the renewal of Beller\u00edn in January\" \/>\n<meta property=\"og:description\" content=\"The Bar\u00e7a begins to schedule the staff of the next season and H\u00e9ctor Beller\u00edn could be protagonist of the first movement. The club is happy with...\" \/>\n<meta property=\"og:url\" content=\"https:\/\/www.fcbarcelonanoticias.com\/en\/transfers\/barcelona-plans-to-negotiate-bellerin-renewal-in-january_284573_102.html\" \/>\n<meta property=\"og:site_name\" content=\"EN - FC Barcelona Noticias\" \/>\n<meta property=\"article:published_time\" content=\"2022-09-20T18:53:00+00:00\" \/>\n<meta property=\"article:modified_time\" content=\"2022-09-21T00:18:00+00:00\" \/>\n<meta property=\"og:image\" content=\"https:\/\/www.fcbarcelonanoticias.com\/en\/wp-content\/uploads\/sites\/2\/2022\/09\/cadiz-cf-v-fc-barcelona-laliga-santander-1-1.jpeg\" \/>\n\t<meta property=\"og:image:width\" content=\"1200\" \/>\n\t<meta property=\"og:image:height\" content=\"731\" \/>\n\t<meta property=\"og:image:type\" content=\"image\/jpeg\" \/>\n<meta name=\"author\" content=\"Juan Pablo Berdugo\" \/>\n<meta name=\"twitter:card\" content=\"summary_large_image\" \/>\n<meta name=\"twitter:label1\" content=\"Written by\" \/>\n\t<meta name=\"twitter:data1\" content=\"Juan Pablo Berdugo\" \/>\n\t<meta name=\"twitter:label2\" content=\"Est. reading time\" \/>\n\t<meta name=\"twitter:data2\" content=\"3 minutes\" \/>\n<script type=\"application\/ld+json\" class=\"yoast-schema-graph\">{\"@context\":\"https:\\\/\\\/schema.org\",\"@graph\":[{\"@type\":\"Article\",\"@id\":\"https:\\\/\\\/www.fcbarcelonanoticias.com\\\/en\\\/transfers\\\/barcelona-plans-to-negotiate-bellerin-renewal-in-january_284573_102.html#article\",\"isPartOf\":{\"@id\":\"https:\\\/\\\/www.fcbarcelonanoticias.com\\\/en\\\/transfers\\\/barcelona-plans-to-negotiate-bellerin-renewal-in-january_284573_102.html\"},\"author\":{\"name\":\"Juan Pablo Berdugo\",\"@id\":\"https:\\\/\\\/www.fcbarcelonanoticias.com\\\/en\\\/#\\\/schema\\\/person\\\/88d756918a0a1ae9fa593b5edddd1815\"},\"headline\":\"Bar\u00e7a plans to negotiate the renewal of Beller\u00edn in January\",\"datePublished\":\"2022-09-20T18:53:00+00:00\",\"dateModified\":\"2022-09-21T00:18:00+00:00\",\"mainEntityOfPage\":{\"@id\":\"https:\\\/\\\/www.fcbarcelonanoticias.com\\\/en\\\/transfers\\\/barcelona-plans-to-negotiate-bellerin-renewal-in-january_284573_102.html\"},\"wordCount\":514,\"image\":{\"@id\":\"https:\\\/\\\/www.fcbarcelonanoticias.com\\\/en\\\/transfers\\\/barcelona-plans-to-negotiate-bellerin-renewal-in-january_284573_102.html#primaryimage\"},\"thumbnailUrl\":\"https:\\\/\\\/www.fcbarcelonanoticias.com\\\/en\\\/wp-content\\\/uploads\\\/sites\\\/2\\\/2022\\\/09\\\/cadiz-cf-v-fc-barcelona-laliga-santander-1-1.jpeg\",\"keywords\":[\"H\u00e9ctor Beller\u00edn\"],\"articleSection\":[\"Transfers\",\"Transfers\"],\"inLanguage\":\"en-US\"},{\"@type\":\"WebPage\",\"@id\":\"https:\\\/\\\/www.fcbarcelonanoticias.com\\\/en\\\/transfers\\\/barcelona-plans-to-negotiate-bellerin-renewal-in-january_284573_102.html\",\"url\":\"https:\\\/\\\/www.fcbarcelonanoticias.com\\\/en\\\/transfers\\\/barcelona-plans-to-negotiate-bellerin-renewal-in-january_284573_102.html\",\"name\":\"The Bar\u00e7a plans to negotiate the renewal of Beller\u00edn in January\",\"isPartOf\":{\"@id\":\"https:\\\/\\\/www.fcbarcelonanoticias.com\\\/en\\\/#website\"},\"primaryImageOfPage\":{\"@id\":\"https:\\\/\\\/www.fcbarcelonanoticias.com\\\/en\\\/transfers\\\/barcelona-plans-to-negotiate-bellerin-renewal-in-january_284573_102.html#primaryimage\"},\"image\":{\"@id\":\"https:\\\/\\\/www.fcbarcelonanoticias.com\\\/en\\\/transfers\\\/barcelona-plans-to-negotiate-bellerin-renewal-in-january_284573_102.html#primaryimage\"},\"thumbnailUrl\":\"https:\\\/\\\/www.fcbarcelonanoticias.com\\\/en\\\/wp-content\\\/uploads\\\/sites\\\/2\\\/2022\\\/09\\\/cadiz-cf-v-fc-barcelona-laliga-santander-1-1.jpeg\",\"datePublished\":\"2022-09-20T18:53:00+00:00\",\"dateModified\":\"2022-09-21T00:18:00+00:00\",\"author\":{\"@id\":\"https:\\\/\\\/www.fcbarcelonanoticias.com\\\/en\\\/#\\\/schema\\\/person\\\/88d756918a0a1ae9fa593b5edddd1815\"},\"description\":\"The Bar\u00e7a begins to schedule the staff of the next season and H\u00e9ctor Beller\u00edn could be protagonist of the first movement. The club is happy with...\",\"breadcrumb\":{\"@id\":\"https:\\\/\\\/www.fcbarcelonanoticias.com\\\/en\\\/transfers\\\/barcelona-plans-to-negotiate-bellerin-renewal-in-january_284573_102.html#breadcrumb\"},\"inLanguage\":\"en-US\",\"potentialAction\":[{\"@type\":\"ReadAction\",\"target\":[\"https:\\\/\\\/www.fcbarcelonanoticias.com\\\/en\\\/transfers\\\/barcelona-plans-to-negotiate-bellerin-renewal-in-january_284573_102.html\"]}]},{\"@type\":\"ImageObject\",\"inLanguage\":\"en-US\",\"@id\":\"https:\\\/\\\/www.fcbarcelonanoticias.com\\\/en\\\/transfers\\\/barcelona-plans-to-negotiate-bellerin-renewal-in-january_284573_102.html#primaryimage\",\"url\":\"https:\\\/\\\/www.fcbarcelonanoticias.com\\\/en\\\/wp-content\\\/uploads\\\/sites\\\/2\\\/2022\\\/09\\\/cadiz-cf-v-fc-barcelona-laliga-santander-1-1.jpeg\",\"contentUrl\":\"https:\\\/\\\/www.fcbarcelonanoticias.com\\\/en\\\/wp-content\\\/uploads\\\/sites\\\/2\\\/2022\\\/09\\\/cadiz-cf-v-fc-barcelona-laliga-santander-1-1.jpeg\",\"width\":1200,\"height\":731},{\"@type\":\"BreadcrumbList\",\"@id\":\"https:\\\/\\\/www.fcbarcelonanoticias.com\\\/en\\\/transfers\\\/barcelona-plans-to-negotiate-bellerin-renewal-in-january_284573_102.html#breadcrumb\",\"itemListElement\":[{\"@type\":\"ListItem\",\"position\":1,\"name\":\"Portada\",\"item\":\"https:\\\/\\\/www.fcbarcelonanoticias.com\\\/en\\\/\"},{\"@type\":\"ListItem\",\"position\":2,\"name\":\"Bar\u00e7a plans to negotiate the renewal of Beller\u00edn in January\"}]},{\"@type\":\"WebSite\",\"@id\":\"https:\\\/\\\/www.fcbarcelonanoticias.com\\\/en\\\/#website\",\"url\":\"https:\\\/\\\/www.fcbarcelonanoticias.com\\\/en\\\/\",\"name\":\"EN - FC Barcelona Noticias\",\"description\":\"\",\"potentialAction\":[{\"@type\":\"SearchAction\",\"target\":{\"@type\":\"EntryPoint\",\"urlTemplate\":\"https:\\\/\\\/www.fcbarcelonanoticias.com\\\/en\\\/?s={search_term_string}\"},\"query-input\":{\"@type\":\"PropertyValueSpecification\",\"valueRequired\":true,\"valueName\":\"search_term_string\"}}],\"inLanguage\":\"en-US\"},{\"@type\":\"Person\",\"@id\":\"https:\\\/\\\/www.fcbarcelonanoticias.com\\\/en\\\/#\\\/schema\\\/person\\\/88d756918a0a1ae9fa593b5edddd1815\",\"name\":\"Juan Pablo Berdugo\",\"image\":{\"@type\":\"ImageObject\",\"inLanguage\":\"en-US\",\"@id\":\"https:\\\/\\\/secure.gravatar.com\\\/avatar\\\/?s=96&d=mm&r=g\",\"url\":\"https:\\\/\\\/secure.gravatar.com\\\/avatar\\\/?s=96&d=mm&r=g\",\"contentUrl\":\"https:\\\/\\\/secure.gravatar.com\\\/avatar\\\/?s=96&d=mm&r=g\",\"caption\":\"Juan Pablo Berdugo\"},\"description\":\"Juan Pablo Berdugo es graduado en Periodismo. Colabora con FCBN como especialista en informaci\u00f3n del primer equipo del FC Barcelona, f\u00fatbol internacional y mercado de fichajes. Destaca por su enfoque anal\u00edtico, su rigor informativo y su capacidad para detectar tendencias emergentes en el f\u00fatbol global.\",\"url\":\"https:\\\/\\\/www.fcbarcelonanoticias.com\\\/en\\\/fc-barcelona\\\/juan-pablo-berdugo_18_115.html\"}]}<\/script>\n<!-- \/ Yoast SEO plugin. -->","yoast_head_json":{"title":"The Bar\u00e7a plans to negotiate the renewal of Beller\u00edn in January","description":"The Bar\u00e7a begins to schedule the staff of the next season and H\u00e9ctor Beller\u00edn could be protagonist of the first movement. The club is happy with...","robots":{"index":"index","follow":"follow","max-snippet":"max-snippet:-1","max-image-preview":"max-image-preview:large","max-video-preview":"max-video-preview:-1"},"canonical":"https:\/\/www.fcbarcelonanoticias.com\/en\/transfers\/barcelona-plans-to-negotiate-bellerin-renewal-in-january_284573_102.html","og_locale":"en_US","og_type":"article","og_title":"The Bar\u00e7a plans to negotiate the renewal of Beller\u00edn in January","og_description":"The Bar\u00e7a begins to schedule the staff of the next season and H\u00e9ctor Beller\u00edn could be protagonist of the first movement. The club is happy with...","og_url":"https:\/\/www.fcbarcelonanoticias.com\/en\/transfers\/barcelona-plans-to-negotiate-bellerin-renewal-in-january_284573_102.html","og_site_name":"EN - FC Barcelona Noticias","article_published_time":"2022-09-20T18:53:00+00:00","article_modified_time":"2022-09-21T00:18:00+00:00","og_image":[{"width":1200,"height":731,"url":"https:\/\/www.fcbarcelonanoticias.com\/en\/wp-content\/uploads\/sites\/2\/2022\/09\/cadiz-cf-v-fc-barcelona-laliga-santander-1-1.jpeg","type":"image\/jpeg"}],"author":"Juan Pablo Berdugo","twitter_card":"summary_large_image","twitter_misc":{"Written by":"Juan Pablo Berdugo","Est. reading time":"3 minutes"},"schema":{"@context":"https:\/\/schema.org","@graph":[{"@type":"Article","@id":"https:\/\/www.fcbarcelonanoticias.com\/en\/transfers\/barcelona-plans-to-negotiate-bellerin-renewal-in-january_284573_102.html#article","isPartOf":{"@id":"https:\/\/www.fcbarcelonanoticias.com\/en\/transfers\/barcelona-plans-to-negotiate-bellerin-renewal-in-january_284573_102.html"},"author":{"name":"Juan Pablo Berdugo","@id":"https:\/\/www.fcbarcelonanoticias.com\/en\/#\/schema\/person\/88d756918a0a1ae9fa593b5edddd1815"},"headline":"Bar\u00e7a plans to negotiate the renewal of Beller\u00edn in January","datePublished":"2022-09-20T18:53:00+00:00","dateModified":"2022-09-21T00:18:00+00:00","mainEntityOfPage":{"@id":"https:\/\/www.fcbarcelonanoticias.com\/en\/transfers\/barcelona-plans-to-negotiate-bellerin-renewal-in-january_284573_102.html"},"wordCount":514,"image":{"@id":"https:\/\/www.fcbarcelonanoticias.com\/en\/transfers\/barcelona-plans-to-negotiate-bellerin-renewal-in-january_284573_102.html#primaryimage"},"thumbnailUrl":"https:\/\/www.fcbarcelonanoticias.com\/en\/wp-content\/uploads\/sites\/2\/2022\/09\/cadiz-cf-v-fc-barcelona-laliga-santander-1-1.jpeg","keywords":["H\u00e9ctor Beller\u00edn"],"articleSection":["Transfers","Transfers"],"inLanguage":"en-US"},{"@type":"WebPage","@id":"https:\/\/www.fcbarcelonanoticias.com\/en\/transfers\/barcelona-plans-to-negotiate-bellerin-renewal-in-january_284573_102.html","url":"https:\/\/www.fcbarcelonanoticias.com\/en\/transfers\/barcelona-plans-to-negotiate-bellerin-renewal-in-january_284573_102.html","name":"The Bar\u00e7a plans to negotiate the renewal of Beller\u00edn in January","isPartOf":{"@id":"https:\/\/www.fcbarcelonanoticias.com\/en\/#website"},"primaryImageOfPage":{"@id":"https:\/\/www.fcbarcelonanoticias.com\/en\/transfers\/barcelona-plans-to-negotiate-bellerin-renewal-in-january_284573_102.html#primaryimage"},"image":{"@id":"https:\/\/www.fcbarcelonanoticias.com\/en\/transfers\/barcelona-plans-to-negotiate-bellerin-renewal-in-january_284573_102.html#primaryimage"},"thumbnailUrl":"https:\/\/www.fcbarcelonanoticias.com\/en\/wp-content\/uploads\/sites\/2\/2022\/09\/cadiz-cf-v-fc-barcelona-laliga-santander-1-1.jpeg","datePublished":"2022-09-20T18:53:00+00:00","dateModified":"2022-09-21T00:18:00+00:00","author":{"@id":"https:\/\/www.fcbarcelonanoticias.com\/en\/#\/schema\/person\/88d756918a0a1ae9fa593b5edddd1815"},"description":"The Bar\u00e7a begins to schedule the staff of the next season and H\u00e9ctor Beller\u00edn could be protagonist of the first movement. The club is happy with...","breadcrumb":{"@id":"https:\/\/www.fcbarcelonanoticias.com\/en\/transfers\/barcelona-plans-to-negotiate-bellerin-renewal-in-january_284573_102.html#breadcrumb"},"inLanguage":"en-US","potentialAction":[{"@type":"ReadAction","target":["https:\/\/www.fcbarcelonanoticias.com\/en\/transfers\/barcelona-plans-to-negotiate-bellerin-renewal-in-january_284573_102.html"]}]},{"@type":"ImageObject","inLanguage":"en-US","@id":"https:\/\/www.fcbarcelonanoticias.com\/en\/transfers\/barcelona-plans-to-negotiate-bellerin-renewal-in-january_284573_102.html#primaryimage","url":"https:\/\/www.fcbarcelonanoticias.com\/en\/wp-content\/uploads\/sites\/2\/2022\/09\/cadiz-cf-v-fc-barcelona-laliga-santander-1-1.jpeg","contentUrl":"https:\/\/www.fcbarcelonanoticias.com\/en\/wp-content\/uploads\/sites\/2\/2022\/09\/cadiz-cf-v-fc-barcelona-laliga-santander-1-1.jpeg","width":1200,"height":731},{"@type":"BreadcrumbList","@id":"https:\/\/www.fcbarcelonanoticias.com\/en\/transfers\/barcelona-plans-to-negotiate-bellerin-renewal-in-january_284573_102.html#breadcrumb","itemListElement":[{"@type":"ListItem","position":1,"name":"Portada","item":"https:\/\/www.fcbarcelonanoticias.com\/en\/"},{"@type":"ListItem","position":2,"name":"Bar\u00e7a plans to negotiate the renewal of Beller\u00edn in January"}]},{"@type":"WebSite","@id":"https:\/\/www.fcbarcelonanoticias.com\/en\/#website","url":"https:\/\/www.fcbarcelonanoticias.com\/en\/","name":"EN - FC Barcelona Noticias","description":"","potentialAction":[{"@type":"SearchAction","target":{"@type":"EntryPoint","urlTemplate":"https:\/\/www.fcbarcelonanoticias.com\/en\/?s={search_term_string}"},"query-input":{"@type":"PropertyValueSpecification","valueRequired":true,"valueName":"search_term_string"}}],"inLanguage":"en-US"},{"@type":"Person","@id":"https:\/\/www.fcbarcelonanoticias.com\/en\/#\/schema\/person\/88d756918a0a1ae9fa593b5edddd1815","name":"Juan Pablo Berdugo","image":{"@type":"ImageObject","inLanguage":"en-US","@id":"https:\/\/secure.gravatar.com\/avatar\/?s=96&d=mm&r=g","url":"https:\/\/secure.gravatar.com\/avatar\/?s=96&d=mm&r=g","contentUrl":"https:\/\/secure.gravatar.com\/avatar\/?s=96&d=mm&r=g","caption":"Juan Pablo Berdugo"},"description":"Juan Pablo Berdugo es graduado en Periodismo. Colabora con FCBN como especialista en informaci\u00f3n del primer equipo del FC Barcelona, f\u00fatbol internacional y mercado de fichajes. Destaca por su enfoque anal\u00edtico, su rigor informativo y su capacidad para detectar tendencias emergentes en el f\u00fatbol global.","url":"https:\/\/www.fcbarcelonanoticias.com\/en\/fc-barcelona\/juan-pablo-berdugo_18_115.html"}]}},"_links":{"self":[{"href":"https:\/\/www.fcbarcelonanoticias.com\/en\/wp-json\/wp\/v2\/posts\/94792","targetHints":{"allow":["GET"]}}],"collection":[{"href":"https:\/\/www.fcbarcelonanoticias.com\/en\/wp-json\/wp\/v2\/posts"}],"about":[{"href":"https:\/\/www.fcbarcelonanoticias.com\/en\/wp-json\/wp\/v2\/types\/post"}],"author":[{"embeddable":true,"href":"https:\/\/www.fcbarcelonanoticias.com\/en\/wp-json\/wp\/v2\/users\/358"}],"replies":[{"embeddable":true,"href":"https:\/\/www.fcbarcelonanoticias.com\/en\/wp-json\/wp\/v2\/comments?post=94792"}],"version-history":[{"count":1,"href":"https:\/\/www.fcbarcelonanoticias.com\/en\/wp-json\/wp\/v2\/posts\/94792\/revisions"}],"predecessor-version":[{"id":125184,"href":"https:\/\/www.fcbarcelonanoticias.com\/en\/wp-json\/wp\/v2\/posts\/94792\/revisions\/125184"}],"wp:featuredmedia":[{"embeddable":true,"href":"https:\/\/www.fcbarcelonanoticias.com\/en\/wp-json\/wp\/v2\/media\/94805"}],"wp:attachment":[{"href":"https:\/\/www.fcbarcelonanoticias.com\/en\/wp-json\/wp\/v2\/media?parent=94792"}],"wp:term":[{"taxonomy":"category","embeddable":true,"href":"https:\/\/www.fcbarcelonanoticias.com\/en\/wp-json\/wp\/v2\/categories?post=94792"},{"taxonomy":"post_tag","embeddable":true,"href":"https:\/\/www.fcbarcelonanoticias.com\/en\/wp-json\/wp\/v2\/tags?post=94792"}],"curies":[{"name":"wp","href":"https:\/\/api.w.org\/{rel}","templated":true}]}}