{"id":94799,"date":"2024-07-16T21:43:00","date_gmt":"2024-07-16T19:43:00","guid":{"rendered":"https:\/\/weisetech.dev\/fc-barcelona-noticias\/en\/fc-barcelona-loses-hansi-flick-favorite-to-reinforce-the-midfield_305513_102\/"},"modified":"2024-07-16T21:45:00","modified_gmt":"2024-07-16T19:45:00","slug":"fc-barcelona-loses-hansi-flick-favorite-to-reinforce-the-midfield_305513_102","status":"publish","type":"post","link":"https:\/\/www.fcbarcelonanoticias.com\/en\/transfers\/fc-barcelona-loses-hansi-flick-favorite-to-reinforce-the-midfield_305513_102.html","title":{"rendered":"FC Barcelona loses Hansi Flick&#8217;s favorite to reinforce the midfield"},"content":{"rendered":"<h2 class=\"wp-block-heading\">Joshua Kimmich is emerging as an increasingly complicated acquisition for FC Barcelona ahead of this summer, as the midfielder has decided to continue his career for at least one more season at Bayern Munich<\/h2>  \r\n<div class=\"article-addons\">\r\n    <a href=\"https:\/\/www.fcbarcelonanoticias.com\/en\/calendar-fc-barcelona.html\"\r\n       target=\"_self\"\r\n       title=\"Calendar of FC Barcelona\"\r\n       class=\"blue-gredient-btn\">\r\n       \r\n        Calendar of FC Barcelona    <\/a>\r\n<\/div>   <p><a data-external=\"0\" data-intl-links-en=\"https:\/\/www.fcbarcelonanoticias.com\/en\/transfers\/operation-pivote-flick-only-wants-to-kimmich-and-deco-no-descarta-neither-to-onana-neither-to-mikel-merino_305192_102.html\" data-intl-links-es=\"https:\/\/www.fcbarcelonanoticias.com\/fichajes\/operacion-pivote-flick-solo-quiere-kimmich-deco-no-descarta-ni-onana-ni-mikel-merino_305192_102.html\" href=\"https:\/\/www.fcbarcelonanoticias.com\/en\/transfers\/operation-pivote-flick-only-wants-to-kimmich-and-deco-no-descarta-neither-to-onana-neither-to-mikel-merino_305192_102.html\" rel=\"follow\" target=\"_self\" title=\"\u00a1'Operaci\u00f3n pivote'! Flick solo quiere a Kimmich y Deco no descarta ni a Onana ni a Mikel Merino\">The FC Barcelona considered to Joshua Kimmich like his favourite option<\/a> and more complicated to reinforce the zone of mediocentros in the market of summer of 2024\/25. Apparently, <strong>the one of Rottweil has a narrow relation with the current trainer of the combined Barcelona<\/strong>, Hansi Flick, by the period in which they coincided so much in the Bayern Munich (74 commitments) as in the German selection. Added to this, the interest of the Catalan club in the &#8216;6&#8217; of the &#8216;Mannschaft&#8217; grew afterwards of the wave of informations and speculations that created a big expectation around his possible traspaso because of his situation in the cast germano.<\/p>  <p>Nevertheless, the situation around the split of the bond between Kimmich and the Bayern seems to be totally distinct. As it commented in the half German &#8216;Sport BILD&#8217;, <strong>Joshua would have expressed his wish of not abandoning the &#8216;Die Roten&#8217; this summer and fulfil his valid agreement until 30 June 2025<\/strong>. In this sense, of not arriving to an agreement of contractual prolongation in this time, is likely that the German midfield player leave to the square of Baviera like free agent.<\/p>  <p>In this context, the referred source also stands out that the relation between the canterano of the Stuttgart and the Bayern <strong>will see significantly influenciada by the conversation that sustain with Vincent Kompany, the new trainer of the picture muniqu\u00e9s<\/strong>, and the sportive project that this can present him. It is necessary to remember the special interest of Kimmich in exerting to complete time like mediocentro, but from the Bavarian group, also consider it a crucial footballer by his contribution like right side, a demarcation in which Joshua is used to to surrender in big form, but that does not seem to like him of the all exert.<\/p>  <h2>The FC Barcelona will have to begin to look his others alternative to reinforce the zone of mediocentros<\/h2>  <p>In this point, with the firm decision of Joshua Kimmich of not abandoning the Bayern Munich, <strong>complicates the option of his arrival to the FC Barcelona this summer<\/strong>, what to his time poses a clear problem for the &#8216;Die Roten&#8217;, since it will lose to one of his active with better value of market (50 M\u20ac as &#8216;Transfermarkt&#8217;) to cost zero next summer. No only this, according to another report contributed also by &#8216;Sport BILD&#8217;, the Bavarian club will have to <strong>face up once again to the high load salarial of the &#8216;6&#8217;, stipulated in 15 M\u20ac fixed more 5 M\u20ac<\/strong> <strong>in annual bonuses<\/strong>, a mount that apparently the cast muniqu\u00e9s no longer was had to pay.<\/p>  <p><strong>Now it will be interesting to observe what mediocentro purchases priority in the consideration of the FC Barcelona<\/strong>, since after the loss of the option of Joshua Kimmich <a data-external=\"0\" data-intl-links-en=\"https:\/\/www.fcbarcelonanoticias.com\/en\/transfers\/propitious-reason-fc-barcelona-will-finish-say-goodbye-amadou-onana_305440_102.html\" data-intl-links-es=\"https:\/\/www.fcbarcelonanoticias.com\/fichajes\/razon-propicio-fc-barcelona-acabara-decir-adios-amadou-onana_305440_102.html\" href=\"https:\/\/www.fcbarcelonanoticias.com\/en\/transfers\/propitious-reason-fc-barcelona-will-finish-say-goodbye-amadou-onana_305440_102.html\" rel=\"follow\" target=\"_self\" title=\"La raz\u00f3n que propici\u00f3 que el FC Barcelona acabara de decir adi\u00f3s a Amadou Onana\">and the fallida negotiation by Amadou Onana<\/a>, the combined Barcelonan will have to evaluate what alternative adjust to his needs. In this sense, Mikel Merino, mediocentro pamplon\u00e9s to the service of the Real Sociedad, could arise like <a data-external=\"0\" data-intl-links-en=\"https:\/\/www.fcbarcelonanoticias.com\/en\/transfers\/estimated-price-to-pay-fc-barcelona-for-mikel-merino_305506_102.html\" data-intl-links-es=\"https:\/\/www.fcbarcelonanoticias.com\/fichajes\/precio-estima-pagar-fc-barcelona-por-mikel-merino_305506_102.html\" href=\"https:\/\/www.fcbarcelonanoticias.com\/en\/transfers\/estimated-price-to-pay-fc-barcelona-for-mikel-merino_305506_102.html\" rel=\"follow\" target=\"_self\" title=\"El precio que estima pagar el FC Barcelona por Mikel Merino\">an economic alternative and deportivamente attractive for the Bar\u00e7a<\/a>.<\/p> ","protected":false},"excerpt":{"rendered":"<p>Joshua Kimmich is emerging as an increasingly complicated acquisition for FC Barcelona ahead of this summer, as the midfielder has decided to continue his career for at least one more season at Bayern Munich The FC Barcelona considered to Joshua Kimmich like his favourite option and more complicated to reinforce the zone of mediocentros in [&hellip;]<\/p>\n","protected":false},"author":355,"featured_media":94809,"comment_status":"closed","ping_status":"open","sticky":false,"template":"","format":"standard","meta":{"_acf_changed":false,"inline_featured_image":false,"_nextfly_llmd_date_locked":false,"footnotes":""},"categories":[106,449],"tags":[87,259],"class_list":["post-94799","post","type-post","status-publish","format-standard","has-post-thumbnail","hentry","category-transfers","category-transfers-2","tag-hansi-flick","tag-joshua-kimmich"],"acf":[],"yoast_head":"<!-- This site is optimized with the Yoast SEO plugin v27.3 - https:\/\/yoast.com\/product\/yoast-seo-wordpress\/ -->\n<title>FC Barcelona loses Hansi Flick&#039;s favorite to reinforce the midfield<\/title>\n<meta name=\"description\" content=\"Joshua Kimmich is emerging as an increasingly complicated acquisition for FC Barcelona ahead of this summer, as the midfielder has decided to continue his career for at least one more season at Bayern Munich\" \/>\n<meta name=\"robots\" content=\"index, follow, max-snippet:-1, max-image-preview:large, max-video-preview:-1\" \/>\n<link rel=\"canonical\" href=\"https:\/\/www.fcbarcelonanoticias.com\/en\/transfers\/fc-barcelona-loses-hansi-flick-favorite-to-reinforce-the-midfield_305513_102.html\" \/>\n<meta property=\"og:locale\" content=\"en_US\" \/>\n<meta property=\"og:type\" content=\"article\" \/>\n<meta property=\"og:title\" content=\"FC Barcelona loses Hansi Flick&#039;s favorite to reinforce the midfield\" \/>\n<meta property=\"og:description\" content=\"Joshua Kimmich is emerging as an increasingly complicated acquisition for FC Barcelona ahead of this summer, as the midfielder has decided to continue his career for at least one more season at Bayern Munich\" \/>\n<meta property=\"og:url\" content=\"https:\/\/www.fcbarcelonanoticias.com\/en\/transfers\/fc-barcelona-loses-hansi-flick-favorite-to-reinforce-the-midfield_305513_102.html\" \/>\n<meta property=\"og:site_name\" content=\"EN - FC Barcelona Noticias\" \/>\n<meta property=\"article:published_time\" content=\"2024-07-16T19:43:00+00:00\" \/>\n<meta property=\"article:modified_time\" content=\"2024-07-16T19:45:00+00:00\" \/>\n<meta property=\"og:image\" content=\"https:\/\/www.fcbarcelonanoticias.com\/en\/wp-content\/uploads\/sites\/2\/2024\/07\/joshua-kimmich-en-el-duelo-entre-espana-y-la-seleccion-de-alemania-en-los-cuartos-de-final-de-la-eurocopa-2024.png\" \/>\n\t<meta property=\"og:image:width\" content=\"1300\" \/>\n\t<meta property=\"og:image:height\" content=\"732\" \/>\n\t<meta property=\"og:image:type\" content=\"image\/png\" \/>\n<meta name=\"author\" content=\"Kevin G\u00f3mez\" \/>\n<meta name=\"twitter:card\" content=\"summary_large_image\" \/>\n<meta name=\"twitter:label1\" content=\"Written by\" \/>\n\t<meta name=\"twitter:data1\" content=\"Kevin G\u00f3mez\" \/>\n\t<meta name=\"twitter:label2\" content=\"Est. reading time\" \/>\n\t<meta name=\"twitter:data2\" content=\"3 minutes\" \/>\n<script type=\"application\/ld+json\" class=\"yoast-schema-graph\">{\"@context\":\"https:\\\/\\\/schema.org\",\"@graph\":[{\"@type\":\"Article\",\"@id\":\"https:\\\/\\\/www.fcbarcelonanoticias.com\\\/en\\\/transfers\\\/fc-barcelona-loses-hansi-flick-favorite-to-reinforce-the-midfield_305513_102.html#article\",\"isPartOf\":{\"@id\":\"https:\\\/\\\/www.fcbarcelonanoticias.com\\\/en\\\/transfers\\\/fc-barcelona-loses-hansi-flick-favorite-to-reinforce-the-midfield_305513_102.html\"},\"author\":{\"name\":\"Kevin G\u00f3mez\",\"@id\":\"https:\\\/\\\/www.fcbarcelonanoticias.com\\\/en\\\/#\\\/schema\\\/person\\\/991443f134df9a64c6874f96ff984c9d\"},\"headline\":\"FC Barcelona loses Hansi Flick&#8217;s favorite to reinforce the midfield\",\"datePublished\":\"2024-07-16T19:43:00+00:00\",\"dateModified\":\"2024-07-16T19:45:00+00:00\",\"mainEntityOfPage\":{\"@id\":\"https:\\\/\\\/www.fcbarcelonanoticias.com\\\/en\\\/transfers\\\/fc-barcelona-loses-hansi-flick-favorite-to-reinforce-the-midfield_305513_102.html\"},\"wordCount\":546,\"image\":{\"@id\":\"https:\\\/\\\/www.fcbarcelonanoticias.com\\\/en\\\/transfers\\\/fc-barcelona-loses-hansi-flick-favorite-to-reinforce-the-midfield_305513_102.html#primaryimage\"},\"thumbnailUrl\":\"https:\\\/\\\/www.fcbarcelonanoticias.com\\\/en\\\/wp-content\\\/uploads\\\/sites\\\/2\\\/2024\\\/07\\\/joshua-kimmich-en-el-duelo-entre-espana-y-la-seleccion-de-alemania-en-los-cuartos-de-final-de-la-eurocopa-2024.png\",\"keywords\":[\"Hansi Flick\",\"Joshua Kimmich\"],\"articleSection\":[\"Transfers\",\"Transfers\"],\"inLanguage\":\"en-US\"},{\"@type\":\"WebPage\",\"@id\":\"https:\\\/\\\/www.fcbarcelonanoticias.com\\\/en\\\/transfers\\\/fc-barcelona-loses-hansi-flick-favorite-to-reinforce-the-midfield_305513_102.html\",\"url\":\"https:\\\/\\\/www.fcbarcelonanoticias.com\\\/en\\\/transfers\\\/fc-barcelona-loses-hansi-flick-favorite-to-reinforce-the-midfield_305513_102.html\",\"name\":\"FC Barcelona loses Hansi Flick's favorite to reinforce the midfield\",\"isPartOf\":{\"@id\":\"https:\\\/\\\/www.fcbarcelonanoticias.com\\\/en\\\/#website\"},\"primaryImageOfPage\":{\"@id\":\"https:\\\/\\\/www.fcbarcelonanoticias.com\\\/en\\\/transfers\\\/fc-barcelona-loses-hansi-flick-favorite-to-reinforce-the-midfield_305513_102.html#primaryimage\"},\"image\":{\"@id\":\"https:\\\/\\\/www.fcbarcelonanoticias.com\\\/en\\\/transfers\\\/fc-barcelona-loses-hansi-flick-favorite-to-reinforce-the-midfield_305513_102.html#primaryimage\"},\"thumbnailUrl\":\"https:\\\/\\\/www.fcbarcelonanoticias.com\\\/en\\\/wp-content\\\/uploads\\\/sites\\\/2\\\/2024\\\/07\\\/joshua-kimmich-en-el-duelo-entre-espana-y-la-seleccion-de-alemania-en-los-cuartos-de-final-de-la-eurocopa-2024.png\",\"datePublished\":\"2024-07-16T19:43:00+00:00\",\"dateModified\":\"2024-07-16T19:45:00+00:00\",\"author\":{\"@id\":\"https:\\\/\\\/www.fcbarcelonanoticias.com\\\/en\\\/#\\\/schema\\\/person\\\/991443f134df9a64c6874f96ff984c9d\"},\"description\":\"Joshua Kimmich is emerging as an increasingly complicated acquisition for FC Barcelona ahead of this summer, as the midfielder has decided to continue his career for at least one more season at Bayern Munich\",\"breadcrumb\":{\"@id\":\"https:\\\/\\\/www.fcbarcelonanoticias.com\\\/en\\\/transfers\\\/fc-barcelona-loses-hansi-flick-favorite-to-reinforce-the-midfield_305513_102.html#breadcrumb\"},\"inLanguage\":\"en-US\",\"potentialAction\":[{\"@type\":\"ReadAction\",\"target\":[\"https:\\\/\\\/www.fcbarcelonanoticias.com\\\/en\\\/transfers\\\/fc-barcelona-loses-hansi-flick-favorite-to-reinforce-the-midfield_305513_102.html\"]}]},{\"@type\":\"ImageObject\",\"inLanguage\":\"en-US\",\"@id\":\"https:\\\/\\\/www.fcbarcelonanoticias.com\\\/en\\\/transfers\\\/fc-barcelona-loses-hansi-flick-favorite-to-reinforce-the-midfield_305513_102.html#primaryimage\",\"url\":\"https:\\\/\\\/www.fcbarcelonanoticias.com\\\/en\\\/wp-content\\\/uploads\\\/sites\\\/2\\\/2024\\\/07\\\/joshua-kimmich-en-el-duelo-entre-espana-y-la-seleccion-de-alemania-en-los-cuartos-de-final-de-la-eurocopa-2024.png\",\"contentUrl\":\"https:\\\/\\\/www.fcbarcelonanoticias.com\\\/en\\\/wp-content\\\/uploads\\\/sites\\\/2\\\/2024\\\/07\\\/joshua-kimmich-en-el-duelo-entre-espana-y-la-seleccion-de-alemania-en-los-cuartos-de-final-de-la-eurocopa-2024.png\",\"width\":1300,\"height\":732},{\"@type\":\"BreadcrumbList\",\"@id\":\"https:\\\/\\\/www.fcbarcelonanoticias.com\\\/en\\\/transfers\\\/fc-barcelona-loses-hansi-flick-favorite-to-reinforce-the-midfield_305513_102.html#breadcrumb\",\"itemListElement\":[{\"@type\":\"ListItem\",\"position\":1,\"name\":\"Portada\",\"item\":\"https:\\\/\\\/www.fcbarcelonanoticias.com\\\/en\\\/\"},{\"@type\":\"ListItem\",\"position\":2,\"name\":\"FC Barcelona loses Hansi Flick&#8217;s favorite to reinforce the midfield\"}]},{\"@type\":\"WebSite\",\"@id\":\"https:\\\/\\\/www.fcbarcelonanoticias.com\\\/en\\\/#website\",\"url\":\"https:\\\/\\\/www.fcbarcelonanoticias.com\\\/en\\\/\",\"name\":\"EN - FC Barcelona Noticias\",\"description\":\"\",\"potentialAction\":[{\"@type\":\"SearchAction\",\"target\":{\"@type\":\"EntryPoint\",\"urlTemplate\":\"https:\\\/\\\/www.fcbarcelonanoticias.com\\\/en\\\/?s={search_term_string}\"},\"query-input\":{\"@type\":\"PropertyValueSpecification\",\"valueRequired\":true,\"valueName\":\"search_term_string\"}}],\"inLanguage\":\"en-US\"},{\"@type\":\"Person\",\"@id\":\"https:\\\/\\\/www.fcbarcelonanoticias.com\\\/en\\\/#\\\/schema\\\/person\\\/991443f134df9a64c6874f96ff984c9d\",\"name\":\"Kevin G\u00f3mez\",\"image\":{\"@type\":\"ImageObject\",\"inLanguage\":\"en-US\",\"@id\":\"https:\\\/\\\/secure.gravatar.com\\\/avatar\\\/?s=96&d=mm&r=g\",\"url\":\"https:\\\/\\\/secure.gravatar.com\\\/avatar\\\/?s=96&d=mm&r=g\",\"contentUrl\":\"https:\\\/\\\/secure.gravatar.com\\\/avatar\\\/?s=96&d=mm&r=g\",\"caption\":\"Kevin G\u00f3mez\"},\"description\":\"Licenciado\u00a0en Periodismo y Comunicaci\u00f3n Audiovisual. Redactor en FCBN responsable de cubrir toda\u00a0la informaci\u00f3n del FC Barcelona y las principales competiciones de\u00a0f\u00fatbol.\",\"url\":\"https:\\\/\\\/www.fcbarcelonanoticias.com\\\/en\\\/jugadores\\\/kevin-gomez_23_115.html\"}]}<\/script>\n<!-- \/ Yoast SEO plugin. -->","yoast_head_json":{"title":"FC Barcelona loses Hansi Flick's favorite to reinforce the midfield","description":"Joshua Kimmich is emerging as an increasingly complicated acquisition for FC Barcelona ahead of this summer, as the midfielder has decided to continue his career for at least one more season at Bayern Munich","robots":{"index":"index","follow":"follow","max-snippet":"max-snippet:-1","max-image-preview":"max-image-preview:large","max-video-preview":"max-video-preview:-1"},"canonical":"https:\/\/www.fcbarcelonanoticias.com\/en\/transfers\/fc-barcelona-loses-hansi-flick-favorite-to-reinforce-the-midfield_305513_102.html","og_locale":"en_US","og_type":"article","og_title":"FC Barcelona loses Hansi Flick's favorite to reinforce the midfield","og_description":"Joshua Kimmich is emerging as an increasingly complicated acquisition for FC Barcelona ahead of this summer, as the midfielder has decided to continue his career for at least one more season at Bayern Munich","og_url":"https:\/\/www.fcbarcelonanoticias.com\/en\/transfers\/fc-barcelona-loses-hansi-flick-favorite-to-reinforce-the-midfield_305513_102.html","og_site_name":"EN - FC Barcelona Noticias","article_published_time":"2024-07-16T19:43:00+00:00","article_modified_time":"2024-07-16T19:45:00+00:00","og_image":[{"width":1300,"height":732,"url":"https:\/\/www.fcbarcelonanoticias.com\/en\/wp-content\/uploads\/sites\/2\/2024\/07\/joshua-kimmich-en-el-duelo-entre-espana-y-la-seleccion-de-alemania-en-los-cuartos-de-final-de-la-eurocopa-2024.png","type":"image\/png"}],"author":"Kevin G\u00f3mez","twitter_card":"summary_large_image","twitter_misc":{"Written by":"Kevin G\u00f3mez","Est. reading time":"3 minutes"},"schema":{"@context":"https:\/\/schema.org","@graph":[{"@type":"Article","@id":"https:\/\/www.fcbarcelonanoticias.com\/en\/transfers\/fc-barcelona-loses-hansi-flick-favorite-to-reinforce-the-midfield_305513_102.html#article","isPartOf":{"@id":"https:\/\/www.fcbarcelonanoticias.com\/en\/transfers\/fc-barcelona-loses-hansi-flick-favorite-to-reinforce-the-midfield_305513_102.html"},"author":{"name":"Kevin G\u00f3mez","@id":"https:\/\/www.fcbarcelonanoticias.com\/en\/#\/schema\/person\/991443f134df9a64c6874f96ff984c9d"},"headline":"FC Barcelona loses Hansi Flick&#8217;s favorite to reinforce the midfield","datePublished":"2024-07-16T19:43:00+00:00","dateModified":"2024-07-16T19:45:00+00:00","mainEntityOfPage":{"@id":"https:\/\/www.fcbarcelonanoticias.com\/en\/transfers\/fc-barcelona-loses-hansi-flick-favorite-to-reinforce-the-midfield_305513_102.html"},"wordCount":546,"image":{"@id":"https:\/\/www.fcbarcelonanoticias.com\/en\/transfers\/fc-barcelona-loses-hansi-flick-favorite-to-reinforce-the-midfield_305513_102.html#primaryimage"},"thumbnailUrl":"https:\/\/www.fcbarcelonanoticias.com\/en\/wp-content\/uploads\/sites\/2\/2024\/07\/joshua-kimmich-en-el-duelo-entre-espana-y-la-seleccion-de-alemania-en-los-cuartos-de-final-de-la-eurocopa-2024.png","keywords":["Hansi Flick","Joshua Kimmich"],"articleSection":["Transfers","Transfers"],"inLanguage":"en-US"},{"@type":"WebPage","@id":"https:\/\/www.fcbarcelonanoticias.com\/en\/transfers\/fc-barcelona-loses-hansi-flick-favorite-to-reinforce-the-midfield_305513_102.html","url":"https:\/\/www.fcbarcelonanoticias.com\/en\/transfers\/fc-barcelona-loses-hansi-flick-favorite-to-reinforce-the-midfield_305513_102.html","name":"FC Barcelona loses Hansi Flick's favorite to reinforce the midfield","isPartOf":{"@id":"https:\/\/www.fcbarcelonanoticias.com\/en\/#website"},"primaryImageOfPage":{"@id":"https:\/\/www.fcbarcelonanoticias.com\/en\/transfers\/fc-barcelona-loses-hansi-flick-favorite-to-reinforce-the-midfield_305513_102.html#primaryimage"},"image":{"@id":"https:\/\/www.fcbarcelonanoticias.com\/en\/transfers\/fc-barcelona-loses-hansi-flick-favorite-to-reinforce-the-midfield_305513_102.html#primaryimage"},"thumbnailUrl":"https:\/\/www.fcbarcelonanoticias.com\/en\/wp-content\/uploads\/sites\/2\/2024\/07\/joshua-kimmich-en-el-duelo-entre-espana-y-la-seleccion-de-alemania-en-los-cuartos-de-final-de-la-eurocopa-2024.png","datePublished":"2024-07-16T19:43:00+00:00","dateModified":"2024-07-16T19:45:00+00:00","author":{"@id":"https:\/\/www.fcbarcelonanoticias.com\/en\/#\/schema\/person\/991443f134df9a64c6874f96ff984c9d"},"description":"Joshua Kimmich is emerging as an increasingly complicated acquisition for FC Barcelona ahead of this summer, as the midfielder has decided to continue his career for at least one more season at Bayern Munich","breadcrumb":{"@id":"https:\/\/www.fcbarcelonanoticias.com\/en\/transfers\/fc-barcelona-loses-hansi-flick-favorite-to-reinforce-the-midfield_305513_102.html#breadcrumb"},"inLanguage":"en-US","potentialAction":[{"@type":"ReadAction","target":["https:\/\/www.fcbarcelonanoticias.com\/en\/transfers\/fc-barcelona-loses-hansi-flick-favorite-to-reinforce-the-midfield_305513_102.html"]}]},{"@type":"ImageObject","inLanguage":"en-US","@id":"https:\/\/www.fcbarcelonanoticias.com\/en\/transfers\/fc-barcelona-loses-hansi-flick-favorite-to-reinforce-the-midfield_305513_102.html#primaryimage","url":"https:\/\/www.fcbarcelonanoticias.com\/en\/wp-content\/uploads\/sites\/2\/2024\/07\/joshua-kimmich-en-el-duelo-entre-espana-y-la-seleccion-de-alemania-en-los-cuartos-de-final-de-la-eurocopa-2024.png","contentUrl":"https:\/\/www.fcbarcelonanoticias.com\/en\/wp-content\/uploads\/sites\/2\/2024\/07\/joshua-kimmich-en-el-duelo-entre-espana-y-la-seleccion-de-alemania-en-los-cuartos-de-final-de-la-eurocopa-2024.png","width":1300,"height":732},{"@type":"BreadcrumbList","@id":"https:\/\/www.fcbarcelonanoticias.com\/en\/transfers\/fc-barcelona-loses-hansi-flick-favorite-to-reinforce-the-midfield_305513_102.html#breadcrumb","itemListElement":[{"@type":"ListItem","position":1,"name":"Portada","item":"https:\/\/www.fcbarcelonanoticias.com\/en\/"},{"@type":"ListItem","position":2,"name":"FC Barcelona loses Hansi Flick&#8217;s favorite to reinforce the midfield"}]},{"@type":"WebSite","@id":"https:\/\/www.fcbarcelonanoticias.com\/en\/#website","url":"https:\/\/www.fcbarcelonanoticias.com\/en\/","name":"EN - FC Barcelona Noticias","description":"","potentialAction":[{"@type":"SearchAction","target":{"@type":"EntryPoint","urlTemplate":"https:\/\/www.fcbarcelonanoticias.com\/en\/?s={search_term_string}"},"query-input":{"@type":"PropertyValueSpecification","valueRequired":true,"valueName":"search_term_string"}}],"inLanguage":"en-US"},{"@type":"Person","@id":"https:\/\/www.fcbarcelonanoticias.com\/en\/#\/schema\/person\/991443f134df9a64c6874f96ff984c9d","name":"Kevin G\u00f3mez","image":{"@type":"ImageObject","inLanguage":"en-US","@id":"https:\/\/secure.gravatar.com\/avatar\/?s=96&d=mm&r=g","url":"https:\/\/secure.gravatar.com\/avatar\/?s=96&d=mm&r=g","contentUrl":"https:\/\/secure.gravatar.com\/avatar\/?s=96&d=mm&r=g","caption":"Kevin G\u00f3mez"},"description":"Licenciado\u00a0en Periodismo y Comunicaci\u00f3n Audiovisual. Redactor en FCBN responsable de cubrir toda\u00a0la informaci\u00f3n del FC Barcelona y las principales competiciones de\u00a0f\u00fatbol.","url":"https:\/\/www.fcbarcelonanoticias.com\/en\/jugadores\/kevin-gomez_23_115.html"}]}},"_links":{"self":[{"href":"https:\/\/www.fcbarcelonanoticias.com\/en\/wp-json\/wp\/v2\/posts\/94799","targetHints":{"allow":["GET"]}}],"collection":[{"href":"https:\/\/www.fcbarcelonanoticias.com\/en\/wp-json\/wp\/v2\/posts"}],"about":[{"href":"https:\/\/www.fcbarcelonanoticias.com\/en\/wp-json\/wp\/v2\/types\/post"}],"author":[{"embeddable":true,"href":"https:\/\/www.fcbarcelonanoticias.com\/en\/wp-json\/wp\/v2\/users\/355"}],"replies":[{"embeddable":true,"href":"https:\/\/www.fcbarcelonanoticias.com\/en\/wp-json\/wp\/v2\/comments?post=94799"}],"version-history":[{"count":1,"href":"https:\/\/www.fcbarcelonanoticias.com\/en\/wp-json\/wp\/v2\/posts\/94799\/revisions"}],"predecessor-version":[{"id":126832,"href":"https:\/\/www.fcbarcelonanoticias.com\/en\/wp-json\/wp\/v2\/posts\/94799\/revisions\/126832"}],"wp:featuredmedia":[{"embeddable":true,"href":"https:\/\/www.fcbarcelonanoticias.com\/en\/wp-json\/wp\/v2\/media\/94809"}],"wp:attachment":[{"href":"https:\/\/www.fcbarcelonanoticias.com\/en\/wp-json\/wp\/v2\/media?parent=94799"}],"wp:term":[{"taxonomy":"category","embeddable":true,"href":"https:\/\/www.fcbarcelonanoticias.com\/en\/wp-json\/wp\/v2\/categories?post=94799"},{"taxonomy":"post_tag","embeddable":true,"href":"https:\/\/www.fcbarcelonanoticias.com\/en\/wp-json\/wp\/v2\/tags?post=94799"}],"curies":[{"name":"wp","href":"https:\/\/api.w.org\/{rel}","templated":true}]}}