{"id":94837,"date":"2024-10-06T22:57:00","date_gmt":"2024-10-06T20:57:00","guid":{"rendered":"https:\/\/weisetech.dev\/fc-barcelona-noticias\/en\/clause-with-city-will-seek-to-renew-haaland-2025_307760_102\/"},"modified":"2024-10-06T23:06:00","modified_gmt":"2024-10-06T21:06:00","slug":"clause-with-city-will-seek-to-renew-haaland-2025_307760_102","status":"publish","type":"post","link":"https:\/\/www.fcbarcelonanoticias.com\/en\/transfers\/clause-with-city-will-seek-to-renew-haaland-2025_307760_102.html","title":{"rendered":"The clause with which City will seek to renew Haaland in 2025"},"content":{"rendered":"<h2 class=\"wp-block-heading\">Manchester City does not want to risk the future of Erling Haaland. Although there are no termination clauses in the Premier League, the club seeks to set a minimum starting price for its star<\/h2>  \r\n<div class=\"article-addons\">\r\n    <a href=\"https:\/\/www.fcbarcelonanoticias.com\/en\/calendar-fc-barcelona.html\"\r\n       target=\"_self\"\r\n       title=\"Calendar of FC Barcelona\"\r\n       class=\"blue-gredient-btn\">\r\n       \r\n        Calendar of FC Barcelona    <\/a>\r\n<\/div>   <p>Erling Haaland&#8217;s future continues to generate uncertainty among the Manchester City board and fans. <strong>Although the &#8216;9&#8217; has a contract valid until 2027, the interest of FC Barcelona and Real Madrid<\/strong>, added to the possible sanctions that the &#8216;sky blue&#8217; team suffers after the resolution of the lawsuit filed by the Premier League for the alleged infractions &#8216;cityzens&#8217; to Financial Fair Play, may lead the Norwegian to opt for a change of scenery next summer.<\/p>  <p>In that sense, the latest information points to City&#8217;s desire to renew their star as soon as possible, <strong>including a clause that ensures a million-dollar transfer to the &#8216;citizen&#8217; team if the 24-year-old forward decides to leave<\/strong>. Unlike LaLiga, in the Premier League there are no termination clauses. However, there is the figure of the &#8216;transfer request&#8217;, through which footballers express their desire to leave to their club.<\/p>  <h2>City seeks to &#8216;tie&#8217; Haaland with a long-term contract<\/h2>  <p>With Haaland, <strong>City will try to negotiate the departure of the Norwegian for an amount greater than 200 million euros<\/strong>, as long as Haaland agrees to sign a new contract. To do this, Erling must sign, at least, until 2030. In principle, the starting price of &#8216;Cyborg&#8217; in 2025 can drop to 150-175 kilos, in accordance with the provisions of the contract that the footballer signed at the time. arrive in Manchester in 2022 from Borussia Dortmund.<\/p>  <p><strong>If he suffers any exemplary sanction (such as losing his category), the starting price of the &#8216;killer&#8217; would drop much more<\/strong>, a factor that Bar\u00e7a, Madrid and other European greats continue to pay close attention to. For the cul\u00e9s, the &#8216;9&#8217; is an almost impossible goal for next season, even when the club has the necessary solvency to sign under the 1\/1 rule. Months ago, Joan Laporta stated that Bar\u00e7a could afford a signing of that magnitude in 2026, once the &#8216;Espai Bar\u00e7a&#8217; project is completed and the institution has managed to clean up all its accounts. By then, Erling could have decided on another &#8216;top&#8217; team.<\/p> ","protected":false},"excerpt":{"rendered":"<p>Manchester City does not want to risk the future of Erling Haaland. Although there are no termination clauses in the Premier League, the club seeks to set a minimum starting price for its star Erling Haaland&#8217;s future continues to generate uncertainty among the Manchester City board and fans. Although the &#8216;9&#8217; has a contract valid [&hellip;]<\/p>\n","protected":false},"author":347,"featured_media":94850,"comment_status":"closed","ping_status":"open","sticky":false,"template":"","format":"standard","meta":{"_acf_changed":false,"inline_featured_image":false,"_nextfly_llmd_date_locked":false,"footnotes":""},"categories":[106,449],"tags":[154,97],"class_list":["post-94837","post","type-post","status-publish","format-standard","has-post-thumbnail","hentry","category-transfers","category-transfers-2","tag-erling-haaland","tag-manchester-city"],"acf":[],"yoast_head":"<!-- This site is optimized with the Yoast SEO plugin v27.3 - https:\/\/yoast.com\/product\/yoast-seo-wordpress\/ -->\n<title>The clause with which City will seek to renew Haaland in 2025<\/title>\n<meta name=\"description\" content=\"Manchester City does not want to risk the future of Erling Haaland. Although there are no termination clauses in the Premier League, the club seeks to set a minimum starting price for its star\" \/>\n<meta name=\"robots\" content=\"index, follow, max-snippet:-1, max-image-preview:large, max-video-preview:-1\" \/>\n<link rel=\"canonical\" href=\"https:\/\/www.fcbarcelonanoticias.com\/en\/transfers\/clause-with-city-will-seek-to-renew-haaland-2025_307760_102.html\" \/>\n<meta property=\"og:locale\" content=\"en_US\" \/>\n<meta property=\"og:type\" content=\"article\" \/>\n<meta property=\"og:title\" content=\"The clause with which City will seek to renew Haaland in 2025\" \/>\n<meta property=\"og:description\" content=\"Manchester City does not want to risk the future of Erling Haaland. Although there are no termination clauses in the Premier League, the club seeks to set a minimum starting price for its star\" \/>\n<meta property=\"og:url\" content=\"https:\/\/www.fcbarcelonanoticias.com\/en\/transfers\/clause-with-city-will-seek-to-renew-haaland-2025_307760_102.html\" \/>\n<meta property=\"og:site_name\" content=\"EN - FC Barcelona Noticias\" \/>\n<meta property=\"article:published_time\" content=\"2024-10-06T20:57:00+00:00\" \/>\n<meta property=\"article:modified_time\" content=\"2024-10-06T21:06:00+00:00\" \/>\n<meta property=\"og:image\" content=\"https:\/\/www.fcbarcelonanoticias.com\/en\/wp-content\/uploads\/sites\/2\/2024\/10\/erling-haaland-manchester-city.jpeg\" \/>\n\t<meta property=\"og:image:width\" content=\"1250\" \/>\n\t<meta property=\"og:image:height\" content=\"730\" \/>\n\t<meta property=\"og:image:type\" content=\"image\/jpeg\" \/>\n<meta name=\"author\" content=\"Andr\u00e9s Quiroz\" \/>\n<meta name=\"twitter:card\" content=\"summary_large_image\" \/>\n<meta name=\"twitter:label1\" content=\"Written by\" \/>\n\t<meta name=\"twitter:data1\" content=\"Andr\u00e9s Quiroz\" \/>\n\t<meta name=\"twitter:label2\" content=\"Est. reading time\" \/>\n\t<meta name=\"twitter:data2\" content=\"2 minutes\" \/>\n<script type=\"application\/ld+json\" class=\"yoast-schema-graph\">{\"@context\":\"https:\\\/\\\/schema.org\",\"@graph\":[{\"@type\":\"Article\",\"@id\":\"https:\\\/\\\/www.fcbarcelonanoticias.com\\\/en\\\/transfers\\\/clause-with-city-will-seek-to-renew-haaland-2025_307760_102.html#article\",\"isPartOf\":{\"@id\":\"https:\\\/\\\/www.fcbarcelonanoticias.com\\\/en\\\/transfers\\\/clause-with-city-will-seek-to-renew-haaland-2025_307760_102.html\"},\"author\":{\"name\":\"Andr\u00e9s Quiroz\",\"@id\":\"https:\\\/\\\/www.fcbarcelonanoticias.com\\\/en\\\/#\\\/schema\\\/person\\\/c2cd9f6fa1af5c0d0eccd0fefa575c88\"},\"headline\":\"The clause with which City will seek to renew Haaland in 2025\",\"datePublished\":\"2024-10-06T20:57:00+00:00\",\"dateModified\":\"2024-10-06T21:06:00+00:00\",\"mainEntityOfPage\":{\"@id\":\"https:\\\/\\\/www.fcbarcelonanoticias.com\\\/en\\\/transfers\\\/clause-with-city-will-seek-to-renew-haaland-2025_307760_102.html\"},\"wordCount\":378,\"image\":{\"@id\":\"https:\\\/\\\/www.fcbarcelonanoticias.com\\\/en\\\/transfers\\\/clause-with-city-will-seek-to-renew-haaland-2025_307760_102.html#primaryimage\"},\"thumbnailUrl\":\"https:\\\/\\\/www.fcbarcelonanoticias.com\\\/en\\\/wp-content\\\/uploads\\\/sites\\\/2\\\/2024\\\/10\\\/erling-haaland-manchester-city.jpeg\",\"keywords\":[\"Erling Haaland\",\"Manchester City\"],\"articleSection\":[\"Transfers\",\"Transfers\"],\"inLanguage\":\"en-US\"},{\"@type\":\"WebPage\",\"@id\":\"https:\\\/\\\/www.fcbarcelonanoticias.com\\\/en\\\/transfers\\\/clause-with-city-will-seek-to-renew-haaland-2025_307760_102.html\",\"url\":\"https:\\\/\\\/www.fcbarcelonanoticias.com\\\/en\\\/transfers\\\/clause-with-city-will-seek-to-renew-haaland-2025_307760_102.html\",\"name\":\"The clause with which City will seek to renew Haaland in 2025\",\"isPartOf\":{\"@id\":\"https:\\\/\\\/www.fcbarcelonanoticias.com\\\/en\\\/#website\"},\"primaryImageOfPage\":{\"@id\":\"https:\\\/\\\/www.fcbarcelonanoticias.com\\\/en\\\/transfers\\\/clause-with-city-will-seek-to-renew-haaland-2025_307760_102.html#primaryimage\"},\"image\":{\"@id\":\"https:\\\/\\\/www.fcbarcelonanoticias.com\\\/en\\\/transfers\\\/clause-with-city-will-seek-to-renew-haaland-2025_307760_102.html#primaryimage\"},\"thumbnailUrl\":\"https:\\\/\\\/www.fcbarcelonanoticias.com\\\/en\\\/wp-content\\\/uploads\\\/sites\\\/2\\\/2024\\\/10\\\/erling-haaland-manchester-city.jpeg\",\"datePublished\":\"2024-10-06T20:57:00+00:00\",\"dateModified\":\"2024-10-06T21:06:00+00:00\",\"author\":{\"@id\":\"https:\\\/\\\/www.fcbarcelonanoticias.com\\\/en\\\/#\\\/schema\\\/person\\\/c2cd9f6fa1af5c0d0eccd0fefa575c88\"},\"description\":\"Manchester City does not want to risk the future of Erling Haaland. Although there are no termination clauses in the Premier League, the club seeks to set a minimum starting price for its star\",\"breadcrumb\":{\"@id\":\"https:\\\/\\\/www.fcbarcelonanoticias.com\\\/en\\\/transfers\\\/clause-with-city-will-seek-to-renew-haaland-2025_307760_102.html#breadcrumb\"},\"inLanguage\":\"en-US\",\"potentialAction\":[{\"@type\":\"ReadAction\",\"target\":[\"https:\\\/\\\/www.fcbarcelonanoticias.com\\\/en\\\/transfers\\\/clause-with-city-will-seek-to-renew-haaland-2025_307760_102.html\"]}]},{\"@type\":\"ImageObject\",\"inLanguage\":\"en-US\",\"@id\":\"https:\\\/\\\/www.fcbarcelonanoticias.com\\\/en\\\/transfers\\\/clause-with-city-will-seek-to-renew-haaland-2025_307760_102.html#primaryimage\",\"url\":\"https:\\\/\\\/www.fcbarcelonanoticias.com\\\/en\\\/wp-content\\\/uploads\\\/sites\\\/2\\\/2024\\\/10\\\/erling-haaland-manchester-city.jpeg\",\"contentUrl\":\"https:\\\/\\\/www.fcbarcelonanoticias.com\\\/en\\\/wp-content\\\/uploads\\\/sites\\\/2\\\/2024\\\/10\\\/erling-haaland-manchester-city.jpeg\",\"width\":1250,\"height\":730},{\"@type\":\"BreadcrumbList\",\"@id\":\"https:\\\/\\\/www.fcbarcelonanoticias.com\\\/en\\\/transfers\\\/clause-with-city-will-seek-to-renew-haaland-2025_307760_102.html#breadcrumb\",\"itemListElement\":[{\"@type\":\"ListItem\",\"position\":1,\"name\":\"Portada\",\"item\":\"https:\\\/\\\/www.fcbarcelonanoticias.com\\\/en\\\/\"},{\"@type\":\"ListItem\",\"position\":2,\"name\":\"The clause with which City will seek to renew Haaland in 2025\"}]},{\"@type\":\"WebSite\",\"@id\":\"https:\\\/\\\/www.fcbarcelonanoticias.com\\\/en\\\/#website\",\"url\":\"https:\\\/\\\/www.fcbarcelonanoticias.com\\\/en\\\/\",\"name\":\"EN - FC Barcelona Noticias\",\"description\":\"\",\"potentialAction\":[{\"@type\":\"SearchAction\",\"target\":{\"@type\":\"EntryPoint\",\"urlTemplate\":\"https:\\\/\\\/www.fcbarcelonanoticias.com\\\/en\\\/?s={search_term_string}\"},\"query-input\":{\"@type\":\"PropertyValueSpecification\",\"valueRequired\":true,\"valueName\":\"search_term_string\"}}],\"inLanguage\":\"en-US\"},{\"@type\":\"Person\",\"@id\":\"https:\\\/\\\/www.fcbarcelonanoticias.com\\\/en\\\/#\\\/schema\\\/person\\\/c2cd9f6fa1af5c0d0eccd0fefa575c88\",\"name\":\"Andr\u00e9s Quiroz\",\"image\":{\"@type\":\"ImageObject\",\"inLanguage\":\"en-US\",\"@id\":\"https:\\\/\\\/secure.gravatar.com\\\/avatar\\\/?s=96&d=mm&r=g\",\"url\":\"https:\\\/\\\/secure.gravatar.com\\\/avatar\\\/?s=96&d=mm&r=g\",\"contentUrl\":\"https:\\\/\\\/secure.gravatar.com\\\/avatar\\\/?s=96&d=mm&r=g\",\"caption\":\"Andr\u00e9s Quiroz\"},\"description\":\"Licenciado en Periodismo por la Universidad de los Andes. Me encargo de analizar y compartir los contenidos m\u00e1s destacados de la\u00a0actualidad del F\u00fatbol Club Barcelona, Mercado de Fichajes y F\u00fatbol Internacional en FCBN. La informaci\u00f3n es poder, pero tambi\u00e9n conocimiento.\",\"url\":\"https:\\\/\\\/www.fcbarcelonanoticias.com\\\/en\\\/fc-barcelona\\\/andres-quiroz_17_115.html\"}]}<\/script>\n<!-- \/ Yoast SEO plugin. -->","yoast_head_json":{"title":"The clause with which City will seek to renew Haaland in 2025","description":"Manchester City does not want to risk the future of Erling Haaland. Although there are no termination clauses in the Premier League, the club seeks to set a minimum starting price for its star","robots":{"index":"index","follow":"follow","max-snippet":"max-snippet:-1","max-image-preview":"max-image-preview:large","max-video-preview":"max-video-preview:-1"},"canonical":"https:\/\/www.fcbarcelonanoticias.com\/en\/transfers\/clause-with-city-will-seek-to-renew-haaland-2025_307760_102.html","og_locale":"en_US","og_type":"article","og_title":"The clause with which City will seek to renew Haaland in 2025","og_description":"Manchester City does not want to risk the future of Erling Haaland. Although there are no termination clauses in the Premier League, the club seeks to set a minimum starting price for its star","og_url":"https:\/\/www.fcbarcelonanoticias.com\/en\/transfers\/clause-with-city-will-seek-to-renew-haaland-2025_307760_102.html","og_site_name":"EN - FC Barcelona Noticias","article_published_time":"2024-10-06T20:57:00+00:00","article_modified_time":"2024-10-06T21:06:00+00:00","og_image":[{"width":1250,"height":730,"url":"https:\/\/www.fcbarcelonanoticias.com\/en\/wp-content\/uploads\/sites\/2\/2024\/10\/erling-haaland-manchester-city.jpeg","type":"image\/jpeg"}],"author":"Andr\u00e9s Quiroz","twitter_card":"summary_large_image","twitter_misc":{"Written by":"Andr\u00e9s Quiroz","Est. reading time":"2 minutes"},"schema":{"@context":"https:\/\/schema.org","@graph":[{"@type":"Article","@id":"https:\/\/www.fcbarcelonanoticias.com\/en\/transfers\/clause-with-city-will-seek-to-renew-haaland-2025_307760_102.html#article","isPartOf":{"@id":"https:\/\/www.fcbarcelonanoticias.com\/en\/transfers\/clause-with-city-will-seek-to-renew-haaland-2025_307760_102.html"},"author":{"name":"Andr\u00e9s Quiroz","@id":"https:\/\/www.fcbarcelonanoticias.com\/en\/#\/schema\/person\/c2cd9f6fa1af5c0d0eccd0fefa575c88"},"headline":"The clause with which City will seek to renew Haaland in 2025","datePublished":"2024-10-06T20:57:00+00:00","dateModified":"2024-10-06T21:06:00+00:00","mainEntityOfPage":{"@id":"https:\/\/www.fcbarcelonanoticias.com\/en\/transfers\/clause-with-city-will-seek-to-renew-haaland-2025_307760_102.html"},"wordCount":378,"image":{"@id":"https:\/\/www.fcbarcelonanoticias.com\/en\/transfers\/clause-with-city-will-seek-to-renew-haaland-2025_307760_102.html#primaryimage"},"thumbnailUrl":"https:\/\/www.fcbarcelonanoticias.com\/en\/wp-content\/uploads\/sites\/2\/2024\/10\/erling-haaland-manchester-city.jpeg","keywords":["Erling Haaland","Manchester City"],"articleSection":["Transfers","Transfers"],"inLanguage":"en-US"},{"@type":"WebPage","@id":"https:\/\/www.fcbarcelonanoticias.com\/en\/transfers\/clause-with-city-will-seek-to-renew-haaland-2025_307760_102.html","url":"https:\/\/www.fcbarcelonanoticias.com\/en\/transfers\/clause-with-city-will-seek-to-renew-haaland-2025_307760_102.html","name":"The clause with which City will seek to renew Haaland in 2025","isPartOf":{"@id":"https:\/\/www.fcbarcelonanoticias.com\/en\/#website"},"primaryImageOfPage":{"@id":"https:\/\/www.fcbarcelonanoticias.com\/en\/transfers\/clause-with-city-will-seek-to-renew-haaland-2025_307760_102.html#primaryimage"},"image":{"@id":"https:\/\/www.fcbarcelonanoticias.com\/en\/transfers\/clause-with-city-will-seek-to-renew-haaland-2025_307760_102.html#primaryimage"},"thumbnailUrl":"https:\/\/www.fcbarcelonanoticias.com\/en\/wp-content\/uploads\/sites\/2\/2024\/10\/erling-haaland-manchester-city.jpeg","datePublished":"2024-10-06T20:57:00+00:00","dateModified":"2024-10-06T21:06:00+00:00","author":{"@id":"https:\/\/www.fcbarcelonanoticias.com\/en\/#\/schema\/person\/c2cd9f6fa1af5c0d0eccd0fefa575c88"},"description":"Manchester City does not want to risk the future of Erling Haaland. Although there are no termination clauses in the Premier League, the club seeks to set a minimum starting price for its star","breadcrumb":{"@id":"https:\/\/www.fcbarcelonanoticias.com\/en\/transfers\/clause-with-city-will-seek-to-renew-haaland-2025_307760_102.html#breadcrumb"},"inLanguage":"en-US","potentialAction":[{"@type":"ReadAction","target":["https:\/\/www.fcbarcelonanoticias.com\/en\/transfers\/clause-with-city-will-seek-to-renew-haaland-2025_307760_102.html"]}]},{"@type":"ImageObject","inLanguage":"en-US","@id":"https:\/\/www.fcbarcelonanoticias.com\/en\/transfers\/clause-with-city-will-seek-to-renew-haaland-2025_307760_102.html#primaryimage","url":"https:\/\/www.fcbarcelonanoticias.com\/en\/wp-content\/uploads\/sites\/2\/2024\/10\/erling-haaland-manchester-city.jpeg","contentUrl":"https:\/\/www.fcbarcelonanoticias.com\/en\/wp-content\/uploads\/sites\/2\/2024\/10\/erling-haaland-manchester-city.jpeg","width":1250,"height":730},{"@type":"BreadcrumbList","@id":"https:\/\/www.fcbarcelonanoticias.com\/en\/transfers\/clause-with-city-will-seek-to-renew-haaland-2025_307760_102.html#breadcrumb","itemListElement":[{"@type":"ListItem","position":1,"name":"Portada","item":"https:\/\/www.fcbarcelonanoticias.com\/en\/"},{"@type":"ListItem","position":2,"name":"The clause with which City will seek to renew Haaland in 2025"}]},{"@type":"WebSite","@id":"https:\/\/www.fcbarcelonanoticias.com\/en\/#website","url":"https:\/\/www.fcbarcelonanoticias.com\/en\/","name":"EN - FC Barcelona Noticias","description":"","potentialAction":[{"@type":"SearchAction","target":{"@type":"EntryPoint","urlTemplate":"https:\/\/www.fcbarcelonanoticias.com\/en\/?s={search_term_string}"},"query-input":{"@type":"PropertyValueSpecification","valueRequired":true,"valueName":"search_term_string"}}],"inLanguage":"en-US"},{"@type":"Person","@id":"https:\/\/www.fcbarcelonanoticias.com\/en\/#\/schema\/person\/c2cd9f6fa1af5c0d0eccd0fefa575c88","name":"Andr\u00e9s Quiroz","image":{"@type":"ImageObject","inLanguage":"en-US","@id":"https:\/\/secure.gravatar.com\/avatar\/?s=96&d=mm&r=g","url":"https:\/\/secure.gravatar.com\/avatar\/?s=96&d=mm&r=g","contentUrl":"https:\/\/secure.gravatar.com\/avatar\/?s=96&d=mm&r=g","caption":"Andr\u00e9s Quiroz"},"description":"Licenciado en Periodismo por la Universidad de los Andes. Me encargo de analizar y compartir los contenidos m\u00e1s destacados de la\u00a0actualidad del F\u00fatbol Club Barcelona, Mercado de Fichajes y F\u00fatbol Internacional en FCBN. La informaci\u00f3n es poder, pero tambi\u00e9n conocimiento.","url":"https:\/\/www.fcbarcelonanoticias.com\/en\/fc-barcelona\/andres-quiroz_17_115.html"}]}},"_links":{"self":[{"href":"https:\/\/www.fcbarcelonanoticias.com\/en\/wp-json\/wp\/v2\/posts\/94837","targetHints":{"allow":["GET"]}}],"collection":[{"href":"https:\/\/www.fcbarcelonanoticias.com\/en\/wp-json\/wp\/v2\/posts"}],"about":[{"href":"https:\/\/www.fcbarcelonanoticias.com\/en\/wp-json\/wp\/v2\/types\/post"}],"author":[{"embeddable":true,"href":"https:\/\/www.fcbarcelonanoticias.com\/en\/wp-json\/wp\/v2\/users\/347"}],"replies":[{"embeddable":true,"href":"https:\/\/www.fcbarcelonanoticias.com\/en\/wp-json\/wp\/v2\/comments?post=94837"}],"version-history":[{"count":1,"href":"https:\/\/www.fcbarcelonanoticias.com\/en\/wp-json\/wp\/v2\/posts\/94837\/revisions"}],"predecessor-version":[{"id":126956,"href":"https:\/\/www.fcbarcelonanoticias.com\/en\/wp-json\/wp\/v2\/posts\/94837\/revisions\/126956"}],"wp:featuredmedia":[{"embeddable":true,"href":"https:\/\/www.fcbarcelonanoticias.com\/en\/wp-json\/wp\/v2\/media\/94850"}],"wp:attachment":[{"href":"https:\/\/www.fcbarcelonanoticias.com\/en\/wp-json\/wp\/v2\/media?parent=94837"}],"wp:term":[{"taxonomy":"category","embeddable":true,"href":"https:\/\/www.fcbarcelonanoticias.com\/en\/wp-json\/wp\/v2\/categories?post=94837"},{"taxonomy":"post_tag","embeddable":true,"href":"https:\/\/www.fcbarcelonanoticias.com\/en\/wp-json\/wp\/v2\/tags?post=94837"}],"curies":[{"name":"wp","href":"https:\/\/api.w.org\/{rel}","templated":true}]}}