{"id":94848,"date":"2020-07-02T11:25:00","date_gmt":"2020-07-02T09:25:00","guid":{"rendered":"https:\/\/weisetech.dev\/fc-barcelona-noticias\/en\/barcelona-running-out-time-lautaro-clause-removed-this-week_258889_102\/"},"modified":"2020-07-02T11:25:00","modified_gmt":"2020-07-02T09:25:00","slug":"barcelona-running-out-time-lautaro-clause-removed-this-week_258889_102","status":"publish","type":"post","link":"https:\/\/www.fcbarcelonanoticias.com\/en\/transfers\/barcelona-running-out-time-lautaro-clause-removed-this-week_258889_102.html","title":{"rendered":"Bar\u00e7a is running out of time with Lautaro: The clause would be removed this week"},"content":{"rendered":"<h2 class=\"wp-block-heading\">The Bar\u00e7a has taken  a break with Lautaro Mart\u00ednez, but would have to put the prompt batteries, since the clause of the forward will leave to exist in brief. According to the Inter, will delete  on 7 July, whereas in the Bar\u00e7a ensure that it will be the 15<\/h2>  \r\n<div class=\"article-addons\">\r\n    <a href=\"https:\/\/www.fcbarcelonanoticias.com\/en\/calendar-fc-barcelona.html\"\r\n       target=\"_self\"\r\n       title=\"Calendar of FC Barcelona\"\r\n       class=\"blue-gredient-btn\">\r\n       \r\n        Calendar of FC Barcelona    <\/a>\r\n<\/div>   <p>The FC Barcelona follows having to <strong><a data-external=\"0\" data-intl-links-en=\"https:\/\/www.fcbarcelonanoticias.com\/en\/tags\/lautaro-martinez\" data-intl-links-es=\"https:\/\/www.fcbarcelonanoticias.com\/tags\/lautaro-martinez\" href=\"https:\/\/www.fcbarcelonanoticias.com\/en\/tags\/lautaro-martinez.html\" rel=\"follow\" target=\"_self\" title=\"Lautaro Mart\u00ednez\">Lautaro Mart\u00ednez<\/a><\/strong> in the highest of his list of preferences for this summer. Afterwards close the incorporation of <strong><a data-external=\"0\" data-intl-links-en=\"https:\/\/www.fcbarcelonanoticias.com\/en\/tags\/miralem-pjanic\" data-intl-links-es=\"https:\/\/www.fcbarcelonanoticias.com\/tags\/miralem-pjanic\" href=\"https:\/\/www.fcbarcelonanoticias.com\/en\/tags\/miralem-pjanic.html\" rel=\"follow\" target=\"_self\" title=\"Miralem Pjanic\">Miralem Pjanic<\/a>\u200b<\/strong>, that arrived in return of Arthur Melo, the Barcelona have to go back to centre his efforts in the operation of the Argentinian. The &#8217;10&#8217; of the Inter of Milan wants to play in the Camp Nou and with this already there is a lot of livestock, but at present <strong>the purchase is blocked by fault of an Inter that is presionando so that the Bar\u00e7a pay the 111 million euros<\/strong> of his clause of rescission.<\/p>  <p>A clause that, by the way, finalises in brief, at least according to account the group &#8216;neroazzurro&#8217;. Giuseppe Marotta, CEO and sportive director of the ones of Milan, ensured does several weeks that on 7 July finalises this clause that would allow to the forward leave if a club credits 111 kilos&#8217;. Nevertheless, from the Barcelona think that this is only another measure more than pressure, since <strong>as have understood, the deadline to pay is on 15 July, a week later<\/strong>.<\/p>  <p>Only the step of the days will say if the cul\u00e9s are in the true or if they lose the possibility to buy to the of White Bay with this clause. Leave happen this opportunity could be a work in other cases, but in the Camp Nou think that would not be a drama that occurred. There are possibilities that the interistas ask more money, but also <strong>there are options that they see forced to traspasar to his big star by less than the 111 millions<\/strong> that costs now.<\/p>  <p>For the moment, in the Bar\u00e7a still keep his last offer on of the table &#8216;neroazzurra&#8217;. <span style=\"color: rgb(34, 34, 34); font-weight: 600;\">The blaugrana offered 70 million euros and Junior Firpo for fichar to the international albiceleste<\/span>. For the Catalans, the total total of this proposal would be of 111 millions, since they value to the side in 41. In Giuseppe Meazza do not agree with this valuation and consider that the Hispanic-dominican no voucher more than 20 or 25 &#8216;kilos&#8217;. By this reason, the Italians would have denied to be followed speaking.<\/p>  <p><strong>From the offices of the team milan\u00e9s still insist in remaining with the attacker<\/strong>, as they showed the words of Marotta 15 days ago. &#8220;It is a boy, feels flattered by the attention of the big clubs. And that is a reason more to do it well. On our part, it exists the wish to keep it and he never has expressed really the wish to go . I am optimistic that we can continue with him next year also&#8221;, commented, trying that the Barcelona understand that they do not have any intention to negotiate.<\/p>  <h3>The Bar\u00e7a keeps on being optimistic<\/h3>  <p>The Inter wants to 111 millions and neither one less, but from the Bar\u00e7a still insist in that they are optimistic. Lautaro wants to play with Leo Messi and this is something that could decant the scales. Also it thinks that they will be able to save a few millions if they leave to happen the deadline of this clause, already was the 7 or the 15. Nevertheless, <strong>so much optimism taking into account the words of the &#8216;neroazzurros&#8217; could be dangerous<\/strong>. Besides, the Italians have money and do not need to collect, by what think that will recess the price of his best player could be moved away of the reality.<\/p> ","protected":false},"excerpt":{"rendered":"<p>The Bar\u00e7a has taken a break with Lautaro Mart\u00ednez, but would have to put the prompt batteries, since the clause of the forward will leave to exist in brief. According to the Inter, will delete on 7 July, whereas in the Bar\u00e7a ensure that it will be the 15 The FC Barcelona follows having to [&hellip;]<\/p>\n","protected":false},"author":392,"featured_media":94859,"comment_status":"closed","ping_status":"open","sticky":false,"template":"","format":"standard","meta":{"_acf_changed":false,"inline_featured_image":false,"_nextfly_llmd_date_locked":false,"footnotes":""},"categories":[449,106],"tags":[100,254],"class_list":["post-94848","post","type-post","status-publish","format-standard","has-post-thumbnail","hentry","category-transfers-2","category-transfers","tag-inter-milan","tag-lautaro-martinez"],"acf":[],"yoast_head":"<!-- This site is optimized with the Yoast SEO plugin v27.3 - https:\/\/yoast.com\/product\/yoast-seo-wordpress\/ -->\n<title>Bar\u00e7a is running out of time with Lautaro: The clause would be removed this week<\/title>\n<meta name=\"description\" content=\"The Bar\u00e7a has taken a break with Lautaro Mart\u00ednez, but would have to put the prompt batteries, since the clause of the forward will leave to exist in brief. ...\" \/>\n<meta name=\"robots\" content=\"index, follow, max-snippet:-1, max-image-preview:large, max-video-preview:-1\" \/>\n<link rel=\"canonical\" href=\"https:\/\/www.fcbarcelonanoticias.com\/en\/transfers\/barcelona-running-out-time-lautaro-clause-removed-this-week_258889_102.html\" \/>\n<meta property=\"og:locale\" content=\"en_US\" \/>\n<meta property=\"og:type\" content=\"article\" \/>\n<meta property=\"og:title\" content=\"Bar\u00e7a is running out of time with Lautaro: The clause would be removed this week\" \/>\n<meta property=\"og:description\" content=\"The Bar\u00e7a has taken a break with Lautaro Mart\u00ednez, but would have to put the prompt batteries, since the clause of the forward will leave to exist in brief. ...\" \/>\n<meta property=\"og:url\" content=\"https:\/\/www.fcbarcelonanoticias.com\/en\/transfers\/barcelona-running-out-time-lautaro-clause-removed-this-week_258889_102.html\" \/>\n<meta property=\"og:site_name\" content=\"EN - FC Barcelona Noticias\" \/>\n<meta property=\"article:published_time\" content=\"2020-07-02T09:25:00+00:00\" \/>\n<meta property=\"og:image\" content=\"https:\/\/www.fcbarcelonanoticias.com\/en\/wp-content\/uploads\/sites\/2\/2020\/07\/lautaro-clausula-inter.jpeg\" \/>\n\t<meta property=\"og:image:width\" content=\"1300\" \/>\n\t<meta property=\"og:image:height\" content=\"788\" \/>\n\t<meta property=\"og:image:type\" content=\"image\/jpeg\" \/>\n<meta name=\"author\" content=\"user_4048\" \/>\n<meta name=\"twitter:card\" content=\"summary_large_image\" \/>\n<meta name=\"twitter:label1\" content=\"Written by\" \/>\n\t<meta name=\"twitter:data1\" content=\"user_4048\" \/>\n\t<meta name=\"twitter:label2\" content=\"Est. reading time\" \/>\n\t<meta name=\"twitter:data2\" content=\"3 minutes\" \/>\n<script type=\"application\/ld+json\" class=\"yoast-schema-graph\">{\"@context\":\"https:\\\/\\\/schema.org\",\"@graph\":[{\"@type\":\"Article\",\"@id\":\"https:\\\/\\\/www.fcbarcelonanoticias.com\\\/en\\\/transfers\\\/barcelona-running-out-time-lautaro-clause-removed-this-week_258889_102.html#article\",\"isPartOf\":{\"@id\":\"https:\\\/\\\/www.fcbarcelonanoticias.com\\\/en\\\/transfers\\\/barcelona-running-out-time-lautaro-clause-removed-this-week_258889_102.html\"},\"author\":{\"name\":\"user_4048\",\"@id\":\"https:\\\/\\\/www.fcbarcelonanoticias.com\\\/en\\\/#\\\/schema\\\/person\\\/fcdad55cab72b8d0e106d75506783b6d\"},\"headline\":\"Bar\u00e7a is running out of time with Lautaro: The clause would be removed this week\",\"datePublished\":\"2020-07-02T09:25:00+00:00\",\"mainEntityOfPage\":{\"@id\":\"https:\\\/\\\/www.fcbarcelonanoticias.com\\\/en\\\/transfers\\\/barcelona-running-out-time-lautaro-clause-removed-this-week_258889_102.html\"},\"wordCount\":629,\"image\":{\"@id\":\"https:\\\/\\\/www.fcbarcelonanoticias.com\\\/en\\\/transfers\\\/barcelona-running-out-time-lautaro-clause-removed-this-week_258889_102.html#primaryimage\"},\"thumbnailUrl\":\"https:\\\/\\\/www.fcbarcelonanoticias.com\\\/en\\\/wp-content\\\/uploads\\\/sites\\\/2\\\/2020\\\/07\\\/lautaro-clausula-inter.jpeg\",\"keywords\":[\"Inter Milan\",\"Lautaro Mart\u00ednez\"],\"articleSection\":[\"Transfers\",\"Transfers\"],\"inLanguage\":\"en-US\"},{\"@type\":\"WebPage\",\"@id\":\"https:\\\/\\\/www.fcbarcelonanoticias.com\\\/en\\\/transfers\\\/barcelona-running-out-time-lautaro-clause-removed-this-week_258889_102.html\",\"url\":\"https:\\\/\\\/www.fcbarcelonanoticias.com\\\/en\\\/transfers\\\/barcelona-running-out-time-lautaro-clause-removed-this-week_258889_102.html\",\"name\":\"Bar\u00e7a is running out of time with Lautaro: The clause would be removed this week\",\"isPartOf\":{\"@id\":\"https:\\\/\\\/www.fcbarcelonanoticias.com\\\/en\\\/#website\"},\"primaryImageOfPage\":{\"@id\":\"https:\\\/\\\/www.fcbarcelonanoticias.com\\\/en\\\/transfers\\\/barcelona-running-out-time-lautaro-clause-removed-this-week_258889_102.html#primaryimage\"},\"image\":{\"@id\":\"https:\\\/\\\/www.fcbarcelonanoticias.com\\\/en\\\/transfers\\\/barcelona-running-out-time-lautaro-clause-removed-this-week_258889_102.html#primaryimage\"},\"thumbnailUrl\":\"https:\\\/\\\/www.fcbarcelonanoticias.com\\\/en\\\/wp-content\\\/uploads\\\/sites\\\/2\\\/2020\\\/07\\\/lautaro-clausula-inter.jpeg\",\"datePublished\":\"2020-07-02T09:25:00+00:00\",\"author\":{\"@id\":\"https:\\\/\\\/www.fcbarcelonanoticias.com\\\/en\\\/#\\\/schema\\\/person\\\/fcdad55cab72b8d0e106d75506783b6d\"},\"description\":\"The Bar\u00e7a has taken a break with Lautaro Mart\u00ednez, but would have to put the prompt batteries, since the clause of the forward will leave to exist in brief. ...\",\"breadcrumb\":{\"@id\":\"https:\\\/\\\/www.fcbarcelonanoticias.com\\\/en\\\/transfers\\\/barcelona-running-out-time-lautaro-clause-removed-this-week_258889_102.html#breadcrumb\"},\"inLanguage\":\"en-US\",\"potentialAction\":[{\"@type\":\"ReadAction\",\"target\":[\"https:\\\/\\\/www.fcbarcelonanoticias.com\\\/en\\\/transfers\\\/barcelona-running-out-time-lautaro-clause-removed-this-week_258889_102.html\"]}]},{\"@type\":\"ImageObject\",\"inLanguage\":\"en-US\",\"@id\":\"https:\\\/\\\/www.fcbarcelonanoticias.com\\\/en\\\/transfers\\\/barcelona-running-out-time-lautaro-clause-removed-this-week_258889_102.html#primaryimage\",\"url\":\"https:\\\/\\\/www.fcbarcelonanoticias.com\\\/en\\\/wp-content\\\/uploads\\\/sites\\\/2\\\/2020\\\/07\\\/lautaro-clausula-inter.jpeg\",\"contentUrl\":\"https:\\\/\\\/www.fcbarcelonanoticias.com\\\/en\\\/wp-content\\\/uploads\\\/sites\\\/2\\\/2020\\\/07\\\/lautaro-clausula-inter.jpeg\",\"width\":1300,\"height\":788},{\"@type\":\"BreadcrumbList\",\"@id\":\"https:\\\/\\\/www.fcbarcelonanoticias.com\\\/en\\\/transfers\\\/barcelona-running-out-time-lautaro-clause-removed-this-week_258889_102.html#breadcrumb\",\"itemListElement\":[{\"@type\":\"ListItem\",\"position\":1,\"name\":\"Portada\",\"item\":\"https:\\\/\\\/www.fcbarcelonanoticias.com\\\/en\\\/\"},{\"@type\":\"ListItem\",\"position\":2,\"name\":\"Bar\u00e7a is running out of time with Lautaro: The clause would be removed this week\"}]},{\"@type\":\"WebSite\",\"@id\":\"https:\\\/\\\/www.fcbarcelonanoticias.com\\\/en\\\/#website\",\"url\":\"https:\\\/\\\/www.fcbarcelonanoticias.com\\\/en\\\/\",\"name\":\"EN - FC Barcelona Noticias\",\"description\":\"\",\"potentialAction\":[{\"@type\":\"SearchAction\",\"target\":{\"@type\":\"EntryPoint\",\"urlTemplate\":\"https:\\\/\\\/www.fcbarcelonanoticias.com\\\/en\\\/?s={search_term_string}\"},\"query-input\":{\"@type\":\"PropertyValueSpecification\",\"valueRequired\":true,\"valueName\":\"search_term_string\"}}],\"inLanguage\":\"en-US\"},{\"@type\":\"Person\",\"@id\":\"https:\\\/\\\/www.fcbarcelonanoticias.com\\\/en\\\/#\\\/schema\\\/person\\\/fcdad55cab72b8d0e106d75506783b6d\",\"name\":\"user_4048\",\"image\":{\"@type\":\"ImageObject\",\"inLanguage\":\"en-US\",\"@id\":\"https:\\\/\\\/secure.gravatar.com\\\/avatar\\\/?s=96&d=mm&r=g\",\"url\":\"https:\\\/\\\/secure.gravatar.com\\\/avatar\\\/?s=96&d=mm&r=g\",\"contentUrl\":\"https:\\\/\\\/secure.gravatar.com\\\/avatar\\\/?s=96&d=mm&r=g\",\"caption\":\"user_4048\"},\"url\":\"https:\\\/\\\/www.fcbarcelonanoticias.com\\\/en\\\/user_4048.html\"}]}<\/script>\n<!-- \/ Yoast SEO plugin. -->","yoast_head_json":{"title":"Bar\u00e7a is running out of time with Lautaro: The clause would be removed this week","description":"The Bar\u00e7a has taken a break with Lautaro Mart\u00ednez, but would have to put the prompt batteries, since the clause of the forward will leave to exist in brief. ...","robots":{"index":"index","follow":"follow","max-snippet":"max-snippet:-1","max-image-preview":"max-image-preview:large","max-video-preview":"max-video-preview:-1"},"canonical":"https:\/\/www.fcbarcelonanoticias.com\/en\/transfers\/barcelona-running-out-time-lautaro-clause-removed-this-week_258889_102.html","og_locale":"en_US","og_type":"article","og_title":"Bar\u00e7a is running out of time with Lautaro: The clause would be removed this week","og_description":"The Bar\u00e7a has taken a break with Lautaro Mart\u00ednez, but would have to put the prompt batteries, since the clause of the forward will leave to exist in brief. ...","og_url":"https:\/\/www.fcbarcelonanoticias.com\/en\/transfers\/barcelona-running-out-time-lautaro-clause-removed-this-week_258889_102.html","og_site_name":"EN - FC Barcelona Noticias","article_published_time":"2020-07-02T09:25:00+00:00","og_image":[{"width":1300,"height":788,"url":"https:\/\/www.fcbarcelonanoticias.com\/en\/wp-content\/uploads\/sites\/2\/2020\/07\/lautaro-clausula-inter.jpeg","type":"image\/jpeg"}],"author":"user_4048","twitter_card":"summary_large_image","twitter_misc":{"Written by":"user_4048","Est. reading time":"3 minutes"},"schema":{"@context":"https:\/\/schema.org","@graph":[{"@type":"Article","@id":"https:\/\/www.fcbarcelonanoticias.com\/en\/transfers\/barcelona-running-out-time-lautaro-clause-removed-this-week_258889_102.html#article","isPartOf":{"@id":"https:\/\/www.fcbarcelonanoticias.com\/en\/transfers\/barcelona-running-out-time-lautaro-clause-removed-this-week_258889_102.html"},"author":{"name":"user_4048","@id":"https:\/\/www.fcbarcelonanoticias.com\/en\/#\/schema\/person\/fcdad55cab72b8d0e106d75506783b6d"},"headline":"Bar\u00e7a is running out of time with Lautaro: The clause would be removed this week","datePublished":"2020-07-02T09:25:00+00:00","mainEntityOfPage":{"@id":"https:\/\/www.fcbarcelonanoticias.com\/en\/transfers\/barcelona-running-out-time-lautaro-clause-removed-this-week_258889_102.html"},"wordCount":629,"image":{"@id":"https:\/\/www.fcbarcelonanoticias.com\/en\/transfers\/barcelona-running-out-time-lautaro-clause-removed-this-week_258889_102.html#primaryimage"},"thumbnailUrl":"https:\/\/www.fcbarcelonanoticias.com\/en\/wp-content\/uploads\/sites\/2\/2020\/07\/lautaro-clausula-inter.jpeg","keywords":["Inter Milan","Lautaro Mart\u00ednez"],"articleSection":["Transfers","Transfers"],"inLanguage":"en-US"},{"@type":"WebPage","@id":"https:\/\/www.fcbarcelonanoticias.com\/en\/transfers\/barcelona-running-out-time-lautaro-clause-removed-this-week_258889_102.html","url":"https:\/\/www.fcbarcelonanoticias.com\/en\/transfers\/barcelona-running-out-time-lautaro-clause-removed-this-week_258889_102.html","name":"Bar\u00e7a is running out of time with Lautaro: The clause would be removed this week","isPartOf":{"@id":"https:\/\/www.fcbarcelonanoticias.com\/en\/#website"},"primaryImageOfPage":{"@id":"https:\/\/www.fcbarcelonanoticias.com\/en\/transfers\/barcelona-running-out-time-lautaro-clause-removed-this-week_258889_102.html#primaryimage"},"image":{"@id":"https:\/\/www.fcbarcelonanoticias.com\/en\/transfers\/barcelona-running-out-time-lautaro-clause-removed-this-week_258889_102.html#primaryimage"},"thumbnailUrl":"https:\/\/www.fcbarcelonanoticias.com\/en\/wp-content\/uploads\/sites\/2\/2020\/07\/lautaro-clausula-inter.jpeg","datePublished":"2020-07-02T09:25:00+00:00","author":{"@id":"https:\/\/www.fcbarcelonanoticias.com\/en\/#\/schema\/person\/fcdad55cab72b8d0e106d75506783b6d"},"description":"The Bar\u00e7a has taken a break with Lautaro Mart\u00ednez, but would have to put the prompt batteries, since the clause of the forward will leave to exist in brief. ...","breadcrumb":{"@id":"https:\/\/www.fcbarcelonanoticias.com\/en\/transfers\/barcelona-running-out-time-lautaro-clause-removed-this-week_258889_102.html#breadcrumb"},"inLanguage":"en-US","potentialAction":[{"@type":"ReadAction","target":["https:\/\/www.fcbarcelonanoticias.com\/en\/transfers\/barcelona-running-out-time-lautaro-clause-removed-this-week_258889_102.html"]}]},{"@type":"ImageObject","inLanguage":"en-US","@id":"https:\/\/www.fcbarcelonanoticias.com\/en\/transfers\/barcelona-running-out-time-lautaro-clause-removed-this-week_258889_102.html#primaryimage","url":"https:\/\/www.fcbarcelonanoticias.com\/en\/wp-content\/uploads\/sites\/2\/2020\/07\/lautaro-clausula-inter.jpeg","contentUrl":"https:\/\/www.fcbarcelonanoticias.com\/en\/wp-content\/uploads\/sites\/2\/2020\/07\/lautaro-clausula-inter.jpeg","width":1300,"height":788},{"@type":"BreadcrumbList","@id":"https:\/\/www.fcbarcelonanoticias.com\/en\/transfers\/barcelona-running-out-time-lautaro-clause-removed-this-week_258889_102.html#breadcrumb","itemListElement":[{"@type":"ListItem","position":1,"name":"Portada","item":"https:\/\/www.fcbarcelonanoticias.com\/en\/"},{"@type":"ListItem","position":2,"name":"Bar\u00e7a is running out of time with Lautaro: The clause would be removed this week"}]},{"@type":"WebSite","@id":"https:\/\/www.fcbarcelonanoticias.com\/en\/#website","url":"https:\/\/www.fcbarcelonanoticias.com\/en\/","name":"EN - FC Barcelona Noticias","description":"","potentialAction":[{"@type":"SearchAction","target":{"@type":"EntryPoint","urlTemplate":"https:\/\/www.fcbarcelonanoticias.com\/en\/?s={search_term_string}"},"query-input":{"@type":"PropertyValueSpecification","valueRequired":true,"valueName":"search_term_string"}}],"inLanguage":"en-US"},{"@type":"Person","@id":"https:\/\/www.fcbarcelonanoticias.com\/en\/#\/schema\/person\/fcdad55cab72b8d0e106d75506783b6d","name":"user_4048","image":{"@type":"ImageObject","inLanguage":"en-US","@id":"https:\/\/secure.gravatar.com\/avatar\/?s=96&d=mm&r=g","url":"https:\/\/secure.gravatar.com\/avatar\/?s=96&d=mm&r=g","contentUrl":"https:\/\/secure.gravatar.com\/avatar\/?s=96&d=mm&r=g","caption":"user_4048"},"url":"https:\/\/www.fcbarcelonanoticias.com\/en\/user_4048.html"}]}},"_links":{"self":[{"href":"https:\/\/www.fcbarcelonanoticias.com\/en\/wp-json\/wp\/v2\/posts\/94848","targetHints":{"allow":["GET"]}}],"collection":[{"href":"https:\/\/www.fcbarcelonanoticias.com\/en\/wp-json\/wp\/v2\/posts"}],"about":[{"href":"https:\/\/www.fcbarcelonanoticias.com\/en\/wp-json\/wp\/v2\/types\/post"}],"author":[{"embeddable":true,"href":"https:\/\/www.fcbarcelonanoticias.com\/en\/wp-json\/wp\/v2\/users\/392"}],"replies":[{"embeddable":true,"href":"https:\/\/www.fcbarcelonanoticias.com\/en\/wp-json\/wp\/v2\/comments?post=94848"}],"version-history":[{"count":1,"href":"https:\/\/www.fcbarcelonanoticias.com\/en\/wp-json\/wp\/v2\/posts\/94848\/revisions"}],"predecessor-version":[{"id":125210,"href":"https:\/\/www.fcbarcelonanoticias.com\/en\/wp-json\/wp\/v2\/posts\/94848\/revisions\/125210"}],"wp:featuredmedia":[{"embeddable":true,"href":"https:\/\/www.fcbarcelonanoticias.com\/en\/wp-json\/wp\/v2\/media\/94859"}],"wp:attachment":[{"href":"https:\/\/www.fcbarcelonanoticias.com\/en\/wp-json\/wp\/v2\/media?parent=94848"}],"wp:term":[{"taxonomy":"category","embeddable":true,"href":"https:\/\/www.fcbarcelonanoticias.com\/en\/wp-json\/wp\/v2\/categories?post=94848"},{"taxonomy":"post_tag","embeddable":true,"href":"https:\/\/www.fcbarcelonanoticias.com\/en\/wp-json\/wp\/v2\/tags?post=94848"}],"curies":[{"name":"wp","href":"https:\/\/api.w.org\/{rel}","templated":true}]}}