{"id":94921,"date":"2023-07-21T18:27:00","date_gmt":"2023-07-21T16:27:00","guid":{"rendered":"https:\/\/weisetech.dev\/fc-barcelona-noticias\/en\/problem-between-xavi-deco-by-signing-must-do-barcelona_294329_102\/"},"modified":"2023-07-21T18:27:00","modified_gmt":"2023-07-21T16:27:00","slug":"problem-between-xavi-deco-by-signing-must-do-barcelona_294329_102","status":"publish","type":"post","link":"https:\/\/www.fcbarcelonanoticias.com\/en\/transfers\/problem-between-xavi-deco-by-signing-must-do-barcelona_294329_102.html","title":{"rendered":"The &#8216;problem&#8217; between Xavi and Deco over the transfer that Bar\u00e7a must make"},"content":{"rendered":"<h2 class=\"wp-block-heading\">FC Barcelona tries to define its roadmap in the last month and a half of the summer transfer window, but they do not &#8216;agree&#8217; on what the team&#8217;s real needs are&#8230; and they are conditioned by the financial Fair Play<\/h2>  \r\n<div class=\"article-addons\">\r\n    <a href=\"https:\/\/www.fcbarcelonanoticias.com\/en\/calendar-fc-barcelona.html\"\r\n       target=\"_self\"\r\n       title=\"Calendar of FC Barcelona\"\r\n       class=\"blue-gredient-btn\">\r\n       \r\n        Calendar of FC Barcelona    <\/a>\r\n<\/div>   <p><strong>The FC Barcelona is very near of &#8216;debut&#8217; in the pre-season 2023-2024 and Xavi Hern\u00e1ndez has been able to take out conclusions of the team with which will explain in this course.<\/strong> It is expecting that they arrive more players to reinforce his changing room, but is conscious that all depends on that it produce the sale of footballers during the next weeks. The exit of Nico Gonz\u00e1lez to the Port wine is almost enclosed (to fault of fringes) and expect to define the situation of Franck Kessi\u00e9, Cl\u00e9ment Lenglet or Sergi\u00f1o Dest in brief. <a data-external=\"0\" data-intl-links-en=\"https:\/\/www.fcbarcelonanoticias.com\/en\/transfers\/ferran-and-raphinha-solutions-to-close-the-arrivals-of-joao-felix-and-bernardo-silva_294328_102.html\" data-intl-links-es=\"https:\/\/www.fcbarcelonanoticias.com\/fichajes\/ferran-raphinha-soluciones-cerrar-llegadas-joao-felix-bernardo-silva_294328_102.html\" href=\"https:\/\/www.fcbarcelonanoticias.com\/en\/transfers\/ferran-and-raphinha-solutions-to-close-the-arrivals-of-joao-felix-and-bernardo-silva_294328_102.html\" rel=\"follow\" target=\"_self\" title=\"Ferran y Raphinha, 'soluciones' para cerrar las llegadas de Joao F\u00e9lix y Bernardo Silva\">The names of Ferran Torres and Raphinha also are on the table.<\/a><\/p>  <p>Meanwhile, from the club continue doing plans of face to the next course. But in front of the limitante with the Fair Play financial has gone back complicated define who will be the elected. Bernardo Silva is the big dream of the trainer egarense, from the dispatches (and especially Joan Laporta) value the incorporation of Joao F\u00e9lix and in the sportive direction value the traspaso of a right side. <strong>There is not consensus and the time runs against, because there is not leaf of route for the next month and half, before it finalise the market of signings. <\/strong><\/p>  <h2>&#8216;Differences&#8217; between Xavi and Deco<\/h2>  <p>Of agreement to a recent information of the journalist Ferran Belts, of &#8216;Sportive World&#8217;, the trainer egarense has transmitted to the Barcelona sportive director that expects to have more reinforcements before <a data-external=\"0\" data-intl-links-en=\"https:\/\/www.fcbarcelonanoticias.com\/en\/schedules-and-tv-fc-barcelona-laliga.html\" data-intl-links-es=\"https:\/\/www.fcbarcelonanoticias.com\/horarios-y-tv-fcbarcelona-laliga.html\" href=\"https:\/\/www.fcbarcelonanoticias.com\/en\/schedules-and-tv-fc-barcelona-laliga.html\" rel=\"follow\" target=\"_self\" title=\"Horarios y TV FC Barcelona LaLiga\">it begin LaLiga EA Sports, the next 13 August<\/a>. The priority is that it arrive a mediocampista, although recently they have incorporated \u0130lkay G\u00fcndo\u011fan and Oriol Romeu to strengthen the medullary and that already had Frenkie of Jong, Pedri Gonz\u00e1lez, Gavi, Sergi Roberto and Franck Kessi\u00e9.<\/p>  <p>The &#8216;problem&#8217; is that Xavi has defined the profile that wants: a midfield player that can exert like interior, that was &#8216;llegador&#8217; and that also have goal. Bernardo Silva is his elected, but from the sportive direction put the name of Joao F\u00e9lix (on request of Joan Laporta). <strong>The one of Terrassa does not see it like interior and is not a priority, as it comes informing in the last hours, because it understands that they are &#8216;covered&#8217; in the extremes. <\/strong><\/p>  <h2>The option of the right side<\/h2>  <p>On the other hand, in the Bar\u00e7a no descartan the possibility that it finish betting by the signing of a right side. Deco, in fact, l<strong>or has like main priority waiting for that define what will happen with Sergi\u00f1o Dest and Juli\u00e1n Araujo, <\/strong>those who can finish doing his cases this summer if no &#8216;convince&#8217; to the staff technical. Wait that define as soon as possible.<\/p> ","protected":false},"excerpt":{"rendered":"<p>FC Barcelona tries to define its roadmap in the last month and a half of the summer transfer window, but they do not &#8216;agree&#8217; on what the team&#8217;s real needs are&#8230; and they are conditioned by the financial Fair Play The FC Barcelona is very near of &#8216;debut&#8217; in the pre-season 2023-2024 and Xavi Hern\u00e1ndez [&hellip;]<\/p>\n","protected":false},"author":0,"featured_media":94933,"comment_status":"closed","ping_status":"open","sticky":false,"template":"","format":"standard","meta":{"_acf_changed":false,"inline_featured_image":false,"_nextfly_llmd_date_locked":false,"footnotes":""},"categories":[106,449],"tags":[48],"class_list":["post-94921","post","type-post","status-publish","format-standard","has-post-thumbnail","hentry","category-transfers","category-transfers-2","tag-xavi-hernandez"],"acf":[],"yoast_head":"<!-- This site is optimized with the Yoast SEO plugin v27.3 - https:\/\/yoast.com\/product\/yoast-seo-wordpress\/ -->\n<title>The &#039;problem&#039; between Xavi and Deco over the transfer that Bar\u00e7a must make<\/title>\n<meta name=\"description\" content=\"The FC Barcelona tries to define his leaf of route in this last month and half of the window of transfers estival, but no &#039;coincide&#039; in which are the real needs of the team... And they are conditioned by the Fair Play financial\" \/>\n<meta name=\"robots\" content=\"index, follow, max-snippet:-1, max-image-preview:large, max-video-preview:-1\" \/>\n<link rel=\"canonical\" href=\"https:\/\/www.fcbarcelonanoticias.com\/en\/transfers\/problem-between-xavi-deco-by-signing-must-do-barcelona_294329_102.html\" \/>\n<meta property=\"og:locale\" content=\"en_US\" \/>\n<meta property=\"og:type\" content=\"article\" \/>\n<meta property=\"og:title\" content=\"The &#039;problem&#039; between Xavi and Deco over the transfer that Bar\u00e7a must make\" \/>\n<meta property=\"og:description\" content=\"The FC Barcelona tries to define his leaf of route in this last month and half of the window of transfers estival, but no &#039;coincide&#039; in which are the real needs of the team... And they are conditioned by the Fair Play financial\" \/>\n<meta property=\"og:url\" content=\"https:\/\/www.fcbarcelonanoticias.com\/en\/transfers\/problem-between-xavi-deco-by-signing-must-do-barcelona_294329_102.html\" \/>\n<meta property=\"og:site_name\" content=\"EN - FC Barcelona Noticias\" \/>\n<meta property=\"article:published_time\" content=\"2023-07-21T16:27:00+00:00\" \/>\n<meta property=\"og:image\" content=\"https:\/\/www.fcbarcelonanoticias.com\/en\/wp-content\/uploads\/sites\/2\/2023\/07\/xavi-antes-partido.jpeg\" \/>\n\t<meta property=\"og:image:width\" content=\"1300\" \/>\n\t<meta property=\"og:image:height\" content=\"738\" \/>\n\t<meta property=\"og:image:type\" content=\"image\/jpeg\" \/>\n<meta name=\"twitter:card\" content=\"summary_large_image\" \/>\n<meta name=\"twitter:label1\" content=\"Est. reading time\" \/>\n\t<meta name=\"twitter:data1\" content=\"2 minutes\" \/>\n<script type=\"application\/ld+json\" class=\"yoast-schema-graph\">{\"@context\":\"https:\\\/\\\/schema.org\",\"@graph\":[{\"@type\":\"Article\",\"@id\":\"https:\\\/\\\/www.fcbarcelonanoticias.com\\\/en\\\/transfers\\\/problem-between-xavi-deco-by-signing-must-do-barcelona_294329_102.html#article\",\"isPartOf\":{\"@id\":\"https:\\\/\\\/www.fcbarcelonanoticias.com\\\/en\\\/transfers\\\/problem-between-xavi-deco-by-signing-must-do-barcelona_294329_102.html\"},\"author\":{\"name\":\"\",\"@id\":\"\"},\"headline\":\"The &#8216;problem&#8217; between Xavi and Deco over the transfer that Bar\u00e7a must make\",\"datePublished\":\"2023-07-21T16:27:00+00:00\",\"mainEntityOfPage\":{\"@id\":\"https:\\\/\\\/www.fcbarcelonanoticias.com\\\/en\\\/transfers\\\/problem-between-xavi-deco-by-signing-must-do-barcelona_294329_102.html\"},\"wordCount\":506,\"image\":{\"@id\":\"https:\\\/\\\/www.fcbarcelonanoticias.com\\\/en\\\/transfers\\\/problem-between-xavi-deco-by-signing-must-do-barcelona_294329_102.html#primaryimage\"},\"thumbnailUrl\":\"https:\\\/\\\/www.fcbarcelonanoticias.com\\\/en\\\/wp-content\\\/uploads\\\/sites\\\/2\\\/2023\\\/07\\\/xavi-antes-partido.jpeg\",\"keywords\":[\"Xavi Hern\u00e1ndez\"],\"articleSection\":[\"Transfers\",\"Transfers\"],\"inLanguage\":\"en-US\"},{\"@type\":\"WebPage\",\"@id\":\"https:\\\/\\\/www.fcbarcelonanoticias.com\\\/en\\\/transfers\\\/problem-between-xavi-deco-by-signing-must-do-barcelona_294329_102.html\",\"url\":\"https:\\\/\\\/www.fcbarcelonanoticias.com\\\/en\\\/transfers\\\/problem-between-xavi-deco-by-signing-must-do-barcelona_294329_102.html\",\"name\":\"The 'problem' between Xavi and Deco over the transfer that Bar\u00e7a must make\",\"isPartOf\":{\"@id\":\"https:\\\/\\\/www.fcbarcelonanoticias.com\\\/en\\\/#website\"},\"primaryImageOfPage\":{\"@id\":\"https:\\\/\\\/www.fcbarcelonanoticias.com\\\/en\\\/transfers\\\/problem-between-xavi-deco-by-signing-must-do-barcelona_294329_102.html#primaryimage\"},\"image\":{\"@id\":\"https:\\\/\\\/www.fcbarcelonanoticias.com\\\/en\\\/transfers\\\/problem-between-xavi-deco-by-signing-must-do-barcelona_294329_102.html#primaryimage\"},\"thumbnailUrl\":\"https:\\\/\\\/www.fcbarcelonanoticias.com\\\/en\\\/wp-content\\\/uploads\\\/sites\\\/2\\\/2023\\\/07\\\/xavi-antes-partido.jpeg\",\"datePublished\":\"2023-07-21T16:27:00+00:00\",\"author\":{\"@id\":\"\"},\"description\":\"The FC Barcelona tries to define his leaf of route in this last month and half of the window of transfers estival, but no 'coincide' in which are the real needs of the team... And they are conditioned by the Fair Play financial\",\"breadcrumb\":{\"@id\":\"https:\\\/\\\/www.fcbarcelonanoticias.com\\\/en\\\/transfers\\\/problem-between-xavi-deco-by-signing-must-do-barcelona_294329_102.html#breadcrumb\"},\"inLanguage\":\"en-US\",\"potentialAction\":[{\"@type\":\"ReadAction\",\"target\":[\"https:\\\/\\\/www.fcbarcelonanoticias.com\\\/en\\\/transfers\\\/problem-between-xavi-deco-by-signing-must-do-barcelona_294329_102.html\"]}]},{\"@type\":\"ImageObject\",\"inLanguage\":\"en-US\",\"@id\":\"https:\\\/\\\/www.fcbarcelonanoticias.com\\\/en\\\/transfers\\\/problem-between-xavi-deco-by-signing-must-do-barcelona_294329_102.html#primaryimage\",\"url\":\"https:\\\/\\\/www.fcbarcelonanoticias.com\\\/en\\\/wp-content\\\/uploads\\\/sites\\\/2\\\/2023\\\/07\\\/xavi-antes-partido.jpeg\",\"contentUrl\":\"https:\\\/\\\/www.fcbarcelonanoticias.com\\\/en\\\/wp-content\\\/uploads\\\/sites\\\/2\\\/2023\\\/07\\\/xavi-antes-partido.jpeg\",\"width\":1300,\"height\":738},{\"@type\":\"BreadcrumbList\",\"@id\":\"https:\\\/\\\/www.fcbarcelonanoticias.com\\\/en\\\/transfers\\\/problem-between-xavi-deco-by-signing-must-do-barcelona_294329_102.html#breadcrumb\",\"itemListElement\":[{\"@type\":\"ListItem\",\"position\":1,\"name\":\"Portada\",\"item\":\"https:\\\/\\\/www.fcbarcelonanoticias.com\\\/en\\\/\"},{\"@type\":\"ListItem\",\"position\":2,\"name\":\"The &#8216;problem&#8217; between Xavi and Deco over the transfer that Bar\u00e7a must make\"}]},{\"@type\":\"WebSite\",\"@id\":\"https:\\\/\\\/www.fcbarcelonanoticias.com\\\/en\\\/#website\",\"url\":\"https:\\\/\\\/www.fcbarcelonanoticias.com\\\/en\\\/\",\"name\":\"EN - FC Barcelona Noticias\",\"description\":\"\",\"potentialAction\":[{\"@type\":\"SearchAction\",\"target\":{\"@type\":\"EntryPoint\",\"urlTemplate\":\"https:\\\/\\\/www.fcbarcelonanoticias.com\\\/en\\\/?s={search_term_string}\"},\"query-input\":{\"@type\":\"PropertyValueSpecification\",\"valueRequired\":true,\"valueName\":\"search_term_string\"}}],\"inLanguage\":\"en-US\"}]}<\/script>\n<!-- \/ Yoast SEO plugin. -->","yoast_head_json":{"title":"The 'problem' between Xavi and Deco over the transfer that Bar\u00e7a must make","description":"The FC Barcelona tries to define his leaf of route in this last month and half of the window of transfers estival, but no 'coincide' in which are the real needs of the team... And they are conditioned by the Fair Play financial","robots":{"index":"index","follow":"follow","max-snippet":"max-snippet:-1","max-image-preview":"max-image-preview:large","max-video-preview":"max-video-preview:-1"},"canonical":"https:\/\/www.fcbarcelonanoticias.com\/en\/transfers\/problem-between-xavi-deco-by-signing-must-do-barcelona_294329_102.html","og_locale":"en_US","og_type":"article","og_title":"The 'problem' between Xavi and Deco over the transfer that Bar\u00e7a must make","og_description":"The FC Barcelona tries to define his leaf of route in this last month and half of the window of transfers estival, but no 'coincide' in which are the real needs of the team... And they are conditioned by the Fair Play financial","og_url":"https:\/\/www.fcbarcelonanoticias.com\/en\/transfers\/problem-between-xavi-deco-by-signing-must-do-barcelona_294329_102.html","og_site_name":"EN - FC Barcelona Noticias","article_published_time":"2023-07-21T16:27:00+00:00","og_image":[{"width":1300,"height":738,"url":"https:\/\/www.fcbarcelonanoticias.com\/en\/wp-content\/uploads\/sites\/2\/2023\/07\/xavi-antes-partido.jpeg","type":"image\/jpeg"}],"twitter_card":"summary_large_image","twitter_misc":{"Est. reading time":"2 minutes"},"schema":{"@context":"https:\/\/schema.org","@graph":[{"@type":"Article","@id":"https:\/\/www.fcbarcelonanoticias.com\/en\/transfers\/problem-between-xavi-deco-by-signing-must-do-barcelona_294329_102.html#article","isPartOf":{"@id":"https:\/\/www.fcbarcelonanoticias.com\/en\/transfers\/problem-between-xavi-deco-by-signing-must-do-barcelona_294329_102.html"},"author":{"name":"","@id":""},"headline":"The &#8216;problem&#8217; between Xavi and Deco over the transfer that Bar\u00e7a must make","datePublished":"2023-07-21T16:27:00+00:00","mainEntityOfPage":{"@id":"https:\/\/www.fcbarcelonanoticias.com\/en\/transfers\/problem-between-xavi-deco-by-signing-must-do-barcelona_294329_102.html"},"wordCount":506,"image":{"@id":"https:\/\/www.fcbarcelonanoticias.com\/en\/transfers\/problem-between-xavi-deco-by-signing-must-do-barcelona_294329_102.html#primaryimage"},"thumbnailUrl":"https:\/\/www.fcbarcelonanoticias.com\/en\/wp-content\/uploads\/sites\/2\/2023\/07\/xavi-antes-partido.jpeg","keywords":["Xavi Hern\u00e1ndez"],"articleSection":["Transfers","Transfers"],"inLanguage":"en-US"},{"@type":"WebPage","@id":"https:\/\/www.fcbarcelonanoticias.com\/en\/transfers\/problem-between-xavi-deco-by-signing-must-do-barcelona_294329_102.html","url":"https:\/\/www.fcbarcelonanoticias.com\/en\/transfers\/problem-between-xavi-deco-by-signing-must-do-barcelona_294329_102.html","name":"The 'problem' between Xavi and Deco over the transfer that Bar\u00e7a must make","isPartOf":{"@id":"https:\/\/www.fcbarcelonanoticias.com\/en\/#website"},"primaryImageOfPage":{"@id":"https:\/\/www.fcbarcelonanoticias.com\/en\/transfers\/problem-between-xavi-deco-by-signing-must-do-barcelona_294329_102.html#primaryimage"},"image":{"@id":"https:\/\/www.fcbarcelonanoticias.com\/en\/transfers\/problem-between-xavi-deco-by-signing-must-do-barcelona_294329_102.html#primaryimage"},"thumbnailUrl":"https:\/\/www.fcbarcelonanoticias.com\/en\/wp-content\/uploads\/sites\/2\/2023\/07\/xavi-antes-partido.jpeg","datePublished":"2023-07-21T16:27:00+00:00","author":{"@id":""},"description":"The FC Barcelona tries to define his leaf of route in this last month and half of the window of transfers estival, but no 'coincide' in which are the real needs of the team... And they are conditioned by the Fair Play financial","breadcrumb":{"@id":"https:\/\/www.fcbarcelonanoticias.com\/en\/transfers\/problem-between-xavi-deco-by-signing-must-do-barcelona_294329_102.html#breadcrumb"},"inLanguage":"en-US","potentialAction":[{"@type":"ReadAction","target":["https:\/\/www.fcbarcelonanoticias.com\/en\/transfers\/problem-between-xavi-deco-by-signing-must-do-barcelona_294329_102.html"]}]},{"@type":"ImageObject","inLanguage":"en-US","@id":"https:\/\/www.fcbarcelonanoticias.com\/en\/transfers\/problem-between-xavi-deco-by-signing-must-do-barcelona_294329_102.html#primaryimage","url":"https:\/\/www.fcbarcelonanoticias.com\/en\/wp-content\/uploads\/sites\/2\/2023\/07\/xavi-antes-partido.jpeg","contentUrl":"https:\/\/www.fcbarcelonanoticias.com\/en\/wp-content\/uploads\/sites\/2\/2023\/07\/xavi-antes-partido.jpeg","width":1300,"height":738},{"@type":"BreadcrumbList","@id":"https:\/\/www.fcbarcelonanoticias.com\/en\/transfers\/problem-between-xavi-deco-by-signing-must-do-barcelona_294329_102.html#breadcrumb","itemListElement":[{"@type":"ListItem","position":1,"name":"Portada","item":"https:\/\/www.fcbarcelonanoticias.com\/en\/"},{"@type":"ListItem","position":2,"name":"The &#8216;problem&#8217; between Xavi and Deco over the transfer that Bar\u00e7a must make"}]},{"@type":"WebSite","@id":"https:\/\/www.fcbarcelonanoticias.com\/en\/#website","url":"https:\/\/www.fcbarcelonanoticias.com\/en\/","name":"EN - FC Barcelona Noticias","description":"","potentialAction":[{"@type":"SearchAction","target":{"@type":"EntryPoint","urlTemplate":"https:\/\/www.fcbarcelonanoticias.com\/en\/?s={search_term_string}"},"query-input":{"@type":"PropertyValueSpecification","valueRequired":true,"valueName":"search_term_string"}}],"inLanguage":"en-US"}]}},"_links":{"self":[{"href":"https:\/\/www.fcbarcelonanoticias.com\/en\/wp-json\/wp\/v2\/posts\/94921","targetHints":{"allow":["GET"]}}],"collection":[{"href":"https:\/\/www.fcbarcelonanoticias.com\/en\/wp-json\/wp\/v2\/posts"}],"about":[{"href":"https:\/\/www.fcbarcelonanoticias.com\/en\/wp-json\/wp\/v2\/types\/post"}],"replies":[{"embeddable":true,"href":"https:\/\/www.fcbarcelonanoticias.com\/en\/wp-json\/wp\/v2\/comments?post=94921"}],"version-history":[{"count":1,"href":"https:\/\/www.fcbarcelonanoticias.com\/en\/wp-json\/wp\/v2\/posts\/94921\/revisions"}],"predecessor-version":[{"id":131167,"href":"https:\/\/www.fcbarcelonanoticias.com\/en\/wp-json\/wp\/v2\/posts\/94921\/revisions\/131167"}],"wp:featuredmedia":[{"embeddable":true,"href":"https:\/\/www.fcbarcelonanoticias.com\/en\/wp-json\/wp\/v2\/media\/94933"}],"wp:attachment":[{"href":"https:\/\/www.fcbarcelonanoticias.com\/en\/wp-json\/wp\/v2\/media?parent=94921"}],"wp:term":[{"taxonomy":"category","embeddable":true,"href":"https:\/\/www.fcbarcelonanoticias.com\/en\/wp-json\/wp\/v2\/categories?post=94921"},{"taxonomy":"post_tag","embeddable":true,"href":"https:\/\/www.fcbarcelonanoticias.com\/en\/wp-json\/wp\/v2\/tags?post=94921"}],"curies":[{"name":"wp","href":"https:\/\/api.w.org\/{rel}","templated":true}]}}