{"id":94996,"date":"2024-08-28T18:30:00","date_gmt":"2024-08-28T16:30:00","guid":{"rendered":"https:\/\/weisetech.dev\/fc-barcelona-noticias\/en\/fc-barcelona-is-going-all-out-for-the-centre-back-that-hansi-flick-wants_306871_102\/"},"modified":"2024-08-28T23:43:00","modified_gmt":"2024-08-28T21:43:00","slug":"fc-barcelona-is-going-all-out-for-the-centre-back-that-hansi-flick-wants_306871_102","status":"publish","type":"post","link":"https:\/\/www.fcbarcelonanoticias.com\/en\/transfers\/fc-barcelona-is-going-all-out-for-the-centre-back-that-hansi-flick-wants_306871_102.html","title":{"rendered":"FC Barcelona is going all out for the centre-back that Hansi Flick wants"},"content":{"rendered":"<h2 class=\"wp-block-heading\">Bar\u00e7a are not giving up on signing Jonathan Tah. Despite Leverkusen refusing to sell him, the Catalans have offered 20 million euros to secure the services of the centre-back, whose contract expires in 2025<\/h2>  \r\n<div class=\"article-addons\">\r\n    <a href=\"https:\/\/www.fcbarcelonanoticias.com\/en\/calendar-fc-barcelona.html\"\r\n       target=\"_self\"\r\n       title=\"Calendar of FC Barcelona\"\r\n       class=\"blue-gredient-btn\">\r\n       \r\n        Calendar of FC Barcelona    <\/a>\r\n<\/div>   <p><a data-external=\"0\" data-intl-links-en=\"https:\/\/www.fcbarcelonanoticias.com\/en\/transfers\/the-domino-effect-caused-by-chiesa-that-would-leave-barca-without-its-hidden-winger_306863_102.html\" data-intl-links-es=\"https:\/\/www.fcbarcelonanoticias.com\/fichajes\/efecto-domino-provocado-por-chiesa-dejaria-barca-sin-su-tapado-extremo_306863_102.html\" href=\"https:\/\/www.fcbarcelonanoticias.com\/en\/transfers\/the-domino-effect-caused-by-chiesa-that-would-leave-barca-without-its-hidden-winger_306863_102.html\" rel=\"follow\" target=\"_self\" title=\"The 'domino effect' caused by Chiesa that would leave Bar\u00e7a without its 'hidden' winger\">FC Barcelona are not only thinking about reinforcing the left wing of Hansi Flick&#8217;s team<\/a>. With Eric Garc\u00eda&#8217;s future pointing back to Montilivi, and after having suffered the loss of Andreas Christensen, who will be out for a minimum of two months due to plantar fasciitis, <strong>the Blaugrana entity has made the decision to do everything possible to secure the arrival of a defender to shore up the centre of the defence<\/strong>.<\/p>  <p><strong>The offices of the Spotify Camp Nou are &#8216;on fire&#8217; in the final stretch of the transfer market and Jonathan Tah would be the chosen one by the cul\u00e9s to complete the Catalan rearguard<\/strong>. The 28-year-old centre-back is an old acquaintance of Hansi Flick, and the German really likes his profile to strengthen a defence that has been &#8216;reduced&#8217; by injuries and by the departures that have occurred throughout the summer.<\/p>  <p>For this reason, the newspaper &#8216;Mundo Deportivo&#8217; has assured <strong>that Can Bar\u00e7a has already offered 20 million euros to Bayer Leverkusen to sign the defender<\/strong>. <a data-external=\"0\" data-intl-links-en=\"https:\/\/www.fcbarcelonanoticias.com\/en\/football-soccer\/fc-barcelona-runs-out-of-options-to-sign-the-centre-back-that-the-club-likes-the-most_306835_102.html\" data-intl-links-es=\"https:\/\/www.fcbarcelonanoticias.com\/futbol\/fc-barcelona-se-queda-sin-opciones-fichar-central-mas-gusta-en-club_306835_102.html\" href=\"https:\/\/www.fcbarcelonanoticias.com\/en\/football-soccer\/fc-barcelona-runs-out-of-options-to-sign-the-centre-back-that-the-club-likes-the-most_306835_102.html\" rel=\"follow\" target=\"_self\" title=\"FC Barcelona runs out of options to sign the centre-back that the club likes the most\">The operation of the footballer seemed to have &#8216;deflated&#8217; last Tuesday<\/a>, when Xabi Alonso assured that &#8220;we are calm and I do not expect so many changes&#8221; when questioned about the possible departure of the defender. However, the Blaugranas do not &#8216;give up&#8217; and insist on the signing of the player.<\/p>  <p>Despite this, <strong>the Catalan institution will handle the negotiations with caution, since, taking into account that his contract with the aspirins expires in June 2025, they do not intend to make a large outlay to close his signing<\/strong>. In addition, they are aware of the player&#8217;s desire to wear the Bar\u00e7a shirt to put himself under the orders of Flick, whom he already had as national coach in &#8216;Die Mannschaft&#8217;.<\/p>  <h2>Tough competition<\/h2>  <p>However, Bar\u00e7a will not have an easy time signing him as they are not the only ones in the bidding for the defender. <strong>Bayern Munich are also pushing for the centre-back&#8217;s signing and have reportedly submitted an offer of 20 million euros plus five in variables for his transfer<\/strong>, although this was rejected by Leverkusen. Although Xabi Alonso&#8217;s men are aiming to &#8216;scrape&#8217; at least 30 million euros for the transfer of Tah, the Catalans are confident that their proposal will end up being accepted so as not to reinforce a direct rival.<\/p> ","protected":false},"excerpt":{"rendered":"<p>Bar\u00e7a are not giving up on signing Jonathan Tah. Despite Leverkusen refusing to sell him, the Catalans have offered 20 million euros to secure the services of the centre-back, whose contract expires in 2025 FC Barcelona are not only thinking about reinforcing the left wing of Hansi Flick&#8217;s team. With Eric Garc\u00eda&#8217;s future pointing back [&hellip;]<\/p>\n","protected":false},"author":358,"featured_media":95013,"comment_status":"closed","ping_status":"open","sticky":false,"template":"","format":"standard","meta":{"_acf_changed":false,"inline_featured_image":false,"_nextfly_llmd_date_locked":false,"footnotes":""},"categories":[449,106],"tags":[103,87],"class_list":["post-94996","post","type-post","status-publish","format-standard","has-post-thumbnail","hentry","category-transfers-2","category-transfers","tag-bayer-leverkusen","tag-hansi-flick"],"acf":[],"yoast_head":"<!-- This site is optimized with the Yoast SEO plugin v27.3 - https:\/\/yoast.com\/product\/yoast-seo-wordpress\/ -->\n<title>FC Barcelona is going all out for the centre-back that Hansi Flick wants<\/title>\n<meta name=\"description\" content=\"Bar\u00e7a are not giving up on signing Jonathan Tah. Despite Leverkusen refusing to sell him, the Catalans have offered 20 million euros to secure the services of the centre-back, whose contract expires in 2025\" \/>\n<meta name=\"robots\" content=\"index, follow, max-snippet:-1, max-image-preview:large, max-video-preview:-1\" \/>\n<link rel=\"canonical\" href=\"https:\/\/www.fcbarcelonanoticias.com\/en\/transfers\/fc-barcelona-is-going-all-out-for-the-centre-back-that-hansi-flick-wants_306871_102.html\" \/>\n<meta property=\"og:locale\" content=\"en_US\" \/>\n<meta property=\"og:type\" content=\"article\" \/>\n<meta property=\"og:title\" content=\"FC Barcelona is going all out for the centre-back that Hansi Flick wants\" \/>\n<meta property=\"og:description\" content=\"Bar\u00e7a are not giving up on signing Jonathan Tah. Despite Leverkusen refusing to sell him, the Catalans have offered 20 million euros to secure the services of the centre-back, whose contract expires in 2025\" \/>\n<meta property=\"og:url\" content=\"https:\/\/www.fcbarcelonanoticias.com\/en\/transfers\/fc-barcelona-is-going-all-out-for-the-centre-back-that-hansi-flick-wants_306871_102.html\" \/>\n<meta property=\"og:site_name\" content=\"EN - FC Barcelona Noticias\" \/>\n<meta property=\"article:published_time\" content=\"2024-08-28T16:30:00+00:00\" \/>\n<meta property=\"article:modified_time\" content=\"2024-08-28T21:43:00+00:00\" \/>\n<meta property=\"og:image\" content=\"https:\/\/www.fcbarcelonanoticias.com\/en\/wp-content\/uploads\/sites\/2\/2024\/08\/jonathan-tah-entrenando-con-el-leverkusen.jpeg\" \/>\n\t<meta property=\"og:image:width\" content=\"1300\" \/>\n\t<meta property=\"og:image:height\" content=\"732\" \/>\n\t<meta property=\"og:image:type\" content=\"image\/jpeg\" \/>\n<meta name=\"author\" content=\"Juan Pablo Berdugo\" \/>\n<meta name=\"twitter:card\" content=\"summary_large_image\" \/>\n<meta name=\"twitter:label1\" content=\"Written by\" \/>\n\t<meta name=\"twitter:data1\" content=\"Juan Pablo Berdugo\" \/>\n\t<meta name=\"twitter:label2\" content=\"Est. reading time\" \/>\n\t<meta name=\"twitter:data2\" content=\"2 minutes\" \/>\n<script type=\"application\/ld+json\" class=\"yoast-schema-graph\">{\"@context\":\"https:\\\/\\\/schema.org\",\"@graph\":[{\"@type\":\"Article\",\"@id\":\"https:\\\/\\\/www.fcbarcelonanoticias.com\\\/en\\\/transfers\\\/fc-barcelona-is-going-all-out-for-the-centre-back-that-hansi-flick-wants_306871_102.html#article\",\"isPartOf\":{\"@id\":\"https:\\\/\\\/www.fcbarcelonanoticias.com\\\/en\\\/transfers\\\/fc-barcelona-is-going-all-out-for-the-centre-back-that-hansi-flick-wants_306871_102.html\"},\"author\":{\"name\":\"Juan Pablo Berdugo\",\"@id\":\"https:\\\/\\\/www.fcbarcelonanoticias.com\\\/en\\\/#\\\/schema\\\/person\\\/88d756918a0a1ae9fa593b5edddd1815\"},\"headline\":\"FC Barcelona is going all out for the centre-back that Hansi Flick wants\",\"datePublished\":\"2024-08-28T16:30:00+00:00\",\"dateModified\":\"2024-08-28T21:43:00+00:00\",\"mainEntityOfPage\":{\"@id\":\"https:\\\/\\\/www.fcbarcelonanoticias.com\\\/en\\\/transfers\\\/fc-barcelona-is-going-all-out-for-the-centre-back-that-hansi-flick-wants_306871_102.html\"},\"wordCount\":436,\"image\":{\"@id\":\"https:\\\/\\\/www.fcbarcelonanoticias.com\\\/en\\\/transfers\\\/fc-barcelona-is-going-all-out-for-the-centre-back-that-hansi-flick-wants_306871_102.html#primaryimage\"},\"thumbnailUrl\":\"https:\\\/\\\/www.fcbarcelonanoticias.com\\\/en\\\/wp-content\\\/uploads\\\/sites\\\/2\\\/2024\\\/08\\\/jonathan-tah-entrenando-con-el-leverkusen.jpeg\",\"keywords\":[\"Bayer Leverkusen\",\"Hansi Flick\"],\"articleSection\":[\"Transfers\",\"Transfers\"],\"inLanguage\":\"en-US\"},{\"@type\":\"WebPage\",\"@id\":\"https:\\\/\\\/www.fcbarcelonanoticias.com\\\/en\\\/transfers\\\/fc-barcelona-is-going-all-out-for-the-centre-back-that-hansi-flick-wants_306871_102.html\",\"url\":\"https:\\\/\\\/www.fcbarcelonanoticias.com\\\/en\\\/transfers\\\/fc-barcelona-is-going-all-out-for-the-centre-back-that-hansi-flick-wants_306871_102.html\",\"name\":\"FC Barcelona is going all out for the centre-back that Hansi Flick wants\",\"isPartOf\":{\"@id\":\"https:\\\/\\\/www.fcbarcelonanoticias.com\\\/en\\\/#website\"},\"primaryImageOfPage\":{\"@id\":\"https:\\\/\\\/www.fcbarcelonanoticias.com\\\/en\\\/transfers\\\/fc-barcelona-is-going-all-out-for-the-centre-back-that-hansi-flick-wants_306871_102.html#primaryimage\"},\"image\":{\"@id\":\"https:\\\/\\\/www.fcbarcelonanoticias.com\\\/en\\\/transfers\\\/fc-barcelona-is-going-all-out-for-the-centre-back-that-hansi-flick-wants_306871_102.html#primaryimage\"},\"thumbnailUrl\":\"https:\\\/\\\/www.fcbarcelonanoticias.com\\\/en\\\/wp-content\\\/uploads\\\/sites\\\/2\\\/2024\\\/08\\\/jonathan-tah-entrenando-con-el-leverkusen.jpeg\",\"datePublished\":\"2024-08-28T16:30:00+00:00\",\"dateModified\":\"2024-08-28T21:43:00+00:00\",\"author\":{\"@id\":\"https:\\\/\\\/www.fcbarcelonanoticias.com\\\/en\\\/#\\\/schema\\\/person\\\/88d756918a0a1ae9fa593b5edddd1815\"},\"description\":\"Bar\u00e7a are not giving up on signing Jonathan Tah. Despite Leverkusen refusing to sell him, the Catalans have offered 20 million euros to secure the services of the centre-back, whose contract expires in 2025\",\"breadcrumb\":{\"@id\":\"https:\\\/\\\/www.fcbarcelonanoticias.com\\\/en\\\/transfers\\\/fc-barcelona-is-going-all-out-for-the-centre-back-that-hansi-flick-wants_306871_102.html#breadcrumb\"},\"inLanguage\":\"en-US\",\"potentialAction\":[{\"@type\":\"ReadAction\",\"target\":[\"https:\\\/\\\/www.fcbarcelonanoticias.com\\\/en\\\/transfers\\\/fc-barcelona-is-going-all-out-for-the-centre-back-that-hansi-flick-wants_306871_102.html\"]}]},{\"@type\":\"ImageObject\",\"inLanguage\":\"en-US\",\"@id\":\"https:\\\/\\\/www.fcbarcelonanoticias.com\\\/en\\\/transfers\\\/fc-barcelona-is-going-all-out-for-the-centre-back-that-hansi-flick-wants_306871_102.html#primaryimage\",\"url\":\"https:\\\/\\\/www.fcbarcelonanoticias.com\\\/en\\\/wp-content\\\/uploads\\\/sites\\\/2\\\/2024\\\/08\\\/jonathan-tah-entrenando-con-el-leverkusen.jpeg\",\"contentUrl\":\"https:\\\/\\\/www.fcbarcelonanoticias.com\\\/en\\\/wp-content\\\/uploads\\\/sites\\\/2\\\/2024\\\/08\\\/jonathan-tah-entrenando-con-el-leverkusen.jpeg\",\"width\":1300,\"height\":732},{\"@type\":\"BreadcrumbList\",\"@id\":\"https:\\\/\\\/www.fcbarcelonanoticias.com\\\/en\\\/transfers\\\/fc-barcelona-is-going-all-out-for-the-centre-back-that-hansi-flick-wants_306871_102.html#breadcrumb\",\"itemListElement\":[{\"@type\":\"ListItem\",\"position\":1,\"name\":\"Portada\",\"item\":\"https:\\\/\\\/www.fcbarcelonanoticias.com\\\/en\\\/\"},{\"@type\":\"ListItem\",\"position\":2,\"name\":\"FC Barcelona is going all out for the centre-back that Hansi Flick wants\"}]},{\"@type\":\"WebSite\",\"@id\":\"https:\\\/\\\/www.fcbarcelonanoticias.com\\\/en\\\/#website\",\"url\":\"https:\\\/\\\/www.fcbarcelonanoticias.com\\\/en\\\/\",\"name\":\"EN - FC Barcelona Noticias\",\"description\":\"\",\"potentialAction\":[{\"@type\":\"SearchAction\",\"target\":{\"@type\":\"EntryPoint\",\"urlTemplate\":\"https:\\\/\\\/www.fcbarcelonanoticias.com\\\/en\\\/?s={search_term_string}\"},\"query-input\":{\"@type\":\"PropertyValueSpecification\",\"valueRequired\":true,\"valueName\":\"search_term_string\"}}],\"inLanguage\":\"en-US\"},{\"@type\":\"Person\",\"@id\":\"https:\\\/\\\/www.fcbarcelonanoticias.com\\\/en\\\/#\\\/schema\\\/person\\\/88d756918a0a1ae9fa593b5edddd1815\",\"name\":\"Juan Pablo Berdugo\",\"image\":{\"@type\":\"ImageObject\",\"inLanguage\":\"en-US\",\"@id\":\"https:\\\/\\\/secure.gravatar.com\\\/avatar\\\/?s=96&d=mm&r=g\",\"url\":\"https:\\\/\\\/secure.gravatar.com\\\/avatar\\\/?s=96&d=mm&r=g\",\"contentUrl\":\"https:\\\/\\\/secure.gravatar.com\\\/avatar\\\/?s=96&d=mm&r=g\",\"caption\":\"Juan Pablo Berdugo\"},\"description\":\"Juan Pablo Berdugo es graduado en Periodismo. Colabora con FCBN como especialista en informaci\u00f3n del primer equipo del FC Barcelona, f\u00fatbol internacional y mercado de fichajes. Destaca por su enfoque anal\u00edtico, su rigor informativo y su capacidad para detectar tendencias emergentes en el f\u00fatbol global.\",\"url\":\"https:\\\/\\\/www.fcbarcelonanoticias.com\\\/en\\\/fc-barcelona\\\/juan-pablo-berdugo_18_115.html\"}]}<\/script>\n<!-- \/ Yoast SEO plugin. -->","yoast_head_json":{"title":"FC Barcelona is going all out for the centre-back that Hansi Flick wants","description":"Bar\u00e7a are not giving up on signing Jonathan Tah. Despite Leverkusen refusing to sell him, the Catalans have offered 20 million euros to secure the services of the centre-back, whose contract expires in 2025","robots":{"index":"index","follow":"follow","max-snippet":"max-snippet:-1","max-image-preview":"max-image-preview:large","max-video-preview":"max-video-preview:-1"},"canonical":"https:\/\/www.fcbarcelonanoticias.com\/en\/transfers\/fc-barcelona-is-going-all-out-for-the-centre-back-that-hansi-flick-wants_306871_102.html","og_locale":"en_US","og_type":"article","og_title":"FC Barcelona is going all out for the centre-back that Hansi Flick wants","og_description":"Bar\u00e7a are not giving up on signing Jonathan Tah. Despite Leverkusen refusing to sell him, the Catalans have offered 20 million euros to secure the services of the centre-back, whose contract expires in 2025","og_url":"https:\/\/www.fcbarcelonanoticias.com\/en\/transfers\/fc-barcelona-is-going-all-out-for-the-centre-back-that-hansi-flick-wants_306871_102.html","og_site_name":"EN - FC Barcelona Noticias","article_published_time":"2024-08-28T16:30:00+00:00","article_modified_time":"2024-08-28T21:43:00+00:00","og_image":[{"width":1300,"height":732,"url":"https:\/\/www.fcbarcelonanoticias.com\/en\/wp-content\/uploads\/sites\/2\/2024\/08\/jonathan-tah-entrenando-con-el-leverkusen.jpeg","type":"image\/jpeg"}],"author":"Juan Pablo Berdugo","twitter_card":"summary_large_image","twitter_misc":{"Written by":"Juan Pablo Berdugo","Est. reading time":"2 minutes"},"schema":{"@context":"https:\/\/schema.org","@graph":[{"@type":"Article","@id":"https:\/\/www.fcbarcelonanoticias.com\/en\/transfers\/fc-barcelona-is-going-all-out-for-the-centre-back-that-hansi-flick-wants_306871_102.html#article","isPartOf":{"@id":"https:\/\/www.fcbarcelonanoticias.com\/en\/transfers\/fc-barcelona-is-going-all-out-for-the-centre-back-that-hansi-flick-wants_306871_102.html"},"author":{"name":"Juan Pablo Berdugo","@id":"https:\/\/www.fcbarcelonanoticias.com\/en\/#\/schema\/person\/88d756918a0a1ae9fa593b5edddd1815"},"headline":"FC Barcelona is going all out for the centre-back that Hansi Flick wants","datePublished":"2024-08-28T16:30:00+00:00","dateModified":"2024-08-28T21:43:00+00:00","mainEntityOfPage":{"@id":"https:\/\/www.fcbarcelonanoticias.com\/en\/transfers\/fc-barcelona-is-going-all-out-for-the-centre-back-that-hansi-flick-wants_306871_102.html"},"wordCount":436,"image":{"@id":"https:\/\/www.fcbarcelonanoticias.com\/en\/transfers\/fc-barcelona-is-going-all-out-for-the-centre-back-that-hansi-flick-wants_306871_102.html#primaryimage"},"thumbnailUrl":"https:\/\/www.fcbarcelonanoticias.com\/en\/wp-content\/uploads\/sites\/2\/2024\/08\/jonathan-tah-entrenando-con-el-leverkusen.jpeg","keywords":["Bayer Leverkusen","Hansi Flick"],"articleSection":["Transfers","Transfers"],"inLanguage":"en-US"},{"@type":"WebPage","@id":"https:\/\/www.fcbarcelonanoticias.com\/en\/transfers\/fc-barcelona-is-going-all-out-for-the-centre-back-that-hansi-flick-wants_306871_102.html","url":"https:\/\/www.fcbarcelonanoticias.com\/en\/transfers\/fc-barcelona-is-going-all-out-for-the-centre-back-that-hansi-flick-wants_306871_102.html","name":"FC Barcelona is going all out for the centre-back that Hansi Flick wants","isPartOf":{"@id":"https:\/\/www.fcbarcelonanoticias.com\/en\/#website"},"primaryImageOfPage":{"@id":"https:\/\/www.fcbarcelonanoticias.com\/en\/transfers\/fc-barcelona-is-going-all-out-for-the-centre-back-that-hansi-flick-wants_306871_102.html#primaryimage"},"image":{"@id":"https:\/\/www.fcbarcelonanoticias.com\/en\/transfers\/fc-barcelona-is-going-all-out-for-the-centre-back-that-hansi-flick-wants_306871_102.html#primaryimage"},"thumbnailUrl":"https:\/\/www.fcbarcelonanoticias.com\/en\/wp-content\/uploads\/sites\/2\/2024\/08\/jonathan-tah-entrenando-con-el-leverkusen.jpeg","datePublished":"2024-08-28T16:30:00+00:00","dateModified":"2024-08-28T21:43:00+00:00","author":{"@id":"https:\/\/www.fcbarcelonanoticias.com\/en\/#\/schema\/person\/88d756918a0a1ae9fa593b5edddd1815"},"description":"Bar\u00e7a are not giving up on signing Jonathan Tah. Despite Leverkusen refusing to sell him, the Catalans have offered 20 million euros to secure the services of the centre-back, whose contract expires in 2025","breadcrumb":{"@id":"https:\/\/www.fcbarcelonanoticias.com\/en\/transfers\/fc-barcelona-is-going-all-out-for-the-centre-back-that-hansi-flick-wants_306871_102.html#breadcrumb"},"inLanguage":"en-US","potentialAction":[{"@type":"ReadAction","target":["https:\/\/www.fcbarcelonanoticias.com\/en\/transfers\/fc-barcelona-is-going-all-out-for-the-centre-back-that-hansi-flick-wants_306871_102.html"]}]},{"@type":"ImageObject","inLanguage":"en-US","@id":"https:\/\/www.fcbarcelonanoticias.com\/en\/transfers\/fc-barcelona-is-going-all-out-for-the-centre-back-that-hansi-flick-wants_306871_102.html#primaryimage","url":"https:\/\/www.fcbarcelonanoticias.com\/en\/wp-content\/uploads\/sites\/2\/2024\/08\/jonathan-tah-entrenando-con-el-leverkusen.jpeg","contentUrl":"https:\/\/www.fcbarcelonanoticias.com\/en\/wp-content\/uploads\/sites\/2\/2024\/08\/jonathan-tah-entrenando-con-el-leverkusen.jpeg","width":1300,"height":732},{"@type":"BreadcrumbList","@id":"https:\/\/www.fcbarcelonanoticias.com\/en\/transfers\/fc-barcelona-is-going-all-out-for-the-centre-back-that-hansi-flick-wants_306871_102.html#breadcrumb","itemListElement":[{"@type":"ListItem","position":1,"name":"Portada","item":"https:\/\/www.fcbarcelonanoticias.com\/en\/"},{"@type":"ListItem","position":2,"name":"FC Barcelona is going all out for the centre-back that Hansi Flick wants"}]},{"@type":"WebSite","@id":"https:\/\/www.fcbarcelonanoticias.com\/en\/#website","url":"https:\/\/www.fcbarcelonanoticias.com\/en\/","name":"EN - FC Barcelona Noticias","description":"","potentialAction":[{"@type":"SearchAction","target":{"@type":"EntryPoint","urlTemplate":"https:\/\/www.fcbarcelonanoticias.com\/en\/?s={search_term_string}"},"query-input":{"@type":"PropertyValueSpecification","valueRequired":true,"valueName":"search_term_string"}}],"inLanguage":"en-US"},{"@type":"Person","@id":"https:\/\/www.fcbarcelonanoticias.com\/en\/#\/schema\/person\/88d756918a0a1ae9fa593b5edddd1815","name":"Juan Pablo Berdugo","image":{"@type":"ImageObject","inLanguage":"en-US","@id":"https:\/\/secure.gravatar.com\/avatar\/?s=96&d=mm&r=g","url":"https:\/\/secure.gravatar.com\/avatar\/?s=96&d=mm&r=g","contentUrl":"https:\/\/secure.gravatar.com\/avatar\/?s=96&d=mm&r=g","caption":"Juan Pablo Berdugo"},"description":"Juan Pablo Berdugo es graduado en Periodismo. Colabora con FCBN como especialista en informaci\u00f3n del primer equipo del FC Barcelona, f\u00fatbol internacional y mercado de fichajes. Destaca por su enfoque anal\u00edtico, su rigor informativo y su capacidad para detectar tendencias emergentes en el f\u00fatbol global.","url":"https:\/\/www.fcbarcelonanoticias.com\/en\/fc-barcelona\/juan-pablo-berdugo_18_115.html"}]}},"_links":{"self":[{"href":"https:\/\/www.fcbarcelonanoticias.com\/en\/wp-json\/wp\/v2\/posts\/94996","targetHints":{"allow":["GET"]}}],"collection":[{"href":"https:\/\/www.fcbarcelonanoticias.com\/en\/wp-json\/wp\/v2\/posts"}],"about":[{"href":"https:\/\/www.fcbarcelonanoticias.com\/en\/wp-json\/wp\/v2\/types\/post"}],"author":[{"embeddable":true,"href":"https:\/\/www.fcbarcelonanoticias.com\/en\/wp-json\/wp\/v2\/users\/358"}],"replies":[{"embeddable":true,"href":"https:\/\/www.fcbarcelonanoticias.com\/en\/wp-json\/wp\/v2\/comments?post=94996"}],"version-history":[{"count":1,"href":"https:\/\/www.fcbarcelonanoticias.com\/en\/wp-json\/wp\/v2\/posts\/94996\/revisions"}],"predecessor-version":[{"id":126880,"href":"https:\/\/www.fcbarcelonanoticias.com\/en\/wp-json\/wp\/v2\/posts\/94996\/revisions\/126880"}],"wp:featuredmedia":[{"embeddable":true,"href":"https:\/\/www.fcbarcelonanoticias.com\/en\/wp-json\/wp\/v2\/media\/95013"}],"wp:attachment":[{"href":"https:\/\/www.fcbarcelonanoticias.com\/en\/wp-json\/wp\/v2\/media?parent=94996"}],"wp:term":[{"taxonomy":"category","embeddable":true,"href":"https:\/\/www.fcbarcelonanoticias.com\/en\/wp-json\/wp\/v2\/categories?post=94996"},{"taxonomy":"post_tag","embeddable":true,"href":"https:\/\/www.fcbarcelonanoticias.com\/en\/wp-json\/wp\/v2\/tags?post=94996"}],"curies":[{"name":"wp","href":"https:\/\/api.w.org\/{rel}","templated":true}]}}