{"id":95016,"date":"2025-04-01T21:54:00","date_gmt":"2025-04-01T19:54:00","guid":{"rendered":"https:\/\/weisetech.dev\/fc-barcelona-noticias\/en\/barcelona-on-alert-viktor-gy-keres-knows-when-he-will-decide-his-future_311897_102\/"},"modified":"2025-04-01T21:54:00","modified_gmt":"2025-04-01T19:54:00","slug":"barcelona-on-alert-viktor-gy-keres-knows-when-he-will-decide-his-future_311897_102","status":"publish","type":"post","link":"https:\/\/www.fcbarcelonanoticias.com\/en\/transfers\/barcelona-on-alert-viktor-gy-keres-knows-when-he-will-decide-his-future_311897_102.html","title":{"rendered":"Barcelona on alert: Viktor Gy\u00f6keres knows when he will decide his future"},"content":{"rendered":"<h2 class=\"wp-block-heading\">Viktor Gy\u00f6keres is focused on finishing the season with Sporting CP in the best way possible and is leaving any decision about his future until the summer. Barcelona is on standby.<\/h2>  \r\n<div class=\"article-addons\">\r\n    <a href=\"https:\/\/www.fcbarcelonanoticias.com\/en\/calendar-fc-barcelona.html\"\r\n       target=\"_self\"\r\n       title=\"Calendar of FC Barcelona\"\r\n       class=\"blue-gredient-btn\">\r\n       \r\n        Calendar of FC Barcelona    <\/a>\r\n<\/div>   <p><strong>Viktor Gy\u00f6keres<\/strong> is in the &#8216;eye of the storm&#8217;. The 26-year-old Swede is set to be one of the main protagonists of the transfer market after a spectacular season with <strong>Sporting CP<\/strong>, where, with <strong>42 goals and 11 assists in 42 matches<\/strong>, he has proven to be one of the most lethal forwards in Europe, averaging 1.26 goal contributions per game.<\/p>  <p>His ability to play with his back to goal, his precision in the area, and his versatility make him a top target for several elite clubs, including <strong>FC Barcelona<\/strong>, who have been closely monitoring him for several months. However, <a data-external=\"0\" data-intl-links-en=\"https:\/\/www.fcbarcelonanoticias.com\/en\/transfers\/arsenal-accelerates-for-viktor-gy-keres-and-leaves-barca-on-the-ropes_311865_102.html\" data-intl-links-es=\"https:\/\/www.fcbarcelonanoticias.com\/fichajes\/arsenal-acelera-por-viktor-gy-keres-deja-barca-contra-cuerdas_311865_102.html\" href=\"https:\/\/www.fcbarcelonanoticias.com\/en\/transfers\/arsenal-accelerates-for-viktor-gy-keres-and-leaves-barca-on-the-ropes_311865_102.html\" rel=\"follow\" target=\"_self\" title=\"Arsenal accelerates for Viktor Gy\u00f6keres and leaves Barcelona in a tough spot\">it would be Arsenal who would try to take the lead in the race for the Nordic player<\/a>, as information has emerged in recent hours that the &#8216;gunners&#8217; intend to accelerate their pursuit for his signing in the coming weeks.<\/p>  <p>Despite this, reports from Portugal indicate that <strong>the player is in no rush to change his surroundings<\/strong>. Gy\u00f6keres, whose contract expires in June 2028, is aware of the London club&#8217;s interest in signing him, but he does not want to hear anything about a possible departure now as his focus is on finishing his adventure at Jos\u00e9 Alvalade on a high note, breaking all possible individual records and with collective titles in hand.<\/p>  <p>For this reason, <strong>the scorer has postponed his final decision until the summer<\/strong>, when he will analyze all possible scenarios calmly. Once the summer transfer window opens, the Swede will be ready to listen to any proposals that come his way, bringing an end to a &#8216;soap opera&#8217; that has been unfolding for months, so as of today, the only certainty is that his journey in Lisbon will conclude at the end of the season.<\/p>  <h2>The battle for Gy\u00f6keres is &#8216;heating up&#8217;<\/h2>  <p>The future of <strong>Gy\u00f6keres<\/strong> is being contested by some of the biggest clubs on the continent. Among the main interested parties are:<\/p>  <ul> <li> <strong>FC Barcelona:<\/strong> The Catalans are looking for a successor to Robert Lewandowski, who will turn 37 this summer. Deco, the club&#8217;s sporting director, has already initiated conversations with Sporting CP and considers Gy\u00f6keres a very good option to strengthen the attack. However, the presence of targets like Luis D\u00edaz or Alexander Isak has slightly cooled the Catalans&#8217; interest in the Swede.<\/li> \t<li> <strong>Arsenal:<\/strong> The &#8216;gunners&#8217; have shown strong interest in Gy\u00f6keres as a more economical alternative to Alexander Isak. The London club, led by Mikel Arteta and their new sporting director Andrea Berta, would be willing to go all out to secure the Swedish forward. The need for a &#8216;top&#8217; scorer to compete in the Premier League and the Champions League drives this offensive.<\/li> \t<li> <strong>Manchester United:<\/strong> The &#8216;red devils&#8217; are also in the race, with a strategic advantage thanks to the connection between Gy\u00f6keres and his former coach R\u00faben Amorim. The club sees the forward as a key piece to strengthen their attack and compete at the highest level.<\/li> \t<li>Additionally, other clubs like <strong>Chelsea<\/strong> and <strong>Paris Saint-Germain<\/strong> have also shown interest in the player, although their movements seem less advanced than those of teams like <strong>Barcelona<\/strong> and <strong>Arsenal<\/strong>.<\/li> <\/ul> <p>With so many &#8216;suitors&#8217; behind him and an exceptional season backing him up, <strong>Viktor Gy\u00f6keres<\/strong> is destined to be one of the most talked-about names during the upcoming transfer window. <strong>His final decision will depend not only on financial aspects but also on the sporting project<\/strong> that is offered to him, but in any case, the Nordic player is ready to take the definitive leap in his career.<\/p> ","protected":false},"excerpt":{"rendered":"<p>Viktor Gy\u00f6keres is focused on finishing the season with Sporting CP in the best way possible and is leaving any decision about his future until the summer. Barcelona is on standby. Viktor Gy\u00f6keres is in the &#8216;eye of the storm&#8217;. The 26-year-old Swede is set to be one of the main protagonists of the transfer [&hellip;]<\/p>\n","protected":false},"author":358,"featured_media":95029,"comment_status":"closed","ping_status":"open","sticky":false,"template":"","format":"standard","meta":{"_acf_changed":false,"inline_featured_image":false,"_nextfly_llmd_date_locked":false,"footnotes":""},"categories":[449,106],"tags":[235],"class_list":["post-95016","post","type-post","status-publish","format-standard","has-post-thumbnail","hentry","category-transfers-2","category-transfers","tag-viktor-gyokeres"],"acf":[],"yoast_head":"<!-- This site is optimized with the Yoast SEO plugin v27.3 - https:\/\/yoast.com\/product\/yoast-seo-wordpress\/ -->\n<title>Barcelona on alert: Viktor Gy\u00f6keres knows when he will decide his future<\/title>\n<meta name=\"description\" content=\"Viktor Gy\u00f6keres is focused on finishing the season with Sporting CP in the best way possible and is leaving any decision about his future until the summer. Barcelona...\" \/>\n<meta name=\"robots\" content=\"index, follow, max-snippet:-1, max-image-preview:large, max-video-preview:-1\" \/>\n<link rel=\"canonical\" href=\"https:\/\/www.fcbarcelonanoticias.com\/en\/transfers\/barcelona-on-alert-viktor-gy-keres-knows-when-he-will-decide-his-future_311897_102.html\" \/>\n<meta property=\"og:locale\" content=\"en_US\" \/>\n<meta property=\"og:type\" content=\"article\" \/>\n<meta property=\"og:title\" content=\"Barcelona on alert: Viktor Gy\u00f6keres knows when he will decide his future\" \/>\n<meta property=\"og:description\" content=\"Viktor Gy\u00f6keres is focused on finishing the season with Sporting CP in the best way possible and is leaving any decision about his future until the summer. Barcelona...\" \/>\n<meta property=\"og:url\" content=\"https:\/\/www.fcbarcelonanoticias.com\/en\/transfers\/barcelona-on-alert-viktor-gy-keres-knows-when-he-will-decide-his-future_311897_102.html\" \/>\n<meta property=\"og:site_name\" content=\"EN - FC Barcelona Noticias\" \/>\n<meta property=\"article:published_time\" content=\"2025-04-01T19:54:00+00:00\" \/>\n<meta property=\"og:image\" content=\"https:\/\/www.fcbarcelonanoticias.com\/en\/wp-content\/uploads\/sites\/2\/2025\/04\/viktor-gyoekeres-en-el-duelo-entre-el-sporting-cp-y-el-oporto-en-la-copa-de-portugal-2024-25-foto-cortesia-de-pagina-web-del-sporting.jpeg\" \/>\n\t<meta property=\"og:image:width\" content=\"1200\" \/>\n\t<meta property=\"og:image:height\" content=\"675\" \/>\n\t<meta property=\"og:image:type\" content=\"image\/jpeg\" \/>\n<meta name=\"author\" content=\"Juan Pablo Berdugo\" \/>\n<meta name=\"twitter:card\" content=\"summary_large_image\" \/>\n<meta name=\"twitter:label1\" content=\"Written by\" \/>\n\t<meta name=\"twitter:data1\" content=\"Juan Pablo Berdugo\" \/>\n\t<meta name=\"twitter:label2\" content=\"Est. reading time\" \/>\n\t<meta name=\"twitter:data2\" content=\"3 minutes\" \/>\n<script type=\"application\/ld+json\" class=\"yoast-schema-graph\">{\"@context\":\"https:\\\/\\\/schema.org\",\"@graph\":[{\"@type\":\"Article\",\"@id\":\"https:\\\/\\\/www.fcbarcelonanoticias.com\\\/en\\\/transfers\\\/barcelona-on-alert-viktor-gy-keres-knows-when-he-will-decide-his-future_311897_102.html#article\",\"isPartOf\":{\"@id\":\"https:\\\/\\\/www.fcbarcelonanoticias.com\\\/en\\\/transfers\\\/barcelona-on-alert-viktor-gy-keres-knows-when-he-will-decide-his-future_311897_102.html\"},\"author\":{\"name\":\"Juan Pablo Berdugo\",\"@id\":\"https:\\\/\\\/www.fcbarcelonanoticias.com\\\/en\\\/#\\\/schema\\\/person\\\/88d756918a0a1ae9fa593b5edddd1815\"},\"headline\":\"Barcelona on alert: Viktor Gy\u00f6keres knows when he will decide his future\",\"datePublished\":\"2025-04-01T19:54:00+00:00\",\"mainEntityOfPage\":{\"@id\":\"https:\\\/\\\/www.fcbarcelonanoticias.com\\\/en\\\/transfers\\\/barcelona-on-alert-viktor-gy-keres-knows-when-he-will-decide-his-future_311897_102.html\"},\"wordCount\":633,\"image\":{\"@id\":\"https:\\\/\\\/www.fcbarcelonanoticias.com\\\/en\\\/transfers\\\/barcelona-on-alert-viktor-gy-keres-knows-when-he-will-decide-his-future_311897_102.html#primaryimage\"},\"thumbnailUrl\":\"https:\\\/\\\/www.fcbarcelonanoticias.com\\\/en\\\/wp-content\\\/uploads\\\/sites\\\/2\\\/2025\\\/04\\\/viktor-gyoekeres-en-el-duelo-entre-el-sporting-cp-y-el-oporto-en-la-copa-de-portugal-2024-25-foto-cortesia-de-pagina-web-del-sporting.jpeg\",\"keywords\":[\"Viktor Gy\u00f6keres\"],\"articleSection\":[\"Transfers\",\"Transfers\"],\"inLanguage\":\"en-US\"},{\"@type\":\"WebPage\",\"@id\":\"https:\\\/\\\/www.fcbarcelonanoticias.com\\\/en\\\/transfers\\\/barcelona-on-alert-viktor-gy-keres-knows-when-he-will-decide-his-future_311897_102.html\",\"url\":\"https:\\\/\\\/www.fcbarcelonanoticias.com\\\/en\\\/transfers\\\/barcelona-on-alert-viktor-gy-keres-knows-when-he-will-decide-his-future_311897_102.html\",\"name\":\"Barcelona on alert: Viktor Gy\u00f6keres knows when he will decide his future\",\"isPartOf\":{\"@id\":\"https:\\\/\\\/www.fcbarcelonanoticias.com\\\/en\\\/#website\"},\"primaryImageOfPage\":{\"@id\":\"https:\\\/\\\/www.fcbarcelonanoticias.com\\\/en\\\/transfers\\\/barcelona-on-alert-viktor-gy-keres-knows-when-he-will-decide-his-future_311897_102.html#primaryimage\"},\"image\":{\"@id\":\"https:\\\/\\\/www.fcbarcelonanoticias.com\\\/en\\\/transfers\\\/barcelona-on-alert-viktor-gy-keres-knows-when-he-will-decide-his-future_311897_102.html#primaryimage\"},\"thumbnailUrl\":\"https:\\\/\\\/www.fcbarcelonanoticias.com\\\/en\\\/wp-content\\\/uploads\\\/sites\\\/2\\\/2025\\\/04\\\/viktor-gyoekeres-en-el-duelo-entre-el-sporting-cp-y-el-oporto-en-la-copa-de-portugal-2024-25-foto-cortesia-de-pagina-web-del-sporting.jpeg\",\"datePublished\":\"2025-04-01T19:54:00+00:00\",\"author\":{\"@id\":\"https:\\\/\\\/www.fcbarcelonanoticias.com\\\/en\\\/#\\\/schema\\\/person\\\/88d756918a0a1ae9fa593b5edddd1815\"},\"description\":\"Viktor Gy\u00f6keres is focused on finishing the season with Sporting CP in the best way possible and is leaving any decision about his future until the summer. Barcelona...\",\"breadcrumb\":{\"@id\":\"https:\\\/\\\/www.fcbarcelonanoticias.com\\\/en\\\/transfers\\\/barcelona-on-alert-viktor-gy-keres-knows-when-he-will-decide-his-future_311897_102.html#breadcrumb\"},\"inLanguage\":\"en-US\",\"potentialAction\":[{\"@type\":\"ReadAction\",\"target\":[\"https:\\\/\\\/www.fcbarcelonanoticias.com\\\/en\\\/transfers\\\/barcelona-on-alert-viktor-gy-keres-knows-when-he-will-decide-his-future_311897_102.html\"]}]},{\"@type\":\"ImageObject\",\"inLanguage\":\"en-US\",\"@id\":\"https:\\\/\\\/www.fcbarcelonanoticias.com\\\/en\\\/transfers\\\/barcelona-on-alert-viktor-gy-keres-knows-when-he-will-decide-his-future_311897_102.html#primaryimage\",\"url\":\"https:\\\/\\\/www.fcbarcelonanoticias.com\\\/en\\\/wp-content\\\/uploads\\\/sites\\\/2\\\/2025\\\/04\\\/viktor-gyoekeres-en-el-duelo-entre-el-sporting-cp-y-el-oporto-en-la-copa-de-portugal-2024-25-foto-cortesia-de-pagina-web-del-sporting.jpeg\",\"contentUrl\":\"https:\\\/\\\/www.fcbarcelonanoticias.com\\\/en\\\/wp-content\\\/uploads\\\/sites\\\/2\\\/2025\\\/04\\\/viktor-gyoekeres-en-el-duelo-entre-el-sporting-cp-y-el-oporto-en-la-copa-de-portugal-2024-25-foto-cortesia-de-pagina-web-del-sporting.jpeg\",\"width\":1200,\"height\":675},{\"@type\":\"BreadcrumbList\",\"@id\":\"https:\\\/\\\/www.fcbarcelonanoticias.com\\\/en\\\/transfers\\\/barcelona-on-alert-viktor-gy-keres-knows-when-he-will-decide-his-future_311897_102.html#breadcrumb\",\"itemListElement\":[{\"@type\":\"ListItem\",\"position\":1,\"name\":\"Portada\",\"item\":\"https:\\\/\\\/www.fcbarcelonanoticias.com\\\/en\\\/\"},{\"@type\":\"ListItem\",\"position\":2,\"name\":\"Barcelona on alert: Viktor Gy\u00f6keres knows when he will decide his future\"}]},{\"@type\":\"WebSite\",\"@id\":\"https:\\\/\\\/www.fcbarcelonanoticias.com\\\/en\\\/#website\",\"url\":\"https:\\\/\\\/www.fcbarcelonanoticias.com\\\/en\\\/\",\"name\":\"EN - FC Barcelona Noticias\",\"description\":\"\",\"potentialAction\":[{\"@type\":\"SearchAction\",\"target\":{\"@type\":\"EntryPoint\",\"urlTemplate\":\"https:\\\/\\\/www.fcbarcelonanoticias.com\\\/en\\\/?s={search_term_string}\"},\"query-input\":{\"@type\":\"PropertyValueSpecification\",\"valueRequired\":true,\"valueName\":\"search_term_string\"}}],\"inLanguage\":\"en-US\"},{\"@type\":\"Person\",\"@id\":\"https:\\\/\\\/www.fcbarcelonanoticias.com\\\/en\\\/#\\\/schema\\\/person\\\/88d756918a0a1ae9fa593b5edddd1815\",\"name\":\"Juan Pablo Berdugo\",\"image\":{\"@type\":\"ImageObject\",\"inLanguage\":\"en-US\",\"@id\":\"https:\\\/\\\/secure.gravatar.com\\\/avatar\\\/?s=96&d=mm&r=g\",\"url\":\"https:\\\/\\\/secure.gravatar.com\\\/avatar\\\/?s=96&d=mm&r=g\",\"contentUrl\":\"https:\\\/\\\/secure.gravatar.com\\\/avatar\\\/?s=96&d=mm&r=g\",\"caption\":\"Juan Pablo Berdugo\"},\"description\":\"Juan Pablo Berdugo es graduado en Periodismo. Colabora con FCBN como especialista en informaci\u00f3n del primer equipo del FC Barcelona, f\u00fatbol internacional y mercado de fichajes. Destaca por su enfoque anal\u00edtico, su rigor informativo y su capacidad para detectar tendencias emergentes en el f\u00fatbol global.\",\"url\":\"https:\\\/\\\/www.fcbarcelonanoticias.com\\\/en\\\/fc-barcelona\\\/juan-pablo-berdugo_18_115.html\"}]}<\/script>\n<!-- \/ Yoast SEO plugin. -->","yoast_head_json":{"title":"Barcelona on alert: Viktor Gy\u00f6keres knows when he will decide his future","description":"Viktor Gy\u00f6keres is focused on finishing the season with Sporting CP in the best way possible and is leaving any decision about his future until the summer. Barcelona...","robots":{"index":"index","follow":"follow","max-snippet":"max-snippet:-1","max-image-preview":"max-image-preview:large","max-video-preview":"max-video-preview:-1"},"canonical":"https:\/\/www.fcbarcelonanoticias.com\/en\/transfers\/barcelona-on-alert-viktor-gy-keres-knows-when-he-will-decide-his-future_311897_102.html","og_locale":"en_US","og_type":"article","og_title":"Barcelona on alert: Viktor Gy\u00f6keres knows when he will decide his future","og_description":"Viktor Gy\u00f6keres is focused on finishing the season with Sporting CP in the best way possible and is leaving any decision about his future until the summer. Barcelona...","og_url":"https:\/\/www.fcbarcelonanoticias.com\/en\/transfers\/barcelona-on-alert-viktor-gy-keres-knows-when-he-will-decide-his-future_311897_102.html","og_site_name":"EN - FC Barcelona Noticias","article_published_time":"2025-04-01T19:54:00+00:00","og_image":[{"width":1200,"height":675,"url":"https:\/\/www.fcbarcelonanoticias.com\/en\/wp-content\/uploads\/sites\/2\/2025\/04\/viktor-gyoekeres-en-el-duelo-entre-el-sporting-cp-y-el-oporto-en-la-copa-de-portugal-2024-25-foto-cortesia-de-pagina-web-del-sporting.jpeg","type":"image\/jpeg"}],"author":"Juan Pablo Berdugo","twitter_card":"summary_large_image","twitter_misc":{"Written by":"Juan Pablo Berdugo","Est. reading time":"3 minutes"},"schema":{"@context":"https:\/\/schema.org","@graph":[{"@type":"Article","@id":"https:\/\/www.fcbarcelonanoticias.com\/en\/transfers\/barcelona-on-alert-viktor-gy-keres-knows-when-he-will-decide-his-future_311897_102.html#article","isPartOf":{"@id":"https:\/\/www.fcbarcelonanoticias.com\/en\/transfers\/barcelona-on-alert-viktor-gy-keres-knows-when-he-will-decide-his-future_311897_102.html"},"author":{"name":"Juan Pablo Berdugo","@id":"https:\/\/www.fcbarcelonanoticias.com\/en\/#\/schema\/person\/88d756918a0a1ae9fa593b5edddd1815"},"headline":"Barcelona on alert: Viktor Gy\u00f6keres knows when he will decide his future","datePublished":"2025-04-01T19:54:00+00:00","mainEntityOfPage":{"@id":"https:\/\/www.fcbarcelonanoticias.com\/en\/transfers\/barcelona-on-alert-viktor-gy-keres-knows-when-he-will-decide-his-future_311897_102.html"},"wordCount":633,"image":{"@id":"https:\/\/www.fcbarcelonanoticias.com\/en\/transfers\/barcelona-on-alert-viktor-gy-keres-knows-when-he-will-decide-his-future_311897_102.html#primaryimage"},"thumbnailUrl":"https:\/\/www.fcbarcelonanoticias.com\/en\/wp-content\/uploads\/sites\/2\/2025\/04\/viktor-gyoekeres-en-el-duelo-entre-el-sporting-cp-y-el-oporto-en-la-copa-de-portugal-2024-25-foto-cortesia-de-pagina-web-del-sporting.jpeg","keywords":["Viktor Gy\u00f6keres"],"articleSection":["Transfers","Transfers"],"inLanguage":"en-US"},{"@type":"WebPage","@id":"https:\/\/www.fcbarcelonanoticias.com\/en\/transfers\/barcelona-on-alert-viktor-gy-keres-knows-when-he-will-decide-his-future_311897_102.html","url":"https:\/\/www.fcbarcelonanoticias.com\/en\/transfers\/barcelona-on-alert-viktor-gy-keres-knows-when-he-will-decide-his-future_311897_102.html","name":"Barcelona on alert: Viktor Gy\u00f6keres knows when he will decide his future","isPartOf":{"@id":"https:\/\/www.fcbarcelonanoticias.com\/en\/#website"},"primaryImageOfPage":{"@id":"https:\/\/www.fcbarcelonanoticias.com\/en\/transfers\/barcelona-on-alert-viktor-gy-keres-knows-when-he-will-decide-his-future_311897_102.html#primaryimage"},"image":{"@id":"https:\/\/www.fcbarcelonanoticias.com\/en\/transfers\/barcelona-on-alert-viktor-gy-keres-knows-when-he-will-decide-his-future_311897_102.html#primaryimage"},"thumbnailUrl":"https:\/\/www.fcbarcelonanoticias.com\/en\/wp-content\/uploads\/sites\/2\/2025\/04\/viktor-gyoekeres-en-el-duelo-entre-el-sporting-cp-y-el-oporto-en-la-copa-de-portugal-2024-25-foto-cortesia-de-pagina-web-del-sporting.jpeg","datePublished":"2025-04-01T19:54:00+00:00","author":{"@id":"https:\/\/www.fcbarcelonanoticias.com\/en\/#\/schema\/person\/88d756918a0a1ae9fa593b5edddd1815"},"description":"Viktor Gy\u00f6keres is focused on finishing the season with Sporting CP in the best way possible and is leaving any decision about his future until the summer. Barcelona...","breadcrumb":{"@id":"https:\/\/www.fcbarcelonanoticias.com\/en\/transfers\/barcelona-on-alert-viktor-gy-keres-knows-when-he-will-decide-his-future_311897_102.html#breadcrumb"},"inLanguage":"en-US","potentialAction":[{"@type":"ReadAction","target":["https:\/\/www.fcbarcelonanoticias.com\/en\/transfers\/barcelona-on-alert-viktor-gy-keres-knows-when-he-will-decide-his-future_311897_102.html"]}]},{"@type":"ImageObject","inLanguage":"en-US","@id":"https:\/\/www.fcbarcelonanoticias.com\/en\/transfers\/barcelona-on-alert-viktor-gy-keres-knows-when-he-will-decide-his-future_311897_102.html#primaryimage","url":"https:\/\/www.fcbarcelonanoticias.com\/en\/wp-content\/uploads\/sites\/2\/2025\/04\/viktor-gyoekeres-en-el-duelo-entre-el-sporting-cp-y-el-oporto-en-la-copa-de-portugal-2024-25-foto-cortesia-de-pagina-web-del-sporting.jpeg","contentUrl":"https:\/\/www.fcbarcelonanoticias.com\/en\/wp-content\/uploads\/sites\/2\/2025\/04\/viktor-gyoekeres-en-el-duelo-entre-el-sporting-cp-y-el-oporto-en-la-copa-de-portugal-2024-25-foto-cortesia-de-pagina-web-del-sporting.jpeg","width":1200,"height":675},{"@type":"BreadcrumbList","@id":"https:\/\/www.fcbarcelonanoticias.com\/en\/transfers\/barcelona-on-alert-viktor-gy-keres-knows-when-he-will-decide-his-future_311897_102.html#breadcrumb","itemListElement":[{"@type":"ListItem","position":1,"name":"Portada","item":"https:\/\/www.fcbarcelonanoticias.com\/en\/"},{"@type":"ListItem","position":2,"name":"Barcelona on alert: Viktor Gy\u00f6keres knows when he will decide his future"}]},{"@type":"WebSite","@id":"https:\/\/www.fcbarcelonanoticias.com\/en\/#website","url":"https:\/\/www.fcbarcelonanoticias.com\/en\/","name":"EN - FC Barcelona Noticias","description":"","potentialAction":[{"@type":"SearchAction","target":{"@type":"EntryPoint","urlTemplate":"https:\/\/www.fcbarcelonanoticias.com\/en\/?s={search_term_string}"},"query-input":{"@type":"PropertyValueSpecification","valueRequired":true,"valueName":"search_term_string"}}],"inLanguage":"en-US"},{"@type":"Person","@id":"https:\/\/www.fcbarcelonanoticias.com\/en\/#\/schema\/person\/88d756918a0a1ae9fa593b5edddd1815","name":"Juan Pablo Berdugo","image":{"@type":"ImageObject","inLanguage":"en-US","@id":"https:\/\/secure.gravatar.com\/avatar\/?s=96&d=mm&r=g","url":"https:\/\/secure.gravatar.com\/avatar\/?s=96&d=mm&r=g","contentUrl":"https:\/\/secure.gravatar.com\/avatar\/?s=96&d=mm&r=g","caption":"Juan Pablo Berdugo"},"description":"Juan Pablo Berdugo es graduado en Periodismo. Colabora con FCBN como especialista en informaci\u00f3n del primer equipo del FC Barcelona, f\u00fatbol internacional y mercado de fichajes. Destaca por su enfoque anal\u00edtico, su rigor informativo y su capacidad para detectar tendencias emergentes en el f\u00fatbol global.","url":"https:\/\/www.fcbarcelonanoticias.com\/en\/fc-barcelona\/juan-pablo-berdugo_18_115.html"}]}},"_links":{"self":[{"href":"https:\/\/www.fcbarcelonanoticias.com\/en\/wp-json\/wp\/v2\/posts\/95016","targetHints":{"allow":["GET"]}}],"collection":[{"href":"https:\/\/www.fcbarcelonanoticias.com\/en\/wp-json\/wp\/v2\/posts"}],"about":[{"href":"https:\/\/www.fcbarcelonanoticias.com\/en\/wp-json\/wp\/v2\/types\/post"}],"author":[{"embeddable":true,"href":"https:\/\/www.fcbarcelonanoticias.com\/en\/wp-json\/wp\/v2\/users\/358"}],"replies":[{"embeddable":true,"href":"https:\/\/www.fcbarcelonanoticias.com\/en\/wp-json\/wp\/v2\/comments?post=95016"}],"version-history":[{"count":1,"href":"https:\/\/www.fcbarcelonanoticias.com\/en\/wp-json\/wp\/v2\/posts\/95016\/revisions"}],"predecessor-version":[{"id":125168,"href":"https:\/\/www.fcbarcelonanoticias.com\/en\/wp-json\/wp\/v2\/posts\/95016\/revisions\/125168"}],"wp:featuredmedia":[{"embeddable":true,"href":"https:\/\/www.fcbarcelonanoticias.com\/en\/wp-json\/wp\/v2\/media\/95029"}],"wp:attachment":[{"href":"https:\/\/www.fcbarcelonanoticias.com\/en\/wp-json\/wp\/v2\/media?parent=95016"}],"wp:term":[{"taxonomy":"category","embeddable":true,"href":"https:\/\/www.fcbarcelonanoticias.com\/en\/wp-json\/wp\/v2\/categories?post=95016"},{"taxonomy":"post_tag","embeddable":true,"href":"https:\/\/www.fcbarcelonanoticias.com\/en\/wp-json\/wp\/v2\/tags?post=95016"}],"curies":[{"name":"wp","href":"https:\/\/api.w.org\/{rel}","templated":true}]}}