{"id":95114,"date":"2025-06-22T01:35:00","date_gmt":"2025-06-21T23:35:00","guid":{"rendered":"https:\/\/weisetech.dev\/fc-barcelona-noticias\/en\/problems-for-barca-monaco-stops-signing-of-ansu_313178_102\/"},"modified":"2026-04-16T09:37:04","modified_gmt":"2026-04-16T07:37:04","slug":"problems-for-barca-monaco-stops-signing-of-ansu_313178_102","status":"publish","type":"post","link":"https:\/\/www.fcbarcelonanoticias.com\/en\/transfers\/problems-for-barca-monaco-stops-signing-of-ansu_313178_102.html","title":{"rendered":"Problems for Bar\u00e7a: Monaco stops the signing of Ansu"},"content":{"rendered":"<h2 class=\"wp-block-heading\">Ansu Fati, for now, will not go to Monaco. The French team does not want to assume a majority percentage of his salary and the loan with Bar\u00e7a is in doubt. Will the &#8216;cul\u00e9s&#8217; be able to save the operation?<\/h2>  \r\n<div class=\"article-addons\">\r\n    <a href=\"https:\/\/www.fcbarcelonanoticias.com\/en\/calendar-fc-barcelona.html\"\r\n       target=\"_self\"\r\n       title=\"Calendar of FC Barcelona\"\r\n       class=\"blue-gredient-btn\">\r\n       \r\n        Calendar of FC Barcelona    <\/a>\r\n<\/div>   <p>FC Barcelona and AS Monaco have paused negotiations for the loan of Ansu Fati. Although the team from the Principality is really interested in signing the player from Bissau, on loan and without a mandatory purchase option, the terms proposed by Bar\u00e7a do not convince the French team.<\/p>  <p>According to &#8216;L&#8217;Equipe&#8217;, the team led by &#8216;Adi&#8217; H\u00fctter only sees the loan of the &#8217;10&#8217; from Barcelona feasible by <strong>assuming a smaller percentage of his salary<\/strong>. Ansu earns around 14 million euros gross per year and Bar\u00e7a prioritizes getting rid of, at least, 60% of his salary.<\/p>  <p>However, Monaco believes that the percentages proposed by the &#8216;cul\u00e9s&#8217; are unfeasible. On the contrary, <strong>the French team hopes to assume a maximum of 40% of the Spanish international&#8217;s emoluments<\/strong>, that is, about 2.8 M\u20ac. Bar\u00e7a, in that case, would have to take care of the just over 4 M\u20ac remaining.<\/p>  <h2>Bar\u00e7a and Monaco must redirect negotiations for Ansu Fati<\/h2>  <p>In principle, Bar\u00e7a saw Fati&#8217;s loan to Monaco very close, which includes a purchase option for 12 &#8216;kilos&#8217; in June 2026. The player gave the &#8216;Ok&#8217; to the operation, great news considering his previously rebellious stance in previous markets.<\/p>  <p>However, <strong>the last renewal of the winger (until June 2027) increased his emoluments<\/strong>, a major obstacle to finding a team for him this summer. If, finally, negotiations with the French team collapse, the board must move quickly to activate a &#8216;plan b&#8217;.<\/p>  <p><strong>Jorge Mendes promised Joan Laporta a high transfer for the player from Bissau<\/strong>, but his poor performance in the 24\/25 season (he played 298 minutes in 11 games) has plummeted his market value to just 5 million.<\/p>  <p>In addition, there are few teams interested in signing him through a route other than a simple loan. That is where Ansu&#8217;s salary weighs the most, because <strong>no club sees it feasible to pay the almost 7 M\u20ac of the salary<\/strong> of a footballer with such a worrying history of injuries.<\/p>  <p>In any case, Monaco still does not rule him out and hopes to resume negotiations with the Barcelona team soon. <strong>Fati is, along with Paul Pogba, a market priority for &#8216;Adi&#8217; H\u00fctler&#8217;s team this summer<\/strong>, although these are two very different negotiations. The midfielder has a letter of freedom, while the winger still has two years of contract in Catalunya.<\/p>  <div class=\"cke-element cke-element--102\"><section class=\"c-related-article\"><figure class=\"c-image__fig\"><a href=\"https:\/\/www.fcbarcelonanoticias.com\/fichajes\/monaco-suena-con-fichajes-ansu-fati-paul-pogba_313099_102.html\" title=\"Monaco dreams of signing Ansu Fati and Paul Pogba\" class=\"c-image__imglink\"><picture><img decoding=\"async\" src=\"https:\/\/www.fcbarcelonanoticias.com\/wp-content\/uploads\/sites\/2\/2025\/06\/fcbn-866754da43e12f6563b1985a2e132aea.jpeg\" alt=\"Monaco dreams of signing Ansu Fati and Paul Pogba\" title=\"Monaco dreams of signing Ansu Fati and Paul Pogba\" class=\"c-image__img\" width=\"1200\" height=\"675\" loading=\"lazy\"><\/picture><\/a>     <\/figure><div class=\"c-related-article__wrapper\">         <p class=\"c-related-article__avantitle\">Related<\/p>         <h4 class=\"c-related-article__title\">             <a href=\"https:\/\/www.fcbarcelonanoticias.com\/fichajes\/monaco-suena-con-fichajes-ansu-fati-paul-pogba_313099_102.html\" title=\"Monaco dreams of signing Ansu Fati and Paul Pogba\" class=\"c-related-article__link\">                 Monaco dreams of signing Ansu Fati and Paul Pogba             <\/a>         <\/h4>     <\/div> <\/section><\/div>  <h2>Ansu Fati, on vacation in Uruguay while waiting for a call from Bar\u00e7a<\/h2>  <p>While rumors about his future at Can Bar\u00e7a point to an imminent departure, Ansu Fati takes advantage of his vacations to travel through America. A few days ago, the winger was seen <strong>with Alejandro Balde in the Dominican Republic<\/strong>.<\/p>  <p>Afterwards, <strong>the 22-year-old forward took the opportunity to get to know Uruguay<\/strong>. The player shared a photograph on Instagram stories in the mythical Centenario stadium, where the &#8216;charr\u00faa&#8217; team plays as local.<\/p>  <div data-oembed-url=\"https:\/\/x.com\/NachoSosa_\/status\/1936187970174001596\"> <blockquote align=\"center\" class=\"twitter-tweet\" data-dnt=\"true\"> <p dir=\"ltr\" lang=\"es\">\ud83d\udea8 \ud83d\udca3 HERE WE GO \ud83d\udd34\u26aa\ufe0f\ud83d\udd35\ud83d\udd1c<br> \ud83d\udde3\ufe0f \u201cI fell in love with football for two things, for the passion that my father transmitted to me and for the three fingers of gabriel baez \u201c<br><br> \u270d\ufe0f Ansu Fati en <a href=\"https:\/\/twitter.com\/en\/hashtag\/PasionPorElSKEY?src=hash&amp;ref_src=twsrc%5Etfw\">#PasionPorElSKEY<\/a> <a href=\"https:\/\/t.co\/en\/2htaU6p1iX\">pic.twitter.com\/2htaU6p1iX<\/a><\/p> \u2014 Nacho Sosa (@NachoSosa_) <a href=\"https:\/\/twitter.com\/en\/NachoSosa_\/status\/1936187970174001596?ref_src=twsrc%5Etfw\">June 20, 2025<\/a> <\/blockquote>  <\/div>  <p>Ansu, along with the rest of the squad, must report to Bar\u00e7a&#8217;s pre-season on July 13. The winger does not want to hinder his departure, but prioritizes arriving at a team with options to be a starter and with a presence in Europe. Monaco meets both requirements, but the clubs still do not agree on a satisfactory loan for both parties.<\/p>  <ul> <li>\ud83d\udc49 Don&#8217;t miss the latest news from the FC Barcelona 2025 transfer market at FCBN!<\/li> <\/ul> ","protected":false},"excerpt":{"rendered":"<p>Ansu Fati, for now, will not go to Monaco. The French team does not want to assume a majority percentage of his salary and the loan with Bar\u00e7a is in doubt. Will the &#8216;cul\u00e9s&#8217; be able to save the operation? FC Barcelona and AS Monaco have paused negotiations for the loan of Ansu Fati. Although [&hellip;]<\/p>\n","protected":false},"author":347,"featured_media":95120,"comment_status":"closed","ping_status":"open","sticky":false,"template":"","format":"standard","meta":{"_acf_changed":false,"inline_featured_image":false,"_nextfly_llmd_date_locked":false,"footnotes":""},"categories":[449,106],"tags":[261],"class_list":["post-95114","post","type-post","status-publish","format-standard","has-post-thumbnail","hentry","category-transfers-2","category-transfers","tag-football-transfer-rumors"],"acf":[],"yoast_head":"<!-- This site is optimized with the Yoast SEO plugin v27.3 - https:\/\/yoast.com\/product\/yoast-seo-wordpress\/ -->\n<title>Problems for Bar\u00e7a: Monaco stops the signing of Ansu<\/title>\n<meta name=\"description\" content=\"Ansu Fati, for now, will not go to Monaco. The French team does not want to assume a majority percentage of his salary and the loan with Bar\u00e7a is in doubt\" \/>\n<meta name=\"robots\" content=\"index, follow, max-snippet:-1, max-image-preview:large, max-video-preview:-1\" \/>\n<link rel=\"canonical\" href=\"https:\/\/www.fcbarcelonanoticias.com\/en\/transfers\/problems-for-barca-monaco-stops-signing-of-ansu_313178_102.html\" \/>\n<meta property=\"og:locale\" content=\"en_US\" \/>\n<meta property=\"og:type\" content=\"article\" \/>\n<meta property=\"og:title\" content=\"Problems for Bar\u00e7a: Monaco stops the signing of Ansu\" \/>\n<meta property=\"og:description\" content=\"Ansu Fati, for now, will not go to Monaco. The French team does not want to assume a majority percentage of his salary and the loan with Bar\u00e7a is in doubt\" \/>\n<meta property=\"og:url\" content=\"https:\/\/www.fcbarcelonanoticias.com\/en\/transfers\/problems-for-barca-monaco-stops-signing-of-ansu_313178_102.html\" \/>\n<meta property=\"og:site_name\" content=\"EN - FC Barcelona Noticias\" \/>\n<meta property=\"article:published_time\" content=\"2025-06-21T23:35:00+00:00\" \/>\n<meta property=\"article:modified_time\" content=\"2026-04-16T07:37:04+00:00\" \/>\n<meta property=\"og:image\" content=\"https:\/\/www.fcbarcelonanoticias.com\/en\/wp-content\/uploads\/sites\/2\/2025\/06\/ansu-fati-fc-barcelona.jpeg\" \/>\n\t<meta property=\"og:image:width\" content=\"1200\" \/>\n\t<meta property=\"og:image:height\" content=\"675\" \/>\n\t<meta property=\"og:image:type\" content=\"image\/jpeg\" \/>\n<meta name=\"author\" content=\"Andr\u00e9s Quiroz\" \/>\n<meta name=\"twitter:card\" content=\"summary_large_image\" \/>\n<meta name=\"twitter:label1\" content=\"Written by\" \/>\n\t<meta name=\"twitter:data1\" content=\"Andr\u00e9s Quiroz\" \/>\n\t<meta name=\"twitter:label2\" content=\"Est. reading time\" \/>\n\t<meta name=\"twitter:data2\" content=\"3 minutes\" \/>\n<script type=\"application\/ld+json\" class=\"yoast-schema-graph\">{\"@context\":\"https:\\\/\\\/schema.org\",\"@graph\":[{\"@type\":\"Article\",\"@id\":\"https:\\\/\\\/www.fcbarcelonanoticias.com\\\/en\\\/transfers\\\/problems-for-barca-monaco-stops-signing-of-ansu_313178_102.html#article\",\"isPartOf\":{\"@id\":\"https:\\\/\\\/www.fcbarcelonanoticias.com\\\/en\\\/transfers\\\/problems-for-barca-monaco-stops-signing-of-ansu_313178_102.html\"},\"author\":{\"name\":\"Andr\u00e9s Quiroz\",\"@id\":\"https:\\\/\\\/www.fcbarcelonanoticias.com\\\/en\\\/#\\\/schema\\\/person\\\/c2cd9f6fa1af5c0d0eccd0fefa575c88\"},\"headline\":\"Problems for Bar\u00e7a: Monaco stops the signing of Ansu\",\"datePublished\":\"2025-06-21T23:35:00+00:00\",\"dateModified\":\"2026-04-16T07:37:04+00:00\",\"mainEntityOfPage\":{\"@id\":\"https:\\\/\\\/www.fcbarcelonanoticias.com\\\/en\\\/transfers\\\/problems-for-barca-monaco-stops-signing-of-ansu_313178_102.html\"},\"wordCount\":652,\"image\":{\"@id\":\"https:\\\/\\\/www.fcbarcelonanoticias.com\\\/en\\\/transfers\\\/problems-for-barca-monaco-stops-signing-of-ansu_313178_102.html#primaryimage\"},\"thumbnailUrl\":\"https:\\\/\\\/www.fcbarcelonanoticias.com\\\/en\\\/wp-content\\\/uploads\\\/sites\\\/2\\\/2025\\\/06\\\/ansu-fati-fc-barcelona.jpeg\",\"keywords\":[\"Transfer Rumors\"],\"articleSection\":[\"Transfers\",\"Transfers\"],\"inLanguage\":\"en-US\"},{\"@type\":\"WebPage\",\"@id\":\"https:\\\/\\\/www.fcbarcelonanoticias.com\\\/en\\\/transfers\\\/problems-for-barca-monaco-stops-signing-of-ansu_313178_102.html\",\"url\":\"https:\\\/\\\/www.fcbarcelonanoticias.com\\\/en\\\/transfers\\\/problems-for-barca-monaco-stops-signing-of-ansu_313178_102.html\",\"name\":\"Problems for Bar\u00e7a: Monaco stops the signing of Ansu\",\"isPartOf\":{\"@id\":\"https:\\\/\\\/www.fcbarcelonanoticias.com\\\/en\\\/#website\"},\"primaryImageOfPage\":{\"@id\":\"https:\\\/\\\/www.fcbarcelonanoticias.com\\\/en\\\/transfers\\\/problems-for-barca-monaco-stops-signing-of-ansu_313178_102.html#primaryimage\"},\"image\":{\"@id\":\"https:\\\/\\\/www.fcbarcelonanoticias.com\\\/en\\\/transfers\\\/problems-for-barca-monaco-stops-signing-of-ansu_313178_102.html#primaryimage\"},\"thumbnailUrl\":\"https:\\\/\\\/www.fcbarcelonanoticias.com\\\/en\\\/wp-content\\\/uploads\\\/sites\\\/2\\\/2025\\\/06\\\/ansu-fati-fc-barcelona.jpeg\",\"datePublished\":\"2025-06-21T23:35:00+00:00\",\"dateModified\":\"2026-04-16T07:37:04+00:00\",\"author\":{\"@id\":\"https:\\\/\\\/www.fcbarcelonanoticias.com\\\/en\\\/#\\\/schema\\\/person\\\/c2cd9f6fa1af5c0d0eccd0fefa575c88\"},\"description\":\"Ansu Fati, for now, will not go to Monaco. The French team does not want to assume a majority percentage of his salary and the loan with Bar\u00e7a is in doubt\",\"breadcrumb\":{\"@id\":\"https:\\\/\\\/www.fcbarcelonanoticias.com\\\/en\\\/transfers\\\/problems-for-barca-monaco-stops-signing-of-ansu_313178_102.html#breadcrumb\"},\"inLanguage\":\"en-US\",\"potentialAction\":[{\"@type\":\"ReadAction\",\"target\":[\"https:\\\/\\\/www.fcbarcelonanoticias.com\\\/en\\\/transfers\\\/problems-for-barca-monaco-stops-signing-of-ansu_313178_102.html\"]}]},{\"@type\":\"ImageObject\",\"inLanguage\":\"en-US\",\"@id\":\"https:\\\/\\\/www.fcbarcelonanoticias.com\\\/en\\\/transfers\\\/problems-for-barca-monaco-stops-signing-of-ansu_313178_102.html#primaryimage\",\"url\":\"https:\\\/\\\/www.fcbarcelonanoticias.com\\\/en\\\/wp-content\\\/uploads\\\/sites\\\/2\\\/2025\\\/06\\\/ansu-fati-fc-barcelona.jpeg\",\"contentUrl\":\"https:\\\/\\\/www.fcbarcelonanoticias.com\\\/en\\\/wp-content\\\/uploads\\\/sites\\\/2\\\/2025\\\/06\\\/ansu-fati-fc-barcelona.jpeg\",\"width\":1200,\"height\":675},{\"@type\":\"BreadcrumbList\",\"@id\":\"https:\\\/\\\/www.fcbarcelonanoticias.com\\\/en\\\/transfers\\\/problems-for-barca-monaco-stops-signing-of-ansu_313178_102.html#breadcrumb\",\"itemListElement\":[{\"@type\":\"ListItem\",\"position\":1,\"name\":\"Portada\",\"item\":\"https:\\\/\\\/www.fcbarcelonanoticias.com\\\/en\\\/\"},{\"@type\":\"ListItem\",\"position\":2,\"name\":\"Problems for Bar\u00e7a: Monaco stops the signing of Ansu\"}]},{\"@type\":\"WebSite\",\"@id\":\"https:\\\/\\\/www.fcbarcelonanoticias.com\\\/en\\\/#website\",\"url\":\"https:\\\/\\\/www.fcbarcelonanoticias.com\\\/en\\\/\",\"name\":\"EN - FC Barcelona Noticias\",\"description\":\"\",\"potentialAction\":[{\"@type\":\"SearchAction\",\"target\":{\"@type\":\"EntryPoint\",\"urlTemplate\":\"https:\\\/\\\/www.fcbarcelonanoticias.com\\\/en\\\/?s={search_term_string}\"},\"query-input\":{\"@type\":\"PropertyValueSpecification\",\"valueRequired\":true,\"valueName\":\"search_term_string\"}}],\"inLanguage\":\"en-US\"},{\"@type\":\"Person\",\"@id\":\"https:\\\/\\\/www.fcbarcelonanoticias.com\\\/en\\\/#\\\/schema\\\/person\\\/c2cd9f6fa1af5c0d0eccd0fefa575c88\",\"name\":\"Andr\u00e9s Quiroz\",\"image\":{\"@type\":\"ImageObject\",\"inLanguage\":\"en-US\",\"@id\":\"https:\\\/\\\/secure.gravatar.com\\\/avatar\\\/?s=96&d=mm&r=g\",\"url\":\"https:\\\/\\\/secure.gravatar.com\\\/avatar\\\/?s=96&d=mm&r=g\",\"contentUrl\":\"https:\\\/\\\/secure.gravatar.com\\\/avatar\\\/?s=96&d=mm&r=g\",\"caption\":\"Andr\u00e9s Quiroz\"},\"description\":\"Licenciado en Periodismo por la Universidad de los Andes. Me encargo de analizar y compartir los contenidos m\u00e1s destacados de la\u00a0actualidad del F\u00fatbol Club Barcelona, Mercado de Fichajes y F\u00fatbol Internacional en FCBN. La informaci\u00f3n es poder, pero tambi\u00e9n conocimiento.\",\"url\":\"https:\\\/\\\/www.fcbarcelonanoticias.com\\\/en\\\/fc-barcelona\\\/andres-quiroz_17_115.html\"}]}<\/script>\n<!-- \/ Yoast SEO plugin. -->","yoast_head_json":{"title":"Problems for Bar\u00e7a: Monaco stops the signing of Ansu","description":"Ansu Fati, for now, will not go to Monaco. The French team does not want to assume a majority percentage of his salary and the loan with Bar\u00e7a is in doubt","robots":{"index":"index","follow":"follow","max-snippet":"max-snippet:-1","max-image-preview":"max-image-preview:large","max-video-preview":"max-video-preview:-1"},"canonical":"https:\/\/www.fcbarcelonanoticias.com\/en\/transfers\/problems-for-barca-monaco-stops-signing-of-ansu_313178_102.html","og_locale":"en_US","og_type":"article","og_title":"Problems for Bar\u00e7a: Monaco stops the signing of Ansu","og_description":"Ansu Fati, for now, will not go to Monaco. The French team does not want to assume a majority percentage of his salary and the loan with Bar\u00e7a is in doubt","og_url":"https:\/\/www.fcbarcelonanoticias.com\/en\/transfers\/problems-for-barca-monaco-stops-signing-of-ansu_313178_102.html","og_site_name":"EN - FC Barcelona Noticias","article_published_time":"2025-06-21T23:35:00+00:00","article_modified_time":"2026-04-16T07:37:04+00:00","og_image":[{"width":1200,"height":675,"url":"https:\/\/www.fcbarcelonanoticias.com\/en\/wp-content\/uploads\/sites\/2\/2025\/06\/ansu-fati-fc-barcelona.jpeg","type":"image\/jpeg"}],"author":"Andr\u00e9s Quiroz","twitter_card":"summary_large_image","twitter_misc":{"Written by":"Andr\u00e9s Quiroz","Est. reading time":"3 minutes"},"schema":{"@context":"https:\/\/schema.org","@graph":[{"@type":"Article","@id":"https:\/\/www.fcbarcelonanoticias.com\/en\/transfers\/problems-for-barca-monaco-stops-signing-of-ansu_313178_102.html#article","isPartOf":{"@id":"https:\/\/www.fcbarcelonanoticias.com\/en\/transfers\/problems-for-barca-monaco-stops-signing-of-ansu_313178_102.html"},"author":{"name":"Andr\u00e9s Quiroz","@id":"https:\/\/www.fcbarcelonanoticias.com\/en\/#\/schema\/person\/c2cd9f6fa1af5c0d0eccd0fefa575c88"},"headline":"Problems for Bar\u00e7a: Monaco stops the signing of Ansu","datePublished":"2025-06-21T23:35:00+00:00","dateModified":"2026-04-16T07:37:04+00:00","mainEntityOfPage":{"@id":"https:\/\/www.fcbarcelonanoticias.com\/en\/transfers\/problems-for-barca-monaco-stops-signing-of-ansu_313178_102.html"},"wordCount":652,"image":{"@id":"https:\/\/www.fcbarcelonanoticias.com\/en\/transfers\/problems-for-barca-monaco-stops-signing-of-ansu_313178_102.html#primaryimage"},"thumbnailUrl":"https:\/\/www.fcbarcelonanoticias.com\/en\/wp-content\/uploads\/sites\/2\/2025\/06\/ansu-fati-fc-barcelona.jpeg","keywords":["Transfer Rumors"],"articleSection":["Transfers","Transfers"],"inLanguage":"en-US"},{"@type":"WebPage","@id":"https:\/\/www.fcbarcelonanoticias.com\/en\/transfers\/problems-for-barca-monaco-stops-signing-of-ansu_313178_102.html","url":"https:\/\/www.fcbarcelonanoticias.com\/en\/transfers\/problems-for-barca-monaco-stops-signing-of-ansu_313178_102.html","name":"Problems for Bar\u00e7a: Monaco stops the signing of Ansu","isPartOf":{"@id":"https:\/\/www.fcbarcelonanoticias.com\/en\/#website"},"primaryImageOfPage":{"@id":"https:\/\/www.fcbarcelonanoticias.com\/en\/transfers\/problems-for-barca-monaco-stops-signing-of-ansu_313178_102.html#primaryimage"},"image":{"@id":"https:\/\/www.fcbarcelonanoticias.com\/en\/transfers\/problems-for-barca-monaco-stops-signing-of-ansu_313178_102.html#primaryimage"},"thumbnailUrl":"https:\/\/www.fcbarcelonanoticias.com\/en\/wp-content\/uploads\/sites\/2\/2025\/06\/ansu-fati-fc-barcelona.jpeg","datePublished":"2025-06-21T23:35:00+00:00","dateModified":"2026-04-16T07:37:04+00:00","author":{"@id":"https:\/\/www.fcbarcelonanoticias.com\/en\/#\/schema\/person\/c2cd9f6fa1af5c0d0eccd0fefa575c88"},"description":"Ansu Fati, for now, will not go to Monaco. The French team does not want to assume a majority percentage of his salary and the loan with Bar\u00e7a is in doubt","breadcrumb":{"@id":"https:\/\/www.fcbarcelonanoticias.com\/en\/transfers\/problems-for-barca-monaco-stops-signing-of-ansu_313178_102.html#breadcrumb"},"inLanguage":"en-US","potentialAction":[{"@type":"ReadAction","target":["https:\/\/www.fcbarcelonanoticias.com\/en\/transfers\/problems-for-barca-monaco-stops-signing-of-ansu_313178_102.html"]}]},{"@type":"ImageObject","inLanguage":"en-US","@id":"https:\/\/www.fcbarcelonanoticias.com\/en\/transfers\/problems-for-barca-monaco-stops-signing-of-ansu_313178_102.html#primaryimage","url":"https:\/\/www.fcbarcelonanoticias.com\/en\/wp-content\/uploads\/sites\/2\/2025\/06\/ansu-fati-fc-barcelona.jpeg","contentUrl":"https:\/\/www.fcbarcelonanoticias.com\/en\/wp-content\/uploads\/sites\/2\/2025\/06\/ansu-fati-fc-barcelona.jpeg","width":1200,"height":675},{"@type":"BreadcrumbList","@id":"https:\/\/www.fcbarcelonanoticias.com\/en\/transfers\/problems-for-barca-monaco-stops-signing-of-ansu_313178_102.html#breadcrumb","itemListElement":[{"@type":"ListItem","position":1,"name":"Portada","item":"https:\/\/www.fcbarcelonanoticias.com\/en\/"},{"@type":"ListItem","position":2,"name":"Problems for Bar\u00e7a: Monaco stops the signing of Ansu"}]},{"@type":"WebSite","@id":"https:\/\/www.fcbarcelonanoticias.com\/en\/#website","url":"https:\/\/www.fcbarcelonanoticias.com\/en\/","name":"EN - FC Barcelona Noticias","description":"","potentialAction":[{"@type":"SearchAction","target":{"@type":"EntryPoint","urlTemplate":"https:\/\/www.fcbarcelonanoticias.com\/en\/?s={search_term_string}"},"query-input":{"@type":"PropertyValueSpecification","valueRequired":true,"valueName":"search_term_string"}}],"inLanguage":"en-US"},{"@type":"Person","@id":"https:\/\/www.fcbarcelonanoticias.com\/en\/#\/schema\/person\/c2cd9f6fa1af5c0d0eccd0fefa575c88","name":"Andr\u00e9s Quiroz","image":{"@type":"ImageObject","inLanguage":"en-US","@id":"https:\/\/secure.gravatar.com\/avatar\/?s=96&d=mm&r=g","url":"https:\/\/secure.gravatar.com\/avatar\/?s=96&d=mm&r=g","contentUrl":"https:\/\/secure.gravatar.com\/avatar\/?s=96&d=mm&r=g","caption":"Andr\u00e9s Quiroz"},"description":"Licenciado en Periodismo por la Universidad de los Andes. Me encargo de analizar y compartir los contenidos m\u00e1s destacados de la\u00a0actualidad del F\u00fatbol Club Barcelona, Mercado de Fichajes y F\u00fatbol Internacional en FCBN. La informaci\u00f3n es poder, pero tambi\u00e9n conocimiento.","url":"https:\/\/www.fcbarcelonanoticias.com\/en\/fc-barcelona\/andres-quiroz_17_115.html"}]}},"_links":{"self":[{"href":"https:\/\/www.fcbarcelonanoticias.com\/en\/wp-json\/wp\/v2\/posts\/95114","targetHints":{"allow":["GET"]}}],"collection":[{"href":"https:\/\/www.fcbarcelonanoticias.com\/en\/wp-json\/wp\/v2\/posts"}],"about":[{"href":"https:\/\/www.fcbarcelonanoticias.com\/en\/wp-json\/wp\/v2\/types\/post"}],"author":[{"embeddable":true,"href":"https:\/\/www.fcbarcelonanoticias.com\/en\/wp-json\/wp\/v2\/users\/347"}],"replies":[{"embeddable":true,"href":"https:\/\/www.fcbarcelonanoticias.com\/en\/wp-json\/wp\/v2\/comments?post=95114"}],"version-history":[{"count":3,"href":"https:\/\/www.fcbarcelonanoticias.com\/en\/wp-json\/wp\/v2\/posts\/95114\/revisions"}],"predecessor-version":[{"id":177419,"href":"https:\/\/www.fcbarcelonanoticias.com\/en\/wp-json\/wp\/v2\/posts\/95114\/revisions\/177419"}],"wp:featuredmedia":[{"embeddable":true,"href":"https:\/\/www.fcbarcelonanoticias.com\/en\/wp-json\/wp\/v2\/media\/95120"}],"wp:attachment":[{"href":"https:\/\/www.fcbarcelonanoticias.com\/en\/wp-json\/wp\/v2\/media?parent=95114"}],"wp:term":[{"taxonomy":"category","embeddable":true,"href":"https:\/\/www.fcbarcelonanoticias.com\/en\/wp-json\/wp\/v2\/categories?post=95114"},{"taxonomy":"post_tag","embeddable":true,"href":"https:\/\/www.fcbarcelonanoticias.com\/en\/wp-json\/wp\/v2\/tags?post=95114"}],"curies":[{"name":"wp","href":"https:\/\/api.w.org\/{rel}","templated":true}]}}