{"id":95115,"date":"2023-04-21T21:05:00","date_gmt":"2023-04-21T19:05:00","guid":{"rendered":"https:\/\/weisetech.dev\/fc-barcelona-noticias\/en\/barcelona-now-opens-the-door-for-sale-of-kessie_291728_102\/"},"modified":"2023-04-21T21:05:00","modified_gmt":"2023-04-21T19:05:00","slug":"barcelona-now-opens-the-door-for-sale-of-kessie_291728_102","status":"publish","type":"post","link":"https:\/\/www.fcbarcelonanoticias.com\/en\/transfers\/barcelona-now-opens-the-door-for-sale-of-kessie_291728_102.html","title":{"rendered":"FC Barcelona now opens the door to the sale of Kessi\u00e9"},"content":{"rendered":"<h2 class=\"wp-block-heading\">FC Barcelona will have to make complicated decisions in the coming weeks and one of them has already arrived. The cul\u00e9s are already willing to listen to offers for a player that they had as non-transferable<\/h2>  \r\n<div class=\"article-addons\">\r\n    <a href=\"https:\/\/www.fcbarcelonanoticias.com\/en\/calendar-fc-barcelona.html\"\r\n       target=\"_self\"\r\n       title=\"Calendar of FC Barcelona\"\r\n       class=\"blue-gredient-btn\">\r\n       \r\n        Calendar of FC Barcelona    <\/a>\r\n<\/div>   <p>If this Friday comentabamos that <a data-external=\"0\" data-intl-links-en=\"https:\/\/www.fcbarcelonanoticias.com\/en\/transfers\/mortizations-complicate-the-departures-of-raphinha-and-ferran-torres_291716_102.html\" data-intl-links-es=\"https:\/\/www.fcbarcelonanoticias.com\/fichajes\/amortizaciones-complican-salidas-raphinha-y-ferran-torres_291716_102.html\" href=\"https:\/\/www.fcbarcelonanoticias.com\/en\/transfers\/mortizations-complicate-the-departures-of-raphinha-and-ferran-torres_291716_102.html\" rel=\"follow\" target=\"_self\" title=\"Las amortizaciones complican las salidas de Raphinha y&nbsp;Ferran&nbsp;Torres\">the exits of Raphinha and Ferran are something complicated<\/a> by the little time in staff and the figures that paid by each one of them, that is not the case of Franck Kessi\u00e9. To weigh that the marfile\u00f1o arrived also in the 2022, in the market of summer, his condition to having signed like free player puts him, now yes, in the ramp of exit.<\/p>  <p>Like sucede with Ansu Fati, the midfield player would mean a practically total profit, was cual was his price of exit, by what would improve enormously the economy cul\u00e9. In fact, &#8216;Sport&#8217; clears that the Bar\u00e7a no longer considers him untransferable to the ex Milan <strong>and will listen proposed by him in summer with the aim to have limit salarial sufficient for signings like <\/strong><a data-external=\"0\" data-intl-links-en=\"https:\/\/www.fcbarcelonanoticias.com\/en\/transfers\/messi-gundogan-duo-free-transfers-elevaria-barca-another-level_291722_102.html\" data-intl-links-es=\"https:\/\/www.fcbarcelonanoticias.com\/fichajes\/messi-gundogan-duo-gratis-fichajes-elevaria-barca-otro-nivel_291722_102.html\" href=\"https:\/\/www.fcbarcelonanoticias.com\/en\/transfers\/messi-gundogan-duo-free-transfers-elevaria-barca-another-level_291722_102.html\" rel=\"follow\" target=\"_self\" title=\"Messi y G\u00fcndogan, el d\u00fao 'gratis' de fichajes que elevar\u00eda al Bar\u00e7a a otro nivel\">the ones of Messi and G\u00fcndogan<\/a>.<\/p>  <h2>It will arrive the moment and will negotiate a good operation<\/h2>  <p>With this stage, the Inter of Milan and a pair of clubs of the Premier League could be, without any problem, his next destination if they plant a suitable offer on the table. To weigh that in the beginning of the 2022 the change of system and the injuries gave prominence him, <strong>in this end of season is likely that the African play very little after the expected returns of Of Jong and Pedri. <\/strong><\/p>  <p>Already in the meeting of does few days with the Italian club, the executives interistas left clear the idea that fichar to Kessi\u00e9 now yes would be possible. But the information equally details that if Kessi\u00e9 has to go out, will do it for abaratar some operation of signing, <strong>in an exchange or traspasado of definite way and without including some option of purchase when finalising a cession.<\/strong><\/p>  <h2>In London is a big ally of the Bar\u00e7a<\/h2>  <p>Another of the clubs interested is the Tottenham, the one who is in search of a new trainer, something that could mark his offensive final or no. However, already it knows that the Bar\u00e7a is had to negotiate and although no malvender\u00e1 to the player, yes that it will be flexible with the price and will put some eases if the proposal is attractive, <strong>something that happens also in the negotiation by Lenglet. <\/strong><\/p> ","protected":false},"excerpt":{"rendered":"<p>FC Barcelona will have to make complicated decisions in the coming weeks and one of them has already arrived. The cul\u00e9s are already willing to listen to offers for a player that they had as non-transferable If this Friday comentabamos that the exits of Raphinha and Ferran are something complicated by the little time in [&hellip;]<\/p>\n","protected":false},"author":345,"featured_media":95126,"comment_status":"closed","ping_status":"open","sticky":false,"template":"","format":"standard","meta":{"_acf_changed":false,"inline_featured_image":false,"_nextfly_llmd_date_locked":false,"footnotes":""},"categories":[449,106],"tags":[305,48],"class_list":["post-95115","post","type-post","status-publish","format-standard","has-post-thumbnail","hentry","category-transfers-2","category-transfers","tag-frank-kessie","tag-xavi-hernandez"],"acf":[],"yoast_head":"<!-- This site is optimized with the Yoast SEO plugin v27.3 - https:\/\/yoast.com\/product\/yoast-seo-wordpress\/ -->\n<title>FC Barcelona now opens the door to the sale of Kessi\u00e9<\/title>\n<meta name=\"description\" content=\"FC Barcelona will have to make complicated decisions in the coming weeks and one of them has already arrived. The cul\u00e9s are already willing to listen to offers for a player that they had as non-transferable\" \/>\n<meta name=\"robots\" content=\"index, follow, max-snippet:-1, max-image-preview:large, max-video-preview:-1\" \/>\n<link rel=\"canonical\" href=\"https:\/\/www.fcbarcelonanoticias.com\/en\/transfers\/barcelona-now-opens-the-door-for-sale-of-kessie_291728_102.html\" \/>\n<meta property=\"og:locale\" content=\"en_US\" \/>\n<meta property=\"og:type\" content=\"article\" \/>\n<meta property=\"og:title\" content=\"FC Barcelona now opens the door to the sale of Kessi\u00e9\" \/>\n<meta property=\"og:description\" content=\"FC Barcelona will have to make complicated decisions in the coming weeks and one of them has already arrived. The cul\u00e9s are already willing to listen to offers for a player that they had as non-transferable\" \/>\n<meta property=\"og:url\" content=\"https:\/\/www.fcbarcelonanoticias.com\/en\/transfers\/barcelona-now-opens-the-door-for-sale-of-kessie_291728_102.html\" \/>\n<meta property=\"og:site_name\" content=\"EN - FC Barcelona Noticias\" \/>\n<meta property=\"article:published_time\" content=\"2023-04-21T19:05:00+00:00\" \/>\n<meta property=\"og:image\" content=\"https:\/\/www.fcbarcelonanoticias.com\/en\/wp-content\/uploads\/sites\/2\/2023\/04\/franck-kessie-en-la-disputa-de-un-balo-n.jpeg\" \/>\n\t<meta property=\"og:image:width\" content=\"1200\" \/>\n\t<meta property=\"og:image:height\" content=\"675\" \/>\n\t<meta property=\"og:image:type\" content=\"image\/jpeg\" \/>\n<meta name=\"author\" content=\"Carlos Montenegro\" \/>\n<meta name=\"twitter:card\" content=\"summary_large_image\" \/>\n<meta name=\"twitter:label1\" content=\"Written by\" \/>\n\t<meta name=\"twitter:data1\" content=\"Carlos Montenegro\" \/>\n\t<meta name=\"twitter:label2\" content=\"Est. reading time\" \/>\n\t<meta name=\"twitter:data2\" content=\"2 minutes\" \/>\n<script type=\"application\/ld+json\" class=\"yoast-schema-graph\">{\"@context\":\"https:\\\/\\\/schema.org\",\"@graph\":[{\"@type\":\"Article\",\"@id\":\"https:\\\/\\\/www.fcbarcelonanoticias.com\\\/en\\\/transfers\\\/barcelona-now-opens-the-door-for-sale-of-kessie_291728_102.html#article\",\"isPartOf\":{\"@id\":\"https:\\\/\\\/www.fcbarcelonanoticias.com\\\/en\\\/transfers\\\/barcelona-now-opens-the-door-for-sale-of-kessie_291728_102.html\"},\"author\":{\"name\":\"Carlos Montenegro\",\"@id\":\"https:\\\/\\\/www.fcbarcelonanoticias.com\\\/en\\\/#\\\/schema\\\/person\\\/aa1d038709c262cb247e240f6b39bbf5\"},\"headline\":\"FC Barcelona now opens the door to the sale of Kessi\u00e9\",\"datePublished\":\"2023-04-21T19:05:00+00:00\",\"mainEntityOfPage\":{\"@id\":\"https:\\\/\\\/www.fcbarcelonanoticias.com\\\/en\\\/transfers\\\/barcelona-now-opens-the-door-for-sale-of-kessie_291728_102.html\"},\"wordCount\":426,\"image\":{\"@id\":\"https:\\\/\\\/www.fcbarcelonanoticias.com\\\/en\\\/transfers\\\/barcelona-now-opens-the-door-for-sale-of-kessie_291728_102.html#primaryimage\"},\"thumbnailUrl\":\"https:\\\/\\\/www.fcbarcelonanoticias.com\\\/en\\\/wp-content\\\/uploads\\\/sites\\\/2\\\/2023\\\/04\\\/franck-kessie-en-la-disputa-de-un-balo-n.jpeg\",\"keywords\":[\"Frank Kessi\u00e9\",\"Xavi Hern\u00e1ndez\"],\"articleSection\":[\"Transfers\",\"Transfers\"],\"inLanguage\":\"en-US\"},{\"@type\":\"WebPage\",\"@id\":\"https:\\\/\\\/www.fcbarcelonanoticias.com\\\/en\\\/transfers\\\/barcelona-now-opens-the-door-for-sale-of-kessie_291728_102.html\",\"url\":\"https:\\\/\\\/www.fcbarcelonanoticias.com\\\/en\\\/transfers\\\/barcelona-now-opens-the-door-for-sale-of-kessie_291728_102.html\",\"name\":\"FC Barcelona now opens the door to the sale of Kessi\u00e9\",\"isPartOf\":{\"@id\":\"https:\\\/\\\/www.fcbarcelonanoticias.com\\\/en\\\/#website\"},\"primaryImageOfPage\":{\"@id\":\"https:\\\/\\\/www.fcbarcelonanoticias.com\\\/en\\\/transfers\\\/barcelona-now-opens-the-door-for-sale-of-kessie_291728_102.html#primaryimage\"},\"image\":{\"@id\":\"https:\\\/\\\/www.fcbarcelonanoticias.com\\\/en\\\/transfers\\\/barcelona-now-opens-the-door-for-sale-of-kessie_291728_102.html#primaryimage\"},\"thumbnailUrl\":\"https:\\\/\\\/www.fcbarcelonanoticias.com\\\/en\\\/wp-content\\\/uploads\\\/sites\\\/2\\\/2023\\\/04\\\/franck-kessie-en-la-disputa-de-un-balo-n.jpeg\",\"datePublished\":\"2023-04-21T19:05:00+00:00\",\"author\":{\"@id\":\"https:\\\/\\\/www.fcbarcelonanoticias.com\\\/en\\\/#\\\/schema\\\/person\\\/aa1d038709c262cb247e240f6b39bbf5\"},\"description\":\"FC Barcelona will have to make complicated decisions in the coming weeks and one of them has already arrived. The cul\u00e9s are already willing to listen to offers for a player that they had as non-transferable\",\"breadcrumb\":{\"@id\":\"https:\\\/\\\/www.fcbarcelonanoticias.com\\\/en\\\/transfers\\\/barcelona-now-opens-the-door-for-sale-of-kessie_291728_102.html#breadcrumb\"},\"inLanguage\":\"en-US\",\"potentialAction\":[{\"@type\":\"ReadAction\",\"target\":[\"https:\\\/\\\/www.fcbarcelonanoticias.com\\\/en\\\/transfers\\\/barcelona-now-opens-the-door-for-sale-of-kessie_291728_102.html\"]}]},{\"@type\":\"ImageObject\",\"inLanguage\":\"en-US\",\"@id\":\"https:\\\/\\\/www.fcbarcelonanoticias.com\\\/en\\\/transfers\\\/barcelona-now-opens-the-door-for-sale-of-kessie_291728_102.html#primaryimage\",\"url\":\"https:\\\/\\\/www.fcbarcelonanoticias.com\\\/en\\\/wp-content\\\/uploads\\\/sites\\\/2\\\/2023\\\/04\\\/franck-kessie-en-la-disputa-de-un-balo-n.jpeg\",\"contentUrl\":\"https:\\\/\\\/www.fcbarcelonanoticias.com\\\/en\\\/wp-content\\\/uploads\\\/sites\\\/2\\\/2023\\\/04\\\/franck-kessie-en-la-disputa-de-un-balo-n.jpeg\",\"width\":1200,\"height\":675},{\"@type\":\"BreadcrumbList\",\"@id\":\"https:\\\/\\\/www.fcbarcelonanoticias.com\\\/en\\\/transfers\\\/barcelona-now-opens-the-door-for-sale-of-kessie_291728_102.html#breadcrumb\",\"itemListElement\":[{\"@type\":\"ListItem\",\"position\":1,\"name\":\"Portada\",\"item\":\"https:\\\/\\\/www.fcbarcelonanoticias.com\\\/en\\\/\"},{\"@type\":\"ListItem\",\"position\":2,\"name\":\"FC Barcelona now opens the door to the sale of Kessi\u00e9\"}]},{\"@type\":\"WebSite\",\"@id\":\"https:\\\/\\\/www.fcbarcelonanoticias.com\\\/en\\\/#website\",\"url\":\"https:\\\/\\\/www.fcbarcelonanoticias.com\\\/en\\\/\",\"name\":\"EN - FC Barcelona Noticias\",\"description\":\"\",\"potentialAction\":[{\"@type\":\"SearchAction\",\"target\":{\"@type\":\"EntryPoint\",\"urlTemplate\":\"https:\\\/\\\/www.fcbarcelonanoticias.com\\\/en\\\/?s={search_term_string}\"},\"query-input\":{\"@type\":\"PropertyValueSpecification\",\"valueRequired\":true,\"valueName\":\"search_term_string\"}}],\"inLanguage\":\"en-US\"},{\"@type\":\"Person\",\"@id\":\"https:\\\/\\\/www.fcbarcelonanoticias.com\\\/en\\\/#\\\/schema\\\/person\\\/aa1d038709c262cb247e240f6b39bbf5\",\"name\":\"Carlos Montenegro\",\"image\":{\"@type\":\"ImageObject\",\"inLanguage\":\"en-US\",\"@id\":\"https:\\\/\\\/secure.gravatar.com\\\/avatar\\\/?s=96&d=mm&r=g\",\"url\":\"https:\\\/\\\/secure.gravatar.com\\\/avatar\\\/?s=96&d=mm&r=g\",\"contentUrl\":\"https:\\\/\\\/secure.gravatar.com\\\/avatar\\\/?s=96&d=mm&r=g\",\"caption\":\"Carlos Montenegro\"},\"url\":\"https:\\\/\\\/www.fcbarcelonanoticias.com\\\/en\\\/carlos-montenegro_20_115.html\"}]}<\/script>\n<!-- \/ Yoast SEO plugin. -->","yoast_head_json":{"title":"FC Barcelona now opens the door to the sale of Kessi\u00e9","description":"FC Barcelona will have to make complicated decisions in the coming weeks and one of them has already arrived. The cul\u00e9s are already willing to listen to offers for a player that they had as non-transferable","robots":{"index":"index","follow":"follow","max-snippet":"max-snippet:-1","max-image-preview":"max-image-preview:large","max-video-preview":"max-video-preview:-1"},"canonical":"https:\/\/www.fcbarcelonanoticias.com\/en\/transfers\/barcelona-now-opens-the-door-for-sale-of-kessie_291728_102.html","og_locale":"en_US","og_type":"article","og_title":"FC Barcelona now opens the door to the sale of Kessi\u00e9","og_description":"FC Barcelona will have to make complicated decisions in the coming weeks and one of them has already arrived. The cul\u00e9s are already willing to listen to offers for a player that they had as non-transferable","og_url":"https:\/\/www.fcbarcelonanoticias.com\/en\/transfers\/barcelona-now-opens-the-door-for-sale-of-kessie_291728_102.html","og_site_name":"EN - FC Barcelona Noticias","article_published_time":"2023-04-21T19:05:00+00:00","og_image":[{"width":1200,"height":675,"url":"https:\/\/www.fcbarcelonanoticias.com\/en\/wp-content\/uploads\/sites\/2\/2023\/04\/franck-kessie-en-la-disputa-de-un-balo-n.jpeg","type":"image\/jpeg"}],"author":"Carlos Montenegro","twitter_card":"summary_large_image","twitter_misc":{"Written by":"Carlos Montenegro","Est. reading time":"2 minutes"},"schema":{"@context":"https:\/\/schema.org","@graph":[{"@type":"Article","@id":"https:\/\/www.fcbarcelonanoticias.com\/en\/transfers\/barcelona-now-opens-the-door-for-sale-of-kessie_291728_102.html#article","isPartOf":{"@id":"https:\/\/www.fcbarcelonanoticias.com\/en\/transfers\/barcelona-now-opens-the-door-for-sale-of-kessie_291728_102.html"},"author":{"name":"Carlos Montenegro","@id":"https:\/\/www.fcbarcelonanoticias.com\/en\/#\/schema\/person\/aa1d038709c262cb247e240f6b39bbf5"},"headline":"FC Barcelona now opens the door to the sale of Kessi\u00e9","datePublished":"2023-04-21T19:05:00+00:00","mainEntityOfPage":{"@id":"https:\/\/www.fcbarcelonanoticias.com\/en\/transfers\/barcelona-now-opens-the-door-for-sale-of-kessie_291728_102.html"},"wordCount":426,"image":{"@id":"https:\/\/www.fcbarcelonanoticias.com\/en\/transfers\/barcelona-now-opens-the-door-for-sale-of-kessie_291728_102.html#primaryimage"},"thumbnailUrl":"https:\/\/www.fcbarcelonanoticias.com\/en\/wp-content\/uploads\/sites\/2\/2023\/04\/franck-kessie-en-la-disputa-de-un-balo-n.jpeg","keywords":["Frank Kessi\u00e9","Xavi Hern\u00e1ndez"],"articleSection":["Transfers","Transfers"],"inLanguage":"en-US"},{"@type":"WebPage","@id":"https:\/\/www.fcbarcelonanoticias.com\/en\/transfers\/barcelona-now-opens-the-door-for-sale-of-kessie_291728_102.html","url":"https:\/\/www.fcbarcelonanoticias.com\/en\/transfers\/barcelona-now-opens-the-door-for-sale-of-kessie_291728_102.html","name":"FC Barcelona now opens the door to the sale of Kessi\u00e9","isPartOf":{"@id":"https:\/\/www.fcbarcelonanoticias.com\/en\/#website"},"primaryImageOfPage":{"@id":"https:\/\/www.fcbarcelonanoticias.com\/en\/transfers\/barcelona-now-opens-the-door-for-sale-of-kessie_291728_102.html#primaryimage"},"image":{"@id":"https:\/\/www.fcbarcelonanoticias.com\/en\/transfers\/barcelona-now-opens-the-door-for-sale-of-kessie_291728_102.html#primaryimage"},"thumbnailUrl":"https:\/\/www.fcbarcelonanoticias.com\/en\/wp-content\/uploads\/sites\/2\/2023\/04\/franck-kessie-en-la-disputa-de-un-balo-n.jpeg","datePublished":"2023-04-21T19:05:00+00:00","author":{"@id":"https:\/\/www.fcbarcelonanoticias.com\/en\/#\/schema\/person\/aa1d038709c262cb247e240f6b39bbf5"},"description":"FC Barcelona will have to make complicated decisions in the coming weeks and one of them has already arrived. The cul\u00e9s are already willing to listen to offers for a player that they had as non-transferable","breadcrumb":{"@id":"https:\/\/www.fcbarcelonanoticias.com\/en\/transfers\/barcelona-now-opens-the-door-for-sale-of-kessie_291728_102.html#breadcrumb"},"inLanguage":"en-US","potentialAction":[{"@type":"ReadAction","target":["https:\/\/www.fcbarcelonanoticias.com\/en\/transfers\/barcelona-now-opens-the-door-for-sale-of-kessie_291728_102.html"]}]},{"@type":"ImageObject","inLanguage":"en-US","@id":"https:\/\/www.fcbarcelonanoticias.com\/en\/transfers\/barcelona-now-opens-the-door-for-sale-of-kessie_291728_102.html#primaryimage","url":"https:\/\/www.fcbarcelonanoticias.com\/en\/wp-content\/uploads\/sites\/2\/2023\/04\/franck-kessie-en-la-disputa-de-un-balo-n.jpeg","contentUrl":"https:\/\/www.fcbarcelonanoticias.com\/en\/wp-content\/uploads\/sites\/2\/2023\/04\/franck-kessie-en-la-disputa-de-un-balo-n.jpeg","width":1200,"height":675},{"@type":"BreadcrumbList","@id":"https:\/\/www.fcbarcelonanoticias.com\/en\/transfers\/barcelona-now-opens-the-door-for-sale-of-kessie_291728_102.html#breadcrumb","itemListElement":[{"@type":"ListItem","position":1,"name":"Portada","item":"https:\/\/www.fcbarcelonanoticias.com\/en\/"},{"@type":"ListItem","position":2,"name":"FC Barcelona now opens the door to the sale of Kessi\u00e9"}]},{"@type":"WebSite","@id":"https:\/\/www.fcbarcelonanoticias.com\/en\/#website","url":"https:\/\/www.fcbarcelonanoticias.com\/en\/","name":"EN - FC Barcelona Noticias","description":"","potentialAction":[{"@type":"SearchAction","target":{"@type":"EntryPoint","urlTemplate":"https:\/\/www.fcbarcelonanoticias.com\/en\/?s={search_term_string}"},"query-input":{"@type":"PropertyValueSpecification","valueRequired":true,"valueName":"search_term_string"}}],"inLanguage":"en-US"},{"@type":"Person","@id":"https:\/\/www.fcbarcelonanoticias.com\/en\/#\/schema\/person\/aa1d038709c262cb247e240f6b39bbf5","name":"Carlos Montenegro","image":{"@type":"ImageObject","inLanguage":"en-US","@id":"https:\/\/secure.gravatar.com\/avatar\/?s=96&d=mm&r=g","url":"https:\/\/secure.gravatar.com\/avatar\/?s=96&d=mm&r=g","contentUrl":"https:\/\/secure.gravatar.com\/avatar\/?s=96&d=mm&r=g","caption":"Carlos Montenegro"},"url":"https:\/\/www.fcbarcelonanoticias.com\/en\/carlos-montenegro_20_115.html"}]}},"_links":{"self":[{"href":"https:\/\/www.fcbarcelonanoticias.com\/en\/wp-json\/wp\/v2\/posts\/95115","targetHints":{"allow":["GET"]}}],"collection":[{"href":"https:\/\/www.fcbarcelonanoticias.com\/en\/wp-json\/wp\/v2\/posts"}],"about":[{"href":"https:\/\/www.fcbarcelonanoticias.com\/en\/wp-json\/wp\/v2\/types\/post"}],"author":[{"embeddable":true,"href":"https:\/\/www.fcbarcelonanoticias.com\/en\/wp-json\/wp\/v2\/users\/345"}],"replies":[{"embeddable":true,"href":"https:\/\/www.fcbarcelonanoticias.com\/en\/wp-json\/wp\/v2\/comments?post=95115"}],"version-history":[{"count":1,"href":"https:\/\/www.fcbarcelonanoticias.com\/en\/wp-json\/wp\/v2\/posts\/95115\/revisions"}],"predecessor-version":[{"id":125207,"href":"https:\/\/www.fcbarcelonanoticias.com\/en\/wp-json\/wp\/v2\/posts\/95115\/revisions\/125207"}],"wp:featuredmedia":[{"embeddable":true,"href":"https:\/\/www.fcbarcelonanoticias.com\/en\/wp-json\/wp\/v2\/media\/95126"}],"wp:attachment":[{"href":"https:\/\/www.fcbarcelonanoticias.com\/en\/wp-json\/wp\/v2\/media?parent=95115"}],"wp:term":[{"taxonomy":"category","embeddable":true,"href":"https:\/\/www.fcbarcelonanoticias.com\/en\/wp-json\/wp\/v2\/categories?post=95115"},{"taxonomy":"post_tag","embeddable":true,"href":"https:\/\/www.fcbarcelonanoticias.com\/en\/wp-json\/wp\/v2\/tags?post=95115"}],"curies":[{"name":"wp","href":"https:\/\/api.w.org\/{rel}","templated":true}]}}