{"id":95139,"date":"2025-03-22T19:37:00","date_gmt":"2025-03-22T18:37:00","guid":{"rendered":"https:\/\/weisetech.dev\/fc-barcelona-noticias\/en\/fc-barcelona-in-check-due-to-ansu-fati-million-dollar-contract_311662_102\/"},"modified":"2025-03-22T19:37:00","modified_gmt":"2025-03-22T18:37:00","slug":"fc-barcelona-in-check-due-to-ansu-fati-million-dollar-contract_311662_102","status":"publish","type":"post","link":"https:\/\/www.fcbarcelonanoticias.com\/en\/transfers\/fc-barcelona-in-check-due-to-ansu-fati-million-dollar-contract_311662_102.html","title":{"rendered":"FC Barcelona in Check Due to Ansu Fati&#8217;s Million-Dollar Contract"},"content":{"rendered":"<h2 class=\"wp-block-heading\">Ansu Fati&#8217;s Contract: An Urgent Problem for FC Barcelona.<\/h2>  \r\n<div class=\"article-addons\">\r\n    <a href=\"https:\/\/www.fcbarcelonanoticias.com\/en\/calendar-fc-barcelona.html\"\r\n       target=\"_self\"\r\n       title=\"Calendar of FC Barcelona\"\r\n       class=\"blue-gredient-btn\">\r\n       \r\n        Calendar of FC Barcelona    <\/a>\r\n<\/div>   <p>The case of <a data-external=\"0\" data-intl-links-en=\"https:\/\/www.fcbarcelonanoticias.com\/en\/transfers\/tension-between-ansu-fati-and-barca-his-environment-upset-by-his-lack-of-minutes_311602_102.html\" data-intl-links-es=\"https:\/\/www.fcbarcelonanoticias.com\/fichajes\/tension-entre-ansu-fati-barca-su-entorno-molesto-por-su-falta-minutos_311602_102.html\" href=\"https:\/\/www.fcbarcelonanoticias.com\/en\/transfers\/tension-between-ansu-fati-and-barca-his-environment-upset-by-his-lack-of-minutes_311602_102.html\" rel=\"follow\" target=\"_self\" title=\"Tension between Ansu Fati and Bar\u00e7a: his environment upset by his lack of minutes\">Ansu Fati<\/a> is a real drama not only for the player but also for <strong>FC Barcelona<\/strong>. This season, the academy player has only played 187 minutes spread over 8 matches, and since January 4, he has remained unused in the first team. <strong>Hansi Flick<\/strong> has made it clear that he does not count on him, and his situation is critical, with the club already working on a solution for next summer.<\/p>  <p>The blue entity sought an exit for him last January, where he received several offers to take him out of the Catalan capital. In fact, the German coach, with the institution&#8217;s approval, called him to his office to inform him that the best thing for his future is to change environments, but the academy player remained firm in his stance and preferred to fight for a place in the first team, <strong>although two months later he still cannot change his status<\/strong>.<\/p>  <p>However, once the season is over, <a data-external=\"0\" data-intl-links-en=\"https:\/\/www.fcbarcelonanoticias.com\/en\/transfers\/the-future-of-ansu-fati-will-shape-the-fc-barcelona-transfer-market_311581_102.html\" data-intl-links-es=\"https:\/\/www.fcbarcelonanoticias.com\/fichajes\/futuro-ansu-fati-marcara-mercado-fichajes-fc-barcelona_311581_102.html\" href=\"https:\/\/www.fcbarcelonanoticias.com\/en\/transfers\/the-future-of-ansu-fati-will-shape-the-fc-barcelona-transfer-market_311581_102.html\" rel=\"follow\" target=\"_self\" title=\"The future of Ansu Fati will shape the FC Barcelona transfer market\">Ansu&#8217;s folder will again be addressed by the sports management<\/a>. The player&#8217;s contract is a real burden for <strong>Bar\u00e7a<\/strong>, as he receives an excessively high salary for a player who has no prominence in the first team.<\/p>  <h2>Ansu Fati&#8217;s Contract Worries Bar\u00e7a<\/h2>  <p>According to &#8216;SPORT&#8217;, <strong>Fati&#8217;s<\/strong> link with the Catalans is ascending (six million euros gross in the first year and, from there, eight, ten, twelve, and fourteen million in the last year, always gross) <strong>and places him among the highest in the current squad<\/strong>. The forward also renewed in 2021 until 2027, so he still has two and a half more seasons of commitment, and the Catalans need to free up salary mass as soon as possible, which makes his case a significant economic concern.<\/p>  <p>For that reason, <strong>the departure of the Spanish-Bissau-Guinean next summer has become a state matter at Spotify Camp Nou<\/strong>, where their priority is to fill spots with players who can meet the demands currently being asked of the team. Meanwhile, the attacker continues to train alongside his teammates, but is aware that he is not in the coach&#8217;s plans and that his time in the blue and garnet locker room is limited.<\/p>  <p>The ball is in the court of the &#8217;10&#8217; cul\u00e9, <strong>who finds it very difficult to play again this season<\/strong> and who, if he decides to continue under the German&#8217;s orders, is looking at another year in obscurity. A scenario that a player at 22 years old cannot afford, as he still has a whole career ahead of him. Many teams will come back for his signing at the end of the season, so he will have to make a key decision that benefits all parties involved.<\/p> ","protected":false},"excerpt":{"rendered":"<p>Ansu Fati&#8217;s Contract: An Urgent Problem for FC Barcelona. The case of Ansu Fati is a real drama not only for the player but also for FC Barcelona. This season, the academy player has only played 187 minutes spread over 8 matches, and since January 4, he has remained unused in the first team. Hansi [&hellip;]<\/p>\n","protected":false},"author":358,"featured_media":95150,"comment_status":"closed","ping_status":"open","sticky":false,"template":"","format":"standard","meta":{"_acf_changed":false,"inline_featured_image":false,"_nextfly_llmd_date_locked":false,"footnotes":""},"categories":[449,106],"tags":[],"class_list":["post-95139","post","type-post","status-publish","format-standard","has-post-thumbnail","hentry","category-transfers-2","category-transfers"],"acf":[],"yoast_head":"<!-- This site is optimized with the Yoast SEO plugin v27.3 - https:\/\/yoast.com\/product\/yoast-seo-wordpress\/ -->\n<title>FC Barcelona in Check Due to Ansu Fati&#039;s Million-Dollar Contract<\/title>\n<meta name=\"description\" content=\"Ansu Fati&#039;s increasing contract poses a significant problem for Bar\u00e7a. The cul\u00e9s will seek to find a way to offload the player by any means next summer\" \/>\n<meta name=\"robots\" content=\"index, follow, max-snippet:-1, max-image-preview:large, max-video-preview:-1\" \/>\n<link rel=\"canonical\" href=\"https:\/\/www.fcbarcelonanoticias.com\/en\/transfers\/fc-barcelona-in-check-due-to-ansu-fati-million-dollar-contract_311662_102.html\" \/>\n<meta property=\"og:locale\" content=\"en_US\" \/>\n<meta property=\"og:type\" content=\"article\" \/>\n<meta property=\"og:title\" content=\"FC Barcelona in Check Due to Ansu Fati&#039;s Million-Dollar Contract\" \/>\n<meta property=\"og:description\" content=\"Ansu Fati&#039;s increasing contract poses a significant problem for Bar\u00e7a. The cul\u00e9s will seek to find a way to offload the player by any means next summer\" \/>\n<meta property=\"og:url\" content=\"https:\/\/www.fcbarcelonanoticias.com\/en\/transfers\/fc-barcelona-in-check-due-to-ansu-fati-million-dollar-contract_311662_102.html\" \/>\n<meta property=\"og:site_name\" content=\"EN - FC Barcelona Noticias\" \/>\n<meta property=\"article:published_time\" content=\"2025-03-22T18:37:00+00:00\" \/>\n<meta property=\"og:image\" content=\"https:\/\/www.fcbarcelonanoticias.com\/en\/wp-content\/uploads\/sites\/2\/2025\/03\/ansu-fati-fc-barcelona.webp\" \/>\n\t<meta property=\"og:image:width\" content=\"1200\" \/>\n\t<meta property=\"og:image:height\" content=\"675\" \/>\n\t<meta property=\"og:image:type\" content=\"image\/webp\" \/>\n<meta name=\"author\" content=\"Juan Pablo Berdugo\" \/>\n<meta name=\"twitter:card\" content=\"summary_large_image\" \/>\n<meta name=\"twitter:label1\" content=\"Written by\" \/>\n\t<meta name=\"twitter:data1\" content=\"Juan Pablo Berdugo\" \/>\n\t<meta name=\"twitter:label2\" content=\"Est. reading time\" \/>\n\t<meta name=\"twitter:data2\" content=\"2 minutes\" \/>\n<script type=\"application\/ld+json\" class=\"yoast-schema-graph\">{\"@context\":\"https:\\\/\\\/schema.org\",\"@graph\":[{\"@type\":\"Article\",\"@id\":\"https:\\\/\\\/www.fcbarcelonanoticias.com\\\/en\\\/transfers\\\/fc-barcelona-in-check-due-to-ansu-fati-million-dollar-contract_311662_102.html#article\",\"isPartOf\":{\"@id\":\"https:\\\/\\\/www.fcbarcelonanoticias.com\\\/en\\\/transfers\\\/fc-barcelona-in-check-due-to-ansu-fati-million-dollar-contract_311662_102.html\"},\"author\":{\"name\":\"Juan Pablo Berdugo\",\"@id\":\"https:\\\/\\\/www.fcbarcelonanoticias.com\\\/en\\\/#\\\/schema\\\/person\\\/88d756918a0a1ae9fa593b5edddd1815\"},\"headline\":\"FC Barcelona in Check Due to Ansu Fati&#8217;s Million-Dollar Contract\",\"datePublished\":\"2025-03-22T18:37:00+00:00\",\"mainEntityOfPage\":{\"@id\":\"https:\\\/\\\/www.fcbarcelonanoticias.com\\\/en\\\/transfers\\\/fc-barcelona-in-check-due-to-ansu-fati-million-dollar-contract_311662_102.html\"},\"wordCount\":469,\"image\":{\"@id\":\"https:\\\/\\\/www.fcbarcelonanoticias.com\\\/en\\\/transfers\\\/fc-barcelona-in-check-due-to-ansu-fati-million-dollar-contract_311662_102.html#primaryimage\"},\"thumbnailUrl\":\"https:\\\/\\\/www.fcbarcelonanoticias.com\\\/en\\\/wp-content\\\/uploads\\\/sites\\\/2\\\/2025\\\/03\\\/ansu-fati-fc-barcelona.webp\",\"articleSection\":[\"Transfers\",\"Transfers\"],\"inLanguage\":\"en-US\"},{\"@type\":\"WebPage\",\"@id\":\"https:\\\/\\\/www.fcbarcelonanoticias.com\\\/en\\\/transfers\\\/fc-barcelona-in-check-due-to-ansu-fati-million-dollar-contract_311662_102.html\",\"url\":\"https:\\\/\\\/www.fcbarcelonanoticias.com\\\/en\\\/transfers\\\/fc-barcelona-in-check-due-to-ansu-fati-million-dollar-contract_311662_102.html\",\"name\":\"FC Barcelona in Check Due to Ansu Fati's Million-Dollar Contract\",\"isPartOf\":{\"@id\":\"https:\\\/\\\/www.fcbarcelonanoticias.com\\\/en\\\/#website\"},\"primaryImageOfPage\":{\"@id\":\"https:\\\/\\\/www.fcbarcelonanoticias.com\\\/en\\\/transfers\\\/fc-barcelona-in-check-due-to-ansu-fati-million-dollar-contract_311662_102.html#primaryimage\"},\"image\":{\"@id\":\"https:\\\/\\\/www.fcbarcelonanoticias.com\\\/en\\\/transfers\\\/fc-barcelona-in-check-due-to-ansu-fati-million-dollar-contract_311662_102.html#primaryimage\"},\"thumbnailUrl\":\"https:\\\/\\\/www.fcbarcelonanoticias.com\\\/en\\\/wp-content\\\/uploads\\\/sites\\\/2\\\/2025\\\/03\\\/ansu-fati-fc-barcelona.webp\",\"datePublished\":\"2025-03-22T18:37:00+00:00\",\"author\":{\"@id\":\"https:\\\/\\\/www.fcbarcelonanoticias.com\\\/en\\\/#\\\/schema\\\/person\\\/88d756918a0a1ae9fa593b5edddd1815\"},\"description\":\"Ansu Fati's increasing contract poses a significant problem for Bar\u00e7a. The cul\u00e9s will seek to find a way to offload the player by any means next summer\",\"breadcrumb\":{\"@id\":\"https:\\\/\\\/www.fcbarcelonanoticias.com\\\/en\\\/transfers\\\/fc-barcelona-in-check-due-to-ansu-fati-million-dollar-contract_311662_102.html#breadcrumb\"},\"inLanguage\":\"en-US\",\"potentialAction\":[{\"@type\":\"ReadAction\",\"target\":[\"https:\\\/\\\/www.fcbarcelonanoticias.com\\\/en\\\/transfers\\\/fc-barcelona-in-check-due-to-ansu-fati-million-dollar-contract_311662_102.html\"]}]},{\"@type\":\"ImageObject\",\"inLanguage\":\"en-US\",\"@id\":\"https:\\\/\\\/www.fcbarcelonanoticias.com\\\/en\\\/transfers\\\/fc-barcelona-in-check-due-to-ansu-fati-million-dollar-contract_311662_102.html#primaryimage\",\"url\":\"https:\\\/\\\/www.fcbarcelonanoticias.com\\\/en\\\/wp-content\\\/uploads\\\/sites\\\/2\\\/2025\\\/03\\\/ansu-fati-fc-barcelona.webp\",\"contentUrl\":\"https:\\\/\\\/www.fcbarcelonanoticias.com\\\/en\\\/wp-content\\\/uploads\\\/sites\\\/2\\\/2025\\\/03\\\/ansu-fati-fc-barcelona.webp\",\"width\":1200,\"height\":675},{\"@type\":\"BreadcrumbList\",\"@id\":\"https:\\\/\\\/www.fcbarcelonanoticias.com\\\/en\\\/transfers\\\/fc-barcelona-in-check-due-to-ansu-fati-million-dollar-contract_311662_102.html#breadcrumb\",\"itemListElement\":[{\"@type\":\"ListItem\",\"position\":1,\"name\":\"Portada\",\"item\":\"https:\\\/\\\/www.fcbarcelonanoticias.com\\\/en\\\/\"},{\"@type\":\"ListItem\",\"position\":2,\"name\":\"FC Barcelona in Check Due to Ansu Fati&#8217;s Million-Dollar Contract\"}]},{\"@type\":\"WebSite\",\"@id\":\"https:\\\/\\\/www.fcbarcelonanoticias.com\\\/en\\\/#website\",\"url\":\"https:\\\/\\\/www.fcbarcelonanoticias.com\\\/en\\\/\",\"name\":\"EN - FC Barcelona Noticias\",\"description\":\"\",\"potentialAction\":[{\"@type\":\"SearchAction\",\"target\":{\"@type\":\"EntryPoint\",\"urlTemplate\":\"https:\\\/\\\/www.fcbarcelonanoticias.com\\\/en\\\/?s={search_term_string}\"},\"query-input\":{\"@type\":\"PropertyValueSpecification\",\"valueRequired\":true,\"valueName\":\"search_term_string\"}}],\"inLanguage\":\"en-US\"},{\"@type\":\"Person\",\"@id\":\"https:\\\/\\\/www.fcbarcelonanoticias.com\\\/en\\\/#\\\/schema\\\/person\\\/88d756918a0a1ae9fa593b5edddd1815\",\"name\":\"Juan Pablo Berdugo\",\"image\":{\"@type\":\"ImageObject\",\"inLanguage\":\"en-US\",\"@id\":\"https:\\\/\\\/secure.gravatar.com\\\/avatar\\\/?s=96&d=mm&r=g\",\"url\":\"https:\\\/\\\/secure.gravatar.com\\\/avatar\\\/?s=96&d=mm&r=g\",\"contentUrl\":\"https:\\\/\\\/secure.gravatar.com\\\/avatar\\\/?s=96&d=mm&r=g\",\"caption\":\"Juan Pablo Berdugo\"},\"description\":\"Juan Pablo Berdugo es graduado en Periodismo. Colabora con FCBN como especialista en informaci\u00f3n del primer equipo del FC Barcelona, f\u00fatbol internacional y mercado de fichajes. Destaca por su enfoque anal\u00edtico, su rigor informativo y su capacidad para detectar tendencias emergentes en el f\u00fatbol global.\",\"url\":\"https:\\\/\\\/www.fcbarcelonanoticias.com\\\/en\\\/fc-barcelona\\\/juan-pablo-berdugo_18_115.html\"}]}<\/script>\n<!-- \/ Yoast SEO plugin. -->","yoast_head_json":{"title":"FC Barcelona in Check Due to Ansu Fati's Million-Dollar Contract","description":"Ansu Fati's increasing contract poses a significant problem for Bar\u00e7a. The cul\u00e9s will seek to find a way to offload the player by any means next summer","robots":{"index":"index","follow":"follow","max-snippet":"max-snippet:-1","max-image-preview":"max-image-preview:large","max-video-preview":"max-video-preview:-1"},"canonical":"https:\/\/www.fcbarcelonanoticias.com\/en\/transfers\/fc-barcelona-in-check-due-to-ansu-fati-million-dollar-contract_311662_102.html","og_locale":"en_US","og_type":"article","og_title":"FC Barcelona in Check Due to Ansu Fati's Million-Dollar Contract","og_description":"Ansu Fati's increasing contract poses a significant problem for Bar\u00e7a. The cul\u00e9s will seek to find a way to offload the player by any means next summer","og_url":"https:\/\/www.fcbarcelonanoticias.com\/en\/transfers\/fc-barcelona-in-check-due-to-ansu-fati-million-dollar-contract_311662_102.html","og_site_name":"EN - FC Barcelona Noticias","article_published_time":"2025-03-22T18:37:00+00:00","og_image":[{"width":1200,"height":675,"url":"https:\/\/www.fcbarcelonanoticias.com\/en\/wp-content\/uploads\/sites\/2\/2025\/03\/ansu-fati-fc-barcelona.webp","type":"image\/webp"}],"author":"Juan Pablo Berdugo","twitter_card":"summary_large_image","twitter_misc":{"Written by":"Juan Pablo Berdugo","Est. reading time":"2 minutes"},"schema":{"@context":"https:\/\/schema.org","@graph":[{"@type":"Article","@id":"https:\/\/www.fcbarcelonanoticias.com\/en\/transfers\/fc-barcelona-in-check-due-to-ansu-fati-million-dollar-contract_311662_102.html#article","isPartOf":{"@id":"https:\/\/www.fcbarcelonanoticias.com\/en\/transfers\/fc-barcelona-in-check-due-to-ansu-fati-million-dollar-contract_311662_102.html"},"author":{"name":"Juan Pablo Berdugo","@id":"https:\/\/www.fcbarcelonanoticias.com\/en\/#\/schema\/person\/88d756918a0a1ae9fa593b5edddd1815"},"headline":"FC Barcelona in Check Due to Ansu Fati&#8217;s Million-Dollar Contract","datePublished":"2025-03-22T18:37:00+00:00","mainEntityOfPage":{"@id":"https:\/\/www.fcbarcelonanoticias.com\/en\/transfers\/fc-barcelona-in-check-due-to-ansu-fati-million-dollar-contract_311662_102.html"},"wordCount":469,"image":{"@id":"https:\/\/www.fcbarcelonanoticias.com\/en\/transfers\/fc-barcelona-in-check-due-to-ansu-fati-million-dollar-contract_311662_102.html#primaryimage"},"thumbnailUrl":"https:\/\/www.fcbarcelonanoticias.com\/en\/wp-content\/uploads\/sites\/2\/2025\/03\/ansu-fati-fc-barcelona.webp","articleSection":["Transfers","Transfers"],"inLanguage":"en-US"},{"@type":"WebPage","@id":"https:\/\/www.fcbarcelonanoticias.com\/en\/transfers\/fc-barcelona-in-check-due-to-ansu-fati-million-dollar-contract_311662_102.html","url":"https:\/\/www.fcbarcelonanoticias.com\/en\/transfers\/fc-barcelona-in-check-due-to-ansu-fati-million-dollar-contract_311662_102.html","name":"FC Barcelona in Check Due to Ansu Fati's Million-Dollar Contract","isPartOf":{"@id":"https:\/\/www.fcbarcelonanoticias.com\/en\/#website"},"primaryImageOfPage":{"@id":"https:\/\/www.fcbarcelonanoticias.com\/en\/transfers\/fc-barcelona-in-check-due-to-ansu-fati-million-dollar-contract_311662_102.html#primaryimage"},"image":{"@id":"https:\/\/www.fcbarcelonanoticias.com\/en\/transfers\/fc-barcelona-in-check-due-to-ansu-fati-million-dollar-contract_311662_102.html#primaryimage"},"thumbnailUrl":"https:\/\/www.fcbarcelonanoticias.com\/en\/wp-content\/uploads\/sites\/2\/2025\/03\/ansu-fati-fc-barcelona.webp","datePublished":"2025-03-22T18:37:00+00:00","author":{"@id":"https:\/\/www.fcbarcelonanoticias.com\/en\/#\/schema\/person\/88d756918a0a1ae9fa593b5edddd1815"},"description":"Ansu Fati's increasing contract poses a significant problem for Bar\u00e7a. The cul\u00e9s will seek to find a way to offload the player by any means next summer","breadcrumb":{"@id":"https:\/\/www.fcbarcelonanoticias.com\/en\/transfers\/fc-barcelona-in-check-due-to-ansu-fati-million-dollar-contract_311662_102.html#breadcrumb"},"inLanguage":"en-US","potentialAction":[{"@type":"ReadAction","target":["https:\/\/www.fcbarcelonanoticias.com\/en\/transfers\/fc-barcelona-in-check-due-to-ansu-fati-million-dollar-contract_311662_102.html"]}]},{"@type":"ImageObject","inLanguage":"en-US","@id":"https:\/\/www.fcbarcelonanoticias.com\/en\/transfers\/fc-barcelona-in-check-due-to-ansu-fati-million-dollar-contract_311662_102.html#primaryimage","url":"https:\/\/www.fcbarcelonanoticias.com\/en\/wp-content\/uploads\/sites\/2\/2025\/03\/ansu-fati-fc-barcelona.webp","contentUrl":"https:\/\/www.fcbarcelonanoticias.com\/en\/wp-content\/uploads\/sites\/2\/2025\/03\/ansu-fati-fc-barcelona.webp","width":1200,"height":675},{"@type":"BreadcrumbList","@id":"https:\/\/www.fcbarcelonanoticias.com\/en\/transfers\/fc-barcelona-in-check-due-to-ansu-fati-million-dollar-contract_311662_102.html#breadcrumb","itemListElement":[{"@type":"ListItem","position":1,"name":"Portada","item":"https:\/\/www.fcbarcelonanoticias.com\/en\/"},{"@type":"ListItem","position":2,"name":"FC Barcelona in Check Due to Ansu Fati&#8217;s Million-Dollar Contract"}]},{"@type":"WebSite","@id":"https:\/\/www.fcbarcelonanoticias.com\/en\/#website","url":"https:\/\/www.fcbarcelonanoticias.com\/en\/","name":"EN - FC Barcelona Noticias","description":"","potentialAction":[{"@type":"SearchAction","target":{"@type":"EntryPoint","urlTemplate":"https:\/\/www.fcbarcelonanoticias.com\/en\/?s={search_term_string}"},"query-input":{"@type":"PropertyValueSpecification","valueRequired":true,"valueName":"search_term_string"}}],"inLanguage":"en-US"},{"@type":"Person","@id":"https:\/\/www.fcbarcelonanoticias.com\/en\/#\/schema\/person\/88d756918a0a1ae9fa593b5edddd1815","name":"Juan Pablo Berdugo","image":{"@type":"ImageObject","inLanguage":"en-US","@id":"https:\/\/secure.gravatar.com\/avatar\/?s=96&d=mm&r=g","url":"https:\/\/secure.gravatar.com\/avatar\/?s=96&d=mm&r=g","contentUrl":"https:\/\/secure.gravatar.com\/avatar\/?s=96&d=mm&r=g","caption":"Juan Pablo Berdugo"},"description":"Juan Pablo Berdugo es graduado en Periodismo. Colabora con FCBN como especialista en informaci\u00f3n del primer equipo del FC Barcelona, f\u00fatbol internacional y mercado de fichajes. Destaca por su enfoque anal\u00edtico, su rigor informativo y su capacidad para detectar tendencias emergentes en el f\u00fatbol global.","url":"https:\/\/www.fcbarcelonanoticias.com\/en\/fc-barcelona\/juan-pablo-berdugo_18_115.html"}]}},"_links":{"self":[{"href":"https:\/\/www.fcbarcelonanoticias.com\/en\/wp-json\/wp\/v2\/posts\/95139","targetHints":{"allow":["GET"]}}],"collection":[{"href":"https:\/\/www.fcbarcelonanoticias.com\/en\/wp-json\/wp\/v2\/posts"}],"about":[{"href":"https:\/\/www.fcbarcelonanoticias.com\/en\/wp-json\/wp\/v2\/types\/post"}],"author":[{"embeddable":true,"href":"https:\/\/www.fcbarcelonanoticias.com\/en\/wp-json\/wp\/v2\/users\/358"}],"replies":[{"embeddable":true,"href":"https:\/\/www.fcbarcelonanoticias.com\/en\/wp-json\/wp\/v2\/comments?post=95139"}],"version-history":[{"count":1,"href":"https:\/\/www.fcbarcelonanoticias.com\/en\/wp-json\/wp\/v2\/posts\/95139\/revisions"}],"predecessor-version":[{"id":126760,"href":"https:\/\/www.fcbarcelonanoticias.com\/en\/wp-json\/wp\/v2\/posts\/95139\/revisions\/126760"}],"wp:featuredmedia":[{"embeddable":true,"href":"https:\/\/www.fcbarcelonanoticias.com\/en\/wp-json\/wp\/v2\/media\/95150"}],"wp:attachment":[{"href":"https:\/\/www.fcbarcelonanoticias.com\/en\/wp-json\/wp\/v2\/media?parent=95139"}],"wp:term":[{"taxonomy":"category","embeddable":true,"href":"https:\/\/www.fcbarcelonanoticias.com\/en\/wp-json\/wp\/v2\/categories?post=95139"},{"taxonomy":"post_tag","embeddable":true,"href":"https:\/\/www.fcbarcelonanoticias.com\/en\/wp-json\/wp\/v2\/tags?post=95139"}],"curies":[{"name":"wp","href":"https:\/\/api.w.org\/{rel}","templated":true}]}}