{"id":95148,"date":"2024-05-22T20:33:00","date_gmt":"2024-05-22T18:33:00","guid":{"rendered":"https:\/\/weisetech.dev\/fc-barcelona-noticias\/en\/barca-interest-in-hansi-flick-does-not-detract-from-rafa-marquez-candidacy_303757_102\/"},"modified":"2024-05-22T20:34:00","modified_gmt":"2024-05-22T18:34:00","slug":"barca-interest-in-hansi-flick-does-not-detract-from-rafa-marquez-candidacy_303757_102","status":"publish","type":"post","link":"https:\/\/www.fcbarcelonanoticias.com\/en\/transfers\/barca-interest-in-hansi-flick-does-not-detract-from-rafa-marquez-candidacy_303757_102.html","title":{"rendered":"Bar\u00e7a&#8217;s interest in Hansi Flick does not detract from Rafa M\u00e1rquez&#8217;s candidacy"},"content":{"rendered":"<h2 class=\"wp-block-heading\">FC Barcelona&#8217;s favorite to replace Xavi Hern\u00e1ndez in case he leaves would be Hansi Flick. However, the club seems not to rule out the candidacy of Rafa M\u00e1rquez, an option that has gained a lot of weight in the cul\u00e9 team in recent times<\/h2>  \r\n<div class=\"article-addons\">\r\n    <a href=\"https:\/\/www.fcbarcelonanoticias.com\/en\/calendar-fc-barcelona.html\"\r\n       target=\"_self\"\r\n       title=\"Calendar of FC Barcelona\"\r\n       class=\"blue-gredient-btn\">\r\n       \r\n        Calendar of FC Barcelona    <\/a>\r\n<\/div>   <p>From the City Condal, <a data-external=\"0\" data-intl-links-en=\"https:\/\/www.fcbarcelonanoticias.com\/en\/fc-barcelona\/the-keys-to-the-summit-to-define-xavi-future-at-barca_303728_102.html\" data-intl-links-es=\"https:\/\/www.fcbarcelonanoticias.com\/fc-barcelona\/claves-cumbre-definir-futuro-xavi-en-barca_303728_102.html\" href=\"https:\/\/www.fcbarcelonanoticias.com\/en\/fc-barcelona\/fc-barcelona\/the-keys-to-the-summit-to-define-xavi-future-at-barca_303728_102.html\" rel=\"follow\" target=\"_self\" title=\"Las claves de la 'cumbre' para definir el futuro de Xavi en el Bar\u00e7a\">the rumours around the continuity of Xavi Hern\u00e1ndez have not left to surface in the last days<\/a>. With this uncertainty in the charge of trainer, <strong>does not result surprising that the FC Barcelona have begun to move and to explore again his list of candidates<\/strong> to see who adjusts better to the needs of the club, so much in the sportive field as in the economic, in case that the egarense was relieved of his functions.<\/p>  <p>Under this premise, one of the names that seems to interest more to the Catalan cast is the one of Hansi Flick, the one who finds available after his fallida adventure with the selection of Germany.<strong> Apparently, the native of Heidelberg would not see with bad eyes join to the combined Barcelonan<\/strong>, <a data-external=\"0\" data-intl-links-en=\"https:\/\/www.fcbarcelonanoticias.com\/en\/transfers\/wait-barca-hansi-flick-rejects-bench-chelsea-goodbye-pochettino_303734_102.html\" data-intl-links-es=\"https:\/\/www.fcbarcelonanoticias.com\/fichajes\/espera-barca-hansi-flick-rechaza-banquillo-chelsea-adios-pochettino_303734_102.html\" href=\"https:\/\/www.fcbarcelonanoticias.com\/en\/transfers\/wait-barca-hansi-flick-rejects-bench-chelsea-goodbye-pochettino_303734_102.html\" rel=\"follow\" target=\"_self\" title=\"\u00bfEspera al Bar\u00e7a? Hansi Flick rechaza el banquillo del Chelsea tras el adi\u00f3s de Pochettino\">refusing other sportive projects like the one of Chelsea<\/a>. This alternative seems to be of the like of Joan Laporta, the one who is an admirer of the called German school and, of course, also puts in value the successful experience heading to a big of Europe, the Bayern Munich.<\/p>  <p>The interest of the FC Barcelona by Hansi Flick is such, that recently informed that the sportive director, Deco, and the coordinator of the area of football, Bojan Krkic, travelled to London the Wednesday with the aim to <a data-external=\"0\" data-intl-links-en=\"https:\/\/www.fcbarcelonanoticias.com\/en\/transfers\/deco-and-bojan-are-in-london-to-meet-with-hansi-flick-and-discuss-his-arrival-at-barca_303750_102.html\" data-intl-links-es=\"https:\/\/www.fcbarcelonanoticias.com\/fichajes\/deco-bojan-estan-en-londres-reunirse-con-hansi-flick-tantear-su-llegada-al-barca_303750_102.html\" href=\"https:\/\/www.fcbarcelonanoticias.com\/en\/transfers\/deco-and-bojan-are-in-london-to-meet-with-hansi-flick-and-discuss-his-arrival-at-barca_303750_102.html\" rel=\"follow\" target=\"_self\" title=\"Deco y Bojan, en Londres para reunirse con Hansi Flick y 'tantear' su posible llegada&nbsp;al&nbsp;Bar\u00e7a\">keep a meeting with the trainer germano and his agent, Pini Zahavi<\/a>. <strong>This seems to be an attempt by part of the picture cul\u00e9 to advance with the incorporation of the German, know his project and availability<\/strong>.<\/p>  <h2>The candidature of Rafa M\u00e1rquez keeps firm<\/h2>  <p>However, as they aim in &#8216;SPORT&#8217;, although the candidature of Hansi Flick to be trainer of the Barcelonan square can be quite advanced, <strong>this does not mean that another of the candidates, Rafa M\u00e1rquez, have lost terrain neither much less<\/strong>. It is necessary to remember that the Mexican has a high consideration by part of the sportive direction of the club because of his work with the Bar\u00e7a Atl\u00e8tic, group with which is struggling for rising to LaLiga Hypermotion (second division) and with which has attained to improve to several players of the quarry, showing his capacity to work with the youngsters.<\/p>  <p>Likewise, the source mentioned sustains that <strong>the FC Barcelona does not consider to the &#8216;Kaiser of Michoac\u00e1n&#8217; as a patch or an option of emergency by need<\/strong>, but it evaluates it like a very serious candidature. Besides, the sportive direction knows it to perfection and does not need meetings to know how works or which is his project. Therefore, it would not be surprising that the relief of Xavi was M\u00e1rquez or Flick. However, this only will know possibly the next week, after it finish the season and make the so expected &#8216;summit&#8217; between the egarense and the directive of the club.<\/p> ","protected":false},"excerpt":{"rendered":"<p>FC Barcelona&#8217;s favorite to replace Xavi Hern\u00e1ndez in case he leaves would be Hansi Flick. However, the club seems not to rule out the candidacy of Rafa M\u00e1rquez, an option that has gained a lot of weight in the cul\u00e9 team in recent times From the City Condal, the rumours around the continuity of Xavi [&hellip;]<\/p>\n","protected":false},"author":355,"featured_media":36276,"comment_status":"closed","ping_status":"open","sticky":false,"template":"","format":"standard","meta":{"_acf_changed":false,"inline_featured_image":false,"_nextfly_llmd_date_locked":false,"footnotes":""},"categories":[106,449],"tags":[335,87,48],"class_list":["post-95148","post","type-post","status-publish","format-standard","has-post-thumbnail","hentry","category-transfers","category-transfers-2","tag-deco","tag-hansi-flick","tag-xavi-hernandez"],"acf":[],"yoast_head":"<!-- This site is optimized with the Yoast SEO plugin v27.3 - https:\/\/yoast.com\/product\/yoast-seo-wordpress\/ -->\n<title>Bar\u00e7a&#039;s interest in Hansi Flick does not detract from Rafa M\u00e1rquez&#039;s candidacy<\/title>\n<meta name=\"description\" content=\"FC Barcelona&#039;s favorite to replace Xavi Hern\u00e1ndez in case he leaves would be Hansi Flick. However, the club seems not to rule out the candidacy of Rafa M\u00e1rquez, an option that has gained a lot of weight in the cul\u00e9 team in recent times\" \/>\n<meta name=\"robots\" content=\"index, follow, max-snippet:-1, max-image-preview:large, max-video-preview:-1\" \/>\n<link rel=\"canonical\" href=\"https:\/\/www.fcbarcelonanoticias.com\/en\/transfers\/barca-interest-in-hansi-flick-does-not-detract-from-rafa-marquez-candidacy_303757_102.html\" \/>\n<meta property=\"og:locale\" content=\"en_US\" \/>\n<meta property=\"og:type\" content=\"article\" \/>\n<meta property=\"og:title\" content=\"Bar\u00e7a&#039;s interest in Hansi Flick does not detract from Rafa M\u00e1rquez&#039;s candidacy\" \/>\n<meta property=\"og:description\" content=\"FC Barcelona&#039;s favorite to replace Xavi Hern\u00e1ndez in case he leaves would be Hansi Flick. However, the club seems not to rule out the candidacy of Rafa M\u00e1rquez, an option that has gained a lot of weight in the cul\u00e9 team in recent times\" \/>\n<meta property=\"og:url\" content=\"https:\/\/www.fcbarcelonanoticias.com\/en\/transfers\/barca-interest-in-hansi-flick-does-not-detract-from-rafa-marquez-candidacy_303757_102.html\" \/>\n<meta property=\"og:site_name\" content=\"EN - FC Barcelona Noticias\" \/>\n<meta property=\"article:published_time\" content=\"2024-05-22T18:33:00+00:00\" \/>\n<meta property=\"article:modified_time\" content=\"2024-05-22T18:34:00+00:00\" \/>\n<meta property=\"og:image\" content=\"https:\/\/www.fcbarcelonanoticias.com\/en\/wp-content\/uploads\/sites\/2\/2024\/05\/rafa-marquez-archivo-1.jpeg\" \/>\n\t<meta property=\"og:image:width\" content=\"1300\" \/>\n\t<meta property=\"og:image:height\" content=\"738\" \/>\n\t<meta property=\"og:image:type\" content=\"image\/jpeg\" \/>\n<meta name=\"author\" content=\"Kevin G\u00f3mez\" \/>\n<meta name=\"twitter:card\" content=\"summary_large_image\" \/>\n<meta name=\"twitter:label1\" content=\"Written by\" \/>\n\t<meta name=\"twitter:data1\" content=\"Kevin G\u00f3mez\" \/>\n\t<meta name=\"twitter:label2\" content=\"Est. reading time\" \/>\n\t<meta name=\"twitter:data2\" content=\"3 minutes\" \/>\n<script type=\"application\/ld+json\" class=\"yoast-schema-graph\">{\"@context\":\"https:\\\/\\\/schema.org\",\"@graph\":[{\"@type\":\"Article\",\"@id\":\"https:\\\/\\\/www.fcbarcelonanoticias.com\\\/en\\\/transfers\\\/barca-interest-in-hansi-flick-does-not-detract-from-rafa-marquez-candidacy_303757_102.html#article\",\"isPartOf\":{\"@id\":\"https:\\\/\\\/www.fcbarcelonanoticias.com\\\/en\\\/transfers\\\/barca-interest-in-hansi-flick-does-not-detract-from-rafa-marquez-candidacy_303757_102.html\"},\"author\":{\"name\":\"Kevin G\u00f3mez\",\"@id\":\"https:\\\/\\\/www.fcbarcelonanoticias.com\\\/en\\\/#\\\/schema\\\/person\\\/991443f134df9a64c6874f96ff984c9d\"},\"headline\":\"Bar\u00e7a&#8217;s interest in Hansi Flick does not detract from Rafa M\u00e1rquez&#8217;s candidacy\",\"datePublished\":\"2024-05-22T18:33:00+00:00\",\"dateModified\":\"2024-05-22T18:34:00+00:00\",\"mainEntityOfPage\":{\"@id\":\"https:\\\/\\\/www.fcbarcelonanoticias.com\\\/en\\\/transfers\\\/barca-interest-in-hansi-flick-does-not-detract-from-rafa-marquez-candidacy_303757_102.html\"},\"wordCount\":538,\"image\":{\"@id\":\"https:\\\/\\\/www.fcbarcelonanoticias.com\\\/en\\\/transfers\\\/barca-interest-in-hansi-flick-does-not-detract-from-rafa-marquez-candidacy_303757_102.html#primaryimage\"},\"thumbnailUrl\":\"https:\\\/\\\/www.fcbarcelonanoticias.com\\\/en\\\/wp-content\\\/uploads\\\/sites\\\/2\\\/2024\\\/05\\\/rafa-marquez-archivo-1.jpeg\",\"keywords\":[\"Deco\",\"Hansi Flick\",\"Xavi Hern\u00e1ndez\"],\"articleSection\":[\"Transfers\",\"Transfers\"],\"inLanguage\":\"en-US\"},{\"@type\":\"WebPage\",\"@id\":\"https:\\\/\\\/www.fcbarcelonanoticias.com\\\/en\\\/transfers\\\/barca-interest-in-hansi-flick-does-not-detract-from-rafa-marquez-candidacy_303757_102.html\",\"url\":\"https:\\\/\\\/www.fcbarcelonanoticias.com\\\/en\\\/transfers\\\/barca-interest-in-hansi-flick-does-not-detract-from-rafa-marquez-candidacy_303757_102.html\",\"name\":\"Bar\u00e7a's interest in Hansi Flick does not detract from Rafa M\u00e1rquez's candidacy\",\"isPartOf\":{\"@id\":\"https:\\\/\\\/www.fcbarcelonanoticias.com\\\/en\\\/#website\"},\"primaryImageOfPage\":{\"@id\":\"https:\\\/\\\/www.fcbarcelonanoticias.com\\\/en\\\/transfers\\\/barca-interest-in-hansi-flick-does-not-detract-from-rafa-marquez-candidacy_303757_102.html#primaryimage\"},\"image\":{\"@id\":\"https:\\\/\\\/www.fcbarcelonanoticias.com\\\/en\\\/transfers\\\/barca-interest-in-hansi-flick-does-not-detract-from-rafa-marquez-candidacy_303757_102.html#primaryimage\"},\"thumbnailUrl\":\"https:\\\/\\\/www.fcbarcelonanoticias.com\\\/en\\\/wp-content\\\/uploads\\\/sites\\\/2\\\/2024\\\/05\\\/rafa-marquez-archivo-1.jpeg\",\"datePublished\":\"2024-05-22T18:33:00+00:00\",\"dateModified\":\"2024-05-22T18:34:00+00:00\",\"author\":{\"@id\":\"https:\\\/\\\/www.fcbarcelonanoticias.com\\\/en\\\/#\\\/schema\\\/person\\\/991443f134df9a64c6874f96ff984c9d\"},\"description\":\"FC Barcelona's favorite to replace Xavi Hern\u00e1ndez in case he leaves would be Hansi Flick. However, the club seems not to rule out the candidacy of Rafa M\u00e1rquez, an option that has gained a lot of weight in the cul\u00e9 team in recent times\",\"breadcrumb\":{\"@id\":\"https:\\\/\\\/www.fcbarcelonanoticias.com\\\/en\\\/transfers\\\/barca-interest-in-hansi-flick-does-not-detract-from-rafa-marquez-candidacy_303757_102.html#breadcrumb\"},\"inLanguage\":\"en-US\",\"potentialAction\":[{\"@type\":\"ReadAction\",\"target\":[\"https:\\\/\\\/www.fcbarcelonanoticias.com\\\/en\\\/transfers\\\/barca-interest-in-hansi-flick-does-not-detract-from-rafa-marquez-candidacy_303757_102.html\"]}]},{\"@type\":\"ImageObject\",\"inLanguage\":\"en-US\",\"@id\":\"https:\\\/\\\/www.fcbarcelonanoticias.com\\\/en\\\/transfers\\\/barca-interest-in-hansi-flick-does-not-detract-from-rafa-marquez-candidacy_303757_102.html#primaryimage\",\"url\":\"https:\\\/\\\/www.fcbarcelonanoticias.com\\\/en\\\/wp-content\\\/uploads\\\/sites\\\/2\\\/2024\\\/05\\\/rafa-marquez-archivo-1.jpeg\",\"contentUrl\":\"https:\\\/\\\/www.fcbarcelonanoticias.com\\\/en\\\/wp-content\\\/uploads\\\/sites\\\/2\\\/2024\\\/05\\\/rafa-marquez-archivo-1.jpeg\",\"width\":1300,\"height\":738},{\"@type\":\"BreadcrumbList\",\"@id\":\"https:\\\/\\\/www.fcbarcelonanoticias.com\\\/en\\\/transfers\\\/barca-interest-in-hansi-flick-does-not-detract-from-rafa-marquez-candidacy_303757_102.html#breadcrumb\",\"itemListElement\":[{\"@type\":\"ListItem\",\"position\":1,\"name\":\"Portada\",\"item\":\"https:\\\/\\\/www.fcbarcelonanoticias.com\\\/en\\\/\"},{\"@type\":\"ListItem\",\"position\":2,\"name\":\"Bar\u00e7a&#8217;s interest in Hansi Flick does not detract from Rafa M\u00e1rquez&#8217;s candidacy\"}]},{\"@type\":\"WebSite\",\"@id\":\"https:\\\/\\\/www.fcbarcelonanoticias.com\\\/en\\\/#website\",\"url\":\"https:\\\/\\\/www.fcbarcelonanoticias.com\\\/en\\\/\",\"name\":\"EN - FC Barcelona Noticias\",\"description\":\"\",\"potentialAction\":[{\"@type\":\"SearchAction\",\"target\":{\"@type\":\"EntryPoint\",\"urlTemplate\":\"https:\\\/\\\/www.fcbarcelonanoticias.com\\\/en\\\/?s={search_term_string}\"},\"query-input\":{\"@type\":\"PropertyValueSpecification\",\"valueRequired\":true,\"valueName\":\"search_term_string\"}}],\"inLanguage\":\"en-US\"},{\"@type\":\"Person\",\"@id\":\"https:\\\/\\\/www.fcbarcelonanoticias.com\\\/en\\\/#\\\/schema\\\/person\\\/991443f134df9a64c6874f96ff984c9d\",\"name\":\"Kevin G\u00f3mez\",\"image\":{\"@type\":\"ImageObject\",\"inLanguage\":\"en-US\",\"@id\":\"https:\\\/\\\/secure.gravatar.com\\\/avatar\\\/?s=96&d=mm&r=g\",\"url\":\"https:\\\/\\\/secure.gravatar.com\\\/avatar\\\/?s=96&d=mm&r=g\",\"contentUrl\":\"https:\\\/\\\/secure.gravatar.com\\\/avatar\\\/?s=96&d=mm&r=g\",\"caption\":\"Kevin G\u00f3mez\"},\"description\":\"Licenciado\u00a0en Periodismo y Comunicaci\u00f3n Audiovisual. Redactor en FCBN responsable de cubrir toda\u00a0la informaci\u00f3n del FC Barcelona y las principales competiciones de\u00a0f\u00fatbol.\",\"url\":\"https:\\\/\\\/www.fcbarcelonanoticias.com\\\/en\\\/jugadores\\\/kevin-gomez_23_115.html\"}]}<\/script>\n<!-- \/ Yoast SEO plugin. -->","yoast_head_json":{"title":"Bar\u00e7a's interest in Hansi Flick does not detract from Rafa M\u00e1rquez's candidacy","description":"FC Barcelona's favorite to replace Xavi Hern\u00e1ndez in case he leaves would be Hansi Flick. However, the club seems not to rule out the candidacy of Rafa M\u00e1rquez, an option that has gained a lot of weight in the cul\u00e9 team in recent times","robots":{"index":"index","follow":"follow","max-snippet":"max-snippet:-1","max-image-preview":"max-image-preview:large","max-video-preview":"max-video-preview:-1"},"canonical":"https:\/\/www.fcbarcelonanoticias.com\/en\/transfers\/barca-interest-in-hansi-flick-does-not-detract-from-rafa-marquez-candidacy_303757_102.html","og_locale":"en_US","og_type":"article","og_title":"Bar\u00e7a's interest in Hansi Flick does not detract from Rafa M\u00e1rquez's candidacy","og_description":"FC Barcelona's favorite to replace Xavi Hern\u00e1ndez in case he leaves would be Hansi Flick. However, the club seems not to rule out the candidacy of Rafa M\u00e1rquez, an option that has gained a lot of weight in the cul\u00e9 team in recent times","og_url":"https:\/\/www.fcbarcelonanoticias.com\/en\/transfers\/barca-interest-in-hansi-flick-does-not-detract-from-rafa-marquez-candidacy_303757_102.html","og_site_name":"EN - FC Barcelona Noticias","article_published_time":"2024-05-22T18:33:00+00:00","article_modified_time":"2024-05-22T18:34:00+00:00","og_image":[{"width":1300,"height":738,"url":"https:\/\/www.fcbarcelonanoticias.com\/en\/wp-content\/uploads\/sites\/2\/2024\/05\/rafa-marquez-archivo-1.jpeg","type":"image\/jpeg"}],"author":"Kevin G\u00f3mez","twitter_card":"summary_large_image","twitter_misc":{"Written by":"Kevin G\u00f3mez","Est. reading time":"3 minutes"},"schema":{"@context":"https:\/\/schema.org","@graph":[{"@type":"Article","@id":"https:\/\/www.fcbarcelonanoticias.com\/en\/transfers\/barca-interest-in-hansi-flick-does-not-detract-from-rafa-marquez-candidacy_303757_102.html#article","isPartOf":{"@id":"https:\/\/www.fcbarcelonanoticias.com\/en\/transfers\/barca-interest-in-hansi-flick-does-not-detract-from-rafa-marquez-candidacy_303757_102.html"},"author":{"name":"Kevin G\u00f3mez","@id":"https:\/\/www.fcbarcelonanoticias.com\/en\/#\/schema\/person\/991443f134df9a64c6874f96ff984c9d"},"headline":"Bar\u00e7a&#8217;s interest in Hansi Flick does not detract from Rafa M\u00e1rquez&#8217;s candidacy","datePublished":"2024-05-22T18:33:00+00:00","dateModified":"2024-05-22T18:34:00+00:00","mainEntityOfPage":{"@id":"https:\/\/www.fcbarcelonanoticias.com\/en\/transfers\/barca-interest-in-hansi-flick-does-not-detract-from-rafa-marquez-candidacy_303757_102.html"},"wordCount":538,"image":{"@id":"https:\/\/www.fcbarcelonanoticias.com\/en\/transfers\/barca-interest-in-hansi-flick-does-not-detract-from-rafa-marquez-candidacy_303757_102.html#primaryimage"},"thumbnailUrl":"https:\/\/www.fcbarcelonanoticias.com\/en\/wp-content\/uploads\/sites\/2\/2024\/05\/rafa-marquez-archivo-1.jpeg","keywords":["Deco","Hansi Flick","Xavi Hern\u00e1ndez"],"articleSection":["Transfers","Transfers"],"inLanguage":"en-US"},{"@type":"WebPage","@id":"https:\/\/www.fcbarcelonanoticias.com\/en\/transfers\/barca-interest-in-hansi-flick-does-not-detract-from-rafa-marquez-candidacy_303757_102.html","url":"https:\/\/www.fcbarcelonanoticias.com\/en\/transfers\/barca-interest-in-hansi-flick-does-not-detract-from-rafa-marquez-candidacy_303757_102.html","name":"Bar\u00e7a's interest in Hansi Flick does not detract from Rafa M\u00e1rquez's candidacy","isPartOf":{"@id":"https:\/\/www.fcbarcelonanoticias.com\/en\/#website"},"primaryImageOfPage":{"@id":"https:\/\/www.fcbarcelonanoticias.com\/en\/transfers\/barca-interest-in-hansi-flick-does-not-detract-from-rafa-marquez-candidacy_303757_102.html#primaryimage"},"image":{"@id":"https:\/\/www.fcbarcelonanoticias.com\/en\/transfers\/barca-interest-in-hansi-flick-does-not-detract-from-rafa-marquez-candidacy_303757_102.html#primaryimage"},"thumbnailUrl":"https:\/\/www.fcbarcelonanoticias.com\/en\/wp-content\/uploads\/sites\/2\/2024\/05\/rafa-marquez-archivo-1.jpeg","datePublished":"2024-05-22T18:33:00+00:00","dateModified":"2024-05-22T18:34:00+00:00","author":{"@id":"https:\/\/www.fcbarcelonanoticias.com\/en\/#\/schema\/person\/991443f134df9a64c6874f96ff984c9d"},"description":"FC Barcelona's favorite to replace Xavi Hern\u00e1ndez in case he leaves would be Hansi Flick. However, the club seems not to rule out the candidacy of Rafa M\u00e1rquez, an option that has gained a lot of weight in the cul\u00e9 team in recent times","breadcrumb":{"@id":"https:\/\/www.fcbarcelonanoticias.com\/en\/transfers\/barca-interest-in-hansi-flick-does-not-detract-from-rafa-marquez-candidacy_303757_102.html#breadcrumb"},"inLanguage":"en-US","potentialAction":[{"@type":"ReadAction","target":["https:\/\/www.fcbarcelonanoticias.com\/en\/transfers\/barca-interest-in-hansi-flick-does-not-detract-from-rafa-marquez-candidacy_303757_102.html"]}]},{"@type":"ImageObject","inLanguage":"en-US","@id":"https:\/\/www.fcbarcelonanoticias.com\/en\/transfers\/barca-interest-in-hansi-flick-does-not-detract-from-rafa-marquez-candidacy_303757_102.html#primaryimage","url":"https:\/\/www.fcbarcelonanoticias.com\/en\/wp-content\/uploads\/sites\/2\/2024\/05\/rafa-marquez-archivo-1.jpeg","contentUrl":"https:\/\/www.fcbarcelonanoticias.com\/en\/wp-content\/uploads\/sites\/2\/2024\/05\/rafa-marquez-archivo-1.jpeg","width":1300,"height":738},{"@type":"BreadcrumbList","@id":"https:\/\/www.fcbarcelonanoticias.com\/en\/transfers\/barca-interest-in-hansi-flick-does-not-detract-from-rafa-marquez-candidacy_303757_102.html#breadcrumb","itemListElement":[{"@type":"ListItem","position":1,"name":"Portada","item":"https:\/\/www.fcbarcelonanoticias.com\/en\/"},{"@type":"ListItem","position":2,"name":"Bar\u00e7a&#8217;s interest in Hansi Flick does not detract from Rafa M\u00e1rquez&#8217;s candidacy"}]},{"@type":"WebSite","@id":"https:\/\/www.fcbarcelonanoticias.com\/en\/#website","url":"https:\/\/www.fcbarcelonanoticias.com\/en\/","name":"EN - FC Barcelona Noticias","description":"","potentialAction":[{"@type":"SearchAction","target":{"@type":"EntryPoint","urlTemplate":"https:\/\/www.fcbarcelonanoticias.com\/en\/?s={search_term_string}"},"query-input":{"@type":"PropertyValueSpecification","valueRequired":true,"valueName":"search_term_string"}}],"inLanguage":"en-US"},{"@type":"Person","@id":"https:\/\/www.fcbarcelonanoticias.com\/en\/#\/schema\/person\/991443f134df9a64c6874f96ff984c9d","name":"Kevin G\u00f3mez","image":{"@type":"ImageObject","inLanguage":"en-US","@id":"https:\/\/secure.gravatar.com\/avatar\/?s=96&d=mm&r=g","url":"https:\/\/secure.gravatar.com\/avatar\/?s=96&d=mm&r=g","contentUrl":"https:\/\/secure.gravatar.com\/avatar\/?s=96&d=mm&r=g","caption":"Kevin G\u00f3mez"},"description":"Licenciado\u00a0en Periodismo y Comunicaci\u00f3n Audiovisual. Redactor en FCBN responsable de cubrir toda\u00a0la informaci\u00f3n del FC Barcelona y las principales competiciones de\u00a0f\u00fatbol.","url":"https:\/\/www.fcbarcelonanoticias.com\/en\/jugadores\/kevin-gomez_23_115.html"}]}},"_links":{"self":[{"href":"https:\/\/www.fcbarcelonanoticias.com\/en\/wp-json\/wp\/v2\/posts\/95148","targetHints":{"allow":["GET"]}}],"collection":[{"href":"https:\/\/www.fcbarcelonanoticias.com\/en\/wp-json\/wp\/v2\/posts"}],"about":[{"href":"https:\/\/www.fcbarcelonanoticias.com\/en\/wp-json\/wp\/v2\/types\/post"}],"author":[{"embeddable":true,"href":"https:\/\/www.fcbarcelonanoticias.com\/en\/wp-json\/wp\/v2\/users\/355"}],"replies":[{"embeddable":true,"href":"https:\/\/www.fcbarcelonanoticias.com\/en\/wp-json\/wp\/v2\/comments?post=95148"}],"version-history":[{"count":1,"href":"https:\/\/www.fcbarcelonanoticias.com\/en\/wp-json\/wp\/v2\/posts\/95148\/revisions"}],"predecessor-version":[{"id":96191,"href":"https:\/\/www.fcbarcelonanoticias.com\/en\/wp-json\/wp\/v2\/posts\/95148\/revisions\/96191"}],"wp:featuredmedia":[{"embeddable":true,"href":"https:\/\/www.fcbarcelonanoticias.com\/en\/wp-json\/wp\/v2\/media\/36276"}],"wp:attachment":[{"href":"https:\/\/www.fcbarcelonanoticias.com\/en\/wp-json\/wp\/v2\/media?parent=95148"}],"wp:term":[{"taxonomy":"category","embeddable":true,"href":"https:\/\/www.fcbarcelonanoticias.com\/en\/wp-json\/wp\/v2\/categories?post=95148"},{"taxonomy":"post_tag","embeddable":true,"href":"https:\/\/www.fcbarcelonanoticias.com\/en\/wp-json\/wp\/v2\/tags?post=95148"}],"curies":[{"name":"wp","href":"https:\/\/api.w.org\/{rel}","templated":true}]}}