{"id":95152,"date":"2023-03-04T19:45:00","date_gmt":"2023-03-04T18:45:00","guid":{"rendered":"https:\/\/weisetech.dev\/fc-barcelona-noticias\/en\/fc-barcelona-has-clear-the-possible-relief-of-franck-kessie-in-summer_290212_102\/"},"modified":"2023-03-04T19:46:00","modified_gmt":"2023-03-04T18:46:00","slug":"fc-barcelona-has-clear-the-possible-relief-of-franck-kessie-in-summer_290212_102","status":"publish","type":"post","link":"https:\/\/www.fcbarcelonanoticias.com\/en\/transfers\/fc-barcelona-has-clear-the-possible-relief-of-franck-kessie-in-summer_290212_102.html","title":{"rendered":"The FC Barcelona has clear the possible relief of Franck Kessi\u00e9 in summer"},"content":{"rendered":"<h2 class=\"wp-block-heading\">Although the latest performances by Franck Kessi\u00e9 invite us to think about the permanence of the Ivorian at FC Barcelona, \u200b\u200bin Italy they insist on placing the midfielder in the orbit of Inter Milan and Sofyan Amrabat as his replacement at Bar\u00e7a<\/h2>  \r\n<div class=\"article-addons\">\r\n    <a href=\"https:\/\/www.fcbarcelonanoticias.com\/en\/calendar-fc-barcelona.html\"\r\n       target=\"_self\"\r\n       title=\"Calendar of FC Barcelona\"\r\n       class=\"blue-gredient-btn\">\r\n       \r\n        Calendar of FC Barcelona    <\/a>\r\n<\/div>   <p>Sofyan Amrabat Follows very interested in playing in the FC Barcelona from the next season. As advanced the half Italian &#8216;Tuttomercatoweb&#8217;, <strong>the Moroccan, the one who already offered to the group cul\u00e9 like possible wintry reinforcement, will expect to the <a data-external=\"0\" data-intl-links-en=\"https:\/\/www.fcbarcelonanoticias.com\/en\/fcbn-tv\/umtiti-abde-dest-this-current-future-loaned-barcelona_290209_102.html\" data-intl-links-es=\"https:\/\/www.fcbarcelonanoticias.com\/fcbn-tv\/umtiti-abde-dest-esta-actualidad-futuro-cedidos-barcelona_290209_102.html\" href=\"https:\/\/www.fcbarcelonanoticias.com\/en\/fcbn-tv\/umtiti-abde-dest-this-current-future-loaned-barcelona_290209_102.html\" rel=\"follow\" target=\"_self\" title=\"Umtiti, Abde, Dest... As\u00ed est\u00e1 la actualidad y futuro de los cedidos del Bar\u00e7a\">Bar\u00e7a<\/a><\/strong> in front of the eventual exit of Franck Kessi\u00e9 that also has a lot of options to return to the Series To, this time with the Inter of Milan.<\/p>  <p>Amrabat Manifested to the Fiorentina his wish to go out in January in front of the interest of the Bar\u00e7a, but the violet group denied to negotiate a conveyance with option to buy, insisting in a traspaso like only road to leave go out to the mediocentro. <strong>The complex actuality cul\u00e9 with the &#8216;fair play&#8217; financial of LaLiga made impossible the operation<\/strong>, but so much the directive like the agents of the Moroccan keep contact to restart the negotiations in July, once finalise the season.<\/p>  <p>However, everything will depend of the futur\u00f3 of a Kessi\u00e9 that lives his best moment in Barcelona. After a first-half of season complicated,<strong> the marfile\u00f1o has won confidence in the last weeks<\/strong> and his performance in the Classical of the Thursday seems to clear the doubts on his continuity, at least for the technical body that directs Xavi Hern\u00e1ndez. <strong>The one of Ouragahio adds a pair of goals and 3 assistances in 29 apparitions<\/strong>, being nail his contribution in front of the physical problems of Pedri and Ousmane Demb\u00e9l\u00e9.<\/p>  <p>In this sense, Xavi prioritises the permanence of Franck for the 2023\/24, but also is conscious that, <strong>in front of the need to go down mass salarial, anything can suceder in summer<\/strong>. The past year, the m\u00edster of Terrassa had to resignarse to lose to <a data-external=\"0\" data-intl-links-en=\"https:\/\/www.fcbarcelonanoticias.com\/en\/fc-barcelona\/aubameyang-don-t-forget-fc-barcelona-during-classic_290159_102.html\" data-intl-links-es=\"https:\/\/www.fcbarcelonanoticias.com\/fc-barcelona\/aubameyang-no-se-olvido-fc-barcelona-durante-clasico_290159_102.html\" href=\"https:\/\/www.fcbarcelonanoticias.com\/en\/fc-barcelona\/aubameyang-don-t-forget-fc-barcelona-during-classic_290159_102.html\" rel=\"follow\" target=\"_self\" title=\"Aubameyang no se olvid\u00f3 del Bar\u00e7a durante el Cl\u00e1sico\">Pierre-Emerick Aubameyang<\/a> by the same reason, by which it will be necessary to expect to the end of the next market to define the future of the marfile\u00f1o.<\/p>  <h3>The profile of Amrabat, ideal for the Bar\u00e7a<\/h3>  <p>If it concretised the traspaso of Kessi\u00e9, Amrabat would be an ideal replacement, since his characteristics of defensive pivote adjust to what <a data-external=\"0\" data-intl-links-en=\"https:\/\/www.fcbarcelonanoticias.com\/en\/laliga\/lewandowski-kounde-ansu-fati-xavi-disengages-actuality-squad-cule_290194_102.html\" data-intl-links-es=\"https:\/\/www.fcbarcelonanoticias.com\/laliga\/lewandowski-kounde-ansu-fati-xavi-desengrana-actualidad-plantilla-cule_290194_102.html\" href=\"https:\/\/www.fcbarcelonanoticias.com\/en\/laliga\/lewandowski-kounde-ansu-fati-xavi-disengages-actuality-squad-cule_290194_102.html\" rel=\"follow\" target=\"_self\" title=\"Lewandowski, Kound\u00e9, Ansu Fati... Xavi desengrana la actualidad de la plantilla cul\u00e9\">Xavi<\/a> expects of a &#8216;5&#8217; born. In fact,<strong> the Moroccan has to his favour fulfil with a more defensive profile, something that has given him problems to Franck in his first months in Catalonia<\/strong>. The ex player of the AC Milan has more arrival, but when it is not Sergio Busquets, the team suffers to recover the balloon and occupy spaces.<\/p>  <p>Thanks to his offensive vocation, the one of Ouragahio could generate the played of the goal of the triumph in the idea of &#8216;semis&#8217; of Glass and was about to to convert the 0-2, of not being by the inopportune detour of Ansu Fati.<strong> These characteristic turn him into an aim of the <a data-external=\"0\" data-intl-links-en=\"https:\/\/www.fcbarcelonanoticias.com\/en\/transfers\/calhanoglu-invites-kessie-to-sign-for-inter-milan_290180_102.html\" data-intl-links-es=\"https:\/\/www.fcbarcelonanoticias.com\/fichajes\/calhanoglu-invita-kessie-fichar-por-inter-milan_290180_102.html\" href=\"https:\/\/www.fcbarcelonanoticias.com\/en\/transfers\/calhanoglu-invites-kessie-to-sign-for-inter-milan_290180_102.html\" rel=\"follow\" target=\"_self\" title=\"\u00c7alhanoglu invita a Kessi\u00e9 a fichar por el Inter de Mil\u00e1n\">Inter of Milan<\/a> for the<\/strong>summer , by which the club would have to take out accounts to evaluate how much would leave in box his exit and how much it would be necessary reinvertir in the possible signing of Amrabat or another mediocentro.<\/p>  <p>Like this the things, <strong>further of the depotivo, the future of Franck Kessi\u00e9 will define in the dispatches<\/strong>. The directive knows that it will not be able to activate more &#8216;crowbars&#8217; and that the only way to manage renewals and signings is selling players. Thus, a lot of players of the staff could purchase the poster of &#8216;transferibles&#8217; in July, still when there are not objections on his performance.<\/p> ","protected":false},"excerpt":{"rendered":"<p>Although the latest performances by Franck Kessi\u00e9 invite us to think about the permanence of the Ivorian at FC Barcelona, \u200b\u200bin Italy they insist on placing the midfielder in the orbit of Inter Milan and Sofyan Amrabat as his replacement at Bar\u00e7a Sofyan Amrabat Follows very interested in playing in the FC Barcelona from the [&hellip;]<\/p>\n","protected":false},"author":347,"featured_media":95163,"comment_status":"closed","ping_status":"open","sticky":false,"template":"","format":"standard","meta":{"_acf_changed":false,"inline_featured_image":false,"_nextfly_llmd_date_locked":false,"footnotes":""},"categories":[106,449],"tags":[305],"class_list":["post-95152","post","type-post","status-publish","format-standard","has-post-thumbnail","hentry","category-transfers","category-transfers-2","tag-frank-kessie"],"acf":[],"yoast_head":"<!-- This site is optimized with the Yoast SEO plugin v27.3 - https:\/\/yoast.com\/product\/yoast-seo-wordpress\/ -->\n<title>The FC Barcelona has clear the possible relief of Franck Kessi\u00e9 in summer<\/title>\n<meta name=\"description\" content=\"Although the latest performances by Franck Kessi\u00e9 invite us to think about the permanence of the Ivorian at FC Barcelona, \u200b\u200bin Italy they insist on placing the midfielder in the orbit of Inter Milan and Sofyan Amrabat as his replacement at Bar\u00e7a\" \/>\n<meta name=\"robots\" content=\"index, follow, max-snippet:-1, max-image-preview:large, max-video-preview:-1\" \/>\n<link rel=\"canonical\" href=\"https:\/\/www.fcbarcelonanoticias.com\/en\/transfers\/fc-barcelona-has-clear-the-possible-relief-of-franck-kessie-in-summer_290212_102.html\" \/>\n<meta property=\"og:locale\" content=\"en_US\" \/>\n<meta property=\"og:type\" content=\"article\" \/>\n<meta property=\"og:title\" content=\"The FC Barcelona has clear the possible relief of Franck Kessi\u00e9 in summer\" \/>\n<meta property=\"og:description\" content=\"Although the latest performances by Franck Kessi\u00e9 invite us to think about the permanence of the Ivorian at FC Barcelona, \u200b\u200bin Italy they insist on placing the midfielder in the orbit of Inter Milan and Sofyan Amrabat as his replacement at Bar\u00e7a\" \/>\n<meta property=\"og:url\" content=\"https:\/\/www.fcbarcelonanoticias.com\/en\/transfers\/fc-barcelona-has-clear-the-possible-relief-of-franck-kessie-in-summer_290212_102.html\" \/>\n<meta property=\"og:site_name\" content=\"EN - FC Barcelona Noticias\" \/>\n<meta property=\"article:published_time\" content=\"2023-03-04T18:45:00+00:00\" \/>\n<meta property=\"article:modified_time\" content=\"2023-03-04T18:46:00+00:00\" \/>\n<meta property=\"og:image\" content=\"https:\/\/www.fcbarcelonanoticias.com\/en\/wp-content\/uploads\/sites\/2\/2023\/03\/acf-fiorentina-v-torino-fc-serie-a-1.jpeg\" \/>\n\t<meta property=\"og:image:width\" content=\"1200\" \/>\n\t<meta property=\"og:image:height\" content=\"705\" \/>\n\t<meta property=\"og:image:type\" content=\"image\/jpeg\" \/>\n<meta name=\"author\" content=\"Andr\u00e9s Quiroz\" \/>\n<meta name=\"twitter:card\" content=\"summary_large_image\" \/>\n<meta name=\"twitter:label1\" content=\"Written by\" \/>\n\t<meta name=\"twitter:data1\" content=\"Andr\u00e9s Quiroz\" \/>\n\t<meta name=\"twitter:label2\" content=\"Est. reading time\" \/>\n\t<meta name=\"twitter:data2\" content=\"3 minutes\" \/>\n<script type=\"application\/ld+json\" class=\"yoast-schema-graph\">{\"@context\":\"https:\\\/\\\/schema.org\",\"@graph\":[{\"@type\":\"Article\",\"@id\":\"https:\\\/\\\/www.fcbarcelonanoticias.com\\\/en\\\/transfers\\\/fc-barcelona-has-clear-the-possible-relief-of-franck-kessie-in-summer_290212_102.html#article\",\"isPartOf\":{\"@id\":\"https:\\\/\\\/www.fcbarcelonanoticias.com\\\/en\\\/transfers\\\/fc-barcelona-has-clear-the-possible-relief-of-franck-kessie-in-summer_290212_102.html\"},\"author\":{\"name\":\"Andr\u00e9s Quiroz\",\"@id\":\"https:\\\/\\\/www.fcbarcelonanoticias.com\\\/en\\\/#\\\/schema\\\/person\\\/c2cd9f6fa1af5c0d0eccd0fefa575c88\"},\"headline\":\"The FC Barcelona has clear the possible relief of Franck Kessi\u00e9 in summer\",\"datePublished\":\"2023-03-04T18:45:00+00:00\",\"dateModified\":\"2023-03-04T18:46:00+00:00\",\"mainEntityOfPage\":{\"@id\":\"https:\\\/\\\/www.fcbarcelonanoticias.com\\\/en\\\/transfers\\\/fc-barcelona-has-clear-the-possible-relief-of-franck-kessie-in-summer_290212_102.html\"},\"wordCount\":632,\"image\":{\"@id\":\"https:\\\/\\\/www.fcbarcelonanoticias.com\\\/en\\\/transfers\\\/fc-barcelona-has-clear-the-possible-relief-of-franck-kessie-in-summer_290212_102.html#primaryimage\"},\"thumbnailUrl\":\"https:\\\/\\\/www.fcbarcelonanoticias.com\\\/en\\\/wp-content\\\/uploads\\\/sites\\\/2\\\/2023\\\/03\\\/acf-fiorentina-v-torino-fc-serie-a-1.jpeg\",\"keywords\":[\"Frank Kessi\u00e9\"],\"articleSection\":[\"Transfers\",\"Transfers\"],\"inLanguage\":\"en-US\"},{\"@type\":\"WebPage\",\"@id\":\"https:\\\/\\\/www.fcbarcelonanoticias.com\\\/en\\\/transfers\\\/fc-barcelona-has-clear-the-possible-relief-of-franck-kessie-in-summer_290212_102.html\",\"url\":\"https:\\\/\\\/www.fcbarcelonanoticias.com\\\/en\\\/transfers\\\/fc-barcelona-has-clear-the-possible-relief-of-franck-kessie-in-summer_290212_102.html\",\"name\":\"The FC Barcelona has clear the possible relief of Franck Kessi\u00e9 in summer\",\"isPartOf\":{\"@id\":\"https:\\\/\\\/www.fcbarcelonanoticias.com\\\/en\\\/#website\"},\"primaryImageOfPage\":{\"@id\":\"https:\\\/\\\/www.fcbarcelonanoticias.com\\\/en\\\/transfers\\\/fc-barcelona-has-clear-the-possible-relief-of-franck-kessie-in-summer_290212_102.html#primaryimage\"},\"image\":{\"@id\":\"https:\\\/\\\/www.fcbarcelonanoticias.com\\\/en\\\/transfers\\\/fc-barcelona-has-clear-the-possible-relief-of-franck-kessie-in-summer_290212_102.html#primaryimage\"},\"thumbnailUrl\":\"https:\\\/\\\/www.fcbarcelonanoticias.com\\\/en\\\/wp-content\\\/uploads\\\/sites\\\/2\\\/2023\\\/03\\\/acf-fiorentina-v-torino-fc-serie-a-1.jpeg\",\"datePublished\":\"2023-03-04T18:45:00+00:00\",\"dateModified\":\"2023-03-04T18:46:00+00:00\",\"author\":{\"@id\":\"https:\\\/\\\/www.fcbarcelonanoticias.com\\\/en\\\/#\\\/schema\\\/person\\\/c2cd9f6fa1af5c0d0eccd0fefa575c88\"},\"description\":\"Although the latest performances by Franck Kessi\u00e9 invite us to think about the permanence of the Ivorian at FC Barcelona, \u200b\u200bin Italy they insist on placing the midfielder in the orbit of Inter Milan and Sofyan Amrabat as his replacement at Bar\u00e7a\",\"breadcrumb\":{\"@id\":\"https:\\\/\\\/www.fcbarcelonanoticias.com\\\/en\\\/transfers\\\/fc-barcelona-has-clear-the-possible-relief-of-franck-kessie-in-summer_290212_102.html#breadcrumb\"},\"inLanguage\":\"en-US\",\"potentialAction\":[{\"@type\":\"ReadAction\",\"target\":[\"https:\\\/\\\/www.fcbarcelonanoticias.com\\\/en\\\/transfers\\\/fc-barcelona-has-clear-the-possible-relief-of-franck-kessie-in-summer_290212_102.html\"]}]},{\"@type\":\"ImageObject\",\"inLanguage\":\"en-US\",\"@id\":\"https:\\\/\\\/www.fcbarcelonanoticias.com\\\/en\\\/transfers\\\/fc-barcelona-has-clear-the-possible-relief-of-franck-kessie-in-summer_290212_102.html#primaryimage\",\"url\":\"https:\\\/\\\/www.fcbarcelonanoticias.com\\\/en\\\/wp-content\\\/uploads\\\/sites\\\/2\\\/2023\\\/03\\\/acf-fiorentina-v-torino-fc-serie-a-1.jpeg\",\"contentUrl\":\"https:\\\/\\\/www.fcbarcelonanoticias.com\\\/en\\\/wp-content\\\/uploads\\\/sites\\\/2\\\/2023\\\/03\\\/acf-fiorentina-v-torino-fc-serie-a-1.jpeg\",\"width\":1200,\"height\":705},{\"@type\":\"BreadcrumbList\",\"@id\":\"https:\\\/\\\/www.fcbarcelonanoticias.com\\\/en\\\/transfers\\\/fc-barcelona-has-clear-the-possible-relief-of-franck-kessie-in-summer_290212_102.html#breadcrumb\",\"itemListElement\":[{\"@type\":\"ListItem\",\"position\":1,\"name\":\"Portada\",\"item\":\"https:\\\/\\\/www.fcbarcelonanoticias.com\\\/en\\\/\"},{\"@type\":\"ListItem\",\"position\":2,\"name\":\"The FC Barcelona has clear the possible relief of Franck Kessi\u00e9 in summer\"}]},{\"@type\":\"WebSite\",\"@id\":\"https:\\\/\\\/www.fcbarcelonanoticias.com\\\/en\\\/#website\",\"url\":\"https:\\\/\\\/www.fcbarcelonanoticias.com\\\/en\\\/\",\"name\":\"EN - FC Barcelona Noticias\",\"description\":\"\",\"potentialAction\":[{\"@type\":\"SearchAction\",\"target\":{\"@type\":\"EntryPoint\",\"urlTemplate\":\"https:\\\/\\\/www.fcbarcelonanoticias.com\\\/en\\\/?s={search_term_string}\"},\"query-input\":{\"@type\":\"PropertyValueSpecification\",\"valueRequired\":true,\"valueName\":\"search_term_string\"}}],\"inLanguage\":\"en-US\"},{\"@type\":\"Person\",\"@id\":\"https:\\\/\\\/www.fcbarcelonanoticias.com\\\/en\\\/#\\\/schema\\\/person\\\/c2cd9f6fa1af5c0d0eccd0fefa575c88\",\"name\":\"Andr\u00e9s Quiroz\",\"image\":{\"@type\":\"ImageObject\",\"inLanguage\":\"en-US\",\"@id\":\"https:\\\/\\\/secure.gravatar.com\\\/avatar\\\/?s=96&d=mm&r=g\",\"url\":\"https:\\\/\\\/secure.gravatar.com\\\/avatar\\\/?s=96&d=mm&r=g\",\"contentUrl\":\"https:\\\/\\\/secure.gravatar.com\\\/avatar\\\/?s=96&d=mm&r=g\",\"caption\":\"Andr\u00e9s Quiroz\"},\"description\":\"Licenciado en Periodismo por la Universidad de los Andes. Me encargo de analizar y compartir los contenidos m\u00e1s destacados de la\u00a0actualidad del F\u00fatbol Club Barcelona, Mercado de Fichajes y F\u00fatbol Internacional en FCBN. La informaci\u00f3n es poder, pero tambi\u00e9n conocimiento.\",\"url\":\"https:\\\/\\\/www.fcbarcelonanoticias.com\\\/en\\\/fc-barcelona\\\/andres-quiroz_17_115.html\"}]}<\/script>\n<!-- \/ Yoast SEO plugin. -->","yoast_head_json":{"title":"The FC Barcelona has clear the possible relief of Franck Kessi\u00e9 in summer","description":"Although the latest performances by Franck Kessi\u00e9 invite us to think about the permanence of the Ivorian at FC Barcelona, \u200b\u200bin Italy they insist on placing the midfielder in the orbit of Inter Milan and Sofyan Amrabat as his replacement at Bar\u00e7a","robots":{"index":"index","follow":"follow","max-snippet":"max-snippet:-1","max-image-preview":"max-image-preview:large","max-video-preview":"max-video-preview:-1"},"canonical":"https:\/\/www.fcbarcelonanoticias.com\/en\/transfers\/fc-barcelona-has-clear-the-possible-relief-of-franck-kessie-in-summer_290212_102.html","og_locale":"en_US","og_type":"article","og_title":"The FC Barcelona has clear the possible relief of Franck Kessi\u00e9 in summer","og_description":"Although the latest performances by Franck Kessi\u00e9 invite us to think about the permanence of the Ivorian at FC Barcelona, \u200b\u200bin Italy they insist on placing the midfielder in the orbit of Inter Milan and Sofyan Amrabat as his replacement at Bar\u00e7a","og_url":"https:\/\/www.fcbarcelonanoticias.com\/en\/transfers\/fc-barcelona-has-clear-the-possible-relief-of-franck-kessie-in-summer_290212_102.html","og_site_name":"EN - FC Barcelona Noticias","article_published_time":"2023-03-04T18:45:00+00:00","article_modified_time":"2023-03-04T18:46:00+00:00","og_image":[{"width":1200,"height":705,"url":"https:\/\/www.fcbarcelonanoticias.com\/en\/wp-content\/uploads\/sites\/2\/2023\/03\/acf-fiorentina-v-torino-fc-serie-a-1.jpeg","type":"image\/jpeg"}],"author":"Andr\u00e9s Quiroz","twitter_card":"summary_large_image","twitter_misc":{"Written by":"Andr\u00e9s Quiroz","Est. reading time":"3 minutes"},"schema":{"@context":"https:\/\/schema.org","@graph":[{"@type":"Article","@id":"https:\/\/www.fcbarcelonanoticias.com\/en\/transfers\/fc-barcelona-has-clear-the-possible-relief-of-franck-kessie-in-summer_290212_102.html#article","isPartOf":{"@id":"https:\/\/www.fcbarcelonanoticias.com\/en\/transfers\/fc-barcelona-has-clear-the-possible-relief-of-franck-kessie-in-summer_290212_102.html"},"author":{"name":"Andr\u00e9s Quiroz","@id":"https:\/\/www.fcbarcelonanoticias.com\/en\/#\/schema\/person\/c2cd9f6fa1af5c0d0eccd0fefa575c88"},"headline":"The FC Barcelona has clear the possible relief of Franck Kessi\u00e9 in summer","datePublished":"2023-03-04T18:45:00+00:00","dateModified":"2023-03-04T18:46:00+00:00","mainEntityOfPage":{"@id":"https:\/\/www.fcbarcelonanoticias.com\/en\/transfers\/fc-barcelona-has-clear-the-possible-relief-of-franck-kessie-in-summer_290212_102.html"},"wordCount":632,"image":{"@id":"https:\/\/www.fcbarcelonanoticias.com\/en\/transfers\/fc-barcelona-has-clear-the-possible-relief-of-franck-kessie-in-summer_290212_102.html#primaryimage"},"thumbnailUrl":"https:\/\/www.fcbarcelonanoticias.com\/en\/wp-content\/uploads\/sites\/2\/2023\/03\/acf-fiorentina-v-torino-fc-serie-a-1.jpeg","keywords":["Frank Kessi\u00e9"],"articleSection":["Transfers","Transfers"],"inLanguage":"en-US"},{"@type":"WebPage","@id":"https:\/\/www.fcbarcelonanoticias.com\/en\/transfers\/fc-barcelona-has-clear-the-possible-relief-of-franck-kessie-in-summer_290212_102.html","url":"https:\/\/www.fcbarcelonanoticias.com\/en\/transfers\/fc-barcelona-has-clear-the-possible-relief-of-franck-kessie-in-summer_290212_102.html","name":"The FC Barcelona has clear the possible relief of Franck Kessi\u00e9 in summer","isPartOf":{"@id":"https:\/\/www.fcbarcelonanoticias.com\/en\/#website"},"primaryImageOfPage":{"@id":"https:\/\/www.fcbarcelonanoticias.com\/en\/transfers\/fc-barcelona-has-clear-the-possible-relief-of-franck-kessie-in-summer_290212_102.html#primaryimage"},"image":{"@id":"https:\/\/www.fcbarcelonanoticias.com\/en\/transfers\/fc-barcelona-has-clear-the-possible-relief-of-franck-kessie-in-summer_290212_102.html#primaryimage"},"thumbnailUrl":"https:\/\/www.fcbarcelonanoticias.com\/en\/wp-content\/uploads\/sites\/2\/2023\/03\/acf-fiorentina-v-torino-fc-serie-a-1.jpeg","datePublished":"2023-03-04T18:45:00+00:00","dateModified":"2023-03-04T18:46:00+00:00","author":{"@id":"https:\/\/www.fcbarcelonanoticias.com\/en\/#\/schema\/person\/c2cd9f6fa1af5c0d0eccd0fefa575c88"},"description":"Although the latest performances by Franck Kessi\u00e9 invite us to think about the permanence of the Ivorian at FC Barcelona, \u200b\u200bin Italy they insist on placing the midfielder in the orbit of Inter Milan and Sofyan Amrabat as his replacement at Bar\u00e7a","breadcrumb":{"@id":"https:\/\/www.fcbarcelonanoticias.com\/en\/transfers\/fc-barcelona-has-clear-the-possible-relief-of-franck-kessie-in-summer_290212_102.html#breadcrumb"},"inLanguage":"en-US","potentialAction":[{"@type":"ReadAction","target":["https:\/\/www.fcbarcelonanoticias.com\/en\/transfers\/fc-barcelona-has-clear-the-possible-relief-of-franck-kessie-in-summer_290212_102.html"]}]},{"@type":"ImageObject","inLanguage":"en-US","@id":"https:\/\/www.fcbarcelonanoticias.com\/en\/transfers\/fc-barcelona-has-clear-the-possible-relief-of-franck-kessie-in-summer_290212_102.html#primaryimage","url":"https:\/\/www.fcbarcelonanoticias.com\/en\/wp-content\/uploads\/sites\/2\/2023\/03\/acf-fiorentina-v-torino-fc-serie-a-1.jpeg","contentUrl":"https:\/\/www.fcbarcelonanoticias.com\/en\/wp-content\/uploads\/sites\/2\/2023\/03\/acf-fiorentina-v-torino-fc-serie-a-1.jpeg","width":1200,"height":705},{"@type":"BreadcrumbList","@id":"https:\/\/www.fcbarcelonanoticias.com\/en\/transfers\/fc-barcelona-has-clear-the-possible-relief-of-franck-kessie-in-summer_290212_102.html#breadcrumb","itemListElement":[{"@type":"ListItem","position":1,"name":"Portada","item":"https:\/\/www.fcbarcelonanoticias.com\/en\/"},{"@type":"ListItem","position":2,"name":"The FC Barcelona has clear the possible relief of Franck Kessi\u00e9 in summer"}]},{"@type":"WebSite","@id":"https:\/\/www.fcbarcelonanoticias.com\/en\/#website","url":"https:\/\/www.fcbarcelonanoticias.com\/en\/","name":"EN - FC Barcelona Noticias","description":"","potentialAction":[{"@type":"SearchAction","target":{"@type":"EntryPoint","urlTemplate":"https:\/\/www.fcbarcelonanoticias.com\/en\/?s={search_term_string}"},"query-input":{"@type":"PropertyValueSpecification","valueRequired":true,"valueName":"search_term_string"}}],"inLanguage":"en-US"},{"@type":"Person","@id":"https:\/\/www.fcbarcelonanoticias.com\/en\/#\/schema\/person\/c2cd9f6fa1af5c0d0eccd0fefa575c88","name":"Andr\u00e9s Quiroz","image":{"@type":"ImageObject","inLanguage":"en-US","@id":"https:\/\/secure.gravatar.com\/avatar\/?s=96&d=mm&r=g","url":"https:\/\/secure.gravatar.com\/avatar\/?s=96&d=mm&r=g","contentUrl":"https:\/\/secure.gravatar.com\/avatar\/?s=96&d=mm&r=g","caption":"Andr\u00e9s Quiroz"},"description":"Licenciado en Periodismo por la Universidad de los Andes. Me encargo de analizar y compartir los contenidos m\u00e1s destacados de la\u00a0actualidad del F\u00fatbol Club Barcelona, Mercado de Fichajes y F\u00fatbol Internacional en FCBN. La informaci\u00f3n es poder, pero tambi\u00e9n conocimiento.","url":"https:\/\/www.fcbarcelonanoticias.com\/en\/fc-barcelona\/andres-quiroz_17_115.html"}]}},"_links":{"self":[{"href":"https:\/\/www.fcbarcelonanoticias.com\/en\/wp-json\/wp\/v2\/posts\/95152","targetHints":{"allow":["GET"]}}],"collection":[{"href":"https:\/\/www.fcbarcelonanoticias.com\/en\/wp-json\/wp\/v2\/posts"}],"about":[{"href":"https:\/\/www.fcbarcelonanoticias.com\/en\/wp-json\/wp\/v2\/types\/post"}],"author":[{"embeddable":true,"href":"https:\/\/www.fcbarcelonanoticias.com\/en\/wp-json\/wp\/v2\/users\/347"}],"replies":[{"embeddable":true,"href":"https:\/\/www.fcbarcelonanoticias.com\/en\/wp-json\/wp\/v2\/comments?post=95152"}],"version-history":[{"count":1,"href":"https:\/\/www.fcbarcelonanoticias.com\/en\/wp-json\/wp\/v2\/posts\/95152\/revisions"}],"predecessor-version":[{"id":126866,"href":"https:\/\/www.fcbarcelonanoticias.com\/en\/wp-json\/wp\/v2\/posts\/95152\/revisions\/126866"}],"wp:featuredmedia":[{"embeddable":true,"href":"https:\/\/www.fcbarcelonanoticias.com\/en\/wp-json\/wp\/v2\/media\/95163"}],"wp:attachment":[{"href":"https:\/\/www.fcbarcelonanoticias.com\/en\/wp-json\/wp\/v2\/media?parent=95152"}],"wp:term":[{"taxonomy":"category","embeddable":true,"href":"https:\/\/www.fcbarcelonanoticias.com\/en\/wp-json\/wp\/v2\/categories?post=95152"},{"taxonomy":"post_tag","embeddable":true,"href":"https:\/\/www.fcbarcelonanoticias.com\/en\/wp-json\/wp\/v2\/tags?post=95152"}],"curies":[{"name":"wp","href":"https:\/\/api.w.org\/{rel}","templated":true}]}}