{"id":95165,"date":"2024-11-24T23:22:00","date_gmt":"2024-11-24T22:22:00","guid":{"rendered":"https:\/\/weisetech.dev\/fc-barcelona-noticias\/en\/fc-barcelona-have-already-chosen-the-ideal-replacement-for-jules-kounde_308853_102\/"},"modified":"2024-11-24T23:35:00","modified_gmt":"2024-11-24T22:35:00","slug":"fc-barcelona-have-already-chosen-the-ideal-replacement-for-jules-kounde_308853_102","status":"publish","type":"post","link":"https:\/\/www.fcbarcelonanoticias.com\/en\/transfers\/fc-barcelona-have-already-chosen-the-ideal-replacement-for-jules-kounde_308853_102.html","title":{"rendered":"FC Barcelona have already chosen the ideal replacement for Jules Kound\u00e9"},"content":{"rendered":"<h2 class=\"wp-block-heading\">Bar\u00e7a have started to closely monitor Devyne Rensch, a promising youngster from Ajax. The right-back&#8217;s contract expires at the end of the season<\/h2>  \r\n<div class=\"article-addons\">\r\n    <a href=\"https:\/\/www.fcbarcelonanoticias.com\/en\/calendar-fc-barcelona.html\"\r\n       target=\"_self\"\r\n       title=\"Calendar of FC Barcelona\"\r\n       class=\"blue-gredient-btn\">\r\n       \r\n        Calendar of FC Barcelona    <\/a>\r\n<\/div>   <p><a data-external=\"0\" data-intl-links-en=\"https:\/\/www.fcbarcelonanoticias.com\/en\/transfers\/owe-the-barca-fichar-side-in-january-the-errors-in-front-of-the-celtic-portray-to-the-saga-cule_308837_102.html\" data-intl-links-es=\"https:\/\/www.fcbarcelonanoticias.com\/fichajes\/debe-barcelona-fichar-lateral-enero-errores-celta-retratan-zaga-cule_308837_102.html\" href=\"https:\/\/www.fcbarcelonanoticias.com\/en\/transfers\/owe-the-barca-fichar-side-in-january-the-errors-in-front-of-the-celtic-portray-to-the-saga-cule_308837_102.html\" rel=\"follow\" target=\"_self\" title=\"Should Bar\u00e7a sign a full-back in January? The mistakes against Celta reflect the cul\u00e9 defence\">The draw against Celta made clear the need for FC Barcelona to strengthen its full-backs for next season<\/a>. While names such as <strong>Alphonso Davies and Hugo Bueno<\/strong> were being explored on the left, on the right the Barcelona scouts have begun to closely follow <strong>Devyne Rensch<\/strong>, the young right-back from <strong>Ajax<\/strong>.<\/p>  <p>The 21-year-old Dutch &#8216;jewel&#8217; <strong>is out of contract at the end of the season<\/strong> and his progress in recent months has skyrocketed. The defender stands out for his good ball handling, his speed and his offensive ability, qualities that have led him to be an under-21 international for the Netherlands and that have put him on <strong>Bar\u00e7a&#8217;s <\/strong>radar, as reported by &#8216;SPORT&#8217;.<\/p>  <h3>The Premier League is also pressing for Rensch<\/h3>  <p><strong>Rensch&#8217;s <\/strong>profile fits with what they are looking for in Barcelona, \u200b\u200bwhere they intend to incorporate a reliable complement on the right wing, at an affordable price and who has the capacity to project.<\/p>  <p>The Dutchman is a highly valued player in the market, so several Premier League clubs have also shown interest in signing him. <strong>Tottenham and Liverpool <\/strong>are believed to be two of <strong>Bar\u00e7a&#8217;s <\/strong>main rivals in the bidding for <strong>Rensch<\/strong>, while <strong>Ajax <\/strong>have already presented him with a good offer for a renewal, so his future will continue to be discussed in the coming weeks.<\/p> ","protected":false},"excerpt":{"rendered":"<p>Bar\u00e7a have started to closely monitor Devyne Rensch, a promising youngster from Ajax. The right-back&#8217;s contract expires at the end of the season The draw against Celta made clear the need for FC Barcelona to strengthen its full-backs for next season. While names such as Alphonso Davies and Hugo Bueno were being explored on the [&hellip;]<\/p>\n","protected":false},"author":358,"featured_media":95179,"comment_status":"closed","ping_status":"open","sticky":false,"template":"","format":"standard","meta":{"_acf_changed":false,"inline_featured_image":false,"_nextfly_llmd_date_locked":false,"footnotes":""},"categories":[449,106],"tags":[213],"class_list":["post-95165","post","type-post","status-publish","format-standard","has-post-thumbnail","hentry","category-transfers-2","category-transfers","tag-ajax"],"acf":[],"yoast_head":"<!-- This site is optimized with the Yoast SEO plugin v27.3 - https:\/\/yoast.com\/product\/yoast-seo-wordpress\/ -->\n<title>FC Barcelona have already chosen the ideal replacement for Jules Kound\u00e9<\/title>\n<meta name=\"description\" content=\"Bar\u00e7a have started to closely monitor Devyne Rensch, a promising youngster from Ajax. The right-back&#039;s contract expires at the end of the season\" \/>\n<meta name=\"robots\" content=\"index, follow, max-snippet:-1, max-image-preview:large, max-video-preview:-1\" \/>\n<link rel=\"canonical\" href=\"https:\/\/www.fcbarcelonanoticias.com\/en\/transfers\/fc-barcelona-have-already-chosen-the-ideal-replacement-for-jules-kounde_308853_102.html\" \/>\n<meta property=\"og:locale\" content=\"en_US\" \/>\n<meta property=\"og:type\" content=\"article\" \/>\n<meta property=\"og:title\" content=\"FC Barcelona have already chosen the ideal replacement for Jules Kound\u00e9\" \/>\n<meta property=\"og:description\" content=\"Bar\u00e7a have started to closely monitor Devyne Rensch, a promising youngster from Ajax. The right-back&#039;s contract expires at the end of the season\" \/>\n<meta property=\"og:url\" content=\"https:\/\/www.fcbarcelonanoticias.com\/en\/transfers\/fc-barcelona-have-already-chosen-the-ideal-replacement-for-jules-kounde_308853_102.html\" \/>\n<meta property=\"og:site_name\" content=\"EN - FC Barcelona Noticias\" \/>\n<meta property=\"article:published_time\" content=\"2024-11-24T22:22:00+00:00\" \/>\n<meta property=\"article:modified_time\" content=\"2024-11-24T22:35:00+00:00\" \/>\n<meta property=\"og:image\" content=\"https:\/\/www.fcbarcelonanoticias.com\/en\/wp-content\/uploads\/sites\/2\/2024\/11\/fk-vojvodina-v-fc-ajax-second-qualifying-round-2nd-leg-uefa-europa-league-1.jpeg\" \/>\n\t<meta property=\"og:image:width\" content=\"1200\" \/>\n\t<meta property=\"og:image:height\" content=\"675\" \/>\n\t<meta property=\"og:image:type\" content=\"image\/jpeg\" \/>\n<meta name=\"author\" content=\"Juan Pablo Berdugo\" \/>\n<meta name=\"twitter:card\" content=\"summary_large_image\" \/>\n<meta name=\"twitter:label1\" content=\"Written by\" \/>\n\t<meta name=\"twitter:data1\" content=\"Juan Pablo Berdugo\" \/>\n\t<meta name=\"twitter:label2\" content=\"Est. reading time\" \/>\n\t<meta name=\"twitter:data2\" content=\"1 minute\" \/>\n<script type=\"application\/ld+json\" class=\"yoast-schema-graph\">{\"@context\":\"https:\\\/\\\/schema.org\",\"@graph\":[{\"@type\":\"Article\",\"@id\":\"https:\\\/\\\/www.fcbarcelonanoticias.com\\\/en\\\/transfers\\\/fc-barcelona-have-already-chosen-the-ideal-replacement-for-jules-kounde_308853_102.html#article\",\"isPartOf\":{\"@id\":\"https:\\\/\\\/www.fcbarcelonanoticias.com\\\/en\\\/transfers\\\/fc-barcelona-have-already-chosen-the-ideal-replacement-for-jules-kounde_308853_102.html\"},\"author\":{\"name\":\"Juan Pablo Berdugo\",\"@id\":\"https:\\\/\\\/www.fcbarcelonanoticias.com\\\/en\\\/#\\\/schema\\\/person\\\/88d756918a0a1ae9fa593b5edddd1815\"},\"headline\":\"FC Barcelona have already chosen the ideal replacement for Jules Kound\u00e9\",\"datePublished\":\"2024-11-24T22:22:00+00:00\",\"dateModified\":\"2024-11-24T22:35:00+00:00\",\"mainEntityOfPage\":{\"@id\":\"https:\\\/\\\/www.fcbarcelonanoticias.com\\\/en\\\/transfers\\\/fc-barcelona-have-already-chosen-the-ideal-replacement-for-jules-kounde_308853_102.html\"},\"wordCount\":260,\"image\":{\"@id\":\"https:\\\/\\\/www.fcbarcelonanoticias.com\\\/en\\\/transfers\\\/fc-barcelona-have-already-chosen-the-ideal-replacement-for-jules-kounde_308853_102.html#primaryimage\"},\"thumbnailUrl\":\"https:\\\/\\\/www.fcbarcelonanoticias.com\\\/en\\\/wp-content\\\/uploads\\\/sites\\\/2\\\/2024\\\/11\\\/fk-vojvodina-v-fc-ajax-second-qualifying-round-2nd-leg-uefa-europa-league-1.jpeg\",\"keywords\":[\"Ajax\"],\"articleSection\":[\"Transfers\",\"Transfers\"],\"inLanguage\":\"en-US\"},{\"@type\":\"WebPage\",\"@id\":\"https:\\\/\\\/www.fcbarcelonanoticias.com\\\/en\\\/transfers\\\/fc-barcelona-have-already-chosen-the-ideal-replacement-for-jules-kounde_308853_102.html\",\"url\":\"https:\\\/\\\/www.fcbarcelonanoticias.com\\\/en\\\/transfers\\\/fc-barcelona-have-already-chosen-the-ideal-replacement-for-jules-kounde_308853_102.html\",\"name\":\"FC Barcelona have already chosen the ideal replacement for Jules Kound\u00e9\",\"isPartOf\":{\"@id\":\"https:\\\/\\\/www.fcbarcelonanoticias.com\\\/en\\\/#website\"},\"primaryImageOfPage\":{\"@id\":\"https:\\\/\\\/www.fcbarcelonanoticias.com\\\/en\\\/transfers\\\/fc-barcelona-have-already-chosen-the-ideal-replacement-for-jules-kounde_308853_102.html#primaryimage\"},\"image\":{\"@id\":\"https:\\\/\\\/www.fcbarcelonanoticias.com\\\/en\\\/transfers\\\/fc-barcelona-have-already-chosen-the-ideal-replacement-for-jules-kounde_308853_102.html#primaryimage\"},\"thumbnailUrl\":\"https:\\\/\\\/www.fcbarcelonanoticias.com\\\/en\\\/wp-content\\\/uploads\\\/sites\\\/2\\\/2024\\\/11\\\/fk-vojvodina-v-fc-ajax-second-qualifying-round-2nd-leg-uefa-europa-league-1.jpeg\",\"datePublished\":\"2024-11-24T22:22:00+00:00\",\"dateModified\":\"2024-11-24T22:35:00+00:00\",\"author\":{\"@id\":\"https:\\\/\\\/www.fcbarcelonanoticias.com\\\/en\\\/#\\\/schema\\\/person\\\/88d756918a0a1ae9fa593b5edddd1815\"},\"description\":\"Bar\u00e7a have started to closely monitor Devyne Rensch, a promising youngster from Ajax. The right-back's contract expires at the end of the season\",\"breadcrumb\":{\"@id\":\"https:\\\/\\\/www.fcbarcelonanoticias.com\\\/en\\\/transfers\\\/fc-barcelona-have-already-chosen-the-ideal-replacement-for-jules-kounde_308853_102.html#breadcrumb\"},\"inLanguage\":\"en-US\",\"potentialAction\":[{\"@type\":\"ReadAction\",\"target\":[\"https:\\\/\\\/www.fcbarcelonanoticias.com\\\/en\\\/transfers\\\/fc-barcelona-have-already-chosen-the-ideal-replacement-for-jules-kounde_308853_102.html\"]}]},{\"@type\":\"ImageObject\",\"inLanguage\":\"en-US\",\"@id\":\"https:\\\/\\\/www.fcbarcelonanoticias.com\\\/en\\\/transfers\\\/fc-barcelona-have-already-chosen-the-ideal-replacement-for-jules-kounde_308853_102.html#primaryimage\",\"url\":\"https:\\\/\\\/www.fcbarcelonanoticias.com\\\/en\\\/wp-content\\\/uploads\\\/sites\\\/2\\\/2024\\\/11\\\/fk-vojvodina-v-fc-ajax-second-qualifying-round-2nd-leg-uefa-europa-league-1.jpeg\",\"contentUrl\":\"https:\\\/\\\/www.fcbarcelonanoticias.com\\\/en\\\/wp-content\\\/uploads\\\/sites\\\/2\\\/2024\\\/11\\\/fk-vojvodina-v-fc-ajax-second-qualifying-round-2nd-leg-uefa-europa-league-1.jpeg\",\"width\":1200,\"height\":675},{\"@type\":\"BreadcrumbList\",\"@id\":\"https:\\\/\\\/www.fcbarcelonanoticias.com\\\/en\\\/transfers\\\/fc-barcelona-have-already-chosen-the-ideal-replacement-for-jules-kounde_308853_102.html#breadcrumb\",\"itemListElement\":[{\"@type\":\"ListItem\",\"position\":1,\"name\":\"Portada\",\"item\":\"https:\\\/\\\/www.fcbarcelonanoticias.com\\\/en\\\/\"},{\"@type\":\"ListItem\",\"position\":2,\"name\":\"FC Barcelona have already chosen the ideal replacement for Jules Kound\u00e9\"}]},{\"@type\":\"WebSite\",\"@id\":\"https:\\\/\\\/www.fcbarcelonanoticias.com\\\/en\\\/#website\",\"url\":\"https:\\\/\\\/www.fcbarcelonanoticias.com\\\/en\\\/\",\"name\":\"EN - FC Barcelona Noticias\",\"description\":\"\",\"potentialAction\":[{\"@type\":\"SearchAction\",\"target\":{\"@type\":\"EntryPoint\",\"urlTemplate\":\"https:\\\/\\\/www.fcbarcelonanoticias.com\\\/en\\\/?s={search_term_string}\"},\"query-input\":{\"@type\":\"PropertyValueSpecification\",\"valueRequired\":true,\"valueName\":\"search_term_string\"}}],\"inLanguage\":\"en-US\"},{\"@type\":\"Person\",\"@id\":\"https:\\\/\\\/www.fcbarcelonanoticias.com\\\/en\\\/#\\\/schema\\\/person\\\/88d756918a0a1ae9fa593b5edddd1815\",\"name\":\"Juan Pablo Berdugo\",\"image\":{\"@type\":\"ImageObject\",\"inLanguage\":\"en-US\",\"@id\":\"https:\\\/\\\/secure.gravatar.com\\\/avatar\\\/?s=96&d=mm&r=g\",\"url\":\"https:\\\/\\\/secure.gravatar.com\\\/avatar\\\/?s=96&d=mm&r=g\",\"contentUrl\":\"https:\\\/\\\/secure.gravatar.com\\\/avatar\\\/?s=96&d=mm&r=g\",\"caption\":\"Juan Pablo Berdugo\"},\"description\":\"Juan Pablo Berdugo es graduado en Periodismo. Colabora con FCBN como especialista en informaci\u00f3n del primer equipo del FC Barcelona, f\u00fatbol internacional y mercado de fichajes. Destaca por su enfoque anal\u00edtico, su rigor informativo y su capacidad para detectar tendencias emergentes en el f\u00fatbol global.\",\"url\":\"https:\\\/\\\/www.fcbarcelonanoticias.com\\\/en\\\/fc-barcelona\\\/juan-pablo-berdugo_18_115.html\"}]}<\/script>\n<!-- \/ Yoast SEO plugin. -->","yoast_head_json":{"title":"FC Barcelona have already chosen the ideal replacement for Jules Kound\u00e9","description":"Bar\u00e7a have started to closely monitor Devyne Rensch, a promising youngster from Ajax. The right-back's contract expires at the end of the season","robots":{"index":"index","follow":"follow","max-snippet":"max-snippet:-1","max-image-preview":"max-image-preview:large","max-video-preview":"max-video-preview:-1"},"canonical":"https:\/\/www.fcbarcelonanoticias.com\/en\/transfers\/fc-barcelona-have-already-chosen-the-ideal-replacement-for-jules-kounde_308853_102.html","og_locale":"en_US","og_type":"article","og_title":"FC Barcelona have already chosen the ideal replacement for Jules Kound\u00e9","og_description":"Bar\u00e7a have started to closely monitor Devyne Rensch, a promising youngster from Ajax. The right-back's contract expires at the end of the season","og_url":"https:\/\/www.fcbarcelonanoticias.com\/en\/transfers\/fc-barcelona-have-already-chosen-the-ideal-replacement-for-jules-kounde_308853_102.html","og_site_name":"EN - FC Barcelona Noticias","article_published_time":"2024-11-24T22:22:00+00:00","article_modified_time":"2024-11-24T22:35:00+00:00","og_image":[{"width":1200,"height":675,"url":"https:\/\/www.fcbarcelonanoticias.com\/en\/wp-content\/uploads\/sites\/2\/2024\/11\/fk-vojvodina-v-fc-ajax-second-qualifying-round-2nd-leg-uefa-europa-league-1.jpeg","type":"image\/jpeg"}],"author":"Juan Pablo Berdugo","twitter_card":"summary_large_image","twitter_misc":{"Written by":"Juan Pablo Berdugo","Est. reading time":"1 minute"},"schema":{"@context":"https:\/\/schema.org","@graph":[{"@type":"Article","@id":"https:\/\/www.fcbarcelonanoticias.com\/en\/transfers\/fc-barcelona-have-already-chosen-the-ideal-replacement-for-jules-kounde_308853_102.html#article","isPartOf":{"@id":"https:\/\/www.fcbarcelonanoticias.com\/en\/transfers\/fc-barcelona-have-already-chosen-the-ideal-replacement-for-jules-kounde_308853_102.html"},"author":{"name":"Juan Pablo Berdugo","@id":"https:\/\/www.fcbarcelonanoticias.com\/en\/#\/schema\/person\/88d756918a0a1ae9fa593b5edddd1815"},"headline":"FC Barcelona have already chosen the ideal replacement for Jules Kound\u00e9","datePublished":"2024-11-24T22:22:00+00:00","dateModified":"2024-11-24T22:35:00+00:00","mainEntityOfPage":{"@id":"https:\/\/www.fcbarcelonanoticias.com\/en\/transfers\/fc-barcelona-have-already-chosen-the-ideal-replacement-for-jules-kounde_308853_102.html"},"wordCount":260,"image":{"@id":"https:\/\/www.fcbarcelonanoticias.com\/en\/transfers\/fc-barcelona-have-already-chosen-the-ideal-replacement-for-jules-kounde_308853_102.html#primaryimage"},"thumbnailUrl":"https:\/\/www.fcbarcelonanoticias.com\/en\/wp-content\/uploads\/sites\/2\/2024\/11\/fk-vojvodina-v-fc-ajax-second-qualifying-round-2nd-leg-uefa-europa-league-1.jpeg","keywords":["Ajax"],"articleSection":["Transfers","Transfers"],"inLanguage":"en-US"},{"@type":"WebPage","@id":"https:\/\/www.fcbarcelonanoticias.com\/en\/transfers\/fc-barcelona-have-already-chosen-the-ideal-replacement-for-jules-kounde_308853_102.html","url":"https:\/\/www.fcbarcelonanoticias.com\/en\/transfers\/fc-barcelona-have-already-chosen-the-ideal-replacement-for-jules-kounde_308853_102.html","name":"FC Barcelona have already chosen the ideal replacement for Jules Kound\u00e9","isPartOf":{"@id":"https:\/\/www.fcbarcelonanoticias.com\/en\/#website"},"primaryImageOfPage":{"@id":"https:\/\/www.fcbarcelonanoticias.com\/en\/transfers\/fc-barcelona-have-already-chosen-the-ideal-replacement-for-jules-kounde_308853_102.html#primaryimage"},"image":{"@id":"https:\/\/www.fcbarcelonanoticias.com\/en\/transfers\/fc-barcelona-have-already-chosen-the-ideal-replacement-for-jules-kounde_308853_102.html#primaryimage"},"thumbnailUrl":"https:\/\/www.fcbarcelonanoticias.com\/en\/wp-content\/uploads\/sites\/2\/2024\/11\/fk-vojvodina-v-fc-ajax-second-qualifying-round-2nd-leg-uefa-europa-league-1.jpeg","datePublished":"2024-11-24T22:22:00+00:00","dateModified":"2024-11-24T22:35:00+00:00","author":{"@id":"https:\/\/www.fcbarcelonanoticias.com\/en\/#\/schema\/person\/88d756918a0a1ae9fa593b5edddd1815"},"description":"Bar\u00e7a have started to closely monitor Devyne Rensch, a promising youngster from Ajax. The right-back's contract expires at the end of the season","breadcrumb":{"@id":"https:\/\/www.fcbarcelonanoticias.com\/en\/transfers\/fc-barcelona-have-already-chosen-the-ideal-replacement-for-jules-kounde_308853_102.html#breadcrumb"},"inLanguage":"en-US","potentialAction":[{"@type":"ReadAction","target":["https:\/\/www.fcbarcelonanoticias.com\/en\/transfers\/fc-barcelona-have-already-chosen-the-ideal-replacement-for-jules-kounde_308853_102.html"]}]},{"@type":"ImageObject","inLanguage":"en-US","@id":"https:\/\/www.fcbarcelonanoticias.com\/en\/transfers\/fc-barcelona-have-already-chosen-the-ideal-replacement-for-jules-kounde_308853_102.html#primaryimage","url":"https:\/\/www.fcbarcelonanoticias.com\/en\/wp-content\/uploads\/sites\/2\/2024\/11\/fk-vojvodina-v-fc-ajax-second-qualifying-round-2nd-leg-uefa-europa-league-1.jpeg","contentUrl":"https:\/\/www.fcbarcelonanoticias.com\/en\/wp-content\/uploads\/sites\/2\/2024\/11\/fk-vojvodina-v-fc-ajax-second-qualifying-round-2nd-leg-uefa-europa-league-1.jpeg","width":1200,"height":675},{"@type":"BreadcrumbList","@id":"https:\/\/www.fcbarcelonanoticias.com\/en\/transfers\/fc-barcelona-have-already-chosen-the-ideal-replacement-for-jules-kounde_308853_102.html#breadcrumb","itemListElement":[{"@type":"ListItem","position":1,"name":"Portada","item":"https:\/\/www.fcbarcelonanoticias.com\/en\/"},{"@type":"ListItem","position":2,"name":"FC Barcelona have already chosen the ideal replacement for Jules Kound\u00e9"}]},{"@type":"WebSite","@id":"https:\/\/www.fcbarcelonanoticias.com\/en\/#website","url":"https:\/\/www.fcbarcelonanoticias.com\/en\/","name":"EN - FC Barcelona Noticias","description":"","potentialAction":[{"@type":"SearchAction","target":{"@type":"EntryPoint","urlTemplate":"https:\/\/www.fcbarcelonanoticias.com\/en\/?s={search_term_string}"},"query-input":{"@type":"PropertyValueSpecification","valueRequired":true,"valueName":"search_term_string"}}],"inLanguage":"en-US"},{"@type":"Person","@id":"https:\/\/www.fcbarcelonanoticias.com\/en\/#\/schema\/person\/88d756918a0a1ae9fa593b5edddd1815","name":"Juan Pablo Berdugo","image":{"@type":"ImageObject","inLanguage":"en-US","@id":"https:\/\/secure.gravatar.com\/avatar\/?s=96&d=mm&r=g","url":"https:\/\/secure.gravatar.com\/avatar\/?s=96&d=mm&r=g","contentUrl":"https:\/\/secure.gravatar.com\/avatar\/?s=96&d=mm&r=g","caption":"Juan Pablo Berdugo"},"description":"Juan Pablo Berdugo es graduado en Periodismo. Colabora con FCBN como especialista en informaci\u00f3n del primer equipo del FC Barcelona, f\u00fatbol internacional y mercado de fichajes. Destaca por su enfoque anal\u00edtico, su rigor informativo y su capacidad para detectar tendencias emergentes en el f\u00fatbol global.","url":"https:\/\/www.fcbarcelonanoticias.com\/en\/fc-barcelona\/juan-pablo-berdugo_18_115.html"}]}},"_links":{"self":[{"href":"https:\/\/www.fcbarcelonanoticias.com\/en\/wp-json\/wp\/v2\/posts\/95165","targetHints":{"allow":["GET"]}}],"collection":[{"href":"https:\/\/www.fcbarcelonanoticias.com\/en\/wp-json\/wp\/v2\/posts"}],"about":[{"href":"https:\/\/www.fcbarcelonanoticias.com\/en\/wp-json\/wp\/v2\/types\/post"}],"author":[{"embeddable":true,"href":"https:\/\/www.fcbarcelonanoticias.com\/en\/wp-json\/wp\/v2\/users\/358"}],"replies":[{"embeddable":true,"href":"https:\/\/www.fcbarcelonanoticias.com\/en\/wp-json\/wp\/v2\/comments?post=95165"}],"version-history":[{"count":1,"href":"https:\/\/www.fcbarcelonanoticias.com\/en\/wp-json\/wp\/v2\/posts\/95165\/revisions"}],"predecessor-version":[{"id":126859,"href":"https:\/\/www.fcbarcelonanoticias.com\/en\/wp-json\/wp\/v2\/posts\/95165\/revisions\/126859"}],"wp:featuredmedia":[{"embeddable":true,"href":"https:\/\/www.fcbarcelonanoticias.com\/en\/wp-json\/wp\/v2\/media\/95179"}],"wp:attachment":[{"href":"https:\/\/www.fcbarcelonanoticias.com\/en\/wp-json\/wp\/v2\/media?parent=95165"}],"wp:term":[{"taxonomy":"category","embeddable":true,"href":"https:\/\/www.fcbarcelonanoticias.com\/en\/wp-json\/wp\/v2\/categories?post=95165"},{"taxonomy":"post_tag","embeddable":true,"href":"https:\/\/www.fcbarcelonanoticias.com\/en\/wp-json\/wp\/v2\/tags?post=95165"}],"curies":[{"name":"wp","href":"https:\/\/api.w.org\/{rel}","templated":true}]}}