{"id":95196,"date":"2025-12-09T15:47:00","date_gmt":"2025-12-09T14:47:00","guid":{"rendered":"https:\/\/weisetech.dev\/fc-barcelona-noticias\/en\/barca-firm-on-marc-bernal-strategic-piece-of-the-team_315471_102\/"},"modified":"2026-03-27T11:39:25","modified_gmt":"2026-03-27T10:39:25","slug":"barca-firm-on-marc-bernal-strategic-piece-of-the-team_315471_102","status":"publish","type":"post","link":"https:\/\/www.fcbarcelonanoticias.com\/en\/transfers\/barca-firm-on-marc-bernal-strategic-piece-of-the-team_315471_102.html","title":{"rendered":"Marc Bernal is not on the market: Barcelona rules out the player&#8217;s departure"},"content":{"rendered":"<h2 class=\"wp-block-heading\">Bar\u00e7a rules out any loan option for Marc Bernal despite Girona&#8217;s interest. The midfielder is starting to gain prominence under Hansi Flick<\/h2>  \r\n<div class=\"article-addons\">\r\n    <a href=\"https:\/\/www.fcbarcelonanoticias.com\/en\/calendar-fc-barcelona.html\"\r\n       target=\"_self\"\r\n       title=\"Calendar of FC Barcelona\"\r\n       class=\"blue-gredient-btn\">\r\n       \r\n        Calendar of FC Barcelona    <\/a>\r\n<\/div>   <p><strong>FC Barcelona has been unequivocal regarding the future of <a data-external=\"0\" data-intl-links-en=\"https:\/\/www.fcbarcelonanoticias.com\/en\/tags\/marc-bernal\" data-intl-links-es=\"https:\/\/www.fcbarcelonanoticias.com\/tags\/marc-bernal\" href=\"https:\/\/www.fcbarcelonanoticias.com\/en\/tags\/marc-bernal.html\" rel=\"follow\" target=\"_self\" title=\"Marc Bernal Bar\u00e7a - \u00daltimas noticias y estad\u00edsticas\">Marc Bernal<\/a><\/strong>. Despite Girona&#8217;s interest in strengthening their squad with the midfielder, internal club sources assure that the player is part of <strong>Hansi Flick<\/strong>&#8216;s immediate plans and that no scenario involving a winter loan is being considered. The club thus reaffirms its commitment to a footballer it considers &#8220;strategic,&#8221; both for his profile and his potential.<\/p>  <p>The situation has become one of the day&#8217;s talking points following reports that <strong>Girona had put Marc Bernal&#8217;s name on the table<\/strong>. However, at <strong>Bar\u00e7a<\/strong>, they insist that the midfielder from Berga will remain with the club and that he is counted on to face a season marked by high competitive demands, especially after his recent return to the first team&#8217;s dynamics<\/p>  <h2>Girona Asks About Marc Bernal, But Bar\u00e7a Closes the Door<\/h2>  <p>M\u00edchel&#8217;s team is going through a delicate moment. After stringing together four winless games, the Rojiblancos remain in the relegation zone and are urgently seeking reinforcements to change the dynamic. In this context, journalist Nil Sol\u00e0 pointed out on &#8220;Gol a gol&#8221; (Cadena SER) that Marc Bernal is one of the names most highly regarded by the Girona sports management.<\/p>  <p>The interest is real, but Bar\u00e7a&#8217;s response has been immediate: <strong>Bernal is not on the market<\/strong>. The club does not want to part with a player they consider fundamental to the squad&#8217;s balance, even though his participation so far this season has been irregular due to physical issues.<\/p>  <h2>A complicated year for Marc Bernal<\/h2>  <div class=\"media media-image\" data-ck-asset-wrapper=\"\"> <div class=\"media-item\"> <img loading=\"lazy\" decoding=\"async\" alt=\"Marc Bernal leaving the field after getting injured in Rayo-Bar\u00e7a\" data-id=\"1430291\" data-resize=\"4\" height=\"361\" src=\"https:\/\/www.fcbarcelonanoticias.com\/wp-content\/uploads\/sites\/2\/2025\/12\/fcbn-27b67b9e7c9ee2e762c2ccb09dd5c783.jpeg\" title=\"Marc Bernal leaving the field after getting injured in Rayo-Bar\u00e7a\" width=\"641\"><div class=\"media-title\">Marc Bernal leaving the field after getting injured in Rayo-Bar\u00e7a<\/div> <\/div> <\/div>  <p>The <strong>Grana-blue number 22<\/strong> spent more than a year away from the pitch due to a <strong>knee injury<\/strong> that abruptly halted his progress. After his recovery, his reappearance has been gradual, with few minutes in the first few weeks. In LaLiga, he has accumulated 99 minutes, while in the Champions League he has 21 minutes, small but understandable figures for a player still seeking consistency.<\/p>  <p>Even so, the coaching staff has always maintained the same stance: <strong>Bernal is part of the club&#8217;s immediate future<\/strong>. And that vision has been reinforced in recent weeks with an increase in his participation, coinciding with a demanding schedule that has forced Flick to rotate players and explore new midfield variations.<\/p>  <h2>Bernal&#8217;s Evolution: From Minimal Rotation to Reliable Resource<\/h2>  <p>At the start of the season, <strong>Flick only gave him 32 minutes in the first 14 games<\/strong>, with five token appearances. However, November completely changed his role. The midfielder has participated in four of the last five league games, accumulating 88 minutes in the last four league encounters and leaving positive impressions in each of his interventions.<\/p>  <p><strong><a data-external=\"0\" data-intl-links-en=\"https:\/\/www.fcbarcelonanoticias.com\/en\/laliga\/marc-bernal-starter-459-days-later-for-fc-barcelona_315368_102.html\" data-intl-links-es=\"https:\/\/www.fcbarcelonanoticias.com\/laliga\/marc-bernal-titular-con-fc-barcelona-459-dias-despues_315368_102.html\" href=\"https:\/\/www.fcbarcelonanoticias.com\/en\/laliga\/marc-bernal-starter-459-days-later-for-fc-barcelona_315368_102.html\" rel=\"follow\" target=\"_self\" title=\"Marc Bernal: titular con el FC Barcelona 459 d\u00edas despu\u00e9s\">The starting role he enjoyed in the Bar\u00e7a-Alav\u00e9s match was a turning point.<\/a><\/strong> The player appeared organized, solid in recovery, and with tactical awareness that perfectly fits what Flick demands for his midfield. The club believes that these types of matches are essential for Bernal to regain competitive rhythm and show the level that brought him to the doorstep of the first team again.<\/p>  <h2>Why Bar\u00e7a is not considering his departure<\/h2>  <p>Girona&#8217;s interest confirms the <strong>good regard Marc Bernal is held in on the market<\/strong>, but <strong>FC Barcelona<\/strong> is closing ranks around him. The club wants him to continue growing under Flick&#8217;s supervision and is not willing to lose a player who, despite his young age, is beginning to emerge as a strategic asset.<\/p>  <p>Bar\u00e7a&#8217;s refusal is not just an emotional issue. Within the sporting department, three clear arguments are being considered:<\/p>  <p><strong>1. Unique profile in the template<\/strong><\/p>  <p>Bernal is one of the few midfielders with the stature, physical capacity, and defensive reading to offer balance in transitions, something Flick particularly values. His combination of positional play and deployment is difficult to find on the market<\/p>  <hr> <p><strong>2. Marked growth plan<\/strong><\/p>  <p>Bar\u00e7a believes Bernal is at the exact point to grow under Flick&#8217;s tutelage, in an environment of healthy competition but with real opportunities. A loan would cut short that process, and the club wants total control over his evolution<\/p>  <hr> <p><strong>3. Demanding Schedule<\/strong><\/p>  <p>The team faces months with a heavy schedule of matches in LaLiga and the Champions League. Maintaining depth in midfield is essential, especially in a season with constant injuries and rotations.<\/p>  <h2>An ideal context to solidify<\/h2>  <p><strong>Bar\u00e7a<\/strong> will begin their participation in the new Champions League phase this Tuesday against <strong>Eintracht Frankfurt<\/strong> at the renovated Spotify Camp Nou. The coaching staff sees these weeks as a <strong>perfect opportunity for Bernal to continue adding minutes<\/strong> and gain confidence on top-level stages.<\/p>  <p>Furthermore, the club believes that the player is increasingly assimilating the concepts of the system. His ability to interpret passing lanes, his defensive positioning, and his maturity on the ball are virtues that Hansi Flick wants to exploit in the medium term<\/p>  <h2>What Marc Bernal can expect in the coming months<\/h2>  <p>If there are no physical setbacks, everything indicates that the midfielder will continue to alternate starts in specific matches with regular appearances off the bench. The idea is that, when the decisive phase of the season arrives, **Marc Bernal** will already be a fully integrated resource with more competitive rhythm.<\/p>  <p>Within the club, there is consensus: Bernal has the level to stay and his room for improvement is too great to loan him out now. Unlike other academy players, <strong>Bar\u00e7a believes his development will be more solid within the first team structure<\/strong>.<\/p>  <p>The season is long, and Bernal will have opportunities to prove he can become an important piece of the Bar\u00e7a midfield. <strong>At Bar\u00e7a, they are clear: his immediate future lies at Camp Nou<\/strong>.<\/p> ","protected":false},"excerpt":{"rendered":"<p>Bar\u00e7a rules out any loan option for Marc Bernal despite Girona&#8217;s interest. The midfielder is starting to gain prominence under Hansi Flick FC Barcelona has been unequivocal regarding the future of Marc Bernal. Despite Girona&#8217;s interest in strengthening their squad with the midfielder, internal club sources assure that the player is part of Hansi Flick&#8216;s [&hellip;]<\/p>\n","protected":false},"author":353,"featured_media":95210,"comment_status":"closed","ping_status":"open","sticky":false,"template":"","format":"standard","meta":{"_acf_changed":false,"inline_featured_image":false,"_nextfly_llmd_date_locked":false,"footnotes":""},"categories":[449,106],"tags":[50,459,388],"class_list":["post-95196","post","type-post","status-publish","format-standard","has-post-thumbnail","hentry","category-transfers-2","category-transfers","tag-girona","tag-marc-bernal-2","tag-marc-bernal"],"acf":[],"yoast_head":"<!-- This site is optimized with the Yoast SEO plugin v27.3 - https:\/\/yoast.com\/product\/yoast-seo-wordpress\/ -->\n<title>Bar\u00e7a Firm on Marc Bernal: Strategic Piece of the Team<\/title>\n<meta name=\"description\" content=\"Bar\u00e7a rules out Marc Bernal&#039;s departure and considers him strategic for Flick. Girona inquired about him, but the club is clear. Read more here.\" \/>\n<meta name=\"robots\" content=\"index, follow, max-snippet:-1, max-image-preview:large, max-video-preview:-1\" \/>\n<link rel=\"canonical\" href=\"https:\/\/www.fcbarcelonanoticias.com\/en\/transfers\/barca-firm-on-marc-bernal-strategic-piece-of-the-team_315471_102.html\" \/>\n<meta property=\"og:locale\" content=\"en_US\" \/>\n<meta property=\"og:type\" content=\"article\" \/>\n<meta property=\"og:title\" content=\"Bar\u00e7a Firm on Marc Bernal: Strategic Piece of the Team\" \/>\n<meta property=\"og:description\" content=\"Bar\u00e7a rules out Marc Bernal&#039;s departure and considers him strategic for Flick. Girona inquired about him, but the club is clear. Read more here.\" \/>\n<meta property=\"og:url\" content=\"https:\/\/www.fcbarcelonanoticias.com\/en\/transfers\/barca-firm-on-marc-bernal-strategic-piece-of-the-team_315471_102.html\" \/>\n<meta property=\"og:site_name\" content=\"EN - FC Barcelona Noticias\" \/>\n<meta property=\"article:published_time\" content=\"2025-12-09T14:47:00+00:00\" \/>\n<meta property=\"article:modified_time\" content=\"2026-03-27T10:39:25+00:00\" \/>\n<meta property=\"og:image\" content=\"https:\/\/www.fcbarcelonanoticias.com\/en\/wp-content\/uploads\/sites\/2\/2025\/12\/marc-bernal-fc-barcelona.jpeg\" \/>\n\t<meta property=\"og:image:width\" content=\"1200\" \/>\n\t<meta property=\"og:image:height\" content=\"741\" \/>\n\t<meta property=\"og:image:type\" content=\"image\/jpeg\" \/>\n<meta name=\"author\" content=\"FC Barcelona Noticias\" \/>\n<meta name=\"twitter:card\" content=\"summary_large_image\" \/>\n<meta name=\"twitter:label1\" content=\"Written by\" \/>\n\t<meta name=\"twitter:data1\" content=\"FC Barcelona Noticias\" \/>\n\t<meta name=\"twitter:label2\" content=\"Est. reading time\" \/>\n\t<meta name=\"twitter:data2\" content=\"5 minutes\" \/>\n<script type=\"application\/ld+json\" class=\"yoast-schema-graph\">{\"@context\":\"https:\\\/\\\/schema.org\",\"@graph\":[{\"@type\":\"Article\",\"@id\":\"https:\\\/\\\/www.fcbarcelonanoticias.com\\\/en\\\/transfers\\\/barca-firm-on-marc-bernal-strategic-piece-of-the-team_315471_102.html#article\",\"isPartOf\":{\"@id\":\"https:\\\/\\\/www.fcbarcelonanoticias.com\\\/en\\\/transfers\\\/barca-firm-on-marc-bernal-strategic-piece-of-the-team_315471_102.html\"},\"author\":{\"name\":\"FC Barcelona Noticias\",\"@id\":\"https:\\\/\\\/www.fcbarcelonanoticias.com\\\/en\\\/#\\\/schema\\\/person\\\/0f2810101d27606974cdb8edb54fa54b\"},\"headline\":\"Marc Bernal is not on the market: Barcelona rules out the player&#8217;s departure\",\"datePublished\":\"2025-12-09T14:47:00+00:00\",\"dateModified\":\"2026-03-27T10:39:25+00:00\",\"mainEntityOfPage\":{\"@id\":\"https:\\\/\\\/www.fcbarcelonanoticias.com\\\/en\\\/transfers\\\/barca-firm-on-marc-bernal-strategic-piece-of-the-team_315471_102.html\"},\"wordCount\":987,\"image\":{\"@id\":\"https:\\\/\\\/www.fcbarcelonanoticias.com\\\/en\\\/transfers\\\/barca-firm-on-marc-bernal-strategic-piece-of-the-team_315471_102.html#primaryimage\"},\"thumbnailUrl\":\"https:\\\/\\\/www.fcbarcelonanoticias.com\\\/en\\\/wp-content\\\/uploads\\\/sites\\\/2\\\/2025\\\/12\\\/marc-bernal-fc-barcelona.jpeg\",\"keywords\":[\"Girona\",\"Marc Bernal\",\"Marc Bernal\"],\"articleSection\":[\"Transfers\",\"Transfers\"],\"inLanguage\":\"en-US\"},{\"@type\":\"WebPage\",\"@id\":\"https:\\\/\\\/www.fcbarcelonanoticias.com\\\/en\\\/transfers\\\/barca-firm-on-marc-bernal-strategic-piece-of-the-team_315471_102.html\",\"url\":\"https:\\\/\\\/www.fcbarcelonanoticias.com\\\/en\\\/transfers\\\/barca-firm-on-marc-bernal-strategic-piece-of-the-team_315471_102.html\",\"name\":\"Bar\u00e7a Firm on Marc Bernal: Strategic Piece of the Team\",\"isPartOf\":{\"@id\":\"https:\\\/\\\/www.fcbarcelonanoticias.com\\\/en\\\/#website\"},\"primaryImageOfPage\":{\"@id\":\"https:\\\/\\\/www.fcbarcelonanoticias.com\\\/en\\\/transfers\\\/barca-firm-on-marc-bernal-strategic-piece-of-the-team_315471_102.html#primaryimage\"},\"image\":{\"@id\":\"https:\\\/\\\/www.fcbarcelonanoticias.com\\\/en\\\/transfers\\\/barca-firm-on-marc-bernal-strategic-piece-of-the-team_315471_102.html#primaryimage\"},\"thumbnailUrl\":\"https:\\\/\\\/www.fcbarcelonanoticias.com\\\/en\\\/wp-content\\\/uploads\\\/sites\\\/2\\\/2025\\\/12\\\/marc-bernal-fc-barcelona.jpeg\",\"datePublished\":\"2025-12-09T14:47:00+00:00\",\"dateModified\":\"2026-03-27T10:39:25+00:00\",\"author\":{\"@id\":\"https:\\\/\\\/www.fcbarcelonanoticias.com\\\/en\\\/#\\\/schema\\\/person\\\/0f2810101d27606974cdb8edb54fa54b\"},\"description\":\"Bar\u00e7a rules out Marc Bernal's departure and considers him strategic for Flick. Girona inquired about him, but the club is clear. Read more here.\",\"breadcrumb\":{\"@id\":\"https:\\\/\\\/www.fcbarcelonanoticias.com\\\/en\\\/transfers\\\/barca-firm-on-marc-bernal-strategic-piece-of-the-team_315471_102.html#breadcrumb\"},\"inLanguage\":\"en-US\",\"potentialAction\":[{\"@type\":\"ReadAction\",\"target\":[\"https:\\\/\\\/www.fcbarcelonanoticias.com\\\/en\\\/transfers\\\/barca-firm-on-marc-bernal-strategic-piece-of-the-team_315471_102.html\"]}]},{\"@type\":\"ImageObject\",\"inLanguage\":\"en-US\",\"@id\":\"https:\\\/\\\/www.fcbarcelonanoticias.com\\\/en\\\/transfers\\\/barca-firm-on-marc-bernal-strategic-piece-of-the-team_315471_102.html#primaryimage\",\"url\":\"https:\\\/\\\/www.fcbarcelonanoticias.com\\\/en\\\/wp-content\\\/uploads\\\/sites\\\/2\\\/2025\\\/12\\\/marc-bernal-fc-barcelona.jpeg\",\"contentUrl\":\"https:\\\/\\\/www.fcbarcelonanoticias.com\\\/en\\\/wp-content\\\/uploads\\\/sites\\\/2\\\/2025\\\/12\\\/marc-bernal-fc-barcelona.jpeg\",\"width\":1200,\"height\":741},{\"@type\":\"BreadcrumbList\",\"@id\":\"https:\\\/\\\/www.fcbarcelonanoticias.com\\\/en\\\/transfers\\\/barca-firm-on-marc-bernal-strategic-piece-of-the-team_315471_102.html#breadcrumb\",\"itemListElement\":[{\"@type\":\"ListItem\",\"position\":1,\"name\":\"Portada\",\"item\":\"https:\\\/\\\/www.fcbarcelonanoticias.com\\\/en\\\/\"},{\"@type\":\"ListItem\",\"position\":2,\"name\":\"Marc Bernal is not on the market: Barcelona rules out the player&#8217;s departure\"}]},{\"@type\":\"WebSite\",\"@id\":\"https:\\\/\\\/www.fcbarcelonanoticias.com\\\/en\\\/#website\",\"url\":\"https:\\\/\\\/www.fcbarcelonanoticias.com\\\/en\\\/\",\"name\":\"EN - FC Barcelona Noticias\",\"description\":\"\",\"potentialAction\":[{\"@type\":\"SearchAction\",\"target\":{\"@type\":\"EntryPoint\",\"urlTemplate\":\"https:\\\/\\\/www.fcbarcelonanoticias.com\\\/en\\\/?s={search_term_string}\"},\"query-input\":{\"@type\":\"PropertyValueSpecification\",\"valueRequired\":true,\"valueName\":\"search_term_string\"}}],\"inLanguage\":\"en-US\"},{\"@type\":\"Person\",\"@id\":\"https:\\\/\\\/www.fcbarcelonanoticias.com\\\/en\\\/#\\\/schema\\\/person\\\/0f2810101d27606974cdb8edb54fa54b\",\"name\":\"FC Barcelona Noticias\",\"image\":{\"@type\":\"ImageObject\",\"inLanguage\":\"en-US\",\"@id\":\"https:\\\/\\\/secure.gravatar.com\\\/avatar\\\/?s=96&d=mm&r=g\",\"url\":\"https:\\\/\\\/secure.gravatar.com\\\/avatar\\\/?s=96&d=mm&r=g\",\"contentUrl\":\"https:\\\/\\\/secure.gravatar.com\\\/avatar\\\/?s=96&d=mm&r=g\",\"caption\":\"FC Barcelona Noticias\"},\"url\":\"https:\\\/\\\/www.fcbarcelonanoticias.com\\\/en\\\/fc-barcelona\\\/fcbn-writing-fc-barcelona-news_6_115.html\"}]}<\/script>\n<!-- \/ Yoast SEO plugin. -->","yoast_head_json":{"title":"Bar\u00e7a Firm on Marc Bernal: Strategic Piece of the Team","description":"Bar\u00e7a rules out Marc Bernal's departure and considers him strategic for Flick. Girona inquired about him, but the club is clear. Read more here.","robots":{"index":"index","follow":"follow","max-snippet":"max-snippet:-1","max-image-preview":"max-image-preview:large","max-video-preview":"max-video-preview:-1"},"canonical":"https:\/\/www.fcbarcelonanoticias.com\/en\/transfers\/barca-firm-on-marc-bernal-strategic-piece-of-the-team_315471_102.html","og_locale":"en_US","og_type":"article","og_title":"Bar\u00e7a Firm on Marc Bernal: Strategic Piece of the Team","og_description":"Bar\u00e7a rules out Marc Bernal's departure and considers him strategic for Flick. Girona inquired about him, but the club is clear. Read more here.","og_url":"https:\/\/www.fcbarcelonanoticias.com\/en\/transfers\/barca-firm-on-marc-bernal-strategic-piece-of-the-team_315471_102.html","og_site_name":"EN - FC Barcelona Noticias","article_published_time":"2025-12-09T14:47:00+00:00","article_modified_time":"2026-03-27T10:39:25+00:00","og_image":[{"width":1200,"height":741,"url":"https:\/\/www.fcbarcelonanoticias.com\/en\/wp-content\/uploads\/sites\/2\/2025\/12\/marc-bernal-fc-barcelona.jpeg","type":"image\/jpeg"}],"author":"FC Barcelona Noticias","twitter_card":"summary_large_image","twitter_misc":{"Written by":"FC Barcelona Noticias","Est. reading time":"5 minutes"},"schema":{"@context":"https:\/\/schema.org","@graph":[{"@type":"Article","@id":"https:\/\/www.fcbarcelonanoticias.com\/en\/transfers\/barca-firm-on-marc-bernal-strategic-piece-of-the-team_315471_102.html#article","isPartOf":{"@id":"https:\/\/www.fcbarcelonanoticias.com\/en\/transfers\/barca-firm-on-marc-bernal-strategic-piece-of-the-team_315471_102.html"},"author":{"name":"FC Barcelona Noticias","@id":"https:\/\/www.fcbarcelonanoticias.com\/en\/#\/schema\/person\/0f2810101d27606974cdb8edb54fa54b"},"headline":"Marc Bernal is not on the market: Barcelona rules out the player&#8217;s departure","datePublished":"2025-12-09T14:47:00+00:00","dateModified":"2026-03-27T10:39:25+00:00","mainEntityOfPage":{"@id":"https:\/\/www.fcbarcelonanoticias.com\/en\/transfers\/barca-firm-on-marc-bernal-strategic-piece-of-the-team_315471_102.html"},"wordCount":987,"image":{"@id":"https:\/\/www.fcbarcelonanoticias.com\/en\/transfers\/barca-firm-on-marc-bernal-strategic-piece-of-the-team_315471_102.html#primaryimage"},"thumbnailUrl":"https:\/\/www.fcbarcelonanoticias.com\/en\/wp-content\/uploads\/sites\/2\/2025\/12\/marc-bernal-fc-barcelona.jpeg","keywords":["Girona","Marc Bernal","Marc Bernal"],"articleSection":["Transfers","Transfers"],"inLanguage":"en-US"},{"@type":"WebPage","@id":"https:\/\/www.fcbarcelonanoticias.com\/en\/transfers\/barca-firm-on-marc-bernal-strategic-piece-of-the-team_315471_102.html","url":"https:\/\/www.fcbarcelonanoticias.com\/en\/transfers\/barca-firm-on-marc-bernal-strategic-piece-of-the-team_315471_102.html","name":"Bar\u00e7a Firm on Marc Bernal: Strategic Piece of the Team","isPartOf":{"@id":"https:\/\/www.fcbarcelonanoticias.com\/en\/#website"},"primaryImageOfPage":{"@id":"https:\/\/www.fcbarcelonanoticias.com\/en\/transfers\/barca-firm-on-marc-bernal-strategic-piece-of-the-team_315471_102.html#primaryimage"},"image":{"@id":"https:\/\/www.fcbarcelonanoticias.com\/en\/transfers\/barca-firm-on-marc-bernal-strategic-piece-of-the-team_315471_102.html#primaryimage"},"thumbnailUrl":"https:\/\/www.fcbarcelonanoticias.com\/en\/wp-content\/uploads\/sites\/2\/2025\/12\/marc-bernal-fc-barcelona.jpeg","datePublished":"2025-12-09T14:47:00+00:00","dateModified":"2026-03-27T10:39:25+00:00","author":{"@id":"https:\/\/www.fcbarcelonanoticias.com\/en\/#\/schema\/person\/0f2810101d27606974cdb8edb54fa54b"},"description":"Bar\u00e7a rules out Marc Bernal's departure and considers him strategic for Flick. Girona inquired about him, but the club is clear. Read more here.","breadcrumb":{"@id":"https:\/\/www.fcbarcelonanoticias.com\/en\/transfers\/barca-firm-on-marc-bernal-strategic-piece-of-the-team_315471_102.html#breadcrumb"},"inLanguage":"en-US","potentialAction":[{"@type":"ReadAction","target":["https:\/\/www.fcbarcelonanoticias.com\/en\/transfers\/barca-firm-on-marc-bernal-strategic-piece-of-the-team_315471_102.html"]}]},{"@type":"ImageObject","inLanguage":"en-US","@id":"https:\/\/www.fcbarcelonanoticias.com\/en\/transfers\/barca-firm-on-marc-bernal-strategic-piece-of-the-team_315471_102.html#primaryimage","url":"https:\/\/www.fcbarcelonanoticias.com\/en\/wp-content\/uploads\/sites\/2\/2025\/12\/marc-bernal-fc-barcelona.jpeg","contentUrl":"https:\/\/www.fcbarcelonanoticias.com\/en\/wp-content\/uploads\/sites\/2\/2025\/12\/marc-bernal-fc-barcelona.jpeg","width":1200,"height":741},{"@type":"BreadcrumbList","@id":"https:\/\/www.fcbarcelonanoticias.com\/en\/transfers\/barca-firm-on-marc-bernal-strategic-piece-of-the-team_315471_102.html#breadcrumb","itemListElement":[{"@type":"ListItem","position":1,"name":"Portada","item":"https:\/\/www.fcbarcelonanoticias.com\/en\/"},{"@type":"ListItem","position":2,"name":"Marc Bernal is not on the market: Barcelona rules out the player&#8217;s departure"}]},{"@type":"WebSite","@id":"https:\/\/www.fcbarcelonanoticias.com\/en\/#website","url":"https:\/\/www.fcbarcelonanoticias.com\/en\/","name":"EN - FC Barcelona Noticias","description":"","potentialAction":[{"@type":"SearchAction","target":{"@type":"EntryPoint","urlTemplate":"https:\/\/www.fcbarcelonanoticias.com\/en\/?s={search_term_string}"},"query-input":{"@type":"PropertyValueSpecification","valueRequired":true,"valueName":"search_term_string"}}],"inLanguage":"en-US"},{"@type":"Person","@id":"https:\/\/www.fcbarcelonanoticias.com\/en\/#\/schema\/person\/0f2810101d27606974cdb8edb54fa54b","name":"FC Barcelona Noticias","image":{"@type":"ImageObject","inLanguage":"en-US","@id":"https:\/\/secure.gravatar.com\/avatar\/?s=96&d=mm&r=g","url":"https:\/\/secure.gravatar.com\/avatar\/?s=96&d=mm&r=g","contentUrl":"https:\/\/secure.gravatar.com\/avatar\/?s=96&d=mm&r=g","caption":"FC Barcelona Noticias"},"url":"https:\/\/www.fcbarcelonanoticias.com\/en\/fc-barcelona\/fcbn-writing-fc-barcelona-news_6_115.html"}]}},"_links":{"self":[{"href":"https:\/\/www.fcbarcelonanoticias.com\/en\/wp-json\/wp\/v2\/posts\/95196","targetHints":{"allow":["GET"]}}],"collection":[{"href":"https:\/\/www.fcbarcelonanoticias.com\/en\/wp-json\/wp\/v2\/posts"}],"about":[{"href":"https:\/\/www.fcbarcelonanoticias.com\/en\/wp-json\/wp\/v2\/types\/post"}],"author":[{"embeddable":true,"href":"https:\/\/www.fcbarcelonanoticias.com\/en\/wp-json\/wp\/v2\/users\/353"}],"replies":[{"embeddable":true,"href":"https:\/\/www.fcbarcelonanoticias.com\/en\/wp-json\/wp\/v2\/comments?post=95196"}],"version-history":[{"count":4,"href":"https:\/\/www.fcbarcelonanoticias.com\/en\/wp-json\/wp\/v2\/posts\/95196\/revisions"}],"predecessor-version":[{"id":160984,"href":"https:\/\/www.fcbarcelonanoticias.com\/en\/wp-json\/wp\/v2\/posts\/95196\/revisions\/160984"}],"wp:featuredmedia":[{"embeddable":true,"href":"https:\/\/www.fcbarcelonanoticias.com\/en\/wp-json\/wp\/v2\/media\/95210"}],"wp:attachment":[{"href":"https:\/\/www.fcbarcelonanoticias.com\/en\/wp-json\/wp\/v2\/media?parent=95196"}],"wp:term":[{"taxonomy":"category","embeddable":true,"href":"https:\/\/www.fcbarcelonanoticias.com\/en\/wp-json\/wp\/v2\/categories?post=95196"},{"taxonomy":"post_tag","embeddable":true,"href":"https:\/\/www.fcbarcelonanoticias.com\/en\/wp-json\/wp\/v2\/tags?post=95196"}],"curies":[{"name":"wp","href":"https:\/\/api.w.org\/{rel}","templated":true}]}}