{"id":95248,"date":"2019-06-26T17:36:00","date_gmt":"2019-06-26T15:36:00","guid":{"rendered":"https:\/\/weisetech.dev\/fc-barcelona-noticias\/en\/in-france-hallucinate-the-deliriums-of-greatness-of-the-fc-barcelona_225981_102\/"},"modified":"2026-04-16T09:37:39","modified_gmt":"2026-04-16T07:37:39","slug":"in-france-hallucinate-the-deliriums-of-greatness-of-the-fc-barcelona_225981_102","status":"publish","type":"post","link":"https:\/\/www.fcbarcelonanoticias.com\/en\/transfers\/in-france-hallucinate-the-deliriums-of-greatness-of-the-fc-barcelona_225981_102.html","title":{"rendered":"In France hallucinate the &#8220;deliriums of greatness&#8221; of the FC Barcelona"},"content":{"rendered":"<h2 class=\"wp-block-heading\">L&#8217;\u00c9quipe has devoted his cover of this Wednesday to the FC Barcelona and his &#8220;deliriums of greatness&#8221;, as it has defined the Barcelona will to do  with the signings of Neymar Jr and Antoine Griezmann. The rotary Frenchman thinks that the operation is possible<\/h2>  \r\n<div class=\"article-addons\">\r\n    <a href=\"https:\/\/www.fcbarcelonanoticias.com\/en\/calendar-fc-barcelona.html\"\r\n       target=\"_self\"\r\n       title=\"Calendar of FC Barcelona\"\r\n       class=\"blue-gredient-btn\">\r\n       \r\n        Calendar of FC Barcelona    <\/a>\r\n<\/div>   <p>In France observe with astonishment<strong> the possible attack of the FC Barcelona of face to the next season 2019-20<\/strong>, and especially the possibility that the group cul\u00e9 do  <a href=\"https:\/\/www.fcbarcelonanoticias.com\/fichajes\/neymar-y-griezmann-condicionan-el-mercado-de-fichajes-del-barca_225980_102.html\"><strong>with the signings of Neymar Jr and Antoine Griezmann<\/strong><\/a> this summer. The newspaper L&#8217;\u00c9quipe think that treats  of a double complex operation but feasible, as long as the FC Barcelona was had to struggle by her to the end.<\/p> <p><strong>&#8220;Deliriums of greatness&#8221;, is as it has titled the French newspaper his cover,<\/strong> planting the image of Leo Messi with a gesture of surprise and, just behind, to Griezmann and Neymar Jr like his bodyguards. It does not appear in the cover <a href=\"https:\/\/www.fcbarcelonanoticias.com\/en\/tags\/luis-suarez.html\"><strong>Luis Su\u00e1rez<\/strong><\/a>, when understanding L&#8217;\u00c9quipe that the charr\u00faa would remain  in the bench if they arrive the Brazilian and the French, since it would be difficult that Ernesto Valverde decided to play with four forwards.<\/p> <p>The case is that <strong>the French press is convinced that the Bar\u00e7a will try the double operation<\/strong>, although it knows that it will have to row by Neymar Jr until convincing to Paris Saint-Germain of an agreement. <strong>Griezmann Will be the first of the two in arriving with total security<\/strong>, according to the quoted newspaper and the last informations of the Catalan press, when having agreed the Bar\u00e7a pay his clause of 120 million euros on 1 July.<\/p> <p>When it arrive Griezmann, <strong>already only will remain to put all the efforts in repescar to Neymar Jr<\/strong>. For this, the Bar\u00e7a will need that the Brazilian pronounce  publicly and tighten to the Parisian leaders to abandon the club. L&#8217;\u00c9quipe ensures that the heavy weights of the Bar\u00e7a would be very happy with the hypothetical arrival of Neymar, especially<strong> Leo Messi and Luis Su\u00e1rez<\/strong>.<\/p> <p><strong>The call &#8216;MSN&#8217; keeps opened the communication by means of a group of Whatsapp<\/strong>, and although now surely that they do not chat with frequency by fault of the Glass America 2019, when the tournament sudamericano finish is likely that Neymar reveal his pretences to Leo Messi and Luis Su\u00e1rez to go back to get dressed with the equipaci\u00f3n Barcelona.<\/p> <h2>The PSG will not put eases in the traspaso of Neymar<\/h2> <p>In the PSG will accept the course of the Brazilian, but only if it is by a figure that do not do them remain in ridiculous. Here it is where the FC Barcelona could play with the letter <strong>of Coutinho<\/strong> and, perhaps, with the one of some footballer more as <strong>Malcom or Rakitic<\/strong>. <strong>Including to <a href=\"https:\/\/www.fcbarcelonanoticias.com\/jugadores-fcbarcelona.html\">players<\/a> in the operation,  abaratar\u00e1 the final price of the signing<\/strong> and will lighten  weight salarial in the staff to leave step to the wages of Griezmann and Neymar. An operation without place to doubts rocambolesca, and also something risky&#8230; But that even in France already see possible.<\/p> ","protected":false},"excerpt":{"rendered":"<p>L&#8217;\u00c9quipe has devoted his cover of this Wednesday to the FC Barcelona and his &#8220;deliriums of greatness&#8221;, as it has defined the Barcelona will to do with the signings of Neymar Jr and Antoine Griezmann. The rotary Frenchman thinks that the operation is possible In France observe with astonishment the possible attack of the FC [&hellip;]<\/p>\n","protected":false},"author":366,"featured_media":95260,"comment_status":"closed","ping_status":"open","sticky":false,"template":"","format":"standard","meta":{"_acf_changed":false,"inline_featured_image":false,"_nextfly_llmd_date_locked":false,"footnotes":""},"categories":[449,106],"tags":[145,143,167],"class_list":["post-95248","post","type-post","status-publish","format-standard","has-post-thumbnail","hentry","category-transfers-2","category-transfers","tag-griezmann","tag-neymar-jr","tag-press-magazine"],"acf":[],"yoast_head":"<!-- This site is optimized with the Yoast SEO plugin v27.3 - https:\/\/yoast.com\/product\/yoast-seo-wordpress\/ -->\n<title>In France hallucinate the &quot;deliriums of greatness&quot; of the FC Barcelona<\/title>\n<meta name=\"description\" content=\"L&#039;\u00c9quipe has devoted his cover of this Wednesday to the FC Barcelona and his &quot;deliriums of greatness&quot;, as it has defined the Barcelona will of...\" \/>\n<meta name=\"robots\" content=\"index, follow, max-snippet:-1, max-image-preview:large, max-video-preview:-1\" \/>\n<link rel=\"canonical\" href=\"https:\/\/www.fcbarcelonanoticias.com\/en\/transfers\/in-france-hallucinate-the-deliriums-of-greatness-of-the-fc-barcelona_225981_102.html\" \/>\n<meta property=\"og:locale\" content=\"en_US\" \/>\n<meta property=\"og:type\" content=\"article\" \/>\n<meta property=\"og:title\" content=\"In France hallucinate the &quot;deliriums of greatness&quot; of the FC Barcelona\" \/>\n<meta property=\"og:description\" content=\"L&#039;\u00c9quipe has devoted his cover of this Wednesday to the FC Barcelona and his &quot;deliriums of greatness&quot;, as it has defined the Barcelona will of...\" \/>\n<meta property=\"og:url\" content=\"https:\/\/www.fcbarcelonanoticias.com\/en\/transfers\/in-france-hallucinate-the-deliriums-of-greatness-of-the-fc-barcelona_225981_102.html\" \/>\n<meta property=\"og:site_name\" content=\"EN - FC Barcelona Noticias\" \/>\n<meta property=\"article:published_time\" content=\"2019-06-26T15:36:00+00:00\" \/>\n<meta property=\"article:modified_time\" content=\"2026-04-16T07:37:39+00:00\" \/>\n<meta property=\"og:image\" content=\"https:\/\/www.fcbarcelonanoticias.com\/en\/wp-content\/uploads\/sites\/2\/2019\/06\/messi-griezmann-neymar-295328.jpeg\" \/>\n\t<meta property=\"og:image:width\" content=\"761\" \/>\n\t<meta property=\"og:image:height\" content=\"428\" \/>\n\t<meta property=\"og:image:type\" content=\"image\/jpeg\" \/>\n<meta name=\"author\" content=\"Carlos Dom\u00ednguez\" \/>\n<meta name=\"twitter:card\" content=\"summary_large_image\" \/>\n<meta name=\"twitter:label1\" content=\"Written by\" \/>\n\t<meta name=\"twitter:data1\" content=\"Carlos Dom\u00ednguez\" \/>\n\t<meta name=\"twitter:label2\" content=\"Est. reading time\" \/>\n\t<meta name=\"twitter:data2\" content=\"3 minutes\" \/>\n<script type=\"application\/ld+json\" class=\"yoast-schema-graph\">{\"@context\":\"https:\\\/\\\/schema.org\",\"@graph\":[{\"@type\":\"Article\",\"@id\":\"https:\\\/\\\/www.fcbarcelonanoticias.com\\\/en\\\/transfers\\\/in-france-hallucinate-the-deliriums-of-greatness-of-the-fc-barcelona_225981_102.html#article\",\"isPartOf\":{\"@id\":\"https:\\\/\\\/www.fcbarcelonanoticias.com\\\/en\\\/transfers\\\/in-france-hallucinate-the-deliriums-of-greatness-of-the-fc-barcelona_225981_102.html\"},\"author\":{\"name\":\"Carlos Dom\u00ednguez\",\"@id\":\"https:\\\/\\\/www.fcbarcelonanoticias.com\\\/en\\\/#\\\/schema\\\/person\\\/888e29b17b79c70d1c617d8a7bc9b8c6\"},\"headline\":\"In France hallucinate the &#8220;deliriums of greatness&#8221; of the FC Barcelona\",\"datePublished\":\"2019-06-26T15:36:00+00:00\",\"dateModified\":\"2026-04-16T07:37:39+00:00\",\"mainEntityOfPage\":{\"@id\":\"https:\\\/\\\/www.fcbarcelonanoticias.com\\\/en\\\/transfers\\\/in-france-hallucinate-the-deliriums-of-greatness-of-the-fc-barcelona_225981_102.html\"},\"wordCount\":525,\"image\":{\"@id\":\"https:\\\/\\\/www.fcbarcelonanoticias.com\\\/en\\\/transfers\\\/in-france-hallucinate-the-deliriums-of-greatness-of-the-fc-barcelona_225981_102.html#primaryimage\"},\"thumbnailUrl\":\"https:\\\/\\\/www.fcbarcelonanoticias.com\\\/en\\\/wp-content\\\/uploads\\\/sites\\\/2\\\/2019\\\/06\\\/messi-griezmann-neymar-295328.jpeg\",\"keywords\":[\"Griezmann\",\"Neymar Jr\",\"Press magazine\"],\"articleSection\":[\"Transfers\",\"Transfers\"],\"inLanguage\":\"en-US\"},{\"@type\":\"WebPage\",\"@id\":\"https:\\\/\\\/www.fcbarcelonanoticias.com\\\/en\\\/transfers\\\/in-france-hallucinate-the-deliriums-of-greatness-of-the-fc-barcelona_225981_102.html\",\"url\":\"https:\\\/\\\/www.fcbarcelonanoticias.com\\\/en\\\/transfers\\\/in-france-hallucinate-the-deliriums-of-greatness-of-the-fc-barcelona_225981_102.html\",\"name\":\"In France hallucinate the \\\"deliriums of greatness\\\" of the FC Barcelona\",\"isPartOf\":{\"@id\":\"https:\\\/\\\/www.fcbarcelonanoticias.com\\\/en\\\/#website\"},\"primaryImageOfPage\":{\"@id\":\"https:\\\/\\\/www.fcbarcelonanoticias.com\\\/en\\\/transfers\\\/in-france-hallucinate-the-deliriums-of-greatness-of-the-fc-barcelona_225981_102.html#primaryimage\"},\"image\":{\"@id\":\"https:\\\/\\\/www.fcbarcelonanoticias.com\\\/en\\\/transfers\\\/in-france-hallucinate-the-deliriums-of-greatness-of-the-fc-barcelona_225981_102.html#primaryimage\"},\"thumbnailUrl\":\"https:\\\/\\\/www.fcbarcelonanoticias.com\\\/en\\\/wp-content\\\/uploads\\\/sites\\\/2\\\/2019\\\/06\\\/messi-griezmann-neymar-295328.jpeg\",\"datePublished\":\"2019-06-26T15:36:00+00:00\",\"dateModified\":\"2026-04-16T07:37:39+00:00\",\"author\":{\"@id\":\"https:\\\/\\\/www.fcbarcelonanoticias.com\\\/en\\\/#\\\/schema\\\/person\\\/888e29b17b79c70d1c617d8a7bc9b8c6\"},\"description\":\"L'\u00c9quipe has devoted his cover of this Wednesday to the FC Barcelona and his \\\"deliriums of greatness\\\", as it has defined the Barcelona will of...\",\"breadcrumb\":{\"@id\":\"https:\\\/\\\/www.fcbarcelonanoticias.com\\\/en\\\/transfers\\\/in-france-hallucinate-the-deliriums-of-greatness-of-the-fc-barcelona_225981_102.html#breadcrumb\"},\"inLanguage\":\"en-US\",\"potentialAction\":[{\"@type\":\"ReadAction\",\"target\":[\"https:\\\/\\\/www.fcbarcelonanoticias.com\\\/en\\\/transfers\\\/in-france-hallucinate-the-deliriums-of-greatness-of-the-fc-barcelona_225981_102.html\"]}]},{\"@type\":\"ImageObject\",\"inLanguage\":\"en-US\",\"@id\":\"https:\\\/\\\/www.fcbarcelonanoticias.com\\\/en\\\/transfers\\\/in-france-hallucinate-the-deliriums-of-greatness-of-the-fc-barcelona_225981_102.html#primaryimage\",\"url\":\"https:\\\/\\\/www.fcbarcelonanoticias.com\\\/en\\\/wp-content\\\/uploads\\\/sites\\\/2\\\/2019\\\/06\\\/messi-griezmann-neymar-295328.jpeg\",\"contentUrl\":\"https:\\\/\\\/www.fcbarcelonanoticias.com\\\/en\\\/wp-content\\\/uploads\\\/sites\\\/2\\\/2019\\\/06\\\/messi-griezmann-neymar-295328.jpeg\",\"width\":761,\"height\":428},{\"@type\":\"BreadcrumbList\",\"@id\":\"https:\\\/\\\/www.fcbarcelonanoticias.com\\\/en\\\/transfers\\\/in-france-hallucinate-the-deliriums-of-greatness-of-the-fc-barcelona_225981_102.html#breadcrumb\",\"itemListElement\":[{\"@type\":\"ListItem\",\"position\":1,\"name\":\"Portada\",\"item\":\"https:\\\/\\\/www.fcbarcelonanoticias.com\\\/en\\\/\"},{\"@type\":\"ListItem\",\"position\":2,\"name\":\"In France hallucinate the &#8220;deliriums of greatness&#8221; of the FC Barcelona\"}]},{\"@type\":\"WebSite\",\"@id\":\"https:\\\/\\\/www.fcbarcelonanoticias.com\\\/en\\\/#website\",\"url\":\"https:\\\/\\\/www.fcbarcelonanoticias.com\\\/en\\\/\",\"name\":\"EN - FC Barcelona Noticias\",\"description\":\"\",\"potentialAction\":[{\"@type\":\"SearchAction\",\"target\":{\"@type\":\"EntryPoint\",\"urlTemplate\":\"https:\\\/\\\/www.fcbarcelonanoticias.com\\\/en\\\/?s={search_term_string}\"},\"query-input\":{\"@type\":\"PropertyValueSpecification\",\"valueRequired\":true,\"valueName\":\"search_term_string\"}}],\"inLanguage\":\"en-US\"},{\"@type\":\"Person\",\"@id\":\"https:\\\/\\\/www.fcbarcelonanoticias.com\\\/en\\\/#\\\/schema\\\/person\\\/888e29b17b79c70d1c617d8a7bc9b8c6\",\"name\":\"Carlos Dom\u00ednguez\",\"image\":{\"@type\":\"ImageObject\",\"inLanguage\":\"en-US\",\"@id\":\"https:\\\/\\\/secure.gravatar.com\\\/avatar\\\/?s=96&d=mm&r=g\",\"url\":\"https:\\\/\\\/secure.gravatar.com\\\/avatar\\\/?s=96&d=mm&r=g\",\"contentUrl\":\"https:\\\/\\\/secure.gravatar.com\\\/avatar\\\/?s=96&d=mm&r=g\",\"caption\":\"Carlos Dom\u00ednguez\"},\"url\":\"https:\\\/\\\/www.fcbarcelonanoticias.com\\\/en\\\/carlos-dominguez_2_115.html\"}]}<\/script>\n<!-- \/ Yoast SEO plugin. -->","yoast_head_json":{"title":"In France hallucinate the \"deliriums of greatness\" of the FC Barcelona","description":"L'\u00c9quipe has devoted his cover of this Wednesday to the FC Barcelona and his \"deliriums of greatness\", as it has defined the Barcelona will of...","robots":{"index":"index","follow":"follow","max-snippet":"max-snippet:-1","max-image-preview":"max-image-preview:large","max-video-preview":"max-video-preview:-1"},"canonical":"https:\/\/www.fcbarcelonanoticias.com\/en\/transfers\/in-france-hallucinate-the-deliriums-of-greatness-of-the-fc-barcelona_225981_102.html","og_locale":"en_US","og_type":"article","og_title":"In France hallucinate the \"deliriums of greatness\" of the FC Barcelona","og_description":"L'\u00c9quipe has devoted his cover of this Wednesday to the FC Barcelona and his \"deliriums of greatness\", as it has defined the Barcelona will of...","og_url":"https:\/\/www.fcbarcelonanoticias.com\/en\/transfers\/in-france-hallucinate-the-deliriums-of-greatness-of-the-fc-barcelona_225981_102.html","og_site_name":"EN - FC Barcelona Noticias","article_published_time":"2019-06-26T15:36:00+00:00","article_modified_time":"2026-04-16T07:37:39+00:00","og_image":[{"width":761,"height":428,"url":"https:\/\/www.fcbarcelonanoticias.com\/en\/wp-content\/uploads\/sites\/2\/2019\/06\/messi-griezmann-neymar-295328.jpeg","type":"image\/jpeg"}],"author":"Carlos Dom\u00ednguez","twitter_card":"summary_large_image","twitter_misc":{"Written by":"Carlos Dom\u00ednguez","Est. reading time":"3 minutes"},"schema":{"@context":"https:\/\/schema.org","@graph":[{"@type":"Article","@id":"https:\/\/www.fcbarcelonanoticias.com\/en\/transfers\/in-france-hallucinate-the-deliriums-of-greatness-of-the-fc-barcelona_225981_102.html#article","isPartOf":{"@id":"https:\/\/www.fcbarcelonanoticias.com\/en\/transfers\/in-france-hallucinate-the-deliriums-of-greatness-of-the-fc-barcelona_225981_102.html"},"author":{"name":"Carlos Dom\u00ednguez","@id":"https:\/\/www.fcbarcelonanoticias.com\/en\/#\/schema\/person\/888e29b17b79c70d1c617d8a7bc9b8c6"},"headline":"In France hallucinate the &#8220;deliriums of greatness&#8221; of the FC Barcelona","datePublished":"2019-06-26T15:36:00+00:00","dateModified":"2026-04-16T07:37:39+00:00","mainEntityOfPage":{"@id":"https:\/\/www.fcbarcelonanoticias.com\/en\/transfers\/in-france-hallucinate-the-deliriums-of-greatness-of-the-fc-barcelona_225981_102.html"},"wordCount":525,"image":{"@id":"https:\/\/www.fcbarcelonanoticias.com\/en\/transfers\/in-france-hallucinate-the-deliriums-of-greatness-of-the-fc-barcelona_225981_102.html#primaryimage"},"thumbnailUrl":"https:\/\/www.fcbarcelonanoticias.com\/en\/wp-content\/uploads\/sites\/2\/2019\/06\/messi-griezmann-neymar-295328.jpeg","keywords":["Griezmann","Neymar Jr","Press magazine"],"articleSection":["Transfers","Transfers"],"inLanguage":"en-US"},{"@type":"WebPage","@id":"https:\/\/www.fcbarcelonanoticias.com\/en\/transfers\/in-france-hallucinate-the-deliriums-of-greatness-of-the-fc-barcelona_225981_102.html","url":"https:\/\/www.fcbarcelonanoticias.com\/en\/transfers\/in-france-hallucinate-the-deliriums-of-greatness-of-the-fc-barcelona_225981_102.html","name":"In France hallucinate the \"deliriums of greatness\" of the FC Barcelona","isPartOf":{"@id":"https:\/\/www.fcbarcelonanoticias.com\/en\/#website"},"primaryImageOfPage":{"@id":"https:\/\/www.fcbarcelonanoticias.com\/en\/transfers\/in-france-hallucinate-the-deliriums-of-greatness-of-the-fc-barcelona_225981_102.html#primaryimage"},"image":{"@id":"https:\/\/www.fcbarcelonanoticias.com\/en\/transfers\/in-france-hallucinate-the-deliriums-of-greatness-of-the-fc-barcelona_225981_102.html#primaryimage"},"thumbnailUrl":"https:\/\/www.fcbarcelonanoticias.com\/en\/wp-content\/uploads\/sites\/2\/2019\/06\/messi-griezmann-neymar-295328.jpeg","datePublished":"2019-06-26T15:36:00+00:00","dateModified":"2026-04-16T07:37:39+00:00","author":{"@id":"https:\/\/www.fcbarcelonanoticias.com\/en\/#\/schema\/person\/888e29b17b79c70d1c617d8a7bc9b8c6"},"description":"L'\u00c9quipe has devoted his cover of this Wednesday to the FC Barcelona and his \"deliriums of greatness\", as it has defined the Barcelona will of...","breadcrumb":{"@id":"https:\/\/www.fcbarcelonanoticias.com\/en\/transfers\/in-france-hallucinate-the-deliriums-of-greatness-of-the-fc-barcelona_225981_102.html#breadcrumb"},"inLanguage":"en-US","potentialAction":[{"@type":"ReadAction","target":["https:\/\/www.fcbarcelonanoticias.com\/en\/transfers\/in-france-hallucinate-the-deliriums-of-greatness-of-the-fc-barcelona_225981_102.html"]}]},{"@type":"ImageObject","inLanguage":"en-US","@id":"https:\/\/www.fcbarcelonanoticias.com\/en\/transfers\/in-france-hallucinate-the-deliriums-of-greatness-of-the-fc-barcelona_225981_102.html#primaryimage","url":"https:\/\/www.fcbarcelonanoticias.com\/en\/wp-content\/uploads\/sites\/2\/2019\/06\/messi-griezmann-neymar-295328.jpeg","contentUrl":"https:\/\/www.fcbarcelonanoticias.com\/en\/wp-content\/uploads\/sites\/2\/2019\/06\/messi-griezmann-neymar-295328.jpeg","width":761,"height":428},{"@type":"BreadcrumbList","@id":"https:\/\/www.fcbarcelonanoticias.com\/en\/transfers\/in-france-hallucinate-the-deliriums-of-greatness-of-the-fc-barcelona_225981_102.html#breadcrumb","itemListElement":[{"@type":"ListItem","position":1,"name":"Portada","item":"https:\/\/www.fcbarcelonanoticias.com\/en\/"},{"@type":"ListItem","position":2,"name":"In France hallucinate the &#8220;deliriums of greatness&#8221; of the FC Barcelona"}]},{"@type":"WebSite","@id":"https:\/\/www.fcbarcelonanoticias.com\/en\/#website","url":"https:\/\/www.fcbarcelonanoticias.com\/en\/","name":"EN - FC Barcelona Noticias","description":"","potentialAction":[{"@type":"SearchAction","target":{"@type":"EntryPoint","urlTemplate":"https:\/\/www.fcbarcelonanoticias.com\/en\/?s={search_term_string}"},"query-input":{"@type":"PropertyValueSpecification","valueRequired":true,"valueName":"search_term_string"}}],"inLanguage":"en-US"},{"@type":"Person","@id":"https:\/\/www.fcbarcelonanoticias.com\/en\/#\/schema\/person\/888e29b17b79c70d1c617d8a7bc9b8c6","name":"Carlos Dom\u00ednguez","image":{"@type":"ImageObject","inLanguage":"en-US","@id":"https:\/\/secure.gravatar.com\/avatar\/?s=96&d=mm&r=g","url":"https:\/\/secure.gravatar.com\/avatar\/?s=96&d=mm&r=g","contentUrl":"https:\/\/secure.gravatar.com\/avatar\/?s=96&d=mm&r=g","caption":"Carlos Dom\u00ednguez"},"url":"https:\/\/www.fcbarcelonanoticias.com\/en\/carlos-dominguez_2_115.html"}]}},"_links":{"self":[{"href":"https:\/\/www.fcbarcelonanoticias.com\/en\/wp-json\/wp\/v2\/posts\/95248","targetHints":{"allow":["GET"]}}],"collection":[{"href":"https:\/\/www.fcbarcelonanoticias.com\/en\/wp-json\/wp\/v2\/posts"}],"about":[{"href":"https:\/\/www.fcbarcelonanoticias.com\/en\/wp-json\/wp\/v2\/types\/post"}],"author":[{"embeddable":true,"href":"https:\/\/www.fcbarcelonanoticias.com\/en\/wp-json\/wp\/v2\/users\/366"}],"replies":[{"embeddable":true,"href":"https:\/\/www.fcbarcelonanoticias.com\/en\/wp-json\/wp\/v2\/comments?post=95248"}],"version-history":[{"count":3,"href":"https:\/\/www.fcbarcelonanoticias.com\/en\/wp-json\/wp\/v2\/posts\/95248\/revisions"}],"predecessor-version":[{"id":177567,"href":"https:\/\/www.fcbarcelonanoticias.com\/en\/wp-json\/wp\/v2\/posts\/95248\/revisions\/177567"}],"wp:featuredmedia":[{"embeddable":true,"href":"https:\/\/www.fcbarcelonanoticias.com\/en\/wp-json\/wp\/v2\/media\/95260"}],"wp:attachment":[{"href":"https:\/\/www.fcbarcelonanoticias.com\/en\/wp-json\/wp\/v2\/media?parent=95248"}],"wp:term":[{"taxonomy":"category","embeddable":true,"href":"https:\/\/www.fcbarcelonanoticias.com\/en\/wp-json\/wp\/v2\/categories?post=95248"},{"taxonomy":"post_tag","embeddable":true,"href":"https:\/\/www.fcbarcelonanoticias.com\/en\/wp-json\/wp\/v2\/tags?post=95248"}],"curies":[{"name":"wp","href":"https:\/\/api.w.org\/{rel}","templated":true}]}}