{"id":95384,"date":"2024-11-17T07:17:00","date_gmt":"2024-11-17T06:17:00","guid":{"rendered":"https:\/\/weisetech.dev\/fc-barcelona-noticias\/en\/fc-barcelona-puts-xavi-untouchable-on-transfer-list_308664_102\/"},"modified":"2024-11-17T07:17:00","modified_gmt":"2024-11-17T06:17:00","slug":"fc-barcelona-puts-xavi-untouchable-on-transfer-list_308664_102","status":"publish","type":"post","link":"https:\/\/www.fcbarcelonanoticias.com\/en\/transfers\/fc-barcelona-puts-xavi-untouchable-on-transfer-list_308664_102.html","title":{"rendered":"FC Barcelona puts Xavi&#8217;s &#8216;untouchable&#8217; on transfer list!"},"content":{"rendered":"<h2 class=\"wp-block-heading\">Bar\u00e7a have reportedly decided to get rid of Andreas Christensen. The player is expected to leave next summer, although a transfer in January is not ruled out<\/h2>  \r\n<div class=\"article-addons\">\r\n    <a href=\"https:\/\/www.fcbarcelonanoticias.com\/en\/calendar-fc-barcelona.html\"\r\n       target=\"_self\"\r\n       title=\"Calendar of FC Barcelona\"\r\n       class=\"blue-gredient-btn\">\r\n       \r\n        Calendar of FC Barcelona    <\/a>\r\n<\/div>   <p><strong>Andreas Christensen<\/strong>&#8216;s time at <strong>FC Barcelona<\/strong> is numbered. The Dane is in the Barcelona infirmary after suffering a tendinopathy in his left Achilles, which has kept him out for almost three months. Although, a priori, his ailments did not represent a major problem, <a data-external=\"0\" data-intl-links-en=\"https:\/\/www.fcbarcelonanoticias.com\/en\/fc-barcelona\/the-injury-of-this-fc-barcelona-centre-back-portrays-the-cavern_308595_102.html\" data-intl-links-es=\"https:\/\/www.fcbarcelonanoticias.com\/fc-barcelona\/lesion-este-central-fc-barcelona-retrata-caverna_308595_102.html\" href=\"https:\/\/www.fcbarcelonanoticias.com\/en\/fc-barcelona\/the-injury-of-this-fc-barcelona-centre-back-portrays-the-cavern_308595_102.html\" rel=\"follow\" target=\"_self\" title=\"The injury of this FC Barcelona centre-back portrays the 'cavern'\">his recovery has been delayed more than expected<\/a> and his return is scheduled for January.<\/p>  <p>Once the defender rejoins the team managed by <strong>Hansi Flick<\/strong>, the Catalans will have to resolve the file on his registration, since, taking advantage of his long-term physical problem, they released him last summer to sign <strong>Dani Olmo<\/strong>.<\/p>  <h3>Bar\u00e7a puts Christensen on the transfer list<\/h3>  <p>Although, in principle, the footballer would not have problems playing after receiving the medical clearance, the newspaper &#8216;SPORT&#8217; has assured that <strong>Can Bar\u00e7a do not rule out his departure during the next transfer market<\/strong>, although it is more likely that it will occur at the end of the season.<\/p>  <p><strong>Christensen <\/strong>became an &#8216;untouchable&#8217; for <strong>Xavi<\/strong>, playing a total of 74 games under the orders of the Egarense, who found in the Dane the ideal solution for the axis of the midfield. The injuries of <strong>Frenkie de Jong and Oriol Romeu<\/strong> forced the Terrassa native to bet on Andreas as a pivot, and the player knew how to respond on the field, earning the total confidence of the coach and his stay at the club.<\/p>  <p>However, his contractual situation (his contract expires in 2026 and is not expected to be renewed), added to the overbooking of centre-backs that Bar\u00e7a has on the payroll (<strong>Cubars\u00ed, I\u00f1igo Mart\u00ednez, Eric Garcia, Sergi Dom\u00ednguez<\/strong>) <a data-external=\"0\" data-intl-links-en=\"https:\/\/www.fcbarcelonanoticias.com\/en\/transfers\/flick-puts-pressure-on-fc-barcelona-to-sign-this-centre-back-he-is-priority_308591_102.html\" data-intl-links-es=\"https:\/\/www.fcbarcelonanoticias.com\/fichajes\/flick-presiona-fc-barcelona-por-fichaje-este-central-es-prioridad_308591_102.html\" href=\"https:\/\/www.fcbarcelonanoticias.com\/en\/transfers\/flick-puts-pressure-on-fc-barcelona-to-sign-this-centre-back-he-is-priority_308591_102.html\" rel=\"follow\" target=\"_self\" title=\"Flick puts pressure on FC Barcelona to sign this centre-back: He is a priority\">and the possible signing of Jonathan Tah<\/a>, would complicate his place in the first team, so the Catalans have decided to put him on the transfer list to take advantage of his reputation in other leagues and make money with his transfer.<\/p> ","protected":false},"excerpt":{"rendered":"<p>Bar\u00e7a have reportedly decided to get rid of Andreas Christensen. The player is expected to leave next summer, although a transfer in January is not ruled out Andreas Christensen&#8216;s time at FC Barcelona is numbered. The Dane is in the Barcelona infirmary after suffering a tendinopathy in his left Achilles, which has kept him out [&hellip;]<\/p>\n","protected":false},"author":358,"featured_media":95401,"comment_status":"closed","ping_status":"open","sticky":false,"template":"","format":"standard","meta":{"_acf_changed":false,"inline_featured_image":false,"_nextfly_llmd_date_locked":false,"footnotes":""},"categories":[106,449],"tags":[87,48],"class_list":["post-95384","post","type-post","status-publish","format-standard","has-post-thumbnail","hentry","category-transfers","category-transfers-2","tag-hansi-flick","tag-xavi-hernandez"],"acf":[],"yoast_head":"<!-- This site is optimized with the Yoast SEO plugin v27.3 - https:\/\/yoast.com\/product\/yoast-seo-wordpress\/ -->\n<title>FC Barcelona puts Xavi&#039;s &#039;untouchable&#039; on transfer list!<\/title>\n<meta name=\"description\" content=\"Bar\u00e7a have reportedly decided to get rid of Andreas Christensen. The player is expected to leave next summer, although a transfer in January is not ruled out\" \/>\n<meta name=\"robots\" content=\"index, follow, max-snippet:-1, max-image-preview:large, max-video-preview:-1\" \/>\n<link rel=\"canonical\" href=\"https:\/\/www.fcbarcelonanoticias.com\/en\/transfers\/fc-barcelona-puts-xavi-untouchable-on-transfer-list_308664_102.html\" \/>\n<meta property=\"og:locale\" content=\"en_US\" \/>\n<meta property=\"og:type\" content=\"article\" \/>\n<meta property=\"og:title\" content=\"FC Barcelona puts Xavi&#039;s &#039;untouchable&#039; on transfer list!\" \/>\n<meta property=\"og:description\" content=\"Bar\u00e7a have reportedly decided to get rid of Andreas Christensen. The player is expected to leave next summer, although a transfer in January is not ruled out\" \/>\n<meta property=\"og:url\" content=\"https:\/\/www.fcbarcelonanoticias.com\/en\/transfers\/fc-barcelona-puts-xavi-untouchable-on-transfer-list_308664_102.html\" \/>\n<meta property=\"og:site_name\" content=\"EN - FC Barcelona Noticias\" \/>\n<meta property=\"article:published_time\" content=\"2024-11-17T06:17:00+00:00\" \/>\n<meta property=\"og:image\" content=\"https:\/\/www.fcbarcelonanoticias.com\/en\/wp-content\/uploads\/sites\/2\/2024\/11\/andreas-christensen-barca.jpeg\" \/>\n\t<meta property=\"og:image:width\" content=\"1250\" \/>\n\t<meta property=\"og:image:height\" content=\"730\" \/>\n\t<meta property=\"og:image:type\" content=\"image\/jpeg\" \/>\n<meta name=\"author\" content=\"Juan Pablo Berdugo\" \/>\n<meta name=\"twitter:card\" content=\"summary_large_image\" \/>\n<meta name=\"twitter:label1\" content=\"Written by\" \/>\n\t<meta name=\"twitter:data1\" content=\"Juan Pablo Berdugo\" \/>\n\t<meta name=\"twitter:label2\" content=\"Est. reading time\" \/>\n\t<meta name=\"twitter:data2\" content=\"2 minutes\" \/>\n<script type=\"application\/ld+json\" class=\"yoast-schema-graph\">{\"@context\":\"https:\\\/\\\/schema.org\",\"@graph\":[{\"@type\":\"Article\",\"@id\":\"https:\\\/\\\/www.fcbarcelonanoticias.com\\\/en\\\/transfers\\\/fc-barcelona-puts-xavi-untouchable-on-transfer-list_308664_102.html#article\",\"isPartOf\":{\"@id\":\"https:\\\/\\\/www.fcbarcelonanoticias.com\\\/en\\\/transfers\\\/fc-barcelona-puts-xavi-untouchable-on-transfer-list_308664_102.html\"},\"author\":{\"name\":\"Juan Pablo Berdugo\",\"@id\":\"https:\\\/\\\/www.fcbarcelonanoticias.com\\\/en\\\/#\\\/schema\\\/person\\\/88d756918a0a1ae9fa593b5edddd1815\"},\"headline\":\"FC Barcelona puts Xavi&#8217;s &#8216;untouchable&#8217; on transfer list!\",\"datePublished\":\"2024-11-17T06:17:00+00:00\",\"mainEntityOfPage\":{\"@id\":\"https:\\\/\\\/www.fcbarcelonanoticias.com\\\/en\\\/transfers\\\/fc-barcelona-puts-xavi-untouchable-on-transfer-list_308664_102.html\"},\"wordCount\":346,\"image\":{\"@id\":\"https:\\\/\\\/www.fcbarcelonanoticias.com\\\/en\\\/transfers\\\/fc-barcelona-puts-xavi-untouchable-on-transfer-list_308664_102.html#primaryimage\"},\"thumbnailUrl\":\"https:\\\/\\\/www.fcbarcelonanoticias.com\\\/en\\\/wp-content\\\/uploads\\\/sites\\\/2\\\/2024\\\/11\\\/andreas-christensen-barca.jpeg\",\"keywords\":[\"Hansi Flick\",\"Xavi Hern\u00e1ndez\"],\"articleSection\":[\"Transfers\",\"Transfers\"],\"inLanguage\":\"en-US\"},{\"@type\":\"WebPage\",\"@id\":\"https:\\\/\\\/www.fcbarcelonanoticias.com\\\/en\\\/transfers\\\/fc-barcelona-puts-xavi-untouchable-on-transfer-list_308664_102.html\",\"url\":\"https:\\\/\\\/www.fcbarcelonanoticias.com\\\/en\\\/transfers\\\/fc-barcelona-puts-xavi-untouchable-on-transfer-list_308664_102.html\",\"name\":\"FC Barcelona puts Xavi's 'untouchable' on transfer list!\",\"isPartOf\":{\"@id\":\"https:\\\/\\\/www.fcbarcelonanoticias.com\\\/en\\\/#website\"},\"primaryImageOfPage\":{\"@id\":\"https:\\\/\\\/www.fcbarcelonanoticias.com\\\/en\\\/transfers\\\/fc-barcelona-puts-xavi-untouchable-on-transfer-list_308664_102.html#primaryimage\"},\"image\":{\"@id\":\"https:\\\/\\\/www.fcbarcelonanoticias.com\\\/en\\\/transfers\\\/fc-barcelona-puts-xavi-untouchable-on-transfer-list_308664_102.html#primaryimage\"},\"thumbnailUrl\":\"https:\\\/\\\/www.fcbarcelonanoticias.com\\\/en\\\/wp-content\\\/uploads\\\/sites\\\/2\\\/2024\\\/11\\\/andreas-christensen-barca.jpeg\",\"datePublished\":\"2024-11-17T06:17:00+00:00\",\"author\":{\"@id\":\"https:\\\/\\\/www.fcbarcelonanoticias.com\\\/en\\\/#\\\/schema\\\/person\\\/88d756918a0a1ae9fa593b5edddd1815\"},\"description\":\"Bar\u00e7a have reportedly decided to get rid of Andreas Christensen. The player is expected to leave next summer, although a transfer in January is not ruled out\",\"breadcrumb\":{\"@id\":\"https:\\\/\\\/www.fcbarcelonanoticias.com\\\/en\\\/transfers\\\/fc-barcelona-puts-xavi-untouchable-on-transfer-list_308664_102.html#breadcrumb\"},\"inLanguage\":\"en-US\",\"potentialAction\":[{\"@type\":\"ReadAction\",\"target\":[\"https:\\\/\\\/www.fcbarcelonanoticias.com\\\/en\\\/transfers\\\/fc-barcelona-puts-xavi-untouchable-on-transfer-list_308664_102.html\"]}]},{\"@type\":\"ImageObject\",\"inLanguage\":\"en-US\",\"@id\":\"https:\\\/\\\/www.fcbarcelonanoticias.com\\\/en\\\/transfers\\\/fc-barcelona-puts-xavi-untouchable-on-transfer-list_308664_102.html#primaryimage\",\"url\":\"https:\\\/\\\/www.fcbarcelonanoticias.com\\\/en\\\/wp-content\\\/uploads\\\/sites\\\/2\\\/2024\\\/11\\\/andreas-christensen-barca.jpeg\",\"contentUrl\":\"https:\\\/\\\/www.fcbarcelonanoticias.com\\\/en\\\/wp-content\\\/uploads\\\/sites\\\/2\\\/2024\\\/11\\\/andreas-christensen-barca.jpeg\",\"width\":1250,\"height\":730},{\"@type\":\"BreadcrumbList\",\"@id\":\"https:\\\/\\\/www.fcbarcelonanoticias.com\\\/en\\\/transfers\\\/fc-barcelona-puts-xavi-untouchable-on-transfer-list_308664_102.html#breadcrumb\",\"itemListElement\":[{\"@type\":\"ListItem\",\"position\":1,\"name\":\"Portada\",\"item\":\"https:\\\/\\\/www.fcbarcelonanoticias.com\\\/en\\\/\"},{\"@type\":\"ListItem\",\"position\":2,\"name\":\"FC Barcelona puts Xavi&#8217;s &#8216;untouchable&#8217; on transfer list!\"}]},{\"@type\":\"WebSite\",\"@id\":\"https:\\\/\\\/www.fcbarcelonanoticias.com\\\/en\\\/#website\",\"url\":\"https:\\\/\\\/www.fcbarcelonanoticias.com\\\/en\\\/\",\"name\":\"EN - FC Barcelona Noticias\",\"description\":\"\",\"potentialAction\":[{\"@type\":\"SearchAction\",\"target\":{\"@type\":\"EntryPoint\",\"urlTemplate\":\"https:\\\/\\\/www.fcbarcelonanoticias.com\\\/en\\\/?s={search_term_string}\"},\"query-input\":{\"@type\":\"PropertyValueSpecification\",\"valueRequired\":true,\"valueName\":\"search_term_string\"}}],\"inLanguage\":\"en-US\"},{\"@type\":\"Person\",\"@id\":\"https:\\\/\\\/www.fcbarcelonanoticias.com\\\/en\\\/#\\\/schema\\\/person\\\/88d756918a0a1ae9fa593b5edddd1815\",\"name\":\"Juan Pablo Berdugo\",\"image\":{\"@type\":\"ImageObject\",\"inLanguage\":\"en-US\",\"@id\":\"https:\\\/\\\/secure.gravatar.com\\\/avatar\\\/?s=96&d=mm&r=g\",\"url\":\"https:\\\/\\\/secure.gravatar.com\\\/avatar\\\/?s=96&d=mm&r=g\",\"contentUrl\":\"https:\\\/\\\/secure.gravatar.com\\\/avatar\\\/?s=96&d=mm&r=g\",\"caption\":\"Juan Pablo Berdugo\"},\"description\":\"Juan Pablo Berdugo es graduado en Periodismo. Colabora con FCBN como especialista en informaci\u00f3n del primer equipo del FC Barcelona, f\u00fatbol internacional y mercado de fichajes. Destaca por su enfoque anal\u00edtico, su rigor informativo y su capacidad para detectar tendencias emergentes en el f\u00fatbol global.\",\"url\":\"https:\\\/\\\/www.fcbarcelonanoticias.com\\\/en\\\/fc-barcelona\\\/juan-pablo-berdugo_18_115.html\"}]}<\/script>\n<!-- \/ Yoast SEO plugin. -->","yoast_head_json":{"title":"FC Barcelona puts Xavi's 'untouchable' on transfer list!","description":"Bar\u00e7a have reportedly decided to get rid of Andreas Christensen. The player is expected to leave next summer, although a transfer in January is not ruled out","robots":{"index":"index","follow":"follow","max-snippet":"max-snippet:-1","max-image-preview":"max-image-preview:large","max-video-preview":"max-video-preview:-1"},"canonical":"https:\/\/www.fcbarcelonanoticias.com\/en\/transfers\/fc-barcelona-puts-xavi-untouchable-on-transfer-list_308664_102.html","og_locale":"en_US","og_type":"article","og_title":"FC Barcelona puts Xavi's 'untouchable' on transfer list!","og_description":"Bar\u00e7a have reportedly decided to get rid of Andreas Christensen. The player is expected to leave next summer, although a transfer in January is not ruled out","og_url":"https:\/\/www.fcbarcelonanoticias.com\/en\/transfers\/fc-barcelona-puts-xavi-untouchable-on-transfer-list_308664_102.html","og_site_name":"EN - FC Barcelona Noticias","article_published_time":"2024-11-17T06:17:00+00:00","og_image":[{"width":1250,"height":730,"url":"https:\/\/www.fcbarcelonanoticias.com\/en\/wp-content\/uploads\/sites\/2\/2024\/11\/andreas-christensen-barca.jpeg","type":"image\/jpeg"}],"author":"Juan Pablo Berdugo","twitter_card":"summary_large_image","twitter_misc":{"Written by":"Juan Pablo Berdugo","Est. reading time":"2 minutes"},"schema":{"@context":"https:\/\/schema.org","@graph":[{"@type":"Article","@id":"https:\/\/www.fcbarcelonanoticias.com\/en\/transfers\/fc-barcelona-puts-xavi-untouchable-on-transfer-list_308664_102.html#article","isPartOf":{"@id":"https:\/\/www.fcbarcelonanoticias.com\/en\/transfers\/fc-barcelona-puts-xavi-untouchable-on-transfer-list_308664_102.html"},"author":{"name":"Juan Pablo Berdugo","@id":"https:\/\/www.fcbarcelonanoticias.com\/en\/#\/schema\/person\/88d756918a0a1ae9fa593b5edddd1815"},"headline":"FC Barcelona puts Xavi&#8217;s &#8216;untouchable&#8217; on transfer list!","datePublished":"2024-11-17T06:17:00+00:00","mainEntityOfPage":{"@id":"https:\/\/www.fcbarcelonanoticias.com\/en\/transfers\/fc-barcelona-puts-xavi-untouchable-on-transfer-list_308664_102.html"},"wordCount":346,"image":{"@id":"https:\/\/www.fcbarcelonanoticias.com\/en\/transfers\/fc-barcelona-puts-xavi-untouchable-on-transfer-list_308664_102.html#primaryimage"},"thumbnailUrl":"https:\/\/www.fcbarcelonanoticias.com\/en\/wp-content\/uploads\/sites\/2\/2024\/11\/andreas-christensen-barca.jpeg","keywords":["Hansi Flick","Xavi Hern\u00e1ndez"],"articleSection":["Transfers","Transfers"],"inLanguage":"en-US"},{"@type":"WebPage","@id":"https:\/\/www.fcbarcelonanoticias.com\/en\/transfers\/fc-barcelona-puts-xavi-untouchable-on-transfer-list_308664_102.html","url":"https:\/\/www.fcbarcelonanoticias.com\/en\/transfers\/fc-barcelona-puts-xavi-untouchable-on-transfer-list_308664_102.html","name":"FC Barcelona puts Xavi's 'untouchable' on transfer list!","isPartOf":{"@id":"https:\/\/www.fcbarcelonanoticias.com\/en\/#website"},"primaryImageOfPage":{"@id":"https:\/\/www.fcbarcelonanoticias.com\/en\/transfers\/fc-barcelona-puts-xavi-untouchable-on-transfer-list_308664_102.html#primaryimage"},"image":{"@id":"https:\/\/www.fcbarcelonanoticias.com\/en\/transfers\/fc-barcelona-puts-xavi-untouchable-on-transfer-list_308664_102.html#primaryimage"},"thumbnailUrl":"https:\/\/www.fcbarcelonanoticias.com\/en\/wp-content\/uploads\/sites\/2\/2024\/11\/andreas-christensen-barca.jpeg","datePublished":"2024-11-17T06:17:00+00:00","author":{"@id":"https:\/\/www.fcbarcelonanoticias.com\/en\/#\/schema\/person\/88d756918a0a1ae9fa593b5edddd1815"},"description":"Bar\u00e7a have reportedly decided to get rid of Andreas Christensen. The player is expected to leave next summer, although a transfer in January is not ruled out","breadcrumb":{"@id":"https:\/\/www.fcbarcelonanoticias.com\/en\/transfers\/fc-barcelona-puts-xavi-untouchable-on-transfer-list_308664_102.html#breadcrumb"},"inLanguage":"en-US","potentialAction":[{"@type":"ReadAction","target":["https:\/\/www.fcbarcelonanoticias.com\/en\/transfers\/fc-barcelona-puts-xavi-untouchable-on-transfer-list_308664_102.html"]}]},{"@type":"ImageObject","inLanguage":"en-US","@id":"https:\/\/www.fcbarcelonanoticias.com\/en\/transfers\/fc-barcelona-puts-xavi-untouchable-on-transfer-list_308664_102.html#primaryimage","url":"https:\/\/www.fcbarcelonanoticias.com\/en\/wp-content\/uploads\/sites\/2\/2024\/11\/andreas-christensen-barca.jpeg","contentUrl":"https:\/\/www.fcbarcelonanoticias.com\/en\/wp-content\/uploads\/sites\/2\/2024\/11\/andreas-christensen-barca.jpeg","width":1250,"height":730},{"@type":"BreadcrumbList","@id":"https:\/\/www.fcbarcelonanoticias.com\/en\/transfers\/fc-barcelona-puts-xavi-untouchable-on-transfer-list_308664_102.html#breadcrumb","itemListElement":[{"@type":"ListItem","position":1,"name":"Portada","item":"https:\/\/www.fcbarcelonanoticias.com\/en\/"},{"@type":"ListItem","position":2,"name":"FC Barcelona puts Xavi&#8217;s &#8216;untouchable&#8217; on transfer list!"}]},{"@type":"WebSite","@id":"https:\/\/www.fcbarcelonanoticias.com\/en\/#website","url":"https:\/\/www.fcbarcelonanoticias.com\/en\/","name":"EN - FC Barcelona Noticias","description":"","potentialAction":[{"@type":"SearchAction","target":{"@type":"EntryPoint","urlTemplate":"https:\/\/www.fcbarcelonanoticias.com\/en\/?s={search_term_string}"},"query-input":{"@type":"PropertyValueSpecification","valueRequired":true,"valueName":"search_term_string"}}],"inLanguage":"en-US"},{"@type":"Person","@id":"https:\/\/www.fcbarcelonanoticias.com\/en\/#\/schema\/person\/88d756918a0a1ae9fa593b5edddd1815","name":"Juan Pablo Berdugo","image":{"@type":"ImageObject","inLanguage":"en-US","@id":"https:\/\/secure.gravatar.com\/avatar\/?s=96&d=mm&r=g","url":"https:\/\/secure.gravatar.com\/avatar\/?s=96&d=mm&r=g","contentUrl":"https:\/\/secure.gravatar.com\/avatar\/?s=96&d=mm&r=g","caption":"Juan Pablo Berdugo"},"description":"Juan Pablo Berdugo es graduado en Periodismo. Colabora con FCBN como especialista en informaci\u00f3n del primer equipo del FC Barcelona, f\u00fatbol internacional y mercado de fichajes. Destaca por su enfoque anal\u00edtico, su rigor informativo y su capacidad para detectar tendencias emergentes en el f\u00fatbol global.","url":"https:\/\/www.fcbarcelonanoticias.com\/en\/fc-barcelona\/juan-pablo-berdugo_18_115.html"}]}},"_links":{"self":[{"href":"https:\/\/www.fcbarcelonanoticias.com\/en\/wp-json\/wp\/v2\/posts\/95384","targetHints":{"allow":["GET"]}}],"collection":[{"href":"https:\/\/www.fcbarcelonanoticias.com\/en\/wp-json\/wp\/v2\/posts"}],"about":[{"href":"https:\/\/www.fcbarcelonanoticias.com\/en\/wp-json\/wp\/v2\/types\/post"}],"author":[{"embeddable":true,"href":"https:\/\/www.fcbarcelonanoticias.com\/en\/wp-json\/wp\/v2\/users\/358"}],"replies":[{"embeddable":true,"href":"https:\/\/www.fcbarcelonanoticias.com\/en\/wp-json\/wp\/v2\/comments?post=95384"}],"version-history":[{"count":1,"href":"https:\/\/www.fcbarcelonanoticias.com\/en\/wp-json\/wp\/v2\/posts\/95384\/revisions"}],"predecessor-version":[{"id":126993,"href":"https:\/\/www.fcbarcelonanoticias.com\/en\/wp-json\/wp\/v2\/posts\/95384\/revisions\/126993"}],"wp:featuredmedia":[{"embeddable":true,"href":"https:\/\/www.fcbarcelonanoticias.com\/en\/wp-json\/wp\/v2\/media\/95401"}],"wp:attachment":[{"href":"https:\/\/www.fcbarcelonanoticias.com\/en\/wp-json\/wp\/v2\/media?parent=95384"}],"wp:term":[{"taxonomy":"category","embeddable":true,"href":"https:\/\/www.fcbarcelonanoticias.com\/en\/wp-json\/wp\/v2\/categories?post=95384"},{"taxonomy":"post_tag","embeddable":true,"href":"https:\/\/www.fcbarcelonanoticias.com\/en\/wp-json\/wp\/v2\/tags?post=95384"}],"curies":[{"name":"wp","href":"https:\/\/api.w.org\/{rel}","templated":true}]}}