{"id":95509,"date":"2025-12-27T17:38:00","date_gmt":"2025-12-27T16:38:00","guid":{"rendered":"https:\/\/weisetech.dev\/fc-barcelona-noticias\/en\/neymar-remembers-barca-as-his-recovery-progresses_315627_102\/"},"modified":"2026-03-27T11:34:50","modified_gmt":"2026-03-27T10:34:50","slug":"neymar-remembers-barca-as-his-recovery-progresses_315627_102","status":"publish","type":"post","link":"https:\/\/www.fcbarcelonanoticias.com\/en\/transfers\/neymar-remembers-barca-as-his-recovery-progresses_315627_102.html","title":{"rendered":"Neymar&#8217;s new nod to Bar\u00e7a: the Brazilian keeps his future &#8216;up in the air&#8217;"},"content":{"rendered":"<h2 class=\"wp-block-heading\">Neymar Jr. shared an emotional image on Instagram remembering his time at Bar\u00e7a. The Brazilian has not yet found a team and will be out of action until at least February<\/h2>  \r\n<div class=\"article-addons\">\r\n    <a href=\"https:\/\/www.fcbarcelonanoticias.com\/en\/calendar-fc-barcelona.html\"\r\n       target=\"_self\"\r\n       title=\"Calendar of FC Barcelona\"\r\n       class=\"blue-gredient-btn\">\r\n       \r\n        Calendar of FC Barcelona    <\/a>\r\n<\/div>   <p><strong>Neymar Jr<\/strong>. is going through a very difficult time, but he still fondly remembers his time at <strong>FC Barcelona<\/strong>. The 33-year-old player, during his vacation in Brazil, shared an emotional photograph with his father watching one of his matches in the 2016\/17 blaugrana jersey, his last with the Catalan club.<\/p>  <p>The Mogi das Cruzes native <strong>finishes his contract with Santos next week (December 31)<\/strong> and his future is completely uncertain. The photo showing his best moments with Bar\u00e7a could represent a nod from Ney to the Catalans, although rumors of a possible &#8216;last dance&#8217; for the forward with the cul\u00e9s are completely ruled out.<\/p>  <div class=\"media media-image\" data-ck-asset-wrapper=\"\"> <div class=\"media-item\"> <img loading=\"lazy\" decoding=\"async\" alt=\"The story shared by Neymar on Instagram (@neymarjr)\" data-id=\"1536607\" data-resize=\"null\" height=\"1714\" src=\"https:\/\/www.fcbarcelonanoticias.com\/wp-content\/uploads\/sites\/2\/2025\/12\/fcbn-27a99ebe26538f91edf32915f14ce91e.jpeg\" title=\"The story shared by Neymar on Instagram (@neymarjr)\" width=\"1144\"><div class=\"media-title\">The story shared by Neymar on Instagram (@neymarjr)<\/div> <\/div> <\/div>  <h2>Bar\u00e7a Maintains Stance on Neymar<\/h2>  <p>The sporting director of Bar\u00e7a himself, <a a=\"\" data-external=\"0\" data-intl-links-en=\"https:\/\/www.fcbarcelonanoticias.com\/en\/transfers\/deco-on-neymar-jr-rumors-of-return-to-barca-denied_311304_102.html\" data-intl-links-es=\"https:\/\/www.fcbarcelonanoticias.com\/fichajes\/deco-zanja-rumores-vinculan-neymar-jr-barca-veces-historias-no-se-repiten_311304_102.html\" historias=\"\" href=\"https:\/\/www.fcbarcelonanoticias.com\/en\/transfers\/deco-on-neymar-jr-rumors-of-return-to-barca-denied_311304_102.html\" las=\"\" no=\"\" rel=\"follow\" repiten=\"\" se=\"\" target=\"_self\" title=\"Deco zanja los rumores que vinculan a Neymar Jr. al Bar\u00e7a: \" veces=\"\">Deco, put an end to the rumors about the Brazilian star&#8217;s return<\/a> last March. &#8220;Neymar was a phenomenon who passed through here. He did what he did. He won what he won&#8230; <strong>Sometimes those stories don&#8217;t repeat themselves<\/strong>,&#8221; said the Bar\u00e7a sporting director in an interview for &#8216;TNT Sports&#8217; Brazil.<\/p>  <p>With the next winter transfer window approaching, <a data-external=\"0\" data-intl-links-en=\"https:\/\/www.fcbarcelonanoticias.com\/en\/laliga\/flick-dispels-doubts-about-kounde-physique-and-the-market_315601_102.html\" data-intl-links-es=\"https:\/\/www.fcbarcelonanoticias.com\/laliga\/flick-despeja-dudas-sobre-estado-fisico-kounde-abre-puerta-fichar-otro-central_315601_102.html\" href=\"https:\/\/www.fcbarcelonanoticias.com\/en\/laliga\/flick-dispels-doubts-about-kounde-physique-and-the-market_315601_102.html\" rel=\"follow\" target=\"_self\" title=\"Flick despeja las dudas sobre el estado f\u00edsico de Kound\u00e9 y abre la puerta a fichar otro central\">the team managed by Hansi Flick only plans to sign one central defender<\/a>, a decision that has not yet been made. Ney could sign with any club in Europe as a free agent starting January 2nd, but for now, there are no rumors about any club interested in his arrival.<\/p>  <p>The 33-year-old forward has played very little in the last two years due to multiple muscle problems that prevented him from playing regularly, both in Saudi Arabia with <strong>Al Hilal<\/strong> and on his return to <strong>Santos<\/strong> this 2025. With the &#8216;Peixe&#8217;, in fact, he barely accumulated 2,065 minutes of action in 28 appearances last season.<\/p>  <h2>Neymar maintains a slim hope of playing his last World Cup with Brazil<\/h2>  <p>This December, Ney once again went under the knife to alleviate the pain in his left knee. In principle, <strong>the player will be out of action until February or March<\/strong>, once the meniscus has completely healed.&nbsp;<\/p>  <p>However, Ney retains a minimal hope of earning a spot on Carlo Ancelotti&#8217;s squad for the World Cup next summer. The player from Mogi das Cruzes, of course, **will have to find a team and play regularly between March and May** to try and convince &#8216;Carletto&#8217; to take him to what would be his fourth and final World Cup with the &#8216;canarinha&#8217;.<\/p>  <p><strong>The option to stay at Santos seems to be the best alternative<\/strong> for a Neymar whose offensive contribution (8 goals and 1 assist) was important in preventing another relegation for the S\u00e3o Paulo team. The club, in fact, will play in the next edition of the Copa Sudamericana, a good showcase for the experienced forward to gain confidence and match fitness in what could be his last year as a professional.<\/p> ","protected":false},"excerpt":{"rendered":"<p>Neymar Jr. shared an emotional image on Instagram remembering his time at Bar\u00e7a. The Brazilian has not yet found a team and will be out of action until at least February Neymar Jr. is going through a very difficult time, but he still fondly remembers his time at FC Barcelona. The 33-year-old player, during his [&hellip;]<\/p>\n","protected":false},"author":347,"featured_media":95525,"comment_status":"closed","ping_status":"open","sticky":false,"template":"","format":"standard","meta":{"_acf_changed":false,"inline_featured_image":false,"_nextfly_llmd_date_locked":false,"footnotes":""},"categories":[106,449],"tags":[143,175],"class_list":["post-95509","post","type-post","status-publish","format-standard","has-post-thumbnail","hentry","category-transfers","category-transfers-2","tag-neymar-jr","tag-viral"],"acf":[],"yoast_head":"<!-- This site is optimized with the Yoast SEO plugin v27.3 - https:\/\/yoast.com\/product\/yoast-seo-wordpress\/ -->\n<title>Neymar remembers Bar\u00e7a as his recovery progresses<\/title>\n<meta name=\"description\" content=\"Neymar Jr. shared an emotional image on Instagram remembering his time at Bar\u00e7a. The Brazilian has not yet found a team and is still injured\" \/>\n<meta name=\"robots\" content=\"index, follow, max-snippet:-1, max-image-preview:large, max-video-preview:-1\" \/>\n<link rel=\"canonical\" href=\"https:\/\/www.fcbarcelonanoticias.com\/en\/transfers\/neymar-remembers-barca-as-his-recovery-progresses_315627_102.html\" \/>\n<meta property=\"og:locale\" content=\"en_US\" \/>\n<meta property=\"og:type\" content=\"article\" \/>\n<meta property=\"og:title\" content=\"Neymar remembers Bar\u00e7a as his recovery progresses\" \/>\n<meta property=\"og:description\" content=\"Neymar Jr. shared an emotional image on Instagram remembering his time at Bar\u00e7a. The Brazilian has not yet found a team and is still injured\" \/>\n<meta property=\"og:url\" content=\"https:\/\/www.fcbarcelonanoticias.com\/en\/transfers\/neymar-remembers-barca-as-his-recovery-progresses_315627_102.html\" \/>\n<meta property=\"og:site_name\" content=\"EN - FC Barcelona Noticias\" \/>\n<meta property=\"article:published_time\" content=\"2025-12-27T16:38:00+00:00\" \/>\n<meta property=\"article:modified_time\" content=\"2026-03-27T10:34:50+00:00\" \/>\n<meta property=\"og:image\" content=\"https:\/\/www.fcbarcelonanoticias.com\/en\/wp-content\/uploads\/sites\/2\/2025\/12\/neymar-jr-santos-25-26.jpeg\" \/>\n\t<meta property=\"og:image:width\" content=\"1300\" \/>\n\t<meta property=\"og:image:height\" content=\"732\" \/>\n\t<meta property=\"og:image:type\" content=\"image\/jpeg\" \/>\n<meta name=\"author\" content=\"Andr\u00e9s Quiroz\" \/>\n<meta name=\"twitter:card\" content=\"summary_large_image\" \/>\n<meta name=\"twitter:label1\" content=\"Written by\" \/>\n\t<meta name=\"twitter:data1\" content=\"Andr\u00e9s Quiroz\" \/>\n\t<meta name=\"twitter:label2\" content=\"Est. reading time\" \/>\n\t<meta name=\"twitter:data2\" content=\"2 minutes\" \/>\n<script type=\"application\/ld+json\" class=\"yoast-schema-graph\">{\"@context\":\"https:\\\/\\\/schema.org\",\"@graph\":[{\"@type\":\"Article\",\"@id\":\"https:\\\/\\\/www.fcbarcelonanoticias.com\\\/en\\\/transfers\\\/neymar-remembers-barca-as-his-recovery-progresses_315627_102.html#article\",\"isPartOf\":{\"@id\":\"https:\\\/\\\/www.fcbarcelonanoticias.com\\\/en\\\/transfers\\\/neymar-remembers-barca-as-his-recovery-progresses_315627_102.html\"},\"author\":{\"name\":\"Andr\u00e9s Quiroz\",\"@id\":\"https:\\\/\\\/www.fcbarcelonanoticias.com\\\/en\\\/#\\\/schema\\\/person\\\/c2cd9f6fa1af5c0d0eccd0fefa575c88\"},\"headline\":\"Neymar&#8217;s new nod to Bar\u00e7a: the Brazilian keeps his future &#8216;up in the air&#8217;\",\"datePublished\":\"2025-12-27T16:38:00+00:00\",\"dateModified\":\"2026-03-27T10:34:50+00:00\",\"mainEntityOfPage\":{\"@id\":\"https:\\\/\\\/www.fcbarcelonanoticias.com\\\/en\\\/transfers\\\/neymar-remembers-barca-as-his-recovery-progresses_315627_102.html\"},\"wordCount\":518,\"image\":{\"@id\":\"https:\\\/\\\/www.fcbarcelonanoticias.com\\\/en\\\/transfers\\\/neymar-remembers-barca-as-his-recovery-progresses_315627_102.html#primaryimage\"},\"thumbnailUrl\":\"https:\\\/\\\/www.fcbarcelonanoticias.com\\\/en\\\/wp-content\\\/uploads\\\/sites\\\/2\\\/2025\\\/12\\\/neymar-jr-santos-25-26.jpeg\",\"keywords\":[\"Neymar Jr\",\"Viral\"],\"articleSection\":[\"Transfers\",\"Transfers\"],\"inLanguage\":\"en-US\"},{\"@type\":\"WebPage\",\"@id\":\"https:\\\/\\\/www.fcbarcelonanoticias.com\\\/en\\\/transfers\\\/neymar-remembers-barca-as-his-recovery-progresses_315627_102.html\",\"url\":\"https:\\\/\\\/www.fcbarcelonanoticias.com\\\/en\\\/transfers\\\/neymar-remembers-barca-as-his-recovery-progresses_315627_102.html\",\"name\":\"Neymar remembers Bar\u00e7a as his recovery progresses\",\"isPartOf\":{\"@id\":\"https:\\\/\\\/www.fcbarcelonanoticias.com\\\/en\\\/#website\"},\"primaryImageOfPage\":{\"@id\":\"https:\\\/\\\/www.fcbarcelonanoticias.com\\\/en\\\/transfers\\\/neymar-remembers-barca-as-his-recovery-progresses_315627_102.html#primaryimage\"},\"image\":{\"@id\":\"https:\\\/\\\/www.fcbarcelonanoticias.com\\\/en\\\/transfers\\\/neymar-remembers-barca-as-his-recovery-progresses_315627_102.html#primaryimage\"},\"thumbnailUrl\":\"https:\\\/\\\/www.fcbarcelonanoticias.com\\\/en\\\/wp-content\\\/uploads\\\/sites\\\/2\\\/2025\\\/12\\\/neymar-jr-santos-25-26.jpeg\",\"datePublished\":\"2025-12-27T16:38:00+00:00\",\"dateModified\":\"2026-03-27T10:34:50+00:00\",\"author\":{\"@id\":\"https:\\\/\\\/www.fcbarcelonanoticias.com\\\/en\\\/#\\\/schema\\\/person\\\/c2cd9f6fa1af5c0d0eccd0fefa575c88\"},\"description\":\"Neymar Jr. shared an emotional image on Instagram remembering his time at Bar\u00e7a. The Brazilian has not yet found a team and is still injured\",\"breadcrumb\":{\"@id\":\"https:\\\/\\\/www.fcbarcelonanoticias.com\\\/en\\\/transfers\\\/neymar-remembers-barca-as-his-recovery-progresses_315627_102.html#breadcrumb\"},\"inLanguage\":\"en-US\",\"potentialAction\":[{\"@type\":\"ReadAction\",\"target\":[\"https:\\\/\\\/www.fcbarcelonanoticias.com\\\/en\\\/transfers\\\/neymar-remembers-barca-as-his-recovery-progresses_315627_102.html\"]}]},{\"@type\":\"ImageObject\",\"inLanguage\":\"en-US\",\"@id\":\"https:\\\/\\\/www.fcbarcelonanoticias.com\\\/en\\\/transfers\\\/neymar-remembers-barca-as-his-recovery-progresses_315627_102.html#primaryimage\",\"url\":\"https:\\\/\\\/www.fcbarcelonanoticias.com\\\/en\\\/wp-content\\\/uploads\\\/sites\\\/2\\\/2025\\\/12\\\/neymar-jr-santos-25-26.jpeg\",\"contentUrl\":\"https:\\\/\\\/www.fcbarcelonanoticias.com\\\/en\\\/wp-content\\\/uploads\\\/sites\\\/2\\\/2025\\\/12\\\/neymar-jr-santos-25-26.jpeg\",\"width\":1300,\"height\":732},{\"@type\":\"BreadcrumbList\",\"@id\":\"https:\\\/\\\/www.fcbarcelonanoticias.com\\\/en\\\/transfers\\\/neymar-remembers-barca-as-his-recovery-progresses_315627_102.html#breadcrumb\",\"itemListElement\":[{\"@type\":\"ListItem\",\"position\":1,\"name\":\"Portada\",\"item\":\"https:\\\/\\\/www.fcbarcelonanoticias.com\\\/en\\\/\"},{\"@type\":\"ListItem\",\"position\":2,\"name\":\"Neymar&#8217;s new nod to Bar\u00e7a: the Brazilian keeps his future &#8216;up in the air&#8217;\"}]},{\"@type\":\"WebSite\",\"@id\":\"https:\\\/\\\/www.fcbarcelonanoticias.com\\\/en\\\/#website\",\"url\":\"https:\\\/\\\/www.fcbarcelonanoticias.com\\\/en\\\/\",\"name\":\"EN - FC Barcelona Noticias\",\"description\":\"\",\"potentialAction\":[{\"@type\":\"SearchAction\",\"target\":{\"@type\":\"EntryPoint\",\"urlTemplate\":\"https:\\\/\\\/www.fcbarcelonanoticias.com\\\/en\\\/?s={search_term_string}\"},\"query-input\":{\"@type\":\"PropertyValueSpecification\",\"valueRequired\":true,\"valueName\":\"search_term_string\"}}],\"inLanguage\":\"en-US\"},{\"@type\":\"Person\",\"@id\":\"https:\\\/\\\/www.fcbarcelonanoticias.com\\\/en\\\/#\\\/schema\\\/person\\\/c2cd9f6fa1af5c0d0eccd0fefa575c88\",\"name\":\"Andr\u00e9s Quiroz\",\"image\":{\"@type\":\"ImageObject\",\"inLanguage\":\"en-US\",\"@id\":\"https:\\\/\\\/secure.gravatar.com\\\/avatar\\\/?s=96&d=mm&r=g\",\"url\":\"https:\\\/\\\/secure.gravatar.com\\\/avatar\\\/?s=96&d=mm&r=g\",\"contentUrl\":\"https:\\\/\\\/secure.gravatar.com\\\/avatar\\\/?s=96&d=mm&r=g\",\"caption\":\"Andr\u00e9s Quiroz\"},\"description\":\"Licenciado en Periodismo por la Universidad de los Andes. Me encargo de analizar y compartir los contenidos m\u00e1s destacados de la\u00a0actualidad del F\u00fatbol Club Barcelona, Mercado de Fichajes y F\u00fatbol Internacional en FCBN. La informaci\u00f3n es poder, pero tambi\u00e9n conocimiento.\",\"url\":\"https:\\\/\\\/www.fcbarcelonanoticias.com\\\/en\\\/fc-barcelona\\\/andres-quiroz_17_115.html\"}]}<\/script>\n<!-- \/ Yoast SEO plugin. -->","yoast_head_json":{"title":"Neymar remembers Bar\u00e7a as his recovery progresses","description":"Neymar Jr. shared an emotional image on Instagram remembering his time at Bar\u00e7a. The Brazilian has not yet found a team and is still injured","robots":{"index":"index","follow":"follow","max-snippet":"max-snippet:-1","max-image-preview":"max-image-preview:large","max-video-preview":"max-video-preview:-1"},"canonical":"https:\/\/www.fcbarcelonanoticias.com\/en\/transfers\/neymar-remembers-barca-as-his-recovery-progresses_315627_102.html","og_locale":"en_US","og_type":"article","og_title":"Neymar remembers Bar\u00e7a as his recovery progresses","og_description":"Neymar Jr. shared an emotional image on Instagram remembering his time at Bar\u00e7a. The Brazilian has not yet found a team and is still injured","og_url":"https:\/\/www.fcbarcelonanoticias.com\/en\/transfers\/neymar-remembers-barca-as-his-recovery-progresses_315627_102.html","og_site_name":"EN - FC Barcelona Noticias","article_published_time":"2025-12-27T16:38:00+00:00","article_modified_time":"2026-03-27T10:34:50+00:00","og_image":[{"width":1300,"height":732,"url":"https:\/\/www.fcbarcelonanoticias.com\/en\/wp-content\/uploads\/sites\/2\/2025\/12\/neymar-jr-santos-25-26.jpeg","type":"image\/jpeg"}],"author":"Andr\u00e9s Quiroz","twitter_card":"summary_large_image","twitter_misc":{"Written by":"Andr\u00e9s Quiroz","Est. reading time":"2 minutes"},"schema":{"@context":"https:\/\/schema.org","@graph":[{"@type":"Article","@id":"https:\/\/www.fcbarcelonanoticias.com\/en\/transfers\/neymar-remembers-barca-as-his-recovery-progresses_315627_102.html#article","isPartOf":{"@id":"https:\/\/www.fcbarcelonanoticias.com\/en\/transfers\/neymar-remembers-barca-as-his-recovery-progresses_315627_102.html"},"author":{"name":"Andr\u00e9s Quiroz","@id":"https:\/\/www.fcbarcelonanoticias.com\/en\/#\/schema\/person\/c2cd9f6fa1af5c0d0eccd0fefa575c88"},"headline":"Neymar&#8217;s new nod to Bar\u00e7a: the Brazilian keeps his future &#8216;up in the air&#8217;","datePublished":"2025-12-27T16:38:00+00:00","dateModified":"2026-03-27T10:34:50+00:00","mainEntityOfPage":{"@id":"https:\/\/www.fcbarcelonanoticias.com\/en\/transfers\/neymar-remembers-barca-as-his-recovery-progresses_315627_102.html"},"wordCount":518,"image":{"@id":"https:\/\/www.fcbarcelonanoticias.com\/en\/transfers\/neymar-remembers-barca-as-his-recovery-progresses_315627_102.html#primaryimage"},"thumbnailUrl":"https:\/\/www.fcbarcelonanoticias.com\/en\/wp-content\/uploads\/sites\/2\/2025\/12\/neymar-jr-santos-25-26.jpeg","keywords":["Neymar Jr","Viral"],"articleSection":["Transfers","Transfers"],"inLanguage":"en-US"},{"@type":"WebPage","@id":"https:\/\/www.fcbarcelonanoticias.com\/en\/transfers\/neymar-remembers-barca-as-his-recovery-progresses_315627_102.html","url":"https:\/\/www.fcbarcelonanoticias.com\/en\/transfers\/neymar-remembers-barca-as-his-recovery-progresses_315627_102.html","name":"Neymar remembers Bar\u00e7a as his recovery progresses","isPartOf":{"@id":"https:\/\/www.fcbarcelonanoticias.com\/en\/#website"},"primaryImageOfPage":{"@id":"https:\/\/www.fcbarcelonanoticias.com\/en\/transfers\/neymar-remembers-barca-as-his-recovery-progresses_315627_102.html#primaryimage"},"image":{"@id":"https:\/\/www.fcbarcelonanoticias.com\/en\/transfers\/neymar-remembers-barca-as-his-recovery-progresses_315627_102.html#primaryimage"},"thumbnailUrl":"https:\/\/www.fcbarcelonanoticias.com\/en\/wp-content\/uploads\/sites\/2\/2025\/12\/neymar-jr-santos-25-26.jpeg","datePublished":"2025-12-27T16:38:00+00:00","dateModified":"2026-03-27T10:34:50+00:00","author":{"@id":"https:\/\/www.fcbarcelonanoticias.com\/en\/#\/schema\/person\/c2cd9f6fa1af5c0d0eccd0fefa575c88"},"description":"Neymar Jr. shared an emotional image on Instagram remembering his time at Bar\u00e7a. The Brazilian has not yet found a team and is still injured","breadcrumb":{"@id":"https:\/\/www.fcbarcelonanoticias.com\/en\/transfers\/neymar-remembers-barca-as-his-recovery-progresses_315627_102.html#breadcrumb"},"inLanguage":"en-US","potentialAction":[{"@type":"ReadAction","target":["https:\/\/www.fcbarcelonanoticias.com\/en\/transfers\/neymar-remembers-barca-as-his-recovery-progresses_315627_102.html"]}]},{"@type":"ImageObject","inLanguage":"en-US","@id":"https:\/\/www.fcbarcelonanoticias.com\/en\/transfers\/neymar-remembers-barca-as-his-recovery-progresses_315627_102.html#primaryimage","url":"https:\/\/www.fcbarcelonanoticias.com\/en\/wp-content\/uploads\/sites\/2\/2025\/12\/neymar-jr-santos-25-26.jpeg","contentUrl":"https:\/\/www.fcbarcelonanoticias.com\/en\/wp-content\/uploads\/sites\/2\/2025\/12\/neymar-jr-santos-25-26.jpeg","width":1300,"height":732},{"@type":"BreadcrumbList","@id":"https:\/\/www.fcbarcelonanoticias.com\/en\/transfers\/neymar-remembers-barca-as-his-recovery-progresses_315627_102.html#breadcrumb","itemListElement":[{"@type":"ListItem","position":1,"name":"Portada","item":"https:\/\/www.fcbarcelonanoticias.com\/en\/"},{"@type":"ListItem","position":2,"name":"Neymar&#8217;s new nod to Bar\u00e7a: the Brazilian keeps his future &#8216;up in the air&#8217;"}]},{"@type":"WebSite","@id":"https:\/\/www.fcbarcelonanoticias.com\/en\/#website","url":"https:\/\/www.fcbarcelonanoticias.com\/en\/","name":"EN - FC Barcelona Noticias","description":"","potentialAction":[{"@type":"SearchAction","target":{"@type":"EntryPoint","urlTemplate":"https:\/\/www.fcbarcelonanoticias.com\/en\/?s={search_term_string}"},"query-input":{"@type":"PropertyValueSpecification","valueRequired":true,"valueName":"search_term_string"}}],"inLanguage":"en-US"},{"@type":"Person","@id":"https:\/\/www.fcbarcelonanoticias.com\/en\/#\/schema\/person\/c2cd9f6fa1af5c0d0eccd0fefa575c88","name":"Andr\u00e9s Quiroz","image":{"@type":"ImageObject","inLanguage":"en-US","@id":"https:\/\/secure.gravatar.com\/avatar\/?s=96&d=mm&r=g","url":"https:\/\/secure.gravatar.com\/avatar\/?s=96&d=mm&r=g","contentUrl":"https:\/\/secure.gravatar.com\/avatar\/?s=96&d=mm&r=g","caption":"Andr\u00e9s Quiroz"},"description":"Licenciado en Periodismo por la Universidad de los Andes. Me encargo de analizar y compartir los contenidos m\u00e1s destacados de la\u00a0actualidad del F\u00fatbol Club Barcelona, Mercado de Fichajes y F\u00fatbol Internacional en FCBN. La informaci\u00f3n es poder, pero tambi\u00e9n conocimiento.","url":"https:\/\/www.fcbarcelonanoticias.com\/en\/fc-barcelona\/andres-quiroz_17_115.html"}]}},"_links":{"self":[{"href":"https:\/\/www.fcbarcelonanoticias.com\/en\/wp-json\/wp\/v2\/posts\/95509","targetHints":{"allow":["GET"]}}],"collection":[{"href":"https:\/\/www.fcbarcelonanoticias.com\/en\/wp-json\/wp\/v2\/posts"}],"about":[{"href":"https:\/\/www.fcbarcelonanoticias.com\/en\/wp-json\/wp\/v2\/types\/post"}],"author":[{"embeddable":true,"href":"https:\/\/www.fcbarcelonanoticias.com\/en\/wp-json\/wp\/v2\/users\/347"}],"replies":[{"embeddable":true,"href":"https:\/\/www.fcbarcelonanoticias.com\/en\/wp-json\/wp\/v2\/comments?post=95509"}],"version-history":[{"count":2,"href":"https:\/\/www.fcbarcelonanoticias.com\/en\/wp-json\/wp\/v2\/posts\/95509\/revisions"}],"predecessor-version":[{"id":159681,"href":"https:\/\/www.fcbarcelonanoticias.com\/en\/wp-json\/wp\/v2\/posts\/95509\/revisions\/159681"}],"wp:featuredmedia":[{"embeddable":true,"href":"https:\/\/www.fcbarcelonanoticias.com\/en\/wp-json\/wp\/v2\/media\/95525"}],"wp:attachment":[{"href":"https:\/\/www.fcbarcelonanoticias.com\/en\/wp-json\/wp\/v2\/media?parent=95509"}],"wp:term":[{"taxonomy":"category","embeddable":true,"href":"https:\/\/www.fcbarcelonanoticias.com\/en\/wp-json\/wp\/v2\/categories?post=95509"},{"taxonomy":"post_tag","embeddable":true,"href":"https:\/\/www.fcbarcelonanoticias.com\/en\/wp-json\/wp\/v2\/tags?post=95509"}],"curies":[{"name":"wp","href":"https:\/\/api.w.org\/{rel}","templated":true}]}}