{"id":95587,"date":"2024-10-10T18:58:00","date_gmt":"2024-10-10T16:58:00","guid":{"rendered":"https:\/\/weisetech.dev\/fc-barcelona-noticias\/en\/clause-must-comply-inigo-martinez-renew-with-barcelona_307843_102\/"},"modified":"2024-10-12T15:08:00","modified_gmt":"2024-10-12T13:08:00","slug":"clause-must-comply-inigo-martinez-renew-with-barcelona_307843_102","status":"publish","type":"post","link":"https:\/\/www.fcbarcelonanoticias.com\/en\/transfers\/clause-must-comply-inigo-martinez-renew-with-barcelona_307843_102.html","title":{"rendered":"The clause that I\u00f1igo Mart\u00ednez must meet to renew with Bar\u00e7a"},"content":{"rendered":"<h2 class=\"wp-block-heading\">I\u00f1igo Mart\u00ednez is very close to renewing his contract with FC Barcelona. The Basque has a contract until 2025, but has a clause for an additional season<\/h2>  \r\n<div class=\"article-addons\">\r\n    <a href=\"https:\/\/www.fcbarcelonanoticias.com\/en\/calendar-fc-barcelona.html\"\r\n       target=\"_self\"\r\n       title=\"Calendar of FC Barcelona\"\r\n       class=\"blue-gredient-btn\">\r\n       \r\n        Calendar of FC Barcelona    <\/a>\r\n<\/div>   <p>I\u00f1igo Mart\u00ednez&#8217;s situation at FC Barcelona has taken a 180 degree turn since the arrival of Hansi Flick to the cul\u00e9 bench. <strong>The Basque was one of the discards indicated by the previous coaching staff<\/strong> and, due to the club&#8217;s financial problems, the board also had him on its list of possible sales. However, the one from Ondarroa stayed away from the rumors, working hard to fully recover from the problems with his right foot that he suffered last year.<\/p>  <p>Since the preseason, the &#8216;5&#8217; convinced the new Bar\u00e7a coach with his professionalism and leadership on the field.<strong> The long-term losses of Ronald Ara\u00fajo and Andreas Christensen left Bar\u00e7a short of replacements at the back<\/strong> and the former Athletic Club centre-back ended up earning the position, already being a fixture in the Heidelberg coach&#8217;s XI alongside Pau Cubars\u00ed. In this way, I\u00f1igo has his renewal well underway, in accordance with the clause established in his contract.<\/p>  <h2>I\u00f1igo Mart\u00ednez, much closer to staying in Barcelona until 2026<\/h2>  <p>The 33-year-old player signed in 2023 as a free agent for two seasons,<strong> with the option of one more year if he plays 60% of the official matches<\/strong>. So far, the &#8216;5&#8217; has been a starter in eight of the nine LaLiga games (he rested against Osasuna) and has also been in the lineup for the two Champions League games. <strong>Mart\u00ednez accumulates 876 minutes of action in 10 appearances<\/strong> in which he managed to make his debut as a scorer and assistant, since last season he had no contributions in attack in 25 games.<\/p>  <p><strong>Thus, I\u00f1igo, like Robert Lewandowski, can rest easy regarding his future in Barcelona<\/strong>, \u200b\u200bat least for now. The Basque is showing his best version in recent years and, waiting for the returns of Ara\u00fajo and Christensen between December and January, he aims to fight to remain as Pau Cubars\u00ed&#8217;s squire, with whom he has managed to understand very well. <strong>Bar\u00e7a has only conceded 4 goals in the 7 League games in which both have started<\/strong>, while, when the &#8216;5&#8217; was a substitute, they were beaten in Pamplona (4-2).<\/p> ","protected":false},"excerpt":{"rendered":"<p>I\u00f1igo Mart\u00ednez is very close to renewing his contract with FC Barcelona. The Basque has a contract until 2025, but has a clause for an additional season I\u00f1igo Mart\u00ednez&#8217;s situation at FC Barcelona has taken a 180 degree turn since the arrival of Hansi Flick to the cul\u00e9 bench. The Basque was one of the [&hellip;]<\/p>\n","protected":false},"author":347,"featured_media":95595,"comment_status":"closed","ping_status":"open","sticky":false,"template":"","format":"standard","meta":{"_acf_changed":false,"inline_featured_image":false,"_nextfly_llmd_date_locked":false,"footnotes":""},"categories":[106,449],"tags":[],"class_list":["post-95587","post","type-post","status-publish","format-standard","has-post-thumbnail","hentry","category-transfers","category-transfers-2"],"acf":[],"yoast_head":"<!-- This site is optimized with the Yoast SEO plugin v27.3 - https:\/\/yoast.com\/product\/yoast-seo-wordpress\/ -->\n<title>The clause that I\u00f1igo Mart\u00ednez must meet to renew with Bar\u00e7a<\/title>\n<meta name=\"description\" content=\"I\u00f1igo Mart\u00ednez is very close to renewing his contract with FC Barcelona. The Basque has a contract until 2025, but has a clause for an additional season\" \/>\n<meta name=\"robots\" content=\"index, follow, max-snippet:-1, max-image-preview:large, max-video-preview:-1\" \/>\n<link rel=\"canonical\" href=\"https:\/\/www.fcbarcelonanoticias.com\/en\/transfers\/clause-must-comply-inigo-martinez-renew-with-barcelona_307843_102.html\" \/>\n<meta property=\"og:locale\" content=\"en_US\" \/>\n<meta property=\"og:type\" content=\"article\" \/>\n<meta property=\"og:title\" content=\"The clause that I\u00f1igo Mart\u00ednez must meet to renew with Bar\u00e7a\" \/>\n<meta property=\"og:description\" content=\"I\u00f1igo Mart\u00ednez is very close to renewing his contract with FC Barcelona. The Basque has a contract until 2025, but has a clause for an additional season\" \/>\n<meta property=\"og:url\" content=\"https:\/\/www.fcbarcelonanoticias.com\/en\/transfers\/clause-must-comply-inigo-martinez-renew-with-barcelona_307843_102.html\" \/>\n<meta property=\"og:site_name\" content=\"EN - FC Barcelona Noticias\" \/>\n<meta property=\"article:published_time\" content=\"2024-10-10T16:58:00+00:00\" \/>\n<meta property=\"article:modified_time\" content=\"2024-10-12T13:08:00+00:00\" \/>\n<meta property=\"og:image\" content=\"https:\/\/www.fcbarcelonanoticias.com\/en\/wp-content\/uploads\/sites\/2\/2024\/10\/inigo-martinez-v-valladolid.jpeg\" \/>\n\t<meta property=\"og:image:width\" content=\"1250\" \/>\n\t<meta property=\"og:image:height\" content=\"730\" \/>\n\t<meta property=\"og:image:type\" content=\"image\/jpeg\" \/>\n<meta name=\"author\" content=\"Andr\u00e9s Quiroz\" \/>\n<meta name=\"twitter:card\" content=\"summary_large_image\" \/>\n<meta name=\"twitter:label1\" content=\"Written by\" \/>\n\t<meta name=\"twitter:data1\" content=\"Andr\u00e9s Quiroz\" \/>\n\t<meta name=\"twitter:label2\" content=\"Est. reading time\" \/>\n\t<meta name=\"twitter:data2\" content=\"2 minutes\" \/>\n<script type=\"application\/ld+json\" class=\"yoast-schema-graph\">{\"@context\":\"https:\\\/\\\/schema.org\",\"@graph\":[{\"@type\":\"Article\",\"@id\":\"https:\\\/\\\/www.fcbarcelonanoticias.com\\\/en\\\/transfers\\\/clause-must-comply-inigo-martinez-renew-with-barcelona_307843_102.html#article\",\"isPartOf\":{\"@id\":\"https:\\\/\\\/www.fcbarcelonanoticias.com\\\/en\\\/transfers\\\/clause-must-comply-inigo-martinez-renew-with-barcelona_307843_102.html\"},\"author\":{\"name\":\"Andr\u00e9s Quiroz\",\"@id\":\"https:\\\/\\\/www.fcbarcelonanoticias.com\\\/en\\\/#\\\/schema\\\/person\\\/c2cd9f6fa1af5c0d0eccd0fefa575c88\"},\"headline\":\"The clause that I\u00f1igo Mart\u00ednez must meet to renew with Bar\u00e7a\",\"datePublished\":\"2024-10-10T16:58:00+00:00\",\"dateModified\":\"2024-10-12T13:08:00+00:00\",\"mainEntityOfPage\":{\"@id\":\"https:\\\/\\\/www.fcbarcelonanoticias.com\\\/en\\\/transfers\\\/clause-must-comply-inigo-martinez-renew-with-barcelona_307843_102.html\"},\"wordCount\":394,\"image\":{\"@id\":\"https:\\\/\\\/www.fcbarcelonanoticias.com\\\/en\\\/transfers\\\/clause-must-comply-inigo-martinez-renew-with-barcelona_307843_102.html#primaryimage\"},\"thumbnailUrl\":\"https:\\\/\\\/www.fcbarcelonanoticias.com\\\/en\\\/wp-content\\\/uploads\\\/sites\\\/2\\\/2024\\\/10\\\/inigo-martinez-v-valladolid.jpeg\",\"articleSection\":[\"Transfers\",\"Transfers\"],\"inLanguage\":\"en-US\"},{\"@type\":\"WebPage\",\"@id\":\"https:\\\/\\\/www.fcbarcelonanoticias.com\\\/en\\\/transfers\\\/clause-must-comply-inigo-martinez-renew-with-barcelona_307843_102.html\",\"url\":\"https:\\\/\\\/www.fcbarcelonanoticias.com\\\/en\\\/transfers\\\/clause-must-comply-inigo-martinez-renew-with-barcelona_307843_102.html\",\"name\":\"The clause that I\u00f1igo Mart\u00ednez must meet to renew with Bar\u00e7a\",\"isPartOf\":{\"@id\":\"https:\\\/\\\/www.fcbarcelonanoticias.com\\\/en\\\/#website\"},\"primaryImageOfPage\":{\"@id\":\"https:\\\/\\\/www.fcbarcelonanoticias.com\\\/en\\\/transfers\\\/clause-must-comply-inigo-martinez-renew-with-barcelona_307843_102.html#primaryimage\"},\"image\":{\"@id\":\"https:\\\/\\\/www.fcbarcelonanoticias.com\\\/en\\\/transfers\\\/clause-must-comply-inigo-martinez-renew-with-barcelona_307843_102.html#primaryimage\"},\"thumbnailUrl\":\"https:\\\/\\\/www.fcbarcelonanoticias.com\\\/en\\\/wp-content\\\/uploads\\\/sites\\\/2\\\/2024\\\/10\\\/inigo-martinez-v-valladolid.jpeg\",\"datePublished\":\"2024-10-10T16:58:00+00:00\",\"dateModified\":\"2024-10-12T13:08:00+00:00\",\"author\":{\"@id\":\"https:\\\/\\\/www.fcbarcelonanoticias.com\\\/en\\\/#\\\/schema\\\/person\\\/c2cd9f6fa1af5c0d0eccd0fefa575c88\"},\"description\":\"I\u00f1igo Mart\u00ednez is very close to renewing his contract with FC Barcelona. The Basque has a contract until 2025, but has a clause for an additional season\",\"breadcrumb\":{\"@id\":\"https:\\\/\\\/www.fcbarcelonanoticias.com\\\/en\\\/transfers\\\/clause-must-comply-inigo-martinez-renew-with-barcelona_307843_102.html#breadcrumb\"},\"inLanguage\":\"en-US\",\"potentialAction\":[{\"@type\":\"ReadAction\",\"target\":[\"https:\\\/\\\/www.fcbarcelonanoticias.com\\\/en\\\/transfers\\\/clause-must-comply-inigo-martinez-renew-with-barcelona_307843_102.html\"]}]},{\"@type\":\"ImageObject\",\"inLanguage\":\"en-US\",\"@id\":\"https:\\\/\\\/www.fcbarcelonanoticias.com\\\/en\\\/transfers\\\/clause-must-comply-inigo-martinez-renew-with-barcelona_307843_102.html#primaryimage\",\"url\":\"https:\\\/\\\/www.fcbarcelonanoticias.com\\\/en\\\/wp-content\\\/uploads\\\/sites\\\/2\\\/2024\\\/10\\\/inigo-martinez-v-valladolid.jpeg\",\"contentUrl\":\"https:\\\/\\\/www.fcbarcelonanoticias.com\\\/en\\\/wp-content\\\/uploads\\\/sites\\\/2\\\/2024\\\/10\\\/inigo-martinez-v-valladolid.jpeg\",\"width\":1250,\"height\":730},{\"@type\":\"BreadcrumbList\",\"@id\":\"https:\\\/\\\/www.fcbarcelonanoticias.com\\\/en\\\/transfers\\\/clause-must-comply-inigo-martinez-renew-with-barcelona_307843_102.html#breadcrumb\",\"itemListElement\":[{\"@type\":\"ListItem\",\"position\":1,\"name\":\"Portada\",\"item\":\"https:\\\/\\\/www.fcbarcelonanoticias.com\\\/en\\\/\"},{\"@type\":\"ListItem\",\"position\":2,\"name\":\"The clause that I\u00f1igo Mart\u00ednez must meet to renew with Bar\u00e7a\"}]},{\"@type\":\"WebSite\",\"@id\":\"https:\\\/\\\/www.fcbarcelonanoticias.com\\\/en\\\/#website\",\"url\":\"https:\\\/\\\/www.fcbarcelonanoticias.com\\\/en\\\/\",\"name\":\"EN - FC Barcelona Noticias\",\"description\":\"\",\"potentialAction\":[{\"@type\":\"SearchAction\",\"target\":{\"@type\":\"EntryPoint\",\"urlTemplate\":\"https:\\\/\\\/www.fcbarcelonanoticias.com\\\/en\\\/?s={search_term_string}\"},\"query-input\":{\"@type\":\"PropertyValueSpecification\",\"valueRequired\":true,\"valueName\":\"search_term_string\"}}],\"inLanguage\":\"en-US\"},{\"@type\":\"Person\",\"@id\":\"https:\\\/\\\/www.fcbarcelonanoticias.com\\\/en\\\/#\\\/schema\\\/person\\\/c2cd9f6fa1af5c0d0eccd0fefa575c88\",\"name\":\"Andr\u00e9s Quiroz\",\"image\":{\"@type\":\"ImageObject\",\"inLanguage\":\"en-US\",\"@id\":\"https:\\\/\\\/secure.gravatar.com\\\/avatar\\\/?s=96&d=mm&r=g\",\"url\":\"https:\\\/\\\/secure.gravatar.com\\\/avatar\\\/?s=96&d=mm&r=g\",\"contentUrl\":\"https:\\\/\\\/secure.gravatar.com\\\/avatar\\\/?s=96&d=mm&r=g\",\"caption\":\"Andr\u00e9s Quiroz\"},\"description\":\"Licenciado en Periodismo por la Universidad de los Andes. Me encargo de analizar y compartir los contenidos m\u00e1s destacados de la\u00a0actualidad del F\u00fatbol Club Barcelona, Mercado de Fichajes y F\u00fatbol Internacional en FCBN. La informaci\u00f3n es poder, pero tambi\u00e9n conocimiento.\",\"url\":\"https:\\\/\\\/www.fcbarcelonanoticias.com\\\/en\\\/fc-barcelona\\\/andres-quiroz_17_115.html\"}]}<\/script>\n<!-- \/ Yoast SEO plugin. -->","yoast_head_json":{"title":"The clause that I\u00f1igo Mart\u00ednez must meet to renew with Bar\u00e7a","description":"I\u00f1igo Mart\u00ednez is very close to renewing his contract with FC Barcelona. The Basque has a contract until 2025, but has a clause for an additional season","robots":{"index":"index","follow":"follow","max-snippet":"max-snippet:-1","max-image-preview":"max-image-preview:large","max-video-preview":"max-video-preview:-1"},"canonical":"https:\/\/www.fcbarcelonanoticias.com\/en\/transfers\/clause-must-comply-inigo-martinez-renew-with-barcelona_307843_102.html","og_locale":"en_US","og_type":"article","og_title":"The clause that I\u00f1igo Mart\u00ednez must meet to renew with Bar\u00e7a","og_description":"I\u00f1igo Mart\u00ednez is very close to renewing his contract with FC Barcelona. The Basque has a contract until 2025, but has a clause for an additional season","og_url":"https:\/\/www.fcbarcelonanoticias.com\/en\/transfers\/clause-must-comply-inigo-martinez-renew-with-barcelona_307843_102.html","og_site_name":"EN - FC Barcelona Noticias","article_published_time":"2024-10-10T16:58:00+00:00","article_modified_time":"2024-10-12T13:08:00+00:00","og_image":[{"width":1250,"height":730,"url":"https:\/\/www.fcbarcelonanoticias.com\/en\/wp-content\/uploads\/sites\/2\/2024\/10\/inigo-martinez-v-valladolid.jpeg","type":"image\/jpeg"}],"author":"Andr\u00e9s Quiroz","twitter_card":"summary_large_image","twitter_misc":{"Written by":"Andr\u00e9s Quiroz","Est. reading time":"2 minutes"},"schema":{"@context":"https:\/\/schema.org","@graph":[{"@type":"Article","@id":"https:\/\/www.fcbarcelonanoticias.com\/en\/transfers\/clause-must-comply-inigo-martinez-renew-with-barcelona_307843_102.html#article","isPartOf":{"@id":"https:\/\/www.fcbarcelonanoticias.com\/en\/transfers\/clause-must-comply-inigo-martinez-renew-with-barcelona_307843_102.html"},"author":{"name":"Andr\u00e9s Quiroz","@id":"https:\/\/www.fcbarcelonanoticias.com\/en\/#\/schema\/person\/c2cd9f6fa1af5c0d0eccd0fefa575c88"},"headline":"The clause that I\u00f1igo Mart\u00ednez must meet to renew with Bar\u00e7a","datePublished":"2024-10-10T16:58:00+00:00","dateModified":"2024-10-12T13:08:00+00:00","mainEntityOfPage":{"@id":"https:\/\/www.fcbarcelonanoticias.com\/en\/transfers\/clause-must-comply-inigo-martinez-renew-with-barcelona_307843_102.html"},"wordCount":394,"image":{"@id":"https:\/\/www.fcbarcelonanoticias.com\/en\/transfers\/clause-must-comply-inigo-martinez-renew-with-barcelona_307843_102.html#primaryimage"},"thumbnailUrl":"https:\/\/www.fcbarcelonanoticias.com\/en\/wp-content\/uploads\/sites\/2\/2024\/10\/inigo-martinez-v-valladolid.jpeg","articleSection":["Transfers","Transfers"],"inLanguage":"en-US"},{"@type":"WebPage","@id":"https:\/\/www.fcbarcelonanoticias.com\/en\/transfers\/clause-must-comply-inigo-martinez-renew-with-barcelona_307843_102.html","url":"https:\/\/www.fcbarcelonanoticias.com\/en\/transfers\/clause-must-comply-inigo-martinez-renew-with-barcelona_307843_102.html","name":"The clause that I\u00f1igo Mart\u00ednez must meet to renew with Bar\u00e7a","isPartOf":{"@id":"https:\/\/www.fcbarcelonanoticias.com\/en\/#website"},"primaryImageOfPage":{"@id":"https:\/\/www.fcbarcelonanoticias.com\/en\/transfers\/clause-must-comply-inigo-martinez-renew-with-barcelona_307843_102.html#primaryimage"},"image":{"@id":"https:\/\/www.fcbarcelonanoticias.com\/en\/transfers\/clause-must-comply-inigo-martinez-renew-with-barcelona_307843_102.html#primaryimage"},"thumbnailUrl":"https:\/\/www.fcbarcelonanoticias.com\/en\/wp-content\/uploads\/sites\/2\/2024\/10\/inigo-martinez-v-valladolid.jpeg","datePublished":"2024-10-10T16:58:00+00:00","dateModified":"2024-10-12T13:08:00+00:00","author":{"@id":"https:\/\/www.fcbarcelonanoticias.com\/en\/#\/schema\/person\/c2cd9f6fa1af5c0d0eccd0fefa575c88"},"description":"I\u00f1igo Mart\u00ednez is very close to renewing his contract with FC Barcelona. The Basque has a contract until 2025, but has a clause for an additional season","breadcrumb":{"@id":"https:\/\/www.fcbarcelonanoticias.com\/en\/transfers\/clause-must-comply-inigo-martinez-renew-with-barcelona_307843_102.html#breadcrumb"},"inLanguage":"en-US","potentialAction":[{"@type":"ReadAction","target":["https:\/\/www.fcbarcelonanoticias.com\/en\/transfers\/clause-must-comply-inigo-martinez-renew-with-barcelona_307843_102.html"]}]},{"@type":"ImageObject","inLanguage":"en-US","@id":"https:\/\/www.fcbarcelonanoticias.com\/en\/transfers\/clause-must-comply-inigo-martinez-renew-with-barcelona_307843_102.html#primaryimage","url":"https:\/\/www.fcbarcelonanoticias.com\/en\/wp-content\/uploads\/sites\/2\/2024\/10\/inigo-martinez-v-valladolid.jpeg","contentUrl":"https:\/\/www.fcbarcelonanoticias.com\/en\/wp-content\/uploads\/sites\/2\/2024\/10\/inigo-martinez-v-valladolid.jpeg","width":1250,"height":730},{"@type":"BreadcrumbList","@id":"https:\/\/www.fcbarcelonanoticias.com\/en\/transfers\/clause-must-comply-inigo-martinez-renew-with-barcelona_307843_102.html#breadcrumb","itemListElement":[{"@type":"ListItem","position":1,"name":"Portada","item":"https:\/\/www.fcbarcelonanoticias.com\/en\/"},{"@type":"ListItem","position":2,"name":"The clause that I\u00f1igo Mart\u00ednez must meet to renew with Bar\u00e7a"}]},{"@type":"WebSite","@id":"https:\/\/www.fcbarcelonanoticias.com\/en\/#website","url":"https:\/\/www.fcbarcelonanoticias.com\/en\/","name":"EN - FC Barcelona Noticias","description":"","potentialAction":[{"@type":"SearchAction","target":{"@type":"EntryPoint","urlTemplate":"https:\/\/www.fcbarcelonanoticias.com\/en\/?s={search_term_string}"},"query-input":{"@type":"PropertyValueSpecification","valueRequired":true,"valueName":"search_term_string"}}],"inLanguage":"en-US"},{"@type":"Person","@id":"https:\/\/www.fcbarcelonanoticias.com\/en\/#\/schema\/person\/c2cd9f6fa1af5c0d0eccd0fefa575c88","name":"Andr\u00e9s Quiroz","image":{"@type":"ImageObject","inLanguage":"en-US","@id":"https:\/\/secure.gravatar.com\/avatar\/?s=96&d=mm&r=g","url":"https:\/\/secure.gravatar.com\/avatar\/?s=96&d=mm&r=g","contentUrl":"https:\/\/secure.gravatar.com\/avatar\/?s=96&d=mm&r=g","caption":"Andr\u00e9s Quiroz"},"description":"Licenciado en Periodismo por la Universidad de los Andes. Me encargo de analizar y compartir los contenidos m\u00e1s destacados de la\u00a0actualidad del F\u00fatbol Club Barcelona, Mercado de Fichajes y F\u00fatbol Internacional en FCBN. La informaci\u00f3n es poder, pero tambi\u00e9n conocimiento.","url":"https:\/\/www.fcbarcelonanoticias.com\/en\/fc-barcelona\/andres-quiroz_17_115.html"}]}},"_links":{"self":[{"href":"https:\/\/www.fcbarcelonanoticias.com\/en\/wp-json\/wp\/v2\/posts\/95587","targetHints":{"allow":["GET"]}}],"collection":[{"href":"https:\/\/www.fcbarcelonanoticias.com\/en\/wp-json\/wp\/v2\/posts"}],"about":[{"href":"https:\/\/www.fcbarcelonanoticias.com\/en\/wp-json\/wp\/v2\/types\/post"}],"author":[{"embeddable":true,"href":"https:\/\/www.fcbarcelonanoticias.com\/en\/wp-json\/wp\/v2\/users\/347"}],"replies":[{"embeddable":true,"href":"https:\/\/www.fcbarcelonanoticias.com\/en\/wp-json\/wp\/v2\/comments?post=95587"}],"version-history":[{"count":1,"href":"https:\/\/www.fcbarcelonanoticias.com\/en\/wp-json\/wp\/v2\/posts\/95587\/revisions"}],"predecessor-version":[{"id":126995,"href":"https:\/\/www.fcbarcelonanoticias.com\/en\/wp-json\/wp\/v2\/posts\/95587\/revisions\/126995"}],"wp:featuredmedia":[{"embeddable":true,"href":"https:\/\/www.fcbarcelonanoticias.com\/en\/wp-json\/wp\/v2\/media\/95595"}],"wp:attachment":[{"href":"https:\/\/www.fcbarcelonanoticias.com\/en\/wp-json\/wp\/v2\/media?parent=95587"}],"wp:term":[{"taxonomy":"category","embeddable":true,"href":"https:\/\/www.fcbarcelonanoticias.com\/en\/wp-json\/wp\/v2\/categories?post=95587"},{"taxonomy":"post_tag","embeddable":true,"href":"https:\/\/www.fcbarcelonanoticias.com\/en\/wp-json\/wp\/v2\/tags?post=95587"}],"curies":[{"name":"wp","href":"https:\/\/api.w.org\/{rel}","templated":true}]}}