{"id":95592,"date":"2023-05-16T00:56:00","date_gmt":"2023-05-15T22:56:00","guid":{"rendered":"https:\/\/weisetech.dev\/fc-barcelona-noticias\/en\/neymar-thinks-premier-as-ideal-destination-if-psg-force-exit_292399_102\/"},"modified":"2023-05-16T00:56:00","modified_gmt":"2023-05-15T22:56:00","slug":"neymar-thinks-premier-as-ideal-destination-if-psg-force-exit_292399_102","status":"publish","type":"post","link":"https:\/\/www.fcbarcelonanoticias.com\/en\/transfers\/neymar-thinks-premier-as-ideal-destination-if-psg-force-exit_292399_102.html","title":{"rendered":"Neymar thinks of the Premier as an ideal destination if PSG forces his departure"},"content":{"rendered":"<h2 class=\"wp-block-heading\">Everything indicates that Neymar Jr. will not play again with Paris Saint-Germain in the summer. The Brazilian, out since February due to a right ankle injury, could go to an English club in July<\/h2>  \r\n<div class=\"article-addons\">\r\n    <a href=\"https:\/\/www.fcbarcelonanoticias.com\/en\/calendar-fc-barcelona.html\"\r\n       target=\"_self\"\r\n       title=\"Calendar of FC Barcelona\"\r\n       class=\"blue-gredient-btn\">\r\n       \r\n        Calendar of FC Barcelona    <\/a>\r\n<\/div>   <p>The future of Neymar Jr. It seems to approach him to the Premier League. With a directive of Paris Saint-Germain <a data-external=\"0\" data-intl-links-en=\"https:\/\/www.fcbarcelonanoticias.com\/en\/transfers\/psg-could-steal-bernardo-silva-fc-barcelona-cover-messi-exit_292397_102.html\" data-intl-links-es=\"https:\/\/www.fcbarcelonanoticias.com\/fichajes\/psg-podria-robarle-bernardo-silva-fc-barcelona-cubrir-marcha-messi_292397_102.html\" href=\"https:\/\/www.fcbarcelonanoticias.com\/en\/transfers\/psg-could-steal-bernardo-silva-fc-barcelona-cover-messi-exit_292397_102.html\" rel=\"follow\" target=\"_self\" title=\"El PSG podr\u00eda 'robarle' a Bernardo Silva al Bar\u00e7a para cubrir la marcha de Messi\">determined to force his exit in summer<\/a>, the Brazilian will listen offers and has like priority play in one of the teams of the designated &#8216;Big Six&#8217;, although his sportive actuality is not alentadora. <strong>The player of 31 years suffered a torcedura of the right ankle in February that forced him to go through the operating theatre<\/strong>, losing the rest of the season.<\/p>  <p>However, <strong>until his injury, the one of Mogi give Cruzes was the best of the PSG in the 2022\/23 with a total of 18 goals and 17 assistances in 29 parties<\/strong>. The Brazilian saw comfortable under the orders of Christophe Galtier, but his recurrent physical problems in the decisive stretch of the season would have finished to satisfy the patience of the Parisian directive, still when the forward has agreement until June of 2025.<\/p>  <h2>The options predilectas of Neymar<\/h2>  <p>In 2016, when it still was player of the FC Barcelona, &#8216;Ney&#8217; left clear his admiration by the Premier League. &#8220;It is a championship that amazes me. It likes me the style of game and his teams. <strong>&#8220;Some day would like me play there.<\/strong> <strong>I admire to the Manchester United, Chelsea, Arsenal and Liverpool<\/strong>&#8220;, said the Brazilian in this moment. Finally, the forward decanted by the PSG in the summer of 2017, dazzled by the megaoferta of 222 million euros and 42 &#8216;kilos&#8217; net of wage that offered him Nasser To the-Khela\u00effi.<\/p>  <p>Although his go through the Park of the Princes has been an authentic fiasco, the player of 31 years still keeps a value of high market (\u20ac70m in Transfermarkt) and <strong>his exit could close in some 50 millions, quantity that could pay without problems any one of the clubs &#8216;chosen&#8217; by Neymar<\/strong> . Nevertheless, a fifth &#8216;covered&#8217; could add to the list and give the hit to carry him of return to the Champions League.<\/p>  <h2>The Newcastle could go seriously to by &#8216;Ney&#8217; in July<\/h2>  <p>The return of the &#8216;urracas&#8217; to the League of Champions, <strong>promoted by the money of the Saudi tycoon Mohamed bin Salman could carry to &#8216;Ney&#8217; to St. James Park in a movement medi\u00e1tico<\/strong> that would give start to a possible &#8216;was galactic&#8217; of the Newcastle. Although it is considered like the richest club of the world, for the moment the Public Investment fund Saudi has not spent a lot of money in signings. The Brazilian could be the first of several reinforcements that will look for to convert to the &#8216;blanquinegros&#8217; in a European power.<\/p> ","protected":false},"excerpt":{"rendered":"<p>Everything indicates that Neymar Jr. will not play again with Paris Saint-Germain in the summer. The Brazilian, out since February due to a right ankle injury, could go to an English club in July The future of Neymar Jr. It seems to approach him to the Premier League. With a directive of Paris Saint-Germain determined [&hellip;]<\/p>\n","protected":false},"author":347,"featured_media":95605,"comment_status":"closed","ping_status":"open","sticky":false,"template":"","format":"standard","meta":{"_acf_changed":false,"inline_featured_image":false,"_nextfly_llmd_date_locked":false,"footnotes":""},"categories":[449,106],"tags":[143],"class_list":["post-95592","post","type-post","status-publish","format-standard","has-post-thumbnail","hentry","category-transfers-2","category-transfers","tag-neymar-jr"],"acf":[],"yoast_head":"<!-- This site is optimized with the Yoast SEO plugin v27.3 - https:\/\/yoast.com\/product\/yoast-seo-wordpress\/ -->\n<title>Neymar thinks of the Premier as an ideal destination if PSG forces his departure<\/title>\n<meta name=\"description\" content=\"Everything indicates that Neymar Jr. will not play again with Paris Saint-Germain in the summer. The Brazilian, out since February due to a right ankle injury, could go to an English club in July\" \/>\n<meta name=\"robots\" content=\"index, follow, max-snippet:-1, max-image-preview:large, max-video-preview:-1\" \/>\n<link rel=\"canonical\" href=\"https:\/\/www.fcbarcelonanoticias.com\/en\/transfers\/neymar-thinks-premier-as-ideal-destination-if-psg-force-exit_292399_102.html\" \/>\n<meta property=\"og:locale\" content=\"en_US\" \/>\n<meta property=\"og:type\" content=\"article\" \/>\n<meta property=\"og:title\" content=\"Neymar thinks of the Premier as an ideal destination if PSG forces his departure\" \/>\n<meta property=\"og:description\" content=\"Everything indicates that Neymar Jr. will not play again with Paris Saint-Germain in the summer. The Brazilian, out since February due to a right ankle injury, could go to an English club in July\" \/>\n<meta property=\"og:url\" content=\"https:\/\/www.fcbarcelonanoticias.com\/en\/transfers\/neymar-thinks-premier-as-ideal-destination-if-psg-force-exit_292399_102.html\" \/>\n<meta property=\"og:site_name\" content=\"EN - FC Barcelona Noticias\" \/>\n<meta property=\"article:published_time\" content=\"2023-05-15T22:56:00+00:00\" \/>\n<meta property=\"og:image\" content=\"https:\/\/www.fcbarcelonanoticias.com\/en\/wp-content\/uploads\/sites\/2\/2023\/05\/brazil-v-ghana-international-friendly-1.jpeg\" \/>\n\t<meta property=\"og:image:width\" content=\"1200\" \/>\n\t<meta property=\"og:image:height\" content=\"723\" \/>\n\t<meta property=\"og:image:type\" content=\"image\/jpeg\" \/>\n<meta name=\"author\" content=\"Andr\u00e9s Quiroz\" \/>\n<meta name=\"twitter:card\" content=\"summary_large_image\" \/>\n<meta name=\"twitter:label1\" content=\"Written by\" \/>\n\t<meta name=\"twitter:data1\" content=\"Andr\u00e9s Quiroz\" \/>\n\t<meta name=\"twitter:label2\" content=\"Est. reading time\" \/>\n\t<meta name=\"twitter:data2\" content=\"2 minutes\" \/>\n<script type=\"application\/ld+json\" class=\"yoast-schema-graph\">{\"@context\":\"https:\\\/\\\/schema.org\",\"@graph\":[{\"@type\":\"Article\",\"@id\":\"https:\\\/\\\/www.fcbarcelonanoticias.com\\\/en\\\/transfers\\\/neymar-thinks-premier-as-ideal-destination-if-psg-force-exit_292399_102.html#article\",\"isPartOf\":{\"@id\":\"https:\\\/\\\/www.fcbarcelonanoticias.com\\\/en\\\/transfers\\\/neymar-thinks-premier-as-ideal-destination-if-psg-force-exit_292399_102.html\"},\"author\":{\"name\":\"Andr\u00e9s Quiroz\",\"@id\":\"https:\\\/\\\/www.fcbarcelonanoticias.com\\\/en\\\/#\\\/schema\\\/person\\\/c2cd9f6fa1af5c0d0eccd0fefa575c88\"},\"headline\":\"Neymar thinks of the Premier as an ideal destination if PSG forces his departure\",\"datePublished\":\"2023-05-15T22:56:00+00:00\",\"mainEntityOfPage\":{\"@id\":\"https:\\\/\\\/www.fcbarcelonanoticias.com\\\/en\\\/transfers\\\/neymar-thinks-premier-as-ideal-destination-if-psg-force-exit_292399_102.html\"},\"wordCount\":471,\"image\":{\"@id\":\"https:\\\/\\\/www.fcbarcelonanoticias.com\\\/en\\\/transfers\\\/neymar-thinks-premier-as-ideal-destination-if-psg-force-exit_292399_102.html#primaryimage\"},\"thumbnailUrl\":\"https:\\\/\\\/www.fcbarcelonanoticias.com\\\/en\\\/wp-content\\\/uploads\\\/sites\\\/2\\\/2023\\\/05\\\/brazil-v-ghana-international-friendly-1.jpeg\",\"keywords\":[\"Neymar Jr\"],\"articleSection\":[\"Transfers\",\"Transfers\"],\"inLanguage\":\"en-US\"},{\"@type\":\"WebPage\",\"@id\":\"https:\\\/\\\/www.fcbarcelonanoticias.com\\\/en\\\/transfers\\\/neymar-thinks-premier-as-ideal-destination-if-psg-force-exit_292399_102.html\",\"url\":\"https:\\\/\\\/www.fcbarcelonanoticias.com\\\/en\\\/transfers\\\/neymar-thinks-premier-as-ideal-destination-if-psg-force-exit_292399_102.html\",\"name\":\"Neymar thinks of the Premier as an ideal destination if PSG forces his departure\",\"isPartOf\":{\"@id\":\"https:\\\/\\\/www.fcbarcelonanoticias.com\\\/en\\\/#website\"},\"primaryImageOfPage\":{\"@id\":\"https:\\\/\\\/www.fcbarcelonanoticias.com\\\/en\\\/transfers\\\/neymar-thinks-premier-as-ideal-destination-if-psg-force-exit_292399_102.html#primaryimage\"},\"image\":{\"@id\":\"https:\\\/\\\/www.fcbarcelonanoticias.com\\\/en\\\/transfers\\\/neymar-thinks-premier-as-ideal-destination-if-psg-force-exit_292399_102.html#primaryimage\"},\"thumbnailUrl\":\"https:\\\/\\\/www.fcbarcelonanoticias.com\\\/en\\\/wp-content\\\/uploads\\\/sites\\\/2\\\/2023\\\/05\\\/brazil-v-ghana-international-friendly-1.jpeg\",\"datePublished\":\"2023-05-15T22:56:00+00:00\",\"author\":{\"@id\":\"https:\\\/\\\/www.fcbarcelonanoticias.com\\\/en\\\/#\\\/schema\\\/person\\\/c2cd9f6fa1af5c0d0eccd0fefa575c88\"},\"description\":\"Everything indicates that Neymar Jr. will not play again with Paris Saint-Germain in the summer. The Brazilian, out since February due to a right ankle injury, could go to an English club in July\",\"breadcrumb\":{\"@id\":\"https:\\\/\\\/www.fcbarcelonanoticias.com\\\/en\\\/transfers\\\/neymar-thinks-premier-as-ideal-destination-if-psg-force-exit_292399_102.html#breadcrumb\"},\"inLanguage\":\"en-US\",\"potentialAction\":[{\"@type\":\"ReadAction\",\"target\":[\"https:\\\/\\\/www.fcbarcelonanoticias.com\\\/en\\\/transfers\\\/neymar-thinks-premier-as-ideal-destination-if-psg-force-exit_292399_102.html\"]}]},{\"@type\":\"ImageObject\",\"inLanguage\":\"en-US\",\"@id\":\"https:\\\/\\\/www.fcbarcelonanoticias.com\\\/en\\\/transfers\\\/neymar-thinks-premier-as-ideal-destination-if-psg-force-exit_292399_102.html#primaryimage\",\"url\":\"https:\\\/\\\/www.fcbarcelonanoticias.com\\\/en\\\/wp-content\\\/uploads\\\/sites\\\/2\\\/2023\\\/05\\\/brazil-v-ghana-international-friendly-1.jpeg\",\"contentUrl\":\"https:\\\/\\\/www.fcbarcelonanoticias.com\\\/en\\\/wp-content\\\/uploads\\\/sites\\\/2\\\/2023\\\/05\\\/brazil-v-ghana-international-friendly-1.jpeg\",\"width\":1200,\"height\":723},{\"@type\":\"BreadcrumbList\",\"@id\":\"https:\\\/\\\/www.fcbarcelonanoticias.com\\\/en\\\/transfers\\\/neymar-thinks-premier-as-ideal-destination-if-psg-force-exit_292399_102.html#breadcrumb\",\"itemListElement\":[{\"@type\":\"ListItem\",\"position\":1,\"name\":\"Portada\",\"item\":\"https:\\\/\\\/www.fcbarcelonanoticias.com\\\/en\\\/\"},{\"@type\":\"ListItem\",\"position\":2,\"name\":\"Neymar thinks of the Premier as an ideal destination if PSG forces his departure\"}]},{\"@type\":\"WebSite\",\"@id\":\"https:\\\/\\\/www.fcbarcelonanoticias.com\\\/en\\\/#website\",\"url\":\"https:\\\/\\\/www.fcbarcelonanoticias.com\\\/en\\\/\",\"name\":\"EN - FC Barcelona Noticias\",\"description\":\"\",\"potentialAction\":[{\"@type\":\"SearchAction\",\"target\":{\"@type\":\"EntryPoint\",\"urlTemplate\":\"https:\\\/\\\/www.fcbarcelonanoticias.com\\\/en\\\/?s={search_term_string}\"},\"query-input\":{\"@type\":\"PropertyValueSpecification\",\"valueRequired\":true,\"valueName\":\"search_term_string\"}}],\"inLanguage\":\"en-US\"},{\"@type\":\"Person\",\"@id\":\"https:\\\/\\\/www.fcbarcelonanoticias.com\\\/en\\\/#\\\/schema\\\/person\\\/c2cd9f6fa1af5c0d0eccd0fefa575c88\",\"name\":\"Andr\u00e9s Quiroz\",\"image\":{\"@type\":\"ImageObject\",\"inLanguage\":\"en-US\",\"@id\":\"https:\\\/\\\/secure.gravatar.com\\\/avatar\\\/?s=96&d=mm&r=g\",\"url\":\"https:\\\/\\\/secure.gravatar.com\\\/avatar\\\/?s=96&d=mm&r=g\",\"contentUrl\":\"https:\\\/\\\/secure.gravatar.com\\\/avatar\\\/?s=96&d=mm&r=g\",\"caption\":\"Andr\u00e9s Quiroz\"},\"description\":\"Licenciado en Periodismo por la Universidad de los Andes. Me encargo de analizar y compartir los contenidos m\u00e1s destacados de la\u00a0actualidad del F\u00fatbol Club Barcelona, Mercado de Fichajes y F\u00fatbol Internacional en FCBN. La informaci\u00f3n es poder, pero tambi\u00e9n conocimiento.\",\"url\":\"https:\\\/\\\/www.fcbarcelonanoticias.com\\\/en\\\/fc-barcelona\\\/andres-quiroz_17_115.html\"}]}<\/script>\n<!-- \/ Yoast SEO plugin. -->","yoast_head_json":{"title":"Neymar thinks of the Premier as an ideal destination if PSG forces his departure","description":"Everything indicates that Neymar Jr. will not play again with Paris Saint-Germain in the summer. The Brazilian, out since February due to a right ankle injury, could go to an English club in July","robots":{"index":"index","follow":"follow","max-snippet":"max-snippet:-1","max-image-preview":"max-image-preview:large","max-video-preview":"max-video-preview:-1"},"canonical":"https:\/\/www.fcbarcelonanoticias.com\/en\/transfers\/neymar-thinks-premier-as-ideal-destination-if-psg-force-exit_292399_102.html","og_locale":"en_US","og_type":"article","og_title":"Neymar thinks of the Premier as an ideal destination if PSG forces his departure","og_description":"Everything indicates that Neymar Jr. will not play again with Paris Saint-Germain in the summer. The Brazilian, out since February due to a right ankle injury, could go to an English club in July","og_url":"https:\/\/www.fcbarcelonanoticias.com\/en\/transfers\/neymar-thinks-premier-as-ideal-destination-if-psg-force-exit_292399_102.html","og_site_name":"EN - FC Barcelona Noticias","article_published_time":"2023-05-15T22:56:00+00:00","og_image":[{"width":1200,"height":723,"url":"https:\/\/www.fcbarcelonanoticias.com\/en\/wp-content\/uploads\/sites\/2\/2023\/05\/brazil-v-ghana-international-friendly-1.jpeg","type":"image\/jpeg"}],"author":"Andr\u00e9s Quiroz","twitter_card":"summary_large_image","twitter_misc":{"Written by":"Andr\u00e9s Quiroz","Est. reading time":"2 minutes"},"schema":{"@context":"https:\/\/schema.org","@graph":[{"@type":"Article","@id":"https:\/\/www.fcbarcelonanoticias.com\/en\/transfers\/neymar-thinks-premier-as-ideal-destination-if-psg-force-exit_292399_102.html#article","isPartOf":{"@id":"https:\/\/www.fcbarcelonanoticias.com\/en\/transfers\/neymar-thinks-premier-as-ideal-destination-if-psg-force-exit_292399_102.html"},"author":{"name":"Andr\u00e9s Quiroz","@id":"https:\/\/www.fcbarcelonanoticias.com\/en\/#\/schema\/person\/c2cd9f6fa1af5c0d0eccd0fefa575c88"},"headline":"Neymar thinks of the Premier as an ideal destination if PSG forces his departure","datePublished":"2023-05-15T22:56:00+00:00","mainEntityOfPage":{"@id":"https:\/\/www.fcbarcelonanoticias.com\/en\/transfers\/neymar-thinks-premier-as-ideal-destination-if-psg-force-exit_292399_102.html"},"wordCount":471,"image":{"@id":"https:\/\/www.fcbarcelonanoticias.com\/en\/transfers\/neymar-thinks-premier-as-ideal-destination-if-psg-force-exit_292399_102.html#primaryimage"},"thumbnailUrl":"https:\/\/www.fcbarcelonanoticias.com\/en\/wp-content\/uploads\/sites\/2\/2023\/05\/brazil-v-ghana-international-friendly-1.jpeg","keywords":["Neymar Jr"],"articleSection":["Transfers","Transfers"],"inLanguage":"en-US"},{"@type":"WebPage","@id":"https:\/\/www.fcbarcelonanoticias.com\/en\/transfers\/neymar-thinks-premier-as-ideal-destination-if-psg-force-exit_292399_102.html","url":"https:\/\/www.fcbarcelonanoticias.com\/en\/transfers\/neymar-thinks-premier-as-ideal-destination-if-psg-force-exit_292399_102.html","name":"Neymar thinks of the Premier as an ideal destination if PSG forces his departure","isPartOf":{"@id":"https:\/\/www.fcbarcelonanoticias.com\/en\/#website"},"primaryImageOfPage":{"@id":"https:\/\/www.fcbarcelonanoticias.com\/en\/transfers\/neymar-thinks-premier-as-ideal-destination-if-psg-force-exit_292399_102.html#primaryimage"},"image":{"@id":"https:\/\/www.fcbarcelonanoticias.com\/en\/transfers\/neymar-thinks-premier-as-ideal-destination-if-psg-force-exit_292399_102.html#primaryimage"},"thumbnailUrl":"https:\/\/www.fcbarcelonanoticias.com\/en\/wp-content\/uploads\/sites\/2\/2023\/05\/brazil-v-ghana-international-friendly-1.jpeg","datePublished":"2023-05-15T22:56:00+00:00","author":{"@id":"https:\/\/www.fcbarcelonanoticias.com\/en\/#\/schema\/person\/c2cd9f6fa1af5c0d0eccd0fefa575c88"},"description":"Everything indicates that Neymar Jr. will not play again with Paris Saint-Germain in the summer. The Brazilian, out since February due to a right ankle injury, could go to an English club in July","breadcrumb":{"@id":"https:\/\/www.fcbarcelonanoticias.com\/en\/transfers\/neymar-thinks-premier-as-ideal-destination-if-psg-force-exit_292399_102.html#breadcrumb"},"inLanguage":"en-US","potentialAction":[{"@type":"ReadAction","target":["https:\/\/www.fcbarcelonanoticias.com\/en\/transfers\/neymar-thinks-premier-as-ideal-destination-if-psg-force-exit_292399_102.html"]}]},{"@type":"ImageObject","inLanguage":"en-US","@id":"https:\/\/www.fcbarcelonanoticias.com\/en\/transfers\/neymar-thinks-premier-as-ideal-destination-if-psg-force-exit_292399_102.html#primaryimage","url":"https:\/\/www.fcbarcelonanoticias.com\/en\/wp-content\/uploads\/sites\/2\/2023\/05\/brazil-v-ghana-international-friendly-1.jpeg","contentUrl":"https:\/\/www.fcbarcelonanoticias.com\/en\/wp-content\/uploads\/sites\/2\/2023\/05\/brazil-v-ghana-international-friendly-1.jpeg","width":1200,"height":723},{"@type":"BreadcrumbList","@id":"https:\/\/www.fcbarcelonanoticias.com\/en\/transfers\/neymar-thinks-premier-as-ideal-destination-if-psg-force-exit_292399_102.html#breadcrumb","itemListElement":[{"@type":"ListItem","position":1,"name":"Portada","item":"https:\/\/www.fcbarcelonanoticias.com\/en\/"},{"@type":"ListItem","position":2,"name":"Neymar thinks of the Premier as an ideal destination if PSG forces his departure"}]},{"@type":"WebSite","@id":"https:\/\/www.fcbarcelonanoticias.com\/en\/#website","url":"https:\/\/www.fcbarcelonanoticias.com\/en\/","name":"EN - FC Barcelona Noticias","description":"","potentialAction":[{"@type":"SearchAction","target":{"@type":"EntryPoint","urlTemplate":"https:\/\/www.fcbarcelonanoticias.com\/en\/?s={search_term_string}"},"query-input":{"@type":"PropertyValueSpecification","valueRequired":true,"valueName":"search_term_string"}}],"inLanguage":"en-US"},{"@type":"Person","@id":"https:\/\/www.fcbarcelonanoticias.com\/en\/#\/schema\/person\/c2cd9f6fa1af5c0d0eccd0fefa575c88","name":"Andr\u00e9s Quiroz","image":{"@type":"ImageObject","inLanguage":"en-US","@id":"https:\/\/secure.gravatar.com\/avatar\/?s=96&d=mm&r=g","url":"https:\/\/secure.gravatar.com\/avatar\/?s=96&d=mm&r=g","contentUrl":"https:\/\/secure.gravatar.com\/avatar\/?s=96&d=mm&r=g","caption":"Andr\u00e9s Quiroz"},"description":"Licenciado en Periodismo por la Universidad de los Andes. Me encargo de analizar y compartir los contenidos m\u00e1s destacados de la\u00a0actualidad del F\u00fatbol Club Barcelona, Mercado de Fichajes y F\u00fatbol Internacional en FCBN. La informaci\u00f3n es poder, pero tambi\u00e9n conocimiento.","url":"https:\/\/www.fcbarcelonanoticias.com\/en\/fc-barcelona\/andres-quiroz_17_115.html"}]}},"_links":{"self":[{"href":"https:\/\/www.fcbarcelonanoticias.com\/en\/wp-json\/wp\/v2\/posts\/95592","targetHints":{"allow":["GET"]}}],"collection":[{"href":"https:\/\/www.fcbarcelonanoticias.com\/en\/wp-json\/wp\/v2\/posts"}],"about":[{"href":"https:\/\/www.fcbarcelonanoticias.com\/en\/wp-json\/wp\/v2\/types\/post"}],"author":[{"embeddable":true,"href":"https:\/\/www.fcbarcelonanoticias.com\/en\/wp-json\/wp\/v2\/users\/347"}],"replies":[{"embeddable":true,"href":"https:\/\/www.fcbarcelonanoticias.com\/en\/wp-json\/wp\/v2\/comments?post=95592"}],"version-history":[{"count":1,"href":"https:\/\/www.fcbarcelonanoticias.com\/en\/wp-json\/wp\/v2\/posts\/95592\/revisions"}],"predecessor-version":[{"id":131197,"href":"https:\/\/www.fcbarcelonanoticias.com\/en\/wp-json\/wp\/v2\/posts\/95592\/revisions\/131197"}],"wp:featuredmedia":[{"embeddable":true,"href":"https:\/\/www.fcbarcelonanoticias.com\/en\/wp-json\/wp\/v2\/media\/95605"}],"wp:attachment":[{"href":"https:\/\/www.fcbarcelonanoticias.com\/en\/wp-json\/wp\/v2\/media?parent=95592"}],"wp:term":[{"taxonomy":"category","embeddable":true,"href":"https:\/\/www.fcbarcelonanoticias.com\/en\/wp-json\/wp\/v2\/categories?post=95592"},{"taxonomy":"post_tag","embeddable":true,"href":"https:\/\/www.fcbarcelonanoticias.com\/en\/wp-json\/wp\/v2\/tags?post=95592"}],"curies":[{"name":"wp","href":"https:\/\/api.w.org\/{rel}","templated":true}]}}