{"id":95649,"date":"2025-02-01T20:40:00","date_gmt":"2025-02-01T19:40:00","guid":{"rendered":"https:\/\/weisetech.dev\/fc-barcelona-noticias\/en\/fc-barcelona-reignites-interest-in-an-old-desire-for-the-right-back-position_310548_102\/"},"modified":"2025-02-01T20:40:00","modified_gmt":"2025-02-01T19:40:00","slug":"fc-barcelona-reignites-interest-in-an-old-desire-for-the-right-back-position_310548_102","status":"publish","type":"post","link":"https:\/\/www.fcbarcelonanoticias.com\/en\/transfers\/fc-barcelona-reignites-interest-in-an-old-desire-for-the-right-back-position_310548_102.html","title":{"rendered":"FC Barcelona reignites interest in an old desire for the right-back position"},"content":{"rendered":"<h2 class=\"wp-block-heading\">Bar\u00e7a has once again set its sights on Vanderson to strengthen the right-back position. The Brazilian is valued at 20 million and the Premier League is also closely following him.<\/h2>  \r\n<div class=\"article-addons\">\r\n    <a href=\"https:\/\/www.fcbarcelonanoticias.com\/en\/calendar-fc-barcelona.html\"\r\n       target=\"_self\"\r\n       title=\"Calendar of FC Barcelona\"\r\n       class=\"blue-gredient-btn\">\r\n       \r\n        Calendar of FC Barcelona    <\/a>\r\n<\/div>   <p><a data-external=\"0\" data-intl-links-en=\"https:\/\/www.fcbarcelonanoticias.com\/en\/transfers\/is-lewandowski-future-in-danger-the-signing-of-gy-keres-changes-everything_310534_102.html\" data-intl-links-es=\"https:\/\/www.fcbarcelonanoticias.com\/fichajes\/futuro-lewandowski-en-peligro-fichaje-gyokeres-cambia-todo_310534_102.html\" href=\"https:\/\/www.fcbarcelonanoticias.com\/en\/transfers\/is-lewandowski-future-in-danger-the-signing-of-gy-keres-changes-everything_310534_102.html\" rel=\"follow\" target=\"_self\" title=\"Is Lewandowski's future in danger? The signing of Gy\u00f6keres changes everything\">Aside from the arrival of a left winger and a center forward<\/a>, <strong>FC Barcelona<\/strong> has prioritized the signing of two full-backs for next summer. On the right side of defense, <strong>Hansi Flick<\/strong> has shown insufficient confidence in <strong>H\u00e9ctor Fort<\/strong> as a replacement for <strong>Jules Kound\u00e9<\/strong>, who has played practically all the matches, making the incorporation of a reinforcement in this position crucial for the next season.<\/p>  <p>In this regard, &#8216;Mundo Deportivo&#8217; has reported that the blaugrana sports management <strong>has once again set its sights on Vanderson<\/strong>, the right-back from <strong>Monaco<\/strong> who has been liked by the club for some time. The player was one of the names analyzed by the management to bolster this area of the field a couple of seasons ago, <a data-external=\"0\" data-intl-links-en=\"https:\/\/www.fcbarcelonanoticias.com\/en\/fc-barcelona\/kounde-on-roll-three-goals-in-season-with-barcelona-for-the-first-time_310193_102.html\" data-intl-links-es=\"https:\/\/www.fcbarcelonanoticias.com\/fc-barcelona\/kounde-en-racha-tres-goles-en-temporada-con-barcelona-por-primera-vez_310193_102.html\" href=\"https:\/\/www.fcbarcelonanoticias.com\/en\/fc-barcelona\/kounde-on-roll-three-goals-in-season-with-barcelona-for-the-first-time_310193_102.html\" rel=\"follow\" target=\"_self\" title=\"Kound\u00e9, on a roll: three goals in a season with Barcelona for the first time\">when Kound\u00e9 had not yet settled into this new position<\/a>.<\/p>  <p>However, setbacks with financial &#8216;fair play&#8217; and the high demands from the Monegasques prevented his signing, with <strong>H\u00e9ctor Beller\u00edn<\/strong> being the signing completed by the Catalans to reinforce the team managed, at that time, by <strong>Xavi Hern\u00e1ndez<\/strong>.<\/p>  <h3>Monaco will not make it easy in the operation<\/h3>  <p>However, in the Principality, they will not facilitate the departure of one of their undisputed starters. The French side does not want to part with a player who has played 25 matches this season, one against <strong>Bar\u00e7a<\/strong> in the Champions League, and whose contract ties him to the institution until 2028, which is why they would only consider his departure <strong>in exchange for a hefty sum<\/strong>, which would pose an obstacle for the cul\u00e9s.<\/p>  <p>Additionally, from the <strong>Premier League<\/strong>, they would also be closely following him, complicating the operation even further for the Catalans. Nevertheless, <strong>Vanderson dreams of wearing the blue and claret<\/strong>, so his desire could be a key factor in tipping the balance in favor of <strong>Flick&#8217;s<\/strong> side, which could initiate movements regarding his signing in the coming weeks.<\/p> ","protected":false},"excerpt":{"rendered":"<p>Bar\u00e7a has once again set its sights on Vanderson to strengthen the right-back position. The Brazilian is valued at 20 million and the Premier League is also closely following him. Aside from the arrival of a left winger and a center forward, FC Barcelona has prioritized the signing of two full-backs for next summer. On [&hellip;]<\/p>\n","protected":false},"author":358,"featured_media":95662,"comment_status":"closed","ping_status":"open","sticky":false,"template":"","format":"standard","meta":{"_acf_changed":false,"inline_featured_image":false,"_nextfly_llmd_date_locked":false,"footnotes":""},"categories":[449,106],"tags":[],"class_list":["post-95649","post","type-post","status-publish","format-standard","has-post-thumbnail","hentry","category-transfers-2","category-transfers"],"acf":[],"yoast_head":"<!-- This site is optimized with the Yoast SEO plugin v27.3 - https:\/\/yoast.com\/product\/yoast-seo-wordpress\/ -->\n<title>FC Barcelona reignites interest in an old desire for the right-back position<\/title>\n<meta name=\"description\" content=\"Bar\u00e7a has once again set its sights on Vanderson to strengthen the right-back position. The Brazilian is valued at 20 million and the Premier League is also closely following him.\" \/>\n<meta name=\"robots\" content=\"index, follow, max-snippet:-1, max-image-preview:large, max-video-preview:-1\" \/>\n<link rel=\"canonical\" href=\"https:\/\/www.fcbarcelonanoticias.com\/en\/transfers\/fc-barcelona-reignites-interest-in-an-old-desire-for-the-right-back-position_310548_102.html\" \/>\n<meta property=\"og:locale\" content=\"en_US\" \/>\n<meta property=\"og:type\" content=\"article\" \/>\n<meta property=\"og:title\" content=\"FC Barcelona reignites interest in an old desire for the right-back position\" \/>\n<meta property=\"og:description\" content=\"Bar\u00e7a has once again set its sights on Vanderson to strengthen the right-back position. The Brazilian is valued at 20 million and the Premier League is also closely following him.\" \/>\n<meta property=\"og:url\" content=\"https:\/\/www.fcbarcelonanoticias.com\/en\/transfers\/fc-barcelona-reignites-interest-in-an-old-desire-for-the-right-back-position_310548_102.html\" \/>\n<meta property=\"og:site_name\" content=\"EN - FC Barcelona Noticias\" \/>\n<meta property=\"article:published_time\" content=\"2025-02-01T19:40:00+00:00\" \/>\n<meta property=\"og:image\" content=\"https:\/\/www.fcbarcelonanoticias.com\/en\/wp-content\/uploads\/sites\/2\/2025\/02\/fc-internazionale-milano-v-as-monaco-uefa-champions-league-2024-25-league-phase-md8-1.jpeg\" \/>\n\t<meta property=\"og:image:width\" content=\"1200\" \/>\n\t<meta property=\"og:image:height\" content=\"675\" \/>\n\t<meta property=\"og:image:type\" content=\"image\/jpeg\" \/>\n<meta name=\"author\" content=\"Juan Pablo Berdugo\" \/>\n<meta name=\"twitter:card\" content=\"summary_large_image\" \/>\n<meta name=\"twitter:label1\" content=\"Written by\" \/>\n\t<meta name=\"twitter:data1\" content=\"Juan Pablo Berdugo\" \/>\n\t<meta name=\"twitter:label2\" content=\"Est. reading time\" \/>\n\t<meta name=\"twitter:data2\" content=\"2 minutes\" \/>\n<script type=\"application\/ld+json\" class=\"yoast-schema-graph\">{\"@context\":\"https:\\\/\\\/schema.org\",\"@graph\":[{\"@type\":\"Article\",\"@id\":\"https:\\\/\\\/www.fcbarcelonanoticias.com\\\/en\\\/transfers\\\/fc-barcelona-reignites-interest-in-an-old-desire-for-the-right-back-position_310548_102.html#article\",\"isPartOf\":{\"@id\":\"https:\\\/\\\/www.fcbarcelonanoticias.com\\\/en\\\/transfers\\\/fc-barcelona-reignites-interest-in-an-old-desire-for-the-right-back-position_310548_102.html\"},\"author\":{\"name\":\"Juan Pablo Berdugo\",\"@id\":\"https:\\\/\\\/www.fcbarcelonanoticias.com\\\/en\\\/#\\\/schema\\\/person\\\/88d756918a0a1ae9fa593b5edddd1815\"},\"headline\":\"FC Barcelona reignites interest in an old desire for the right-back position\",\"datePublished\":\"2025-02-01T19:40:00+00:00\",\"mainEntityOfPage\":{\"@id\":\"https:\\\/\\\/www.fcbarcelonanoticias.com\\\/en\\\/transfers\\\/fc-barcelona-reignites-interest-in-an-old-desire-for-the-right-back-position_310548_102.html\"},\"wordCount\":357,\"image\":{\"@id\":\"https:\\\/\\\/www.fcbarcelonanoticias.com\\\/en\\\/transfers\\\/fc-barcelona-reignites-interest-in-an-old-desire-for-the-right-back-position_310548_102.html#primaryimage\"},\"thumbnailUrl\":\"https:\\\/\\\/www.fcbarcelonanoticias.com\\\/en\\\/wp-content\\\/uploads\\\/sites\\\/2\\\/2025\\\/02\\\/fc-internazionale-milano-v-as-monaco-uefa-champions-league-2024-25-league-phase-md8-1.jpeg\",\"articleSection\":[\"Transfers\",\"Transfers\"],\"inLanguage\":\"en-US\"},{\"@type\":\"WebPage\",\"@id\":\"https:\\\/\\\/www.fcbarcelonanoticias.com\\\/en\\\/transfers\\\/fc-barcelona-reignites-interest-in-an-old-desire-for-the-right-back-position_310548_102.html\",\"url\":\"https:\\\/\\\/www.fcbarcelonanoticias.com\\\/en\\\/transfers\\\/fc-barcelona-reignites-interest-in-an-old-desire-for-the-right-back-position_310548_102.html\",\"name\":\"FC Barcelona reignites interest in an old desire for the right-back position\",\"isPartOf\":{\"@id\":\"https:\\\/\\\/www.fcbarcelonanoticias.com\\\/en\\\/#website\"},\"primaryImageOfPage\":{\"@id\":\"https:\\\/\\\/www.fcbarcelonanoticias.com\\\/en\\\/transfers\\\/fc-barcelona-reignites-interest-in-an-old-desire-for-the-right-back-position_310548_102.html#primaryimage\"},\"image\":{\"@id\":\"https:\\\/\\\/www.fcbarcelonanoticias.com\\\/en\\\/transfers\\\/fc-barcelona-reignites-interest-in-an-old-desire-for-the-right-back-position_310548_102.html#primaryimage\"},\"thumbnailUrl\":\"https:\\\/\\\/www.fcbarcelonanoticias.com\\\/en\\\/wp-content\\\/uploads\\\/sites\\\/2\\\/2025\\\/02\\\/fc-internazionale-milano-v-as-monaco-uefa-champions-league-2024-25-league-phase-md8-1.jpeg\",\"datePublished\":\"2025-02-01T19:40:00+00:00\",\"author\":{\"@id\":\"https:\\\/\\\/www.fcbarcelonanoticias.com\\\/en\\\/#\\\/schema\\\/person\\\/88d756918a0a1ae9fa593b5edddd1815\"},\"description\":\"Bar\u00e7a has once again set its sights on Vanderson to strengthen the right-back position. The Brazilian is valued at 20 million and the Premier League is also closely following him.\",\"breadcrumb\":{\"@id\":\"https:\\\/\\\/www.fcbarcelonanoticias.com\\\/en\\\/transfers\\\/fc-barcelona-reignites-interest-in-an-old-desire-for-the-right-back-position_310548_102.html#breadcrumb\"},\"inLanguage\":\"en-US\",\"potentialAction\":[{\"@type\":\"ReadAction\",\"target\":[\"https:\\\/\\\/www.fcbarcelonanoticias.com\\\/en\\\/transfers\\\/fc-barcelona-reignites-interest-in-an-old-desire-for-the-right-back-position_310548_102.html\"]}]},{\"@type\":\"ImageObject\",\"inLanguage\":\"en-US\",\"@id\":\"https:\\\/\\\/www.fcbarcelonanoticias.com\\\/en\\\/transfers\\\/fc-barcelona-reignites-interest-in-an-old-desire-for-the-right-back-position_310548_102.html#primaryimage\",\"url\":\"https:\\\/\\\/www.fcbarcelonanoticias.com\\\/en\\\/wp-content\\\/uploads\\\/sites\\\/2\\\/2025\\\/02\\\/fc-internazionale-milano-v-as-monaco-uefa-champions-league-2024-25-league-phase-md8-1.jpeg\",\"contentUrl\":\"https:\\\/\\\/www.fcbarcelonanoticias.com\\\/en\\\/wp-content\\\/uploads\\\/sites\\\/2\\\/2025\\\/02\\\/fc-internazionale-milano-v-as-monaco-uefa-champions-league-2024-25-league-phase-md8-1.jpeg\",\"width\":1200,\"height\":675},{\"@type\":\"BreadcrumbList\",\"@id\":\"https:\\\/\\\/www.fcbarcelonanoticias.com\\\/en\\\/transfers\\\/fc-barcelona-reignites-interest-in-an-old-desire-for-the-right-back-position_310548_102.html#breadcrumb\",\"itemListElement\":[{\"@type\":\"ListItem\",\"position\":1,\"name\":\"Portada\",\"item\":\"https:\\\/\\\/www.fcbarcelonanoticias.com\\\/en\\\/\"},{\"@type\":\"ListItem\",\"position\":2,\"name\":\"FC Barcelona reignites interest in an old desire for the right-back position\"}]},{\"@type\":\"WebSite\",\"@id\":\"https:\\\/\\\/www.fcbarcelonanoticias.com\\\/en\\\/#website\",\"url\":\"https:\\\/\\\/www.fcbarcelonanoticias.com\\\/en\\\/\",\"name\":\"EN - FC Barcelona Noticias\",\"description\":\"\",\"potentialAction\":[{\"@type\":\"SearchAction\",\"target\":{\"@type\":\"EntryPoint\",\"urlTemplate\":\"https:\\\/\\\/www.fcbarcelonanoticias.com\\\/en\\\/?s={search_term_string}\"},\"query-input\":{\"@type\":\"PropertyValueSpecification\",\"valueRequired\":true,\"valueName\":\"search_term_string\"}}],\"inLanguage\":\"en-US\"},{\"@type\":\"Person\",\"@id\":\"https:\\\/\\\/www.fcbarcelonanoticias.com\\\/en\\\/#\\\/schema\\\/person\\\/88d756918a0a1ae9fa593b5edddd1815\",\"name\":\"Juan Pablo Berdugo\",\"image\":{\"@type\":\"ImageObject\",\"inLanguage\":\"en-US\",\"@id\":\"https:\\\/\\\/secure.gravatar.com\\\/avatar\\\/?s=96&d=mm&r=g\",\"url\":\"https:\\\/\\\/secure.gravatar.com\\\/avatar\\\/?s=96&d=mm&r=g\",\"contentUrl\":\"https:\\\/\\\/secure.gravatar.com\\\/avatar\\\/?s=96&d=mm&r=g\",\"caption\":\"Juan Pablo Berdugo\"},\"description\":\"Juan Pablo Berdugo es graduado en Periodismo. Colabora con FCBN como especialista en informaci\u00f3n del primer equipo del FC Barcelona, f\u00fatbol internacional y mercado de fichajes. Destaca por su enfoque anal\u00edtico, su rigor informativo y su capacidad para detectar tendencias emergentes en el f\u00fatbol global.\",\"url\":\"https:\\\/\\\/www.fcbarcelonanoticias.com\\\/en\\\/fc-barcelona\\\/juan-pablo-berdugo_18_115.html\"}]}<\/script>\n<!-- \/ Yoast SEO plugin. -->","yoast_head_json":{"title":"FC Barcelona reignites interest in an old desire for the right-back position","description":"Bar\u00e7a has once again set its sights on Vanderson to strengthen the right-back position. The Brazilian is valued at 20 million and the Premier League is also closely following him.","robots":{"index":"index","follow":"follow","max-snippet":"max-snippet:-1","max-image-preview":"max-image-preview:large","max-video-preview":"max-video-preview:-1"},"canonical":"https:\/\/www.fcbarcelonanoticias.com\/en\/transfers\/fc-barcelona-reignites-interest-in-an-old-desire-for-the-right-back-position_310548_102.html","og_locale":"en_US","og_type":"article","og_title":"FC Barcelona reignites interest in an old desire for the right-back position","og_description":"Bar\u00e7a has once again set its sights on Vanderson to strengthen the right-back position. The Brazilian is valued at 20 million and the Premier League is also closely following him.","og_url":"https:\/\/www.fcbarcelonanoticias.com\/en\/transfers\/fc-barcelona-reignites-interest-in-an-old-desire-for-the-right-back-position_310548_102.html","og_site_name":"EN - FC Barcelona Noticias","article_published_time":"2025-02-01T19:40:00+00:00","og_image":[{"width":1200,"height":675,"url":"https:\/\/www.fcbarcelonanoticias.com\/en\/wp-content\/uploads\/sites\/2\/2025\/02\/fc-internazionale-milano-v-as-monaco-uefa-champions-league-2024-25-league-phase-md8-1.jpeg","type":"image\/jpeg"}],"author":"Juan Pablo Berdugo","twitter_card":"summary_large_image","twitter_misc":{"Written by":"Juan Pablo Berdugo","Est. reading time":"2 minutes"},"schema":{"@context":"https:\/\/schema.org","@graph":[{"@type":"Article","@id":"https:\/\/www.fcbarcelonanoticias.com\/en\/transfers\/fc-barcelona-reignites-interest-in-an-old-desire-for-the-right-back-position_310548_102.html#article","isPartOf":{"@id":"https:\/\/www.fcbarcelonanoticias.com\/en\/transfers\/fc-barcelona-reignites-interest-in-an-old-desire-for-the-right-back-position_310548_102.html"},"author":{"name":"Juan Pablo Berdugo","@id":"https:\/\/www.fcbarcelonanoticias.com\/en\/#\/schema\/person\/88d756918a0a1ae9fa593b5edddd1815"},"headline":"FC Barcelona reignites interest in an old desire for the right-back position","datePublished":"2025-02-01T19:40:00+00:00","mainEntityOfPage":{"@id":"https:\/\/www.fcbarcelonanoticias.com\/en\/transfers\/fc-barcelona-reignites-interest-in-an-old-desire-for-the-right-back-position_310548_102.html"},"wordCount":357,"image":{"@id":"https:\/\/www.fcbarcelonanoticias.com\/en\/transfers\/fc-barcelona-reignites-interest-in-an-old-desire-for-the-right-back-position_310548_102.html#primaryimage"},"thumbnailUrl":"https:\/\/www.fcbarcelonanoticias.com\/en\/wp-content\/uploads\/sites\/2\/2025\/02\/fc-internazionale-milano-v-as-monaco-uefa-champions-league-2024-25-league-phase-md8-1.jpeg","articleSection":["Transfers","Transfers"],"inLanguage":"en-US"},{"@type":"WebPage","@id":"https:\/\/www.fcbarcelonanoticias.com\/en\/transfers\/fc-barcelona-reignites-interest-in-an-old-desire-for-the-right-back-position_310548_102.html","url":"https:\/\/www.fcbarcelonanoticias.com\/en\/transfers\/fc-barcelona-reignites-interest-in-an-old-desire-for-the-right-back-position_310548_102.html","name":"FC Barcelona reignites interest in an old desire for the right-back position","isPartOf":{"@id":"https:\/\/www.fcbarcelonanoticias.com\/en\/#website"},"primaryImageOfPage":{"@id":"https:\/\/www.fcbarcelonanoticias.com\/en\/transfers\/fc-barcelona-reignites-interest-in-an-old-desire-for-the-right-back-position_310548_102.html#primaryimage"},"image":{"@id":"https:\/\/www.fcbarcelonanoticias.com\/en\/transfers\/fc-barcelona-reignites-interest-in-an-old-desire-for-the-right-back-position_310548_102.html#primaryimage"},"thumbnailUrl":"https:\/\/www.fcbarcelonanoticias.com\/en\/wp-content\/uploads\/sites\/2\/2025\/02\/fc-internazionale-milano-v-as-monaco-uefa-champions-league-2024-25-league-phase-md8-1.jpeg","datePublished":"2025-02-01T19:40:00+00:00","author":{"@id":"https:\/\/www.fcbarcelonanoticias.com\/en\/#\/schema\/person\/88d756918a0a1ae9fa593b5edddd1815"},"description":"Bar\u00e7a has once again set its sights on Vanderson to strengthen the right-back position. The Brazilian is valued at 20 million and the Premier League is also closely following him.","breadcrumb":{"@id":"https:\/\/www.fcbarcelonanoticias.com\/en\/transfers\/fc-barcelona-reignites-interest-in-an-old-desire-for-the-right-back-position_310548_102.html#breadcrumb"},"inLanguage":"en-US","potentialAction":[{"@type":"ReadAction","target":["https:\/\/www.fcbarcelonanoticias.com\/en\/transfers\/fc-barcelona-reignites-interest-in-an-old-desire-for-the-right-back-position_310548_102.html"]}]},{"@type":"ImageObject","inLanguage":"en-US","@id":"https:\/\/www.fcbarcelonanoticias.com\/en\/transfers\/fc-barcelona-reignites-interest-in-an-old-desire-for-the-right-back-position_310548_102.html#primaryimage","url":"https:\/\/www.fcbarcelonanoticias.com\/en\/wp-content\/uploads\/sites\/2\/2025\/02\/fc-internazionale-milano-v-as-monaco-uefa-champions-league-2024-25-league-phase-md8-1.jpeg","contentUrl":"https:\/\/www.fcbarcelonanoticias.com\/en\/wp-content\/uploads\/sites\/2\/2025\/02\/fc-internazionale-milano-v-as-monaco-uefa-champions-league-2024-25-league-phase-md8-1.jpeg","width":1200,"height":675},{"@type":"BreadcrumbList","@id":"https:\/\/www.fcbarcelonanoticias.com\/en\/transfers\/fc-barcelona-reignites-interest-in-an-old-desire-for-the-right-back-position_310548_102.html#breadcrumb","itemListElement":[{"@type":"ListItem","position":1,"name":"Portada","item":"https:\/\/www.fcbarcelonanoticias.com\/en\/"},{"@type":"ListItem","position":2,"name":"FC Barcelona reignites interest in an old desire for the right-back position"}]},{"@type":"WebSite","@id":"https:\/\/www.fcbarcelonanoticias.com\/en\/#website","url":"https:\/\/www.fcbarcelonanoticias.com\/en\/","name":"EN - FC Barcelona Noticias","description":"","potentialAction":[{"@type":"SearchAction","target":{"@type":"EntryPoint","urlTemplate":"https:\/\/www.fcbarcelonanoticias.com\/en\/?s={search_term_string}"},"query-input":{"@type":"PropertyValueSpecification","valueRequired":true,"valueName":"search_term_string"}}],"inLanguage":"en-US"},{"@type":"Person","@id":"https:\/\/www.fcbarcelonanoticias.com\/en\/#\/schema\/person\/88d756918a0a1ae9fa593b5edddd1815","name":"Juan Pablo Berdugo","image":{"@type":"ImageObject","inLanguage":"en-US","@id":"https:\/\/secure.gravatar.com\/avatar\/?s=96&d=mm&r=g","url":"https:\/\/secure.gravatar.com\/avatar\/?s=96&d=mm&r=g","contentUrl":"https:\/\/secure.gravatar.com\/avatar\/?s=96&d=mm&r=g","caption":"Juan Pablo Berdugo"},"description":"Juan Pablo Berdugo es graduado en Periodismo. Colabora con FCBN como especialista en informaci\u00f3n del primer equipo del FC Barcelona, f\u00fatbol internacional y mercado de fichajes. Destaca por su enfoque anal\u00edtico, su rigor informativo y su capacidad para detectar tendencias emergentes en el f\u00fatbol global.","url":"https:\/\/www.fcbarcelonanoticias.com\/en\/fc-barcelona\/juan-pablo-berdugo_18_115.html"}]}},"_links":{"self":[{"href":"https:\/\/www.fcbarcelonanoticias.com\/en\/wp-json\/wp\/v2\/posts\/95649","targetHints":{"allow":["GET"]}}],"collection":[{"href":"https:\/\/www.fcbarcelonanoticias.com\/en\/wp-json\/wp\/v2\/posts"}],"about":[{"href":"https:\/\/www.fcbarcelonanoticias.com\/en\/wp-json\/wp\/v2\/types\/post"}],"author":[{"embeddable":true,"href":"https:\/\/www.fcbarcelonanoticias.com\/en\/wp-json\/wp\/v2\/users\/358"}],"replies":[{"embeddable":true,"href":"https:\/\/www.fcbarcelonanoticias.com\/en\/wp-json\/wp\/v2\/comments?post=95649"}],"version-history":[{"count":1,"href":"https:\/\/www.fcbarcelonanoticias.com\/en\/wp-json\/wp\/v2\/posts\/95649\/revisions"}],"predecessor-version":[{"id":127083,"href":"https:\/\/www.fcbarcelonanoticias.com\/en\/wp-json\/wp\/v2\/posts\/95649\/revisions\/127083"}],"wp:featuredmedia":[{"embeddable":true,"href":"https:\/\/www.fcbarcelonanoticias.com\/en\/wp-json\/wp\/v2\/media\/95662"}],"wp:attachment":[{"href":"https:\/\/www.fcbarcelonanoticias.com\/en\/wp-json\/wp\/v2\/media?parent=95649"}],"wp:term":[{"taxonomy":"category","embeddable":true,"href":"https:\/\/www.fcbarcelonanoticias.com\/en\/wp-json\/wp\/v2\/categories?post=95649"},{"taxonomy":"post_tag","embeddable":true,"href":"https:\/\/www.fcbarcelonanoticias.com\/en\/wp-json\/wp\/v2\/tags?post=95649"}],"curies":[{"name":"wp","href":"https:\/\/api.w.org\/{rel}","templated":true}]}}