{"id":95805,"date":"2017-03-24T11:26:00","date_gmt":"2017-03-24T10:26:00","guid":{"rendered":"https:\/\/weisetech.dev\/fc-barcelona-noticias\/en\/neymar-suarez-and-coutinho-together-after-the-uruguay-brazil_198262_102\/"},"modified":"2026-04-16T09:42:54","modified_gmt":"2026-04-16T07:42:54","slug":"neymar-suarez-and-coutinho-together-after-the-uruguay-brazil_198262_102","status":"publish","type":"post","link":"https:\/\/www.fcbarcelonanoticias.com\/en\/transfers\/neymar-suarez-and-coutinho-together-after-the-uruguay-brazil_198262_102.html","title":{"rendered":"Neymar, Su\u00e1rez and Coutinho, together after the Uruguay-Brazil"},"content":{"rendered":"<h2 class=\"wp-block-heading\">Neymar Jr, Luis Su\u00e1rez and Philippe Coutinho were photographed together in the installations of the stadium where played Uruguay and Brazil, just after the party, chatting animadamente and with &#8220;Ney&#8221; dressing the T-shirt charr\u00faa of Luis Su\u00e1rez<\/h2>  \r\n<div class=\"article-addons\">\r\n    <a href=\"https:\/\/www.fcbarcelonanoticias.com\/en\/calendar-fc-barcelona.html\"\r\n       target=\"_self\"\r\n       title=\"Calendar of FC Barcelona\"\r\n       class=\"blue-gredient-btn\">\r\n       \r\n        Calendar of FC Barcelona    <\/a>\r\n<\/div>   <p><strong>They say that an image costs more than one thousand words<\/strong>, and the majority of the times is true. <strong>The photography of Neymar, Luis Su\u00e1rez and Philippe Coutinho<\/strong> chatting animadamente and kidding together <a href=\"https:\/\/www.fcbarcelonanoticias.com\/selecciones-nacionales\/magia-de-neymar-jr-en-la-goleada-de-brasil-a-uruguay_198258_102.html\"><strong>after the Uruguay-Brazil (1-4) of this Friday<\/strong><\/a> goes back to leave clear the glorious relation that exists between the two players of the FC Barcelona and the star of the Liverpool, that know  to spare.<\/p> <p><strong>Coutinho And Su\u00e1rez know  of the stage in which both coincided in the Liverpool<\/strong>, and keep a big relation from does time in spite of have not coincided too much, with the charr\u00faa admiring him for being now the Brazilian the big star of Anfield Road, a stadium of the that Su\u00e1rez saves a grand\u00edsimo memory (his daughter calls  Delfina, that is an anagram of Anfield).<\/p> <p><strong>Regarding Coutinho and <a href=\"https:\/\/www.fcbarcelonanoticias.com\/en\/tags\/neymar-jr.html\">Neymar<\/a>, does not do lacking to excavate a lot<\/strong>. They know  since, when they were boys, began to coincide already in the inferior categories of the selection of Brazil up to now. They save a glorious relation, and Neymar Jr has not tired  to ensure in several interviews that would be loved to play beside Coutinho in the Barcelona, convinced that his compatriot would fit to perfection.<\/p> <h2>Coutinho, the <a href=\"https:\/\/www.fcbarcelonanoticias.com\/fc-barcelona\/fichajes.html\">perfect<\/a> signing for the Bar\u00e7a<\/h2> <p>The question is that <strong>the three friends were &#8220;hunted&#8221; chatting in the installations of the just<\/strong> stadium after the party, doing gala of a big complicity in the instantaneous&nbsp;attracted by Rodri V\u00e1zquez, journalist of &#8220;Sport 890&#8221;.<\/p> <p>Who know if, inside a time, these same photographies could make each week in the Camp Nou. Sure that more than a fan cul\u00e9 would be loved to see to Coutinho dressing the T-shirt of the FC Barcelona. <strong>It will be the perfect relief for Iniesta? It can<\/strong>.<\/p> ","protected":false},"excerpt":{"rendered":"<p>Neymar Jr, Luis Su\u00e1rez and Philippe Coutinho were photographed together in the installations of the stadium where played Uruguay and Brazil, just after the party, chatting animadamente and with &#8220;Ney&#8221; dressing the T-shirt charr\u00faa of Luis Su\u00e1rez They say that an image costs more than one thousand words, and the majority of the times is [&hellip;]<\/p>\n","protected":false},"author":366,"featured_media":95818,"comment_status":"closed","ping_status":"open","sticky":false,"template":"","format":"standard","meta":{"_acf_changed":false,"inline_featured_image":false,"_nextfly_llmd_date_locked":false,"footnotes":""},"categories":[449,106],"tags":[135,143],"class_list":["post-95805","post","type-post","status-publish","format-standard","has-post-thumbnail","hentry","category-transfers-2","category-transfers","tag-luis-suarez","tag-neymar-jr"],"acf":[],"yoast_head":"<!-- This site is optimized with the Yoast SEO plugin v27.3 - https:\/\/yoast.com\/product\/yoast-seo-wordpress\/ -->\n<title>Neymar, Su\u00e1rez and Coutinho, together after the Uruguay-Brazil<\/title>\n<meta name=\"description\" content=\"Neymar Jr, Luis Su\u00e1rez and Philippe Coutinho were photographed together in the installations of the stadium where played Uruguay and Brazil, just...\" \/>\n<meta name=\"robots\" content=\"index, follow, max-snippet:-1, max-image-preview:large, max-video-preview:-1\" \/>\n<link rel=\"canonical\" href=\"https:\/\/www.fcbarcelonanoticias.com\/en\/transfers\/neymar-suarez-and-coutinho-together-after-the-uruguay-brazil_198262_102.html\" \/>\n<meta property=\"og:locale\" content=\"en_US\" \/>\n<meta property=\"og:type\" content=\"article\" \/>\n<meta property=\"og:title\" content=\"Neymar, Su\u00e1rez and Coutinho, together after the Uruguay-Brazil\" \/>\n<meta property=\"og:description\" content=\"Neymar Jr, Luis Su\u00e1rez and Philippe Coutinho were photographed together in the installations of the stadium where played Uruguay and Brazil, just...\" \/>\n<meta property=\"og:url\" content=\"https:\/\/www.fcbarcelonanoticias.com\/en\/transfers\/neymar-suarez-and-coutinho-together-after-the-uruguay-brazil_198262_102.html\" \/>\n<meta property=\"og:site_name\" content=\"EN - FC Barcelona Noticias\" \/>\n<meta property=\"article:published_time\" content=\"2017-03-24T10:26:00+00:00\" \/>\n<meta property=\"article:modified_time\" content=\"2026-04-16T07:42:54+00:00\" \/>\n<meta property=\"og:image\" content=\"https:\/\/www.fcbarcelonanoticias.com\/en\/wp-content\/uploads\/sites\/2\/2017\/03\/neymar-suarez-coutinho-213693.jpeg\" \/>\n\t<meta property=\"og:image:width\" content=\"761\" \/>\n\t<meta property=\"og:image:height\" content=\"428\" \/>\n\t<meta property=\"og:image:type\" content=\"image\/jpeg\" \/>\n<meta name=\"author\" content=\"Carlos Dom\u00ednguez\" \/>\n<meta name=\"twitter:card\" content=\"summary_large_image\" \/>\n<meta name=\"twitter:label1\" content=\"Written by\" \/>\n\t<meta name=\"twitter:data1\" content=\"Carlos Dom\u00ednguez\" \/>\n\t<meta name=\"twitter:label2\" content=\"Est. reading time\" \/>\n\t<meta name=\"twitter:data2\" content=\"2 minutes\" \/>\n<script type=\"application\/ld+json\" class=\"yoast-schema-graph\">{\"@context\":\"https:\\\/\\\/schema.org\",\"@graph\":[{\"@type\":\"Article\",\"@id\":\"https:\\\/\\\/www.fcbarcelonanoticias.com\\\/en\\\/transfers\\\/neymar-suarez-and-coutinho-together-after-the-uruguay-brazil_198262_102.html#article\",\"isPartOf\":{\"@id\":\"https:\\\/\\\/www.fcbarcelonanoticias.com\\\/en\\\/transfers\\\/neymar-suarez-and-coutinho-together-after-the-uruguay-brazil_198262_102.html\"},\"author\":{\"name\":\"Carlos Dom\u00ednguez\",\"@id\":\"https:\\\/\\\/www.fcbarcelonanoticias.com\\\/en\\\/#\\\/schema\\\/person\\\/888e29b17b79c70d1c617d8a7bc9b8c6\"},\"headline\":\"Neymar, Su\u00e1rez and Coutinho, together after the Uruguay-Brazil\",\"datePublished\":\"2017-03-24T10:26:00+00:00\",\"dateModified\":\"2026-04-16T07:42:54+00:00\",\"mainEntityOfPage\":{\"@id\":\"https:\\\/\\\/www.fcbarcelonanoticias.com\\\/en\\\/transfers\\\/neymar-suarez-and-coutinho-together-after-the-uruguay-brazil_198262_102.html\"},\"wordCount\":352,\"image\":{\"@id\":\"https:\\\/\\\/www.fcbarcelonanoticias.com\\\/en\\\/transfers\\\/neymar-suarez-and-coutinho-together-after-the-uruguay-brazil_198262_102.html#primaryimage\"},\"thumbnailUrl\":\"https:\\\/\\\/www.fcbarcelonanoticias.com\\\/en\\\/wp-content\\\/uploads\\\/sites\\\/2\\\/2017\\\/03\\\/neymar-suarez-coutinho-213693.jpeg\",\"keywords\":[\"Luis Su\u00e1rez\",\"Neymar Jr\"],\"articleSection\":[\"Transfers\",\"Transfers\"],\"inLanguage\":\"en-US\"},{\"@type\":\"WebPage\",\"@id\":\"https:\\\/\\\/www.fcbarcelonanoticias.com\\\/en\\\/transfers\\\/neymar-suarez-and-coutinho-together-after-the-uruguay-brazil_198262_102.html\",\"url\":\"https:\\\/\\\/www.fcbarcelonanoticias.com\\\/en\\\/transfers\\\/neymar-suarez-and-coutinho-together-after-the-uruguay-brazil_198262_102.html\",\"name\":\"Neymar, Su\u00e1rez and Coutinho, together after the Uruguay-Brazil\",\"isPartOf\":{\"@id\":\"https:\\\/\\\/www.fcbarcelonanoticias.com\\\/en\\\/#website\"},\"primaryImageOfPage\":{\"@id\":\"https:\\\/\\\/www.fcbarcelonanoticias.com\\\/en\\\/transfers\\\/neymar-suarez-and-coutinho-together-after-the-uruguay-brazil_198262_102.html#primaryimage\"},\"image\":{\"@id\":\"https:\\\/\\\/www.fcbarcelonanoticias.com\\\/en\\\/transfers\\\/neymar-suarez-and-coutinho-together-after-the-uruguay-brazil_198262_102.html#primaryimage\"},\"thumbnailUrl\":\"https:\\\/\\\/www.fcbarcelonanoticias.com\\\/en\\\/wp-content\\\/uploads\\\/sites\\\/2\\\/2017\\\/03\\\/neymar-suarez-coutinho-213693.jpeg\",\"datePublished\":\"2017-03-24T10:26:00+00:00\",\"dateModified\":\"2026-04-16T07:42:54+00:00\",\"author\":{\"@id\":\"https:\\\/\\\/www.fcbarcelonanoticias.com\\\/en\\\/#\\\/schema\\\/person\\\/888e29b17b79c70d1c617d8a7bc9b8c6\"},\"description\":\"Neymar Jr, Luis Su\u00e1rez and Philippe Coutinho were photographed together in the installations of the stadium where played Uruguay and Brazil, just...\",\"breadcrumb\":{\"@id\":\"https:\\\/\\\/www.fcbarcelonanoticias.com\\\/en\\\/transfers\\\/neymar-suarez-and-coutinho-together-after-the-uruguay-brazil_198262_102.html#breadcrumb\"},\"inLanguage\":\"en-US\",\"potentialAction\":[{\"@type\":\"ReadAction\",\"target\":[\"https:\\\/\\\/www.fcbarcelonanoticias.com\\\/en\\\/transfers\\\/neymar-suarez-and-coutinho-together-after-the-uruguay-brazil_198262_102.html\"]}]},{\"@type\":\"ImageObject\",\"inLanguage\":\"en-US\",\"@id\":\"https:\\\/\\\/www.fcbarcelonanoticias.com\\\/en\\\/transfers\\\/neymar-suarez-and-coutinho-together-after-the-uruguay-brazil_198262_102.html#primaryimage\",\"url\":\"https:\\\/\\\/www.fcbarcelonanoticias.com\\\/en\\\/wp-content\\\/uploads\\\/sites\\\/2\\\/2017\\\/03\\\/neymar-suarez-coutinho-213693.jpeg\",\"contentUrl\":\"https:\\\/\\\/www.fcbarcelonanoticias.com\\\/en\\\/wp-content\\\/uploads\\\/sites\\\/2\\\/2017\\\/03\\\/neymar-suarez-coutinho-213693.jpeg\",\"width\":761,\"height\":428},{\"@type\":\"BreadcrumbList\",\"@id\":\"https:\\\/\\\/www.fcbarcelonanoticias.com\\\/en\\\/transfers\\\/neymar-suarez-and-coutinho-together-after-the-uruguay-brazil_198262_102.html#breadcrumb\",\"itemListElement\":[{\"@type\":\"ListItem\",\"position\":1,\"name\":\"Portada\",\"item\":\"https:\\\/\\\/www.fcbarcelonanoticias.com\\\/en\\\/\"},{\"@type\":\"ListItem\",\"position\":2,\"name\":\"Neymar, Su\u00e1rez and Coutinho, together after the Uruguay-Brazil\"}]},{\"@type\":\"WebSite\",\"@id\":\"https:\\\/\\\/www.fcbarcelonanoticias.com\\\/en\\\/#website\",\"url\":\"https:\\\/\\\/www.fcbarcelonanoticias.com\\\/en\\\/\",\"name\":\"EN - FC Barcelona Noticias\",\"description\":\"\",\"potentialAction\":[{\"@type\":\"SearchAction\",\"target\":{\"@type\":\"EntryPoint\",\"urlTemplate\":\"https:\\\/\\\/www.fcbarcelonanoticias.com\\\/en\\\/?s={search_term_string}\"},\"query-input\":{\"@type\":\"PropertyValueSpecification\",\"valueRequired\":true,\"valueName\":\"search_term_string\"}}],\"inLanguage\":\"en-US\"},{\"@type\":\"Person\",\"@id\":\"https:\\\/\\\/www.fcbarcelonanoticias.com\\\/en\\\/#\\\/schema\\\/person\\\/888e29b17b79c70d1c617d8a7bc9b8c6\",\"name\":\"Carlos Dom\u00ednguez\",\"image\":{\"@type\":\"ImageObject\",\"inLanguage\":\"en-US\",\"@id\":\"https:\\\/\\\/secure.gravatar.com\\\/avatar\\\/?s=96&d=mm&r=g\",\"url\":\"https:\\\/\\\/secure.gravatar.com\\\/avatar\\\/?s=96&d=mm&r=g\",\"contentUrl\":\"https:\\\/\\\/secure.gravatar.com\\\/avatar\\\/?s=96&d=mm&r=g\",\"caption\":\"Carlos Dom\u00ednguez\"},\"url\":\"https:\\\/\\\/www.fcbarcelonanoticias.com\\\/en\\\/carlos-dominguez_2_115.html\"}]}<\/script>\n<!-- \/ Yoast SEO plugin. -->","yoast_head_json":{"title":"Neymar, Su\u00e1rez and Coutinho, together after the Uruguay-Brazil","description":"Neymar Jr, Luis Su\u00e1rez and Philippe Coutinho were photographed together in the installations of the stadium where played Uruguay and Brazil, just...","robots":{"index":"index","follow":"follow","max-snippet":"max-snippet:-1","max-image-preview":"max-image-preview:large","max-video-preview":"max-video-preview:-1"},"canonical":"https:\/\/www.fcbarcelonanoticias.com\/en\/transfers\/neymar-suarez-and-coutinho-together-after-the-uruguay-brazil_198262_102.html","og_locale":"en_US","og_type":"article","og_title":"Neymar, Su\u00e1rez and Coutinho, together after the Uruguay-Brazil","og_description":"Neymar Jr, Luis Su\u00e1rez and Philippe Coutinho were photographed together in the installations of the stadium where played Uruguay and Brazil, just...","og_url":"https:\/\/www.fcbarcelonanoticias.com\/en\/transfers\/neymar-suarez-and-coutinho-together-after-the-uruguay-brazil_198262_102.html","og_site_name":"EN - FC Barcelona Noticias","article_published_time":"2017-03-24T10:26:00+00:00","article_modified_time":"2026-04-16T07:42:54+00:00","og_image":[{"width":761,"height":428,"url":"https:\/\/www.fcbarcelonanoticias.com\/en\/wp-content\/uploads\/sites\/2\/2017\/03\/neymar-suarez-coutinho-213693.jpeg","type":"image\/jpeg"}],"author":"Carlos Dom\u00ednguez","twitter_card":"summary_large_image","twitter_misc":{"Written by":"Carlos Dom\u00ednguez","Est. reading time":"2 minutes"},"schema":{"@context":"https:\/\/schema.org","@graph":[{"@type":"Article","@id":"https:\/\/www.fcbarcelonanoticias.com\/en\/transfers\/neymar-suarez-and-coutinho-together-after-the-uruguay-brazil_198262_102.html#article","isPartOf":{"@id":"https:\/\/www.fcbarcelonanoticias.com\/en\/transfers\/neymar-suarez-and-coutinho-together-after-the-uruguay-brazil_198262_102.html"},"author":{"name":"Carlos Dom\u00ednguez","@id":"https:\/\/www.fcbarcelonanoticias.com\/en\/#\/schema\/person\/888e29b17b79c70d1c617d8a7bc9b8c6"},"headline":"Neymar, Su\u00e1rez and Coutinho, together after the Uruguay-Brazil","datePublished":"2017-03-24T10:26:00+00:00","dateModified":"2026-04-16T07:42:54+00:00","mainEntityOfPage":{"@id":"https:\/\/www.fcbarcelonanoticias.com\/en\/transfers\/neymar-suarez-and-coutinho-together-after-the-uruguay-brazil_198262_102.html"},"wordCount":352,"image":{"@id":"https:\/\/www.fcbarcelonanoticias.com\/en\/transfers\/neymar-suarez-and-coutinho-together-after-the-uruguay-brazil_198262_102.html#primaryimage"},"thumbnailUrl":"https:\/\/www.fcbarcelonanoticias.com\/en\/wp-content\/uploads\/sites\/2\/2017\/03\/neymar-suarez-coutinho-213693.jpeg","keywords":["Luis Su\u00e1rez","Neymar Jr"],"articleSection":["Transfers","Transfers"],"inLanguage":"en-US"},{"@type":"WebPage","@id":"https:\/\/www.fcbarcelonanoticias.com\/en\/transfers\/neymar-suarez-and-coutinho-together-after-the-uruguay-brazil_198262_102.html","url":"https:\/\/www.fcbarcelonanoticias.com\/en\/transfers\/neymar-suarez-and-coutinho-together-after-the-uruguay-brazil_198262_102.html","name":"Neymar, Su\u00e1rez and Coutinho, together after the Uruguay-Brazil","isPartOf":{"@id":"https:\/\/www.fcbarcelonanoticias.com\/en\/#website"},"primaryImageOfPage":{"@id":"https:\/\/www.fcbarcelonanoticias.com\/en\/transfers\/neymar-suarez-and-coutinho-together-after-the-uruguay-brazil_198262_102.html#primaryimage"},"image":{"@id":"https:\/\/www.fcbarcelonanoticias.com\/en\/transfers\/neymar-suarez-and-coutinho-together-after-the-uruguay-brazil_198262_102.html#primaryimage"},"thumbnailUrl":"https:\/\/www.fcbarcelonanoticias.com\/en\/wp-content\/uploads\/sites\/2\/2017\/03\/neymar-suarez-coutinho-213693.jpeg","datePublished":"2017-03-24T10:26:00+00:00","dateModified":"2026-04-16T07:42:54+00:00","author":{"@id":"https:\/\/www.fcbarcelonanoticias.com\/en\/#\/schema\/person\/888e29b17b79c70d1c617d8a7bc9b8c6"},"description":"Neymar Jr, Luis Su\u00e1rez and Philippe Coutinho were photographed together in the installations of the stadium where played Uruguay and Brazil, just...","breadcrumb":{"@id":"https:\/\/www.fcbarcelonanoticias.com\/en\/transfers\/neymar-suarez-and-coutinho-together-after-the-uruguay-brazil_198262_102.html#breadcrumb"},"inLanguage":"en-US","potentialAction":[{"@type":"ReadAction","target":["https:\/\/www.fcbarcelonanoticias.com\/en\/transfers\/neymar-suarez-and-coutinho-together-after-the-uruguay-brazil_198262_102.html"]}]},{"@type":"ImageObject","inLanguage":"en-US","@id":"https:\/\/www.fcbarcelonanoticias.com\/en\/transfers\/neymar-suarez-and-coutinho-together-after-the-uruguay-brazil_198262_102.html#primaryimage","url":"https:\/\/www.fcbarcelonanoticias.com\/en\/wp-content\/uploads\/sites\/2\/2017\/03\/neymar-suarez-coutinho-213693.jpeg","contentUrl":"https:\/\/www.fcbarcelonanoticias.com\/en\/wp-content\/uploads\/sites\/2\/2017\/03\/neymar-suarez-coutinho-213693.jpeg","width":761,"height":428},{"@type":"BreadcrumbList","@id":"https:\/\/www.fcbarcelonanoticias.com\/en\/transfers\/neymar-suarez-and-coutinho-together-after-the-uruguay-brazil_198262_102.html#breadcrumb","itemListElement":[{"@type":"ListItem","position":1,"name":"Portada","item":"https:\/\/www.fcbarcelonanoticias.com\/en\/"},{"@type":"ListItem","position":2,"name":"Neymar, Su\u00e1rez and Coutinho, together after the Uruguay-Brazil"}]},{"@type":"WebSite","@id":"https:\/\/www.fcbarcelonanoticias.com\/en\/#website","url":"https:\/\/www.fcbarcelonanoticias.com\/en\/","name":"EN - FC Barcelona Noticias","description":"","potentialAction":[{"@type":"SearchAction","target":{"@type":"EntryPoint","urlTemplate":"https:\/\/www.fcbarcelonanoticias.com\/en\/?s={search_term_string}"},"query-input":{"@type":"PropertyValueSpecification","valueRequired":true,"valueName":"search_term_string"}}],"inLanguage":"en-US"},{"@type":"Person","@id":"https:\/\/www.fcbarcelonanoticias.com\/en\/#\/schema\/person\/888e29b17b79c70d1c617d8a7bc9b8c6","name":"Carlos Dom\u00ednguez","image":{"@type":"ImageObject","inLanguage":"en-US","@id":"https:\/\/secure.gravatar.com\/avatar\/?s=96&d=mm&r=g","url":"https:\/\/secure.gravatar.com\/avatar\/?s=96&d=mm&r=g","contentUrl":"https:\/\/secure.gravatar.com\/avatar\/?s=96&d=mm&r=g","caption":"Carlos Dom\u00ednguez"},"url":"https:\/\/www.fcbarcelonanoticias.com\/en\/carlos-dominguez_2_115.html"}]}},"_links":{"self":[{"href":"https:\/\/www.fcbarcelonanoticias.com\/en\/wp-json\/wp\/v2\/posts\/95805","targetHints":{"allow":["GET"]}}],"collection":[{"href":"https:\/\/www.fcbarcelonanoticias.com\/en\/wp-json\/wp\/v2\/posts"}],"about":[{"href":"https:\/\/www.fcbarcelonanoticias.com\/en\/wp-json\/wp\/v2\/types\/post"}],"author":[{"embeddable":true,"href":"https:\/\/www.fcbarcelonanoticias.com\/en\/wp-json\/wp\/v2\/users\/366"}],"replies":[{"embeddable":true,"href":"https:\/\/www.fcbarcelonanoticias.com\/en\/wp-json\/wp\/v2\/comments?post=95805"}],"version-history":[{"count":3,"href":"https:\/\/www.fcbarcelonanoticias.com\/en\/wp-json\/wp\/v2\/posts\/95805\/revisions"}],"predecessor-version":[{"id":178975,"href":"https:\/\/www.fcbarcelonanoticias.com\/en\/wp-json\/wp\/v2\/posts\/95805\/revisions\/178975"}],"wp:featuredmedia":[{"embeddable":true,"href":"https:\/\/www.fcbarcelonanoticias.com\/en\/wp-json\/wp\/v2\/media\/95818"}],"wp:attachment":[{"href":"https:\/\/www.fcbarcelonanoticias.com\/en\/wp-json\/wp\/v2\/media?parent=95805"}],"wp:term":[{"taxonomy":"category","embeddable":true,"href":"https:\/\/www.fcbarcelonanoticias.com\/en\/wp-json\/wp\/v2\/categories?post=95805"},{"taxonomy":"post_tag","embeddable":true,"href":"https:\/\/www.fcbarcelonanoticias.com\/en\/wp-json\/wp\/v2\/tags?post=95805"}],"curies":[{"name":"wp","href":"https:\/\/api.w.org\/{rel}","templated":true}]}}