{"id":95825,"date":"2025-03-23T20:08:00","date_gmt":"2025-03-23T19:08:00","guid":{"rendered":"https:\/\/weisetech.dev\/fc-barcelona-noticias\/en\/fc-barcelona-real-madrid-the-battle-for-dean-huijsen-is-on_311687_102\/"},"modified":"2025-03-23T20:08:00","modified_gmt":"2025-03-23T19:08:00","slug":"fc-barcelona-real-madrid-the-battle-for-dean-huijsen-is-on_311687_102","status":"publish","type":"post","link":"https:\/\/www.fcbarcelonanoticias.com\/en\/transfers\/fc-barcelona-real-madrid-the-battle-for-dean-huijsen-is-on_311687_102.html","title":{"rendered":"FC Barcelona &#8211; Real Madrid: the battle for Dean Huijsen is on"},"content":{"rendered":"<h2 class=\"wp-block-heading\">Bar\u00e7a and Madrid are hunting for Dean Huijsen: who will take the jewel?<\/h2>  \r\n<div class=\"article-addons\">\r\n    <a href=\"https:\/\/www.fcbarcelonanoticias.com\/en\/calendar-fc-barcelona.html\"\r\n       target=\"_self\"\r\n       title=\"Calendar of FC Barcelona\"\r\n       class=\"blue-gredient-btn\">\r\n       \r\n        Calendar of FC Barcelona    <\/a>\r\n<\/div>   <p><strong>Dean Huijsen<\/strong> is set to be one of the major attractions of the upcoming summer transfer market. The 19-year-old center-back has established himself as one of the great sensations of the <strong>Premier League<\/strong> with <strong>Bournemouth<\/strong>, where he has become an &#8216;untouchable&#8217; for <strong>Andoni Iraola<\/strong> and is gaining more and more authority in the heart of the defense, aiming to become one of the best in his position despite his young age.<\/p>  <p><strong>Born in Amsterdam but naturalized Spanish,<\/strong> the defender has already debuted with Spain&#8217;s senior team, taking over from <a data-external=\"0\" data-intl-links-en=\"https:\/\/www.fcbarcelonanoticias.com\/en\/fc-barcelona\/how-long-will-pau-cubarsi-be-out-details-of-his-injury_311653_102.html\" data-intl-links-es=\"https:\/\/www.fcbarcelonanoticias.com\/fc-barcelona\/parte-medico-cubarsi-central-podria-jugar-barca-osasuna_311653_102.html\" href=\"https:\/\/www.fcbarcelonanoticias.com\/en\/fc-barcelona\/how-long-will-pau-cubarsi-be-out-details-of-his-injury_311653_102.html\" rel=\"follow\" target=\"_self\" title=\"Medical report on Cubars\u00ed: the center-back could play in Bar\u00e7a-Osasuna\">Pau Cubars\u00ed after the ankle injury suffered by the La Masia youth player<\/a> in the match against the Netherlands. The defender left a very good impression with La Roja and has been well received in the national team environment, so all indications are that he will be a regular in <strong>Luis de la Fuente<\/strong>&#8216;s call-ups from now on.<\/p>  <p>His attributes (he is 1.97m tall, is ambidextrous, and stands out for his good footwork) and his outstanding performance both at the club and national level make him a true &#8216;gem&#8217; ahead of the transfer window. In fact, several of the top clubs on the continent are already closely monitoring him, with <strong>FC Barcelona<\/strong> and <strong>Real Madrid<\/strong> being two of the most interested in signing him.<\/p>  <h2>Bar\u00e7a is on alert and Madrid is already making moves<\/h2>  <p>According to &#8216;SPORT&#8217;, the offices at Santiago Bernab\u00e9u <strong>have already begun moves to secure Huijsen&#8217;s services<\/strong>, in an attempt to Spanishize the team. Meanwhile, the Blaugrana are very attentive to his situation, but in addition to having other priorities this summer, <a data-external=\"0\" data-intl-links-en=\"https:\/\/www.fcbarcelonanoticias.com\/en\/transfers\/liverpool-interferes-in-the-signing-of-jonathan-tah-and-complicates-barca_311672_102.html\" data-intl-links-es=\"https:\/\/www.fcbarcelonanoticias.com\/fichajes\/liverpool-se-entromete-en-fichaje-jonathan-tah-complica-barca_311672_102.html\" href=\"https:\/\/www.fcbarcelonanoticias.com\/en\/transfers\/liverpool-interferes-in-the-signing-of-jonathan-tah-and-complicates-barca_311672_102.html\" rel=\"follow\" target=\"_self\" title=\"Liverpool interferes in the signing of Jonathan Tah and complicates Bar\u00e7a\">they would prefer to bet on a more established defender like Jonathan Tah<\/a>, who, among other things, would join the squad at no cost.<\/p>  <p>The <strong>Bournemouth<\/strong>, for its part, will ask for a fee ranging between <strong>45 and 55 million euros<\/strong> for <strong>Huijsen<\/strong>, whose contract expires in 2030 and whose buyout clause is valued at 50 &#8216;kilos&#8217;. A price that, at first glance, seems high, but considering the present and, above all, the projection of the player, could make him a &#8216;bargain&#8217;.<\/p>  <p>In England, they are aware of this, so clubs like <strong>Liverpool<\/strong> and <strong>Tottenham<\/strong> are also closely monitoring him. The player is a familiar face for Bar\u00e7a, who in 2021 engaged in a bidding war with <strong>Madrid<\/strong> to sign him when he was playing for <strong>M\u00e1laga<\/strong>, although he ultimately decided to join <strong>Juventus<\/strong>. Now, four years later, they could return to pursue his signing, hoping to convince him with the ambitious winning project, filled with young stars, that is being built under <strong>Hansi Flick<\/strong>.<\/p> ","protected":false},"excerpt":{"rendered":"<p>Bar\u00e7a and Madrid are hunting for Dean Huijsen: who will take the jewel? Dean Huijsen is set to be one of the major attractions of the upcoming summer transfer market. The 19-year-old center-back has established himself as one of the great sensations of the Premier League with Bournemouth, where he has become an &#8216;untouchable&#8217; for [&hellip;]<\/p>\n","protected":false},"author":358,"featured_media":95837,"comment_status":"closed","ping_status":"open","sticky":false,"template":"","format":"standard","meta":{"_acf_changed":false,"inline_featured_image":false,"_nextfly_llmd_date_locked":false,"footnotes":""},"categories":[106,449],"tags":[413],"class_list":["post-95825","post","type-post","status-publish","format-standard","has-post-thumbnail","hentry","category-transfers","category-transfers-2","tag-jonathan-tah"],"acf":[],"yoast_head":"<!-- This site is optimized with the Yoast SEO plugin v27.3 - https:\/\/yoast.com\/product\/yoast-seo-wordpress\/ -->\n<title>FC Barcelona - Real Madrid: the battle for Dean Huijsen is on<\/title>\n<meta name=\"description\" content=\"Bar\u00e7a and Real Madrid are on the trail of Dean Huijsen. The whites are reportedly moving to secure his signing, while the cul\u00e9s have other...\" \/>\n<meta name=\"robots\" content=\"index, follow, max-snippet:-1, max-image-preview:large, max-video-preview:-1\" \/>\n<link rel=\"canonical\" href=\"https:\/\/www.fcbarcelonanoticias.com\/en\/transfers\/fc-barcelona-real-madrid-the-battle-for-dean-huijsen-is-on_311687_102.html\" \/>\n<meta property=\"og:locale\" content=\"en_US\" \/>\n<meta property=\"og:type\" content=\"article\" \/>\n<meta property=\"og:title\" content=\"FC Barcelona - Real Madrid: the battle for Dean Huijsen is on\" \/>\n<meta property=\"og:description\" content=\"Bar\u00e7a and Real Madrid are on the trail of Dean Huijsen. The whites are reportedly moving to secure his signing, while the cul\u00e9s have other...\" \/>\n<meta property=\"og:url\" content=\"https:\/\/www.fcbarcelonanoticias.com\/en\/transfers\/fc-barcelona-real-madrid-the-battle-for-dean-huijsen-is-on_311687_102.html\" \/>\n<meta property=\"og:site_name\" content=\"EN - FC Barcelona Noticias\" \/>\n<meta property=\"article:published_time\" content=\"2025-03-23T19:08:00+00:00\" \/>\n<meta property=\"og:image\" content=\"https:\/\/www.fcbarcelonanoticias.com\/en\/wp-content\/uploads\/sites\/2\/2025\/03\/netherlands-v-spain-uefa-nations-league-quarterfinal-leg-one-1.webp\" \/>\n\t<meta property=\"og:image:width\" content=\"1200\" \/>\n\t<meta property=\"og:image:height\" content=\"675\" \/>\n\t<meta property=\"og:image:type\" content=\"image\/webp\" \/>\n<meta name=\"author\" content=\"Juan Pablo Berdugo\" \/>\n<meta name=\"twitter:card\" content=\"summary_large_image\" \/>\n<meta name=\"twitter:label1\" content=\"Written by\" \/>\n\t<meta name=\"twitter:data1\" content=\"Juan Pablo Berdugo\" \/>\n\t<meta name=\"twitter:label2\" content=\"Est. reading time\" \/>\n\t<meta name=\"twitter:data2\" content=\"2 minutes\" \/>\n<script type=\"application\/ld+json\" class=\"yoast-schema-graph\">{\"@context\":\"https:\\\/\\\/schema.org\",\"@graph\":[{\"@type\":\"Article\",\"@id\":\"https:\\\/\\\/www.fcbarcelonanoticias.com\\\/en\\\/transfers\\\/fc-barcelona-real-madrid-the-battle-for-dean-huijsen-is-on_311687_102.html#article\",\"isPartOf\":{\"@id\":\"https:\\\/\\\/www.fcbarcelonanoticias.com\\\/en\\\/transfers\\\/fc-barcelona-real-madrid-the-battle-for-dean-huijsen-is-on_311687_102.html\"},\"author\":{\"name\":\"Juan Pablo Berdugo\",\"@id\":\"https:\\\/\\\/www.fcbarcelonanoticias.com\\\/en\\\/#\\\/schema\\\/person\\\/88d756918a0a1ae9fa593b5edddd1815\"},\"headline\":\"FC Barcelona &#8211; Real Madrid: the battle for Dean Huijsen is on\",\"datePublished\":\"2025-03-23T19:08:00+00:00\",\"mainEntityOfPage\":{\"@id\":\"https:\\\/\\\/www.fcbarcelonanoticias.com\\\/en\\\/transfers\\\/fc-barcelona-real-madrid-the-battle-for-dean-huijsen-is-on_311687_102.html\"},\"wordCount\":457,\"image\":{\"@id\":\"https:\\\/\\\/www.fcbarcelonanoticias.com\\\/en\\\/transfers\\\/fc-barcelona-real-madrid-the-battle-for-dean-huijsen-is-on_311687_102.html#primaryimage\"},\"thumbnailUrl\":\"https:\\\/\\\/www.fcbarcelonanoticias.com\\\/en\\\/wp-content\\\/uploads\\\/sites\\\/2\\\/2025\\\/03\\\/netherlands-v-spain-uefa-nations-league-quarterfinal-leg-one-1.webp\",\"keywords\":[\"Jonathan Tah\"],\"articleSection\":[\"Transfers\",\"Transfers\"],\"inLanguage\":\"en-US\"},{\"@type\":\"WebPage\",\"@id\":\"https:\\\/\\\/www.fcbarcelonanoticias.com\\\/en\\\/transfers\\\/fc-barcelona-real-madrid-the-battle-for-dean-huijsen-is-on_311687_102.html\",\"url\":\"https:\\\/\\\/www.fcbarcelonanoticias.com\\\/en\\\/transfers\\\/fc-barcelona-real-madrid-the-battle-for-dean-huijsen-is-on_311687_102.html\",\"name\":\"FC Barcelona - Real Madrid: the battle for Dean Huijsen is on\",\"isPartOf\":{\"@id\":\"https:\\\/\\\/www.fcbarcelonanoticias.com\\\/en\\\/#website\"},\"primaryImageOfPage\":{\"@id\":\"https:\\\/\\\/www.fcbarcelonanoticias.com\\\/en\\\/transfers\\\/fc-barcelona-real-madrid-the-battle-for-dean-huijsen-is-on_311687_102.html#primaryimage\"},\"image\":{\"@id\":\"https:\\\/\\\/www.fcbarcelonanoticias.com\\\/en\\\/transfers\\\/fc-barcelona-real-madrid-the-battle-for-dean-huijsen-is-on_311687_102.html#primaryimage\"},\"thumbnailUrl\":\"https:\\\/\\\/www.fcbarcelonanoticias.com\\\/en\\\/wp-content\\\/uploads\\\/sites\\\/2\\\/2025\\\/03\\\/netherlands-v-spain-uefa-nations-league-quarterfinal-leg-one-1.webp\",\"datePublished\":\"2025-03-23T19:08:00+00:00\",\"author\":{\"@id\":\"https:\\\/\\\/www.fcbarcelonanoticias.com\\\/en\\\/#\\\/schema\\\/person\\\/88d756918a0a1ae9fa593b5edddd1815\"},\"description\":\"Bar\u00e7a and Real Madrid are on the trail of Dean Huijsen. The whites are reportedly moving to secure his signing, while the cul\u00e9s have other...\",\"breadcrumb\":{\"@id\":\"https:\\\/\\\/www.fcbarcelonanoticias.com\\\/en\\\/transfers\\\/fc-barcelona-real-madrid-the-battle-for-dean-huijsen-is-on_311687_102.html#breadcrumb\"},\"inLanguage\":\"en-US\",\"potentialAction\":[{\"@type\":\"ReadAction\",\"target\":[\"https:\\\/\\\/www.fcbarcelonanoticias.com\\\/en\\\/transfers\\\/fc-barcelona-real-madrid-the-battle-for-dean-huijsen-is-on_311687_102.html\"]}]},{\"@type\":\"ImageObject\",\"inLanguage\":\"en-US\",\"@id\":\"https:\\\/\\\/www.fcbarcelonanoticias.com\\\/en\\\/transfers\\\/fc-barcelona-real-madrid-the-battle-for-dean-huijsen-is-on_311687_102.html#primaryimage\",\"url\":\"https:\\\/\\\/www.fcbarcelonanoticias.com\\\/en\\\/wp-content\\\/uploads\\\/sites\\\/2\\\/2025\\\/03\\\/netherlands-v-spain-uefa-nations-league-quarterfinal-leg-one-1.webp\",\"contentUrl\":\"https:\\\/\\\/www.fcbarcelonanoticias.com\\\/en\\\/wp-content\\\/uploads\\\/sites\\\/2\\\/2025\\\/03\\\/netherlands-v-spain-uefa-nations-league-quarterfinal-leg-one-1.webp\",\"width\":1200,\"height\":675},{\"@type\":\"BreadcrumbList\",\"@id\":\"https:\\\/\\\/www.fcbarcelonanoticias.com\\\/en\\\/transfers\\\/fc-barcelona-real-madrid-the-battle-for-dean-huijsen-is-on_311687_102.html#breadcrumb\",\"itemListElement\":[{\"@type\":\"ListItem\",\"position\":1,\"name\":\"Portada\",\"item\":\"https:\\\/\\\/www.fcbarcelonanoticias.com\\\/en\\\/\"},{\"@type\":\"ListItem\",\"position\":2,\"name\":\"FC Barcelona &#8211; Real Madrid: the battle for Dean Huijsen is on\"}]},{\"@type\":\"WebSite\",\"@id\":\"https:\\\/\\\/www.fcbarcelonanoticias.com\\\/en\\\/#website\",\"url\":\"https:\\\/\\\/www.fcbarcelonanoticias.com\\\/en\\\/\",\"name\":\"EN - FC Barcelona Noticias\",\"description\":\"\",\"potentialAction\":[{\"@type\":\"SearchAction\",\"target\":{\"@type\":\"EntryPoint\",\"urlTemplate\":\"https:\\\/\\\/www.fcbarcelonanoticias.com\\\/en\\\/?s={search_term_string}\"},\"query-input\":{\"@type\":\"PropertyValueSpecification\",\"valueRequired\":true,\"valueName\":\"search_term_string\"}}],\"inLanguage\":\"en-US\"},{\"@type\":\"Person\",\"@id\":\"https:\\\/\\\/www.fcbarcelonanoticias.com\\\/en\\\/#\\\/schema\\\/person\\\/88d756918a0a1ae9fa593b5edddd1815\",\"name\":\"Juan Pablo Berdugo\",\"image\":{\"@type\":\"ImageObject\",\"inLanguage\":\"en-US\",\"@id\":\"https:\\\/\\\/secure.gravatar.com\\\/avatar\\\/?s=96&d=mm&r=g\",\"url\":\"https:\\\/\\\/secure.gravatar.com\\\/avatar\\\/?s=96&d=mm&r=g\",\"contentUrl\":\"https:\\\/\\\/secure.gravatar.com\\\/avatar\\\/?s=96&d=mm&r=g\",\"caption\":\"Juan Pablo Berdugo\"},\"description\":\"Juan Pablo Berdugo es graduado en Periodismo. Colabora con FCBN como especialista en informaci\u00f3n del primer equipo del FC Barcelona, f\u00fatbol internacional y mercado de fichajes. Destaca por su enfoque anal\u00edtico, su rigor informativo y su capacidad para detectar tendencias emergentes en el f\u00fatbol global.\",\"url\":\"https:\\\/\\\/www.fcbarcelonanoticias.com\\\/en\\\/fc-barcelona\\\/juan-pablo-berdugo_18_115.html\"}]}<\/script>\n<!-- \/ Yoast SEO plugin. -->","yoast_head_json":{"title":"FC Barcelona - Real Madrid: the battle for Dean Huijsen is on","description":"Bar\u00e7a and Real Madrid are on the trail of Dean Huijsen. The whites are reportedly moving to secure his signing, while the cul\u00e9s have other...","robots":{"index":"index","follow":"follow","max-snippet":"max-snippet:-1","max-image-preview":"max-image-preview:large","max-video-preview":"max-video-preview:-1"},"canonical":"https:\/\/www.fcbarcelonanoticias.com\/en\/transfers\/fc-barcelona-real-madrid-the-battle-for-dean-huijsen-is-on_311687_102.html","og_locale":"en_US","og_type":"article","og_title":"FC Barcelona - Real Madrid: the battle for Dean Huijsen is on","og_description":"Bar\u00e7a and Real Madrid are on the trail of Dean Huijsen. The whites are reportedly moving to secure his signing, while the cul\u00e9s have other...","og_url":"https:\/\/www.fcbarcelonanoticias.com\/en\/transfers\/fc-barcelona-real-madrid-the-battle-for-dean-huijsen-is-on_311687_102.html","og_site_name":"EN - FC Barcelona Noticias","article_published_time":"2025-03-23T19:08:00+00:00","og_image":[{"width":1200,"height":675,"url":"https:\/\/www.fcbarcelonanoticias.com\/en\/wp-content\/uploads\/sites\/2\/2025\/03\/netherlands-v-spain-uefa-nations-league-quarterfinal-leg-one-1.webp","type":"image\/webp"}],"author":"Juan Pablo Berdugo","twitter_card":"summary_large_image","twitter_misc":{"Written by":"Juan Pablo Berdugo","Est. reading time":"2 minutes"},"schema":{"@context":"https:\/\/schema.org","@graph":[{"@type":"Article","@id":"https:\/\/www.fcbarcelonanoticias.com\/en\/transfers\/fc-barcelona-real-madrid-the-battle-for-dean-huijsen-is-on_311687_102.html#article","isPartOf":{"@id":"https:\/\/www.fcbarcelonanoticias.com\/en\/transfers\/fc-barcelona-real-madrid-the-battle-for-dean-huijsen-is-on_311687_102.html"},"author":{"name":"Juan Pablo Berdugo","@id":"https:\/\/www.fcbarcelonanoticias.com\/en\/#\/schema\/person\/88d756918a0a1ae9fa593b5edddd1815"},"headline":"FC Barcelona &#8211; Real Madrid: the battle for Dean Huijsen is on","datePublished":"2025-03-23T19:08:00+00:00","mainEntityOfPage":{"@id":"https:\/\/www.fcbarcelonanoticias.com\/en\/transfers\/fc-barcelona-real-madrid-the-battle-for-dean-huijsen-is-on_311687_102.html"},"wordCount":457,"image":{"@id":"https:\/\/www.fcbarcelonanoticias.com\/en\/transfers\/fc-barcelona-real-madrid-the-battle-for-dean-huijsen-is-on_311687_102.html#primaryimage"},"thumbnailUrl":"https:\/\/www.fcbarcelonanoticias.com\/en\/wp-content\/uploads\/sites\/2\/2025\/03\/netherlands-v-spain-uefa-nations-league-quarterfinal-leg-one-1.webp","keywords":["Jonathan Tah"],"articleSection":["Transfers","Transfers"],"inLanguage":"en-US"},{"@type":"WebPage","@id":"https:\/\/www.fcbarcelonanoticias.com\/en\/transfers\/fc-barcelona-real-madrid-the-battle-for-dean-huijsen-is-on_311687_102.html","url":"https:\/\/www.fcbarcelonanoticias.com\/en\/transfers\/fc-barcelona-real-madrid-the-battle-for-dean-huijsen-is-on_311687_102.html","name":"FC Barcelona - Real Madrid: the battle for Dean Huijsen is on","isPartOf":{"@id":"https:\/\/www.fcbarcelonanoticias.com\/en\/#website"},"primaryImageOfPage":{"@id":"https:\/\/www.fcbarcelonanoticias.com\/en\/transfers\/fc-barcelona-real-madrid-the-battle-for-dean-huijsen-is-on_311687_102.html#primaryimage"},"image":{"@id":"https:\/\/www.fcbarcelonanoticias.com\/en\/transfers\/fc-barcelona-real-madrid-the-battle-for-dean-huijsen-is-on_311687_102.html#primaryimage"},"thumbnailUrl":"https:\/\/www.fcbarcelonanoticias.com\/en\/wp-content\/uploads\/sites\/2\/2025\/03\/netherlands-v-spain-uefa-nations-league-quarterfinal-leg-one-1.webp","datePublished":"2025-03-23T19:08:00+00:00","author":{"@id":"https:\/\/www.fcbarcelonanoticias.com\/en\/#\/schema\/person\/88d756918a0a1ae9fa593b5edddd1815"},"description":"Bar\u00e7a and Real Madrid are on the trail of Dean Huijsen. The whites are reportedly moving to secure his signing, while the cul\u00e9s have other...","breadcrumb":{"@id":"https:\/\/www.fcbarcelonanoticias.com\/en\/transfers\/fc-barcelona-real-madrid-the-battle-for-dean-huijsen-is-on_311687_102.html#breadcrumb"},"inLanguage":"en-US","potentialAction":[{"@type":"ReadAction","target":["https:\/\/www.fcbarcelonanoticias.com\/en\/transfers\/fc-barcelona-real-madrid-the-battle-for-dean-huijsen-is-on_311687_102.html"]}]},{"@type":"ImageObject","inLanguage":"en-US","@id":"https:\/\/www.fcbarcelonanoticias.com\/en\/transfers\/fc-barcelona-real-madrid-the-battle-for-dean-huijsen-is-on_311687_102.html#primaryimage","url":"https:\/\/www.fcbarcelonanoticias.com\/en\/wp-content\/uploads\/sites\/2\/2025\/03\/netherlands-v-spain-uefa-nations-league-quarterfinal-leg-one-1.webp","contentUrl":"https:\/\/www.fcbarcelonanoticias.com\/en\/wp-content\/uploads\/sites\/2\/2025\/03\/netherlands-v-spain-uefa-nations-league-quarterfinal-leg-one-1.webp","width":1200,"height":675},{"@type":"BreadcrumbList","@id":"https:\/\/www.fcbarcelonanoticias.com\/en\/transfers\/fc-barcelona-real-madrid-the-battle-for-dean-huijsen-is-on_311687_102.html#breadcrumb","itemListElement":[{"@type":"ListItem","position":1,"name":"Portada","item":"https:\/\/www.fcbarcelonanoticias.com\/en\/"},{"@type":"ListItem","position":2,"name":"FC Barcelona &#8211; Real Madrid: the battle for Dean Huijsen is on"}]},{"@type":"WebSite","@id":"https:\/\/www.fcbarcelonanoticias.com\/en\/#website","url":"https:\/\/www.fcbarcelonanoticias.com\/en\/","name":"EN - FC Barcelona Noticias","description":"","potentialAction":[{"@type":"SearchAction","target":{"@type":"EntryPoint","urlTemplate":"https:\/\/www.fcbarcelonanoticias.com\/en\/?s={search_term_string}"},"query-input":{"@type":"PropertyValueSpecification","valueRequired":true,"valueName":"search_term_string"}}],"inLanguage":"en-US"},{"@type":"Person","@id":"https:\/\/www.fcbarcelonanoticias.com\/en\/#\/schema\/person\/88d756918a0a1ae9fa593b5edddd1815","name":"Juan Pablo Berdugo","image":{"@type":"ImageObject","inLanguage":"en-US","@id":"https:\/\/secure.gravatar.com\/avatar\/?s=96&d=mm&r=g","url":"https:\/\/secure.gravatar.com\/avatar\/?s=96&d=mm&r=g","contentUrl":"https:\/\/secure.gravatar.com\/avatar\/?s=96&d=mm&r=g","caption":"Juan Pablo Berdugo"},"description":"Juan Pablo Berdugo es graduado en Periodismo. Colabora con FCBN como especialista en informaci\u00f3n del primer equipo del FC Barcelona, f\u00fatbol internacional y mercado de fichajes. Destaca por su enfoque anal\u00edtico, su rigor informativo y su capacidad para detectar tendencias emergentes en el f\u00fatbol global.","url":"https:\/\/www.fcbarcelonanoticias.com\/en\/fc-barcelona\/juan-pablo-berdugo_18_115.html"}]}},"_links":{"self":[{"href":"https:\/\/www.fcbarcelonanoticias.com\/en\/wp-json\/wp\/v2\/posts\/95825","targetHints":{"allow":["GET"]}}],"collection":[{"href":"https:\/\/www.fcbarcelonanoticias.com\/en\/wp-json\/wp\/v2\/posts"}],"about":[{"href":"https:\/\/www.fcbarcelonanoticias.com\/en\/wp-json\/wp\/v2\/types\/post"}],"author":[{"embeddable":true,"href":"https:\/\/www.fcbarcelonanoticias.com\/en\/wp-json\/wp\/v2\/users\/358"}],"replies":[{"embeddable":true,"href":"https:\/\/www.fcbarcelonanoticias.com\/en\/wp-json\/wp\/v2\/comments?post=95825"}],"version-history":[{"count":1,"href":"https:\/\/www.fcbarcelonanoticias.com\/en\/wp-json\/wp\/v2\/posts\/95825\/revisions"}],"predecessor-version":[{"id":127147,"href":"https:\/\/www.fcbarcelonanoticias.com\/en\/wp-json\/wp\/v2\/posts\/95825\/revisions\/127147"}],"wp:featuredmedia":[{"embeddable":true,"href":"https:\/\/www.fcbarcelonanoticias.com\/en\/wp-json\/wp\/v2\/media\/95837"}],"wp:attachment":[{"href":"https:\/\/www.fcbarcelonanoticias.com\/en\/wp-json\/wp\/v2\/media?parent=95825"}],"wp:term":[{"taxonomy":"category","embeddable":true,"href":"https:\/\/www.fcbarcelonanoticias.com\/en\/wp-json\/wp\/v2\/categories?post=95825"},{"taxonomy":"post_tag","embeddable":true,"href":"https:\/\/www.fcbarcelonanoticias.com\/en\/wp-json\/wp\/v2\/tags?post=95825"}],"curies":[{"name":"wp","href":"https:\/\/api.w.org\/{rel}","templated":true}]}}