{"id":95831,"date":"2025-11-04T21:37:00","date_gmt":"2025-11-04T20:37:00","guid":{"rendered":"https:\/\/weisetech.dev\/fc-barcelona-noticias\/en\/lewandowski-opens-up-about-his-future-and-role-at-barcelona_315197_102\/"},"modified":"2025-11-04T21:37:00","modified_gmt":"2025-11-04T20:37:00","slug":"lewandowski-opens-up-about-his-future-and-role-at-barcelona_315197_102","status":"publish","type":"post","link":"https:\/\/www.fcbarcelonanoticias.com\/en\/transfers\/lewandowski-opens-up-about-his-future-and-role-at-barcelona_315197_102.html","title":{"rendered":"Lewandowski &#8216;forgets&#8217; about his renewal with Bar\u00e7a and focuses on the physical issue"},"content":{"rendered":"<h2 class=\"wp-block-heading\">Robert Lewandowski spoke about his future with Bar\u00e7a ahead of the Champions League match against Bruges. The &#8216;9&#8217; assured that he feels &#8220;calm&#8221; and is only thinking about overcoming his muscular problems and helping the team<\/h2>  \r\n<div class=\"article-addons\">\r\n    <a href=\"https:\/\/www.fcbarcelonanoticias.com\/en\/calendar-fc-barcelona.html\"\r\n       target=\"_self\"\r\n       title=\"Calendar of FC Barcelona\"\r\n       class=\"blue-gredient-btn\">\r\n       \r\n        Calendar of FC Barcelona    <\/a>\r\n<\/div>   <p><strong>Robert Lewandowski<\/strong> accompanied <a data-external=\"0\" data-intl-links-en=\"https:\/\/www.fcbarcelonanoticias.com\/en\/champions-league\/hasni-flick-gets-candid-about-lamine-yamal-physical-condition_315196_102.html\" data-intl-links-es=\"https:\/\/www.fcbarcelonanoticias.com\/champions-league\/flick-tranquiliza-sobre-estado-fisico-lamine-anticipa-mas-rotaciones-defensa_315196_102.html\" href=\"https:\/\/www.fcbarcelonanoticias.com\/en\/champions-league\/hasni-flick-gets-candid-about-lamine-yamal-physical-condition_315196_102.html\" rel=\"follow\" target=\"_self\" title=\"Flick tranquiliza sobre el estado f\u00edsico de Lamine y anticipa m\u00e1s rotaciones en defensa\">Hansi Flick<\/a> in the press conference prior to the <strong>Champions League<\/strong> matchday 4 <a data-external=\"0\" data-intl-links-en=\"https:\/\/www.fcbarcelonanoticias.com\/en\/champions-league\/brujas-vs-barcelona-live-and-online-when-and-where-to-watch_315190_102.html\" data-intl-links-es=\"https:\/\/www.fcbarcelonanoticias.com\/champions-league\/brujas-vs-barcelona-directo-online-cuando-donde-ver-partido-tv_315190_102.html\" href=\"https:\/\/www.fcbarcelonanoticias.com\/en\/champions-league\/brujas-vs-barcelona-live-and-online-when-and-where-to-watch_315190_102.html\" rel=\"follow\" target=\"_self\" title=\"Brujas vs Barcelona en directo y online: cu\u00e1ndo y d\u00f3nde ver el partido en TV\">Bruges-Barcelona<\/a>. The &#8216;9&#8217; was honest about his current situation with the Blaugrana team, which is conditioned by the imminent end of his contract. The Pole will be free to negotiate with any club from January 1, 2026, but for now he prefers not to think about the future.<\/p>  <p>&#8220;The most important thing will be what my feelings are once the season ends. <strong>I&#8217;ll have to see what I do with my life<\/strong>, but <strong>right now I&#8217;m focused on scoring goals<\/strong> and helping the team win titles,&#8221; &#8216;Lewy&#8217; began by saying.<\/p>  <p>In that sense, he made it clear that his priority, for now, is to stay healthy. <strong>Robert has suffered two muscular injuries this season<\/strong> which, added to the mishap he suffered last April, have physically diminished him after a fantastic 24\/25 in terms of offensive production (he scored 42 goals in 52 games).<\/p>  <h2>Lewandowski gets candid about his role at Bar\u00e7a<\/h2>  <p>&#8220;<strong>I&#8217;m calm because of my experience, and it&#8217;s important to arrive at the end in top form. It doesn&#8217;t matter how the season starts, but how it ends<\/strong>. I&#8217;ve been working very well for two weeks, I played three days ago, and the important thing for me is to help Bar\u00e7a win.&#8221;<\/p>  <p>Regarding his goal-scoring production, the 37-year-old forward is clear that it will be very difficult to match his numbers from the previous year, but he feels capable of continuing to be a lethal player inside the area.<\/p>  <p><strong>&#8220;At my age, I know I can&#8217;t play as much as before,<\/strong> but I&#8217;m fine. I&#8217;m training at a very high level. <strong>If we play as a team, it&#8217;s very easy for the forwards<\/strong>. If we work hard, the results will come,&#8221; Lewandowski pointed out.<\/p>  <h2>Praise for Rashford and Caution with Lamine Yamal<\/h2>  <p>On the other hand, the &#8216;9&#8217; of the &#8216;azulgranas&#8217; was asked about the present of <a data-external=\"0\" data-intl-links-en=\"https:\/\/www.fcbarcelonanoticias.com\/en\/lamine-yamal-fc-barcelona-player.html\" data-intl-links-es=\"https:\/\/www.fcbarcelonanoticias.com\/lamine-yamal.html\" href=\"https:\/\/www.fcbarcelonanoticias.com\/en\/lamine-yamal-fc-barcelona-player.html\" rel=\"follow\" target=\"_self\" title=\"Lamine Yamal\">Lamine Yamal<\/a>. As the most veteran player of the squad, &#8216;Lewy&#8217; is one of the first to protect the player from Matar\u00f3 from the media noise. Of course, always with the prudence that characterizes him.<\/p>  <p>&#8220;<strong>I&#8217;ve been talking to him for a long time, but what I can say now is that I don&#8217;t talk about<\/strong>&nbsp;<strong>Lamine<\/strong>. He needs calm, I talk about myself,&#8221; clarified Robert Lewandowski, who also took the opportunity to praise Marcus Rashford.<\/p>  <p>The Englishman, for now, leads the team in direct goal contributions with 6 goals and 6 assists. &#8220;I think he is a player who can help us a lot. <strong>He is playing well and I think we can still play better. Once we have more stability, with Marcus we will be stronger<\/strong>,&#8221; said the Pole.<\/p> ","protected":false},"excerpt":{"rendered":"<p>Robert Lewandowski spoke about his future with Bar\u00e7a ahead of the Champions League match against Bruges. The &#8216;9&#8217; assured that he feels &#8220;calm&#8221; and is only thinking about overcoming his muscular problems and helping the team Robert Lewandowski accompanied Hansi Flick in the press conference prior to the Champions League matchday 4 Bruges-Barcelona. The &#8216;9&#8217; [&hellip;]<\/p>\n","protected":false},"author":347,"featured_media":95839,"comment_status":"closed","ping_status":"open","sticky":false,"template":"","format":"standard","meta":{"_acf_changed":false,"inline_featured_image":false,"_nextfly_llmd_date_locked":false,"footnotes":""},"categories":[449,106],"tags":[462,152],"class_list":["post-95831","post","type-post","status-publish","format-standard","has-post-thumbnail","hentry","category-transfers-2","category-transfers","tag-robert-lewandowski-2","tag-robert-lewandowski"],"acf":[],"yoast_head":"<!-- This site is optimized with the Yoast SEO plugin v27.3 - https:\/\/yoast.com\/product\/yoast-seo-wordpress\/ -->\n<title>Lewandowski opens up about his future and role at Barcelona<\/title>\n<meta name=\"description\" content=\"Robert Lewandowski spoke about his future with Bar\u00e7a ahead of the Champions League match against Bruges. The &#039;9&#039; assured that he is focused on performing at his best\" \/>\n<meta name=\"robots\" content=\"index, follow, max-snippet:-1, max-image-preview:large, max-video-preview:-1\" \/>\n<link rel=\"canonical\" href=\"https:\/\/www.fcbarcelonanoticias.com\/en\/transfers\/lewandowski-opens-up-about-his-future-and-role-at-barcelona_315197_102.html\" \/>\n<meta property=\"og:locale\" content=\"en_US\" \/>\n<meta property=\"og:type\" content=\"article\" \/>\n<meta property=\"og:title\" content=\"Lewandowski opens up about his future and role at Barcelona\" \/>\n<meta property=\"og:description\" content=\"Robert Lewandowski spoke about his future with Bar\u00e7a ahead of the Champions League match against Bruges. The &#039;9&#039; assured that he is focused on performing at his best\" \/>\n<meta property=\"og:url\" content=\"https:\/\/www.fcbarcelonanoticias.com\/en\/transfers\/lewandowski-opens-up-about-his-future-and-role-at-barcelona_315197_102.html\" \/>\n<meta property=\"og:site_name\" content=\"EN - FC Barcelona Noticias\" \/>\n<meta property=\"article:published_time\" content=\"2025-11-04T20:37:00+00:00\" \/>\n<meta property=\"og:image\" content=\"https:\/\/www.fcbarcelonanoticias.com\/en\/wp-content\/uploads\/sites\/2\/2025\/11\/robert-lewandowski-entrenamiento-champions-newcastle.webp\" \/>\n\t<meta property=\"og:image:width\" content=\"1200\" \/>\n\t<meta property=\"og:image:height\" content=\"675\" \/>\n\t<meta property=\"og:image:type\" content=\"image\/webp\" \/>\n<meta name=\"author\" content=\"Andr\u00e9s Quiroz\" \/>\n<meta name=\"twitter:card\" content=\"summary_large_image\" \/>\n<meta name=\"twitter:label1\" content=\"Written by\" \/>\n\t<meta name=\"twitter:data1\" content=\"Andr\u00e9s Quiroz\" \/>\n\t<meta name=\"twitter:label2\" content=\"Est. reading time\" \/>\n\t<meta name=\"twitter:data2\" content=\"2 minutes\" \/>\n<script type=\"application\/ld+json\" class=\"yoast-schema-graph\">{\"@context\":\"https:\\\/\\\/schema.org\",\"@graph\":[{\"@type\":\"Article\",\"@id\":\"https:\\\/\\\/www.fcbarcelonanoticias.com\\\/en\\\/transfers\\\/lewandowski-opens-up-about-his-future-and-role-at-barcelona_315197_102.html#article\",\"isPartOf\":{\"@id\":\"https:\\\/\\\/www.fcbarcelonanoticias.com\\\/en\\\/transfers\\\/lewandowski-opens-up-about-his-future-and-role-at-barcelona_315197_102.html\"},\"author\":{\"name\":\"Andr\u00e9s Quiroz\",\"@id\":\"https:\\\/\\\/www.fcbarcelonanoticias.com\\\/en\\\/#\\\/schema\\\/person\\\/c2cd9f6fa1af5c0d0eccd0fefa575c88\"},\"headline\":\"Lewandowski &#8216;forgets&#8217; about his renewal with Bar\u00e7a and focuses on the physical issue\",\"datePublished\":\"2025-11-04T20:37:00+00:00\",\"mainEntityOfPage\":{\"@id\":\"https:\\\/\\\/www.fcbarcelonanoticias.com\\\/en\\\/transfers\\\/lewandowski-opens-up-about-his-future-and-role-at-barcelona_315197_102.html\"},\"wordCount\":510,\"image\":{\"@id\":\"https:\\\/\\\/www.fcbarcelonanoticias.com\\\/en\\\/transfers\\\/lewandowski-opens-up-about-his-future-and-role-at-barcelona_315197_102.html#primaryimage\"},\"thumbnailUrl\":\"https:\\\/\\\/www.fcbarcelonanoticias.com\\\/en\\\/wp-content\\\/uploads\\\/sites\\\/2\\\/2025\\\/11\\\/robert-lewandowski-entrenamiento-champions-newcastle.webp\",\"keywords\":[\"Robert Lewandowski\",\"Robert Lewandowski\"],\"articleSection\":[\"Transfers\",\"Transfers\"],\"inLanguage\":\"en-US\"},{\"@type\":\"WebPage\",\"@id\":\"https:\\\/\\\/www.fcbarcelonanoticias.com\\\/en\\\/transfers\\\/lewandowski-opens-up-about-his-future-and-role-at-barcelona_315197_102.html\",\"url\":\"https:\\\/\\\/www.fcbarcelonanoticias.com\\\/en\\\/transfers\\\/lewandowski-opens-up-about-his-future-and-role-at-barcelona_315197_102.html\",\"name\":\"Lewandowski opens up about his future and role at Barcelona\",\"isPartOf\":{\"@id\":\"https:\\\/\\\/www.fcbarcelonanoticias.com\\\/en\\\/#website\"},\"primaryImageOfPage\":{\"@id\":\"https:\\\/\\\/www.fcbarcelonanoticias.com\\\/en\\\/transfers\\\/lewandowski-opens-up-about-his-future-and-role-at-barcelona_315197_102.html#primaryimage\"},\"image\":{\"@id\":\"https:\\\/\\\/www.fcbarcelonanoticias.com\\\/en\\\/transfers\\\/lewandowski-opens-up-about-his-future-and-role-at-barcelona_315197_102.html#primaryimage\"},\"thumbnailUrl\":\"https:\\\/\\\/www.fcbarcelonanoticias.com\\\/en\\\/wp-content\\\/uploads\\\/sites\\\/2\\\/2025\\\/11\\\/robert-lewandowski-entrenamiento-champions-newcastle.webp\",\"datePublished\":\"2025-11-04T20:37:00+00:00\",\"author\":{\"@id\":\"https:\\\/\\\/www.fcbarcelonanoticias.com\\\/en\\\/#\\\/schema\\\/person\\\/c2cd9f6fa1af5c0d0eccd0fefa575c88\"},\"description\":\"Robert Lewandowski spoke about his future with Bar\u00e7a ahead of the Champions League match against Bruges. The '9' assured that he is focused on performing at his best\",\"breadcrumb\":{\"@id\":\"https:\\\/\\\/www.fcbarcelonanoticias.com\\\/en\\\/transfers\\\/lewandowski-opens-up-about-his-future-and-role-at-barcelona_315197_102.html#breadcrumb\"},\"inLanguage\":\"en-US\",\"potentialAction\":[{\"@type\":\"ReadAction\",\"target\":[\"https:\\\/\\\/www.fcbarcelonanoticias.com\\\/en\\\/transfers\\\/lewandowski-opens-up-about-his-future-and-role-at-barcelona_315197_102.html\"]}]},{\"@type\":\"ImageObject\",\"inLanguage\":\"en-US\",\"@id\":\"https:\\\/\\\/www.fcbarcelonanoticias.com\\\/en\\\/transfers\\\/lewandowski-opens-up-about-his-future-and-role-at-barcelona_315197_102.html#primaryimage\",\"url\":\"https:\\\/\\\/www.fcbarcelonanoticias.com\\\/en\\\/wp-content\\\/uploads\\\/sites\\\/2\\\/2025\\\/11\\\/robert-lewandowski-entrenamiento-champions-newcastle.webp\",\"contentUrl\":\"https:\\\/\\\/www.fcbarcelonanoticias.com\\\/en\\\/wp-content\\\/uploads\\\/sites\\\/2\\\/2025\\\/11\\\/robert-lewandowski-entrenamiento-champions-newcastle.webp\",\"width\":1200,\"height\":675},{\"@type\":\"BreadcrumbList\",\"@id\":\"https:\\\/\\\/www.fcbarcelonanoticias.com\\\/en\\\/transfers\\\/lewandowski-opens-up-about-his-future-and-role-at-barcelona_315197_102.html#breadcrumb\",\"itemListElement\":[{\"@type\":\"ListItem\",\"position\":1,\"name\":\"Portada\",\"item\":\"https:\\\/\\\/www.fcbarcelonanoticias.com\\\/en\\\/\"},{\"@type\":\"ListItem\",\"position\":2,\"name\":\"Lewandowski &#8216;forgets&#8217; about his renewal with Bar\u00e7a and focuses on the physical issue\"}]},{\"@type\":\"WebSite\",\"@id\":\"https:\\\/\\\/www.fcbarcelonanoticias.com\\\/en\\\/#website\",\"url\":\"https:\\\/\\\/www.fcbarcelonanoticias.com\\\/en\\\/\",\"name\":\"EN - FC Barcelona Noticias\",\"description\":\"\",\"potentialAction\":[{\"@type\":\"SearchAction\",\"target\":{\"@type\":\"EntryPoint\",\"urlTemplate\":\"https:\\\/\\\/www.fcbarcelonanoticias.com\\\/en\\\/?s={search_term_string}\"},\"query-input\":{\"@type\":\"PropertyValueSpecification\",\"valueRequired\":true,\"valueName\":\"search_term_string\"}}],\"inLanguage\":\"en-US\"},{\"@type\":\"Person\",\"@id\":\"https:\\\/\\\/www.fcbarcelonanoticias.com\\\/en\\\/#\\\/schema\\\/person\\\/c2cd9f6fa1af5c0d0eccd0fefa575c88\",\"name\":\"Andr\u00e9s Quiroz\",\"image\":{\"@type\":\"ImageObject\",\"inLanguage\":\"en-US\",\"@id\":\"https:\\\/\\\/secure.gravatar.com\\\/avatar\\\/?s=96&d=mm&r=g\",\"url\":\"https:\\\/\\\/secure.gravatar.com\\\/avatar\\\/?s=96&d=mm&r=g\",\"contentUrl\":\"https:\\\/\\\/secure.gravatar.com\\\/avatar\\\/?s=96&d=mm&r=g\",\"caption\":\"Andr\u00e9s Quiroz\"},\"description\":\"Licenciado en Periodismo por la Universidad de los Andes. Me encargo de analizar y compartir los contenidos m\u00e1s destacados de la\u00a0actualidad del F\u00fatbol Club Barcelona, Mercado de Fichajes y F\u00fatbol Internacional en FCBN. La informaci\u00f3n es poder, pero tambi\u00e9n conocimiento.\",\"url\":\"https:\\\/\\\/www.fcbarcelonanoticias.com\\\/en\\\/fc-barcelona\\\/andres-quiroz_17_115.html\"}]}<\/script>\n<!-- \/ Yoast SEO plugin. -->","yoast_head_json":{"title":"Lewandowski opens up about his future and role at Barcelona","description":"Robert Lewandowski spoke about his future with Bar\u00e7a ahead of the Champions League match against Bruges. The '9' assured that he is focused on performing at his best","robots":{"index":"index","follow":"follow","max-snippet":"max-snippet:-1","max-image-preview":"max-image-preview:large","max-video-preview":"max-video-preview:-1"},"canonical":"https:\/\/www.fcbarcelonanoticias.com\/en\/transfers\/lewandowski-opens-up-about-his-future-and-role-at-barcelona_315197_102.html","og_locale":"en_US","og_type":"article","og_title":"Lewandowski opens up about his future and role at Barcelona","og_description":"Robert Lewandowski spoke about his future with Bar\u00e7a ahead of the Champions League match against Bruges. The '9' assured that he is focused on performing at his best","og_url":"https:\/\/www.fcbarcelonanoticias.com\/en\/transfers\/lewandowski-opens-up-about-his-future-and-role-at-barcelona_315197_102.html","og_site_name":"EN - FC Barcelona Noticias","article_published_time":"2025-11-04T20:37:00+00:00","og_image":[{"width":1200,"height":675,"url":"https:\/\/www.fcbarcelonanoticias.com\/en\/wp-content\/uploads\/sites\/2\/2025\/11\/robert-lewandowski-entrenamiento-champions-newcastle.webp","type":"image\/webp"}],"author":"Andr\u00e9s Quiroz","twitter_card":"summary_large_image","twitter_misc":{"Written by":"Andr\u00e9s Quiroz","Est. reading time":"2 minutes"},"schema":{"@context":"https:\/\/schema.org","@graph":[{"@type":"Article","@id":"https:\/\/www.fcbarcelonanoticias.com\/en\/transfers\/lewandowski-opens-up-about-his-future-and-role-at-barcelona_315197_102.html#article","isPartOf":{"@id":"https:\/\/www.fcbarcelonanoticias.com\/en\/transfers\/lewandowski-opens-up-about-his-future-and-role-at-barcelona_315197_102.html"},"author":{"name":"Andr\u00e9s Quiroz","@id":"https:\/\/www.fcbarcelonanoticias.com\/en\/#\/schema\/person\/c2cd9f6fa1af5c0d0eccd0fefa575c88"},"headline":"Lewandowski &#8216;forgets&#8217; about his renewal with Bar\u00e7a and focuses on the physical issue","datePublished":"2025-11-04T20:37:00+00:00","mainEntityOfPage":{"@id":"https:\/\/www.fcbarcelonanoticias.com\/en\/transfers\/lewandowski-opens-up-about-his-future-and-role-at-barcelona_315197_102.html"},"wordCount":510,"image":{"@id":"https:\/\/www.fcbarcelonanoticias.com\/en\/transfers\/lewandowski-opens-up-about-his-future-and-role-at-barcelona_315197_102.html#primaryimage"},"thumbnailUrl":"https:\/\/www.fcbarcelonanoticias.com\/en\/wp-content\/uploads\/sites\/2\/2025\/11\/robert-lewandowski-entrenamiento-champions-newcastle.webp","keywords":["Robert Lewandowski","Robert Lewandowski"],"articleSection":["Transfers","Transfers"],"inLanguage":"en-US"},{"@type":"WebPage","@id":"https:\/\/www.fcbarcelonanoticias.com\/en\/transfers\/lewandowski-opens-up-about-his-future-and-role-at-barcelona_315197_102.html","url":"https:\/\/www.fcbarcelonanoticias.com\/en\/transfers\/lewandowski-opens-up-about-his-future-and-role-at-barcelona_315197_102.html","name":"Lewandowski opens up about his future and role at Barcelona","isPartOf":{"@id":"https:\/\/www.fcbarcelonanoticias.com\/en\/#website"},"primaryImageOfPage":{"@id":"https:\/\/www.fcbarcelonanoticias.com\/en\/transfers\/lewandowski-opens-up-about-his-future-and-role-at-barcelona_315197_102.html#primaryimage"},"image":{"@id":"https:\/\/www.fcbarcelonanoticias.com\/en\/transfers\/lewandowski-opens-up-about-his-future-and-role-at-barcelona_315197_102.html#primaryimage"},"thumbnailUrl":"https:\/\/www.fcbarcelonanoticias.com\/en\/wp-content\/uploads\/sites\/2\/2025\/11\/robert-lewandowski-entrenamiento-champions-newcastle.webp","datePublished":"2025-11-04T20:37:00+00:00","author":{"@id":"https:\/\/www.fcbarcelonanoticias.com\/en\/#\/schema\/person\/c2cd9f6fa1af5c0d0eccd0fefa575c88"},"description":"Robert Lewandowski spoke about his future with Bar\u00e7a ahead of the Champions League match against Bruges. The '9' assured that he is focused on performing at his best","breadcrumb":{"@id":"https:\/\/www.fcbarcelonanoticias.com\/en\/transfers\/lewandowski-opens-up-about-his-future-and-role-at-barcelona_315197_102.html#breadcrumb"},"inLanguage":"en-US","potentialAction":[{"@type":"ReadAction","target":["https:\/\/www.fcbarcelonanoticias.com\/en\/transfers\/lewandowski-opens-up-about-his-future-and-role-at-barcelona_315197_102.html"]}]},{"@type":"ImageObject","inLanguage":"en-US","@id":"https:\/\/www.fcbarcelonanoticias.com\/en\/transfers\/lewandowski-opens-up-about-his-future-and-role-at-barcelona_315197_102.html#primaryimage","url":"https:\/\/www.fcbarcelonanoticias.com\/en\/wp-content\/uploads\/sites\/2\/2025\/11\/robert-lewandowski-entrenamiento-champions-newcastle.webp","contentUrl":"https:\/\/www.fcbarcelonanoticias.com\/en\/wp-content\/uploads\/sites\/2\/2025\/11\/robert-lewandowski-entrenamiento-champions-newcastle.webp","width":1200,"height":675},{"@type":"BreadcrumbList","@id":"https:\/\/www.fcbarcelonanoticias.com\/en\/transfers\/lewandowski-opens-up-about-his-future-and-role-at-barcelona_315197_102.html#breadcrumb","itemListElement":[{"@type":"ListItem","position":1,"name":"Portada","item":"https:\/\/www.fcbarcelonanoticias.com\/en\/"},{"@type":"ListItem","position":2,"name":"Lewandowski &#8216;forgets&#8217; about his renewal with Bar\u00e7a and focuses on the physical issue"}]},{"@type":"WebSite","@id":"https:\/\/www.fcbarcelonanoticias.com\/en\/#website","url":"https:\/\/www.fcbarcelonanoticias.com\/en\/","name":"EN - FC Barcelona Noticias","description":"","potentialAction":[{"@type":"SearchAction","target":{"@type":"EntryPoint","urlTemplate":"https:\/\/www.fcbarcelonanoticias.com\/en\/?s={search_term_string}"},"query-input":{"@type":"PropertyValueSpecification","valueRequired":true,"valueName":"search_term_string"}}],"inLanguage":"en-US"},{"@type":"Person","@id":"https:\/\/www.fcbarcelonanoticias.com\/en\/#\/schema\/person\/c2cd9f6fa1af5c0d0eccd0fefa575c88","name":"Andr\u00e9s Quiroz","image":{"@type":"ImageObject","inLanguage":"en-US","@id":"https:\/\/secure.gravatar.com\/avatar\/?s=96&d=mm&r=g","url":"https:\/\/secure.gravatar.com\/avatar\/?s=96&d=mm&r=g","contentUrl":"https:\/\/secure.gravatar.com\/avatar\/?s=96&d=mm&r=g","caption":"Andr\u00e9s Quiroz"},"description":"Licenciado en Periodismo por la Universidad de los Andes. Me encargo de analizar y compartir los contenidos m\u00e1s destacados de la\u00a0actualidad del F\u00fatbol Club Barcelona, Mercado de Fichajes y F\u00fatbol Internacional en FCBN. La informaci\u00f3n es poder, pero tambi\u00e9n conocimiento.","url":"https:\/\/www.fcbarcelonanoticias.com\/en\/fc-barcelona\/andres-quiroz_17_115.html"}]}},"_links":{"self":[{"href":"https:\/\/www.fcbarcelonanoticias.com\/en\/wp-json\/wp\/v2\/posts\/95831","targetHints":{"allow":["GET"]}}],"collection":[{"href":"https:\/\/www.fcbarcelonanoticias.com\/en\/wp-json\/wp\/v2\/posts"}],"about":[{"href":"https:\/\/www.fcbarcelonanoticias.com\/en\/wp-json\/wp\/v2\/types\/post"}],"author":[{"embeddable":true,"href":"https:\/\/www.fcbarcelonanoticias.com\/en\/wp-json\/wp\/v2\/users\/347"}],"replies":[{"embeddable":true,"href":"https:\/\/www.fcbarcelonanoticias.com\/en\/wp-json\/wp\/v2\/comments?post=95831"}],"version-history":[{"count":1,"href":"https:\/\/www.fcbarcelonanoticias.com\/en\/wp-json\/wp\/v2\/posts\/95831\/revisions"}],"predecessor-version":[{"id":131284,"href":"https:\/\/www.fcbarcelonanoticias.com\/en\/wp-json\/wp\/v2\/posts\/95831\/revisions\/131284"}],"wp:featuredmedia":[{"embeddable":true,"href":"https:\/\/www.fcbarcelonanoticias.com\/en\/wp-json\/wp\/v2\/media\/95839"}],"wp:attachment":[{"href":"https:\/\/www.fcbarcelonanoticias.com\/en\/wp-json\/wp\/v2\/media?parent=95831"}],"wp:term":[{"taxonomy":"category","embeddable":true,"href":"https:\/\/www.fcbarcelonanoticias.com\/en\/wp-json\/wp\/v2\/categories?post=95831"},{"taxonomy":"post_tag","embeddable":true,"href":"https:\/\/www.fcbarcelonanoticias.com\/en\/wp-json\/wp\/v2\/tags?post=95831"}],"curies":[{"name":"wp","href":"https:\/\/api.w.org\/{rel}","templated":true}]}}