{"id":95882,"date":"2024-10-03T01:17:00","date_gmt":"2024-10-02T23:17:00","guid":{"rendered":"https:\/\/weisetech.dev\/fc-barcelona-noticias\/en\/barcelona-surprise-option-reinforce-centre-defense_307678_102\/"},"modified":"2024-10-03T01:17:00","modified_gmt":"2024-10-02T23:17:00","slug":"barcelona-surprise-option-reinforce-centre-defense_307678_102","status":"publish","type":"post","link":"https:\/\/www.fcbarcelonanoticias.com\/en\/transfers\/barcelona-surprise-option-reinforce-centre-defense_307678_102.html","title":{"rendered":"FC Barcelona&#8217;s surprise option to reinforce the centre of defence"},"content":{"rendered":"<h2 class=\"wp-block-heading\">Jorrel Hato appears as one of the candidates to reinforce the centre of defence for Bar\u00e7a. The defender is 18 years old and is valued at 30 million<\/h2>  \r\n<div class=\"article-addons\">\r\n    <a href=\"https:\/\/www.fcbarcelonanoticias.com\/en\/calendar-fc-barcelona.html\"\r\n       target=\"_self\"\r\n       title=\"Calendar of FC Barcelona\"\r\n       class=\"blue-gredient-btn\">\r\n       \r\n        Calendar of FC Barcelona    <\/a>\r\n<\/div>   <p><strong>FC Barcelona<\/strong> want to strengthen the centre of defence during the 2025 transfer market. <a data-external=\"0\" data-intl-links-en=\"https:\/\/www.fcbarcelonanoticias.com\/en\/transfers\/fc-barcelona-have-already-put-a-price-on-ronald-araujo-s-departure_307670_102.html\" data-intl-links-es=\"https:\/\/www.fcbarcelonanoticias.com\/fichajes\/fc-barcelona-ya-habria-puesto-precio-salida-ronald-araujo_307670_102.html\" href=\"https:\/\/www.fcbarcelonanoticias.com\/en\/transfers\/fc-barcelona-have-already-put-a-price-on-ronald-araujo-s-departure_307670_102.html\" rel=\"follow\" target=\"_self\" title=\"FC Barcelona have already put a price on Ronald Ara\u00fajo's departure\">The doubts surrounding the future of Ronald Ara\u00fajo<\/a>, Andreas Christensen and I\u00f1igo Mart\u00ednez in Barcelona have forced the Catalan club to open this file, since the transfer of the first two is seen with good eyes in the club to make money, while the Basque&#8217;s contract expires at the end of the season and there is still no news about his renewal.<\/p>  <p>For this reason, from the offices of the <strong>Spotify Camp Nou <\/strong>they begin to study different alternatives and several names appear in the &#8216;casting&#8217; of centre-backs. <a data-external=\"0\" data-intl-links-en=\"https:\/\/www.fcbarcelonanoticias.com\/en\/transfers\/inter-milan-new-threat-for-fc-barcelona-in-signing-jonathan-tah_307665_102.html\" data-intl-links-es=\"https:\/\/www.fcbarcelonanoticias.com\/fichajes\/inter-milan-nueva-amenaza-fc-barcelona-en-fichaje-jonathan-tah_307665_102.html\" href=\"https:\/\/www.fcbarcelonanoticias.com\/en\/transfers\/inter-milan-new-threat-for-fc-barcelona-in-signing-jonathan-tah_307665_102.html\" rel=\"follow\" target=\"_self\" title=\"Inter Milan, new 'threat' for FC Barcelona in signing Jonathan Tah\">The favourite of the sports management and Hansi Flick is Jonathan Tah<\/a>, who could land in Spain with a free transfer under his arm. However, the competition for his signing seems to be difficult, so the Catalans are handling other options to &#8216;cover their backs&#8217;.<\/p>  <h2>Jorrel Hato, Bar\u00e7a&#8217;s &#8216;dark horse&#8217; for defence<\/h2>  <p>In this sense, <strong>Jorrel Hato<\/strong> appears to be one of the surprise candidates for the Catalan club. According to &#8216;El Nacional.cat&#8217;, the Blaugranas have been following him closely for a long time and have very good reports on his performance. At 18 years old, the Dutch defender is one of <strong>Ajax&#8217;s <\/strong>most important pieces and has even worn the captain&#8217;s armband on more than one occasion.<\/p>  <p>However, it will not be a cheap operation, since the &#8216;ajacied&#8217; team is known for being a very good seller. <strong>The footballer is valued at 30 million euros according to &#8216;Tranfermarkt&#8217; <\/strong>and clubs such as <strong>Manchester United, Arsenal and Atl\u00e9tico de Madrid <\/strong>have also reportedly sounded out his signing, so the Catalans will have to &#8216;push&#8217; if they finally decide to go for the promising centre-back.<\/p> ","protected":false},"excerpt":{"rendered":"<p>Jorrel Hato appears as one of the candidates to reinforce the centre of defence for Bar\u00e7a. The defender is 18 years old and is valued at 30 million FC Barcelona want to strengthen the centre of defence during the 2025 transfer market. The doubts surrounding the future of Ronald Ara\u00fajo, Andreas Christensen and I\u00f1igo Mart\u00ednez [&hellip;]<\/p>\n","protected":false},"author":358,"featured_media":95896,"comment_status":"closed","ping_status":"open","sticky":false,"template":"","format":"standard","meta":{"_acf_changed":false,"inline_featured_image":false,"_nextfly_llmd_date_locked":false,"footnotes":""},"categories":[106,449],"tags":[213],"class_list":["post-95882","post","type-post","status-publish","format-standard","has-post-thumbnail","hentry","category-transfers","category-transfers-2","tag-ajax"],"acf":[],"yoast_head":"<!-- This site is optimized with the Yoast SEO plugin v27.3 - https:\/\/yoast.com\/product\/yoast-seo-wordpress\/ -->\n<title>FC Barcelona&#039;s surprise option to reinforce the centre of defence<\/title>\n<meta name=\"description\" content=\"Jorrel Hato appears as one of the candidates to reinforce the centre of defence for Bar\u00e7a. The defender is 18 years old and is valued at 30 million\" \/>\n<meta name=\"robots\" content=\"index, follow, max-snippet:-1, max-image-preview:large, max-video-preview:-1\" \/>\n<link rel=\"canonical\" href=\"https:\/\/www.fcbarcelonanoticias.com\/en\/transfers\/barcelona-surprise-option-reinforce-centre-defense_307678_102.html\" \/>\n<meta property=\"og:locale\" content=\"en_US\" \/>\n<meta property=\"og:type\" content=\"article\" \/>\n<meta property=\"og:title\" content=\"FC Barcelona&#039;s surprise option to reinforce the centre of defence\" \/>\n<meta property=\"og:description\" content=\"Jorrel Hato appears as one of the candidates to reinforce the centre of defence for Bar\u00e7a. The defender is 18 years old and is valued at 30 million\" \/>\n<meta property=\"og:url\" content=\"https:\/\/www.fcbarcelonanoticias.com\/en\/transfers\/barcelona-surprise-option-reinforce-centre-defense_307678_102.html\" \/>\n<meta property=\"og:site_name\" content=\"EN - FC Barcelona Noticias\" \/>\n<meta property=\"article:published_time\" content=\"2024-10-02T23:17:00+00:00\" \/>\n<meta property=\"og:image\" content=\"https:\/\/www.fcbarcelonanoticias.com\/en\/wp-content\/uploads\/sites\/2\/2024\/10\/jorrel-hato-ajax-1.jpeg\" \/>\n\t<meta property=\"og:image:width\" content=\"1250\" \/>\n\t<meta property=\"og:image:height\" content=\"730\" \/>\n\t<meta property=\"og:image:type\" content=\"image\/jpeg\" \/>\n<meta name=\"author\" content=\"Juan Pablo Berdugo\" \/>\n<meta name=\"twitter:card\" content=\"summary_large_image\" \/>\n<meta name=\"twitter:label1\" content=\"Written by\" \/>\n\t<meta name=\"twitter:data1\" content=\"Juan Pablo Berdugo\" \/>\n\t<meta name=\"twitter:label2\" content=\"Est. reading time\" \/>\n\t<meta name=\"twitter:data2\" content=\"2 minutes\" \/>\n<script type=\"application\/ld+json\" class=\"yoast-schema-graph\">{\"@context\":\"https:\\\/\\\/schema.org\",\"@graph\":[{\"@type\":\"Article\",\"@id\":\"https:\\\/\\\/www.fcbarcelonanoticias.com\\\/en\\\/transfers\\\/barcelona-surprise-option-reinforce-centre-defense_307678_102.html#article\",\"isPartOf\":{\"@id\":\"https:\\\/\\\/www.fcbarcelonanoticias.com\\\/en\\\/transfers\\\/barcelona-surprise-option-reinforce-centre-defense_307678_102.html\"},\"author\":{\"name\":\"Juan Pablo Berdugo\",\"@id\":\"https:\\\/\\\/www.fcbarcelonanoticias.com\\\/en\\\/#\\\/schema\\\/person\\\/88d756918a0a1ae9fa593b5edddd1815\"},\"headline\":\"FC Barcelona&#8217;s surprise option to reinforce the centre of defence\",\"datePublished\":\"2024-10-02T23:17:00+00:00\",\"mainEntityOfPage\":{\"@id\":\"https:\\\/\\\/www.fcbarcelonanoticias.com\\\/en\\\/transfers\\\/barcelona-surprise-option-reinforce-centre-defense_307678_102.html\"},\"wordCount\":331,\"image\":{\"@id\":\"https:\\\/\\\/www.fcbarcelonanoticias.com\\\/en\\\/transfers\\\/barcelona-surprise-option-reinforce-centre-defense_307678_102.html#primaryimage\"},\"thumbnailUrl\":\"https:\\\/\\\/www.fcbarcelonanoticias.com\\\/en\\\/wp-content\\\/uploads\\\/sites\\\/2\\\/2024\\\/10\\\/jorrel-hato-ajax-1.jpeg\",\"keywords\":[\"Ajax\"],\"articleSection\":[\"Transfers\",\"Transfers\"],\"inLanguage\":\"en-US\"},{\"@type\":\"WebPage\",\"@id\":\"https:\\\/\\\/www.fcbarcelonanoticias.com\\\/en\\\/transfers\\\/barcelona-surprise-option-reinforce-centre-defense_307678_102.html\",\"url\":\"https:\\\/\\\/www.fcbarcelonanoticias.com\\\/en\\\/transfers\\\/barcelona-surprise-option-reinforce-centre-defense_307678_102.html\",\"name\":\"FC Barcelona's surprise option to reinforce the centre of defence\",\"isPartOf\":{\"@id\":\"https:\\\/\\\/www.fcbarcelonanoticias.com\\\/en\\\/#website\"},\"primaryImageOfPage\":{\"@id\":\"https:\\\/\\\/www.fcbarcelonanoticias.com\\\/en\\\/transfers\\\/barcelona-surprise-option-reinforce-centre-defense_307678_102.html#primaryimage\"},\"image\":{\"@id\":\"https:\\\/\\\/www.fcbarcelonanoticias.com\\\/en\\\/transfers\\\/barcelona-surprise-option-reinforce-centre-defense_307678_102.html#primaryimage\"},\"thumbnailUrl\":\"https:\\\/\\\/www.fcbarcelonanoticias.com\\\/en\\\/wp-content\\\/uploads\\\/sites\\\/2\\\/2024\\\/10\\\/jorrel-hato-ajax-1.jpeg\",\"datePublished\":\"2024-10-02T23:17:00+00:00\",\"author\":{\"@id\":\"https:\\\/\\\/www.fcbarcelonanoticias.com\\\/en\\\/#\\\/schema\\\/person\\\/88d756918a0a1ae9fa593b5edddd1815\"},\"description\":\"Jorrel Hato appears as one of the candidates to reinforce the centre of defence for Bar\u00e7a. The defender is 18 years old and is valued at 30 million\",\"breadcrumb\":{\"@id\":\"https:\\\/\\\/www.fcbarcelonanoticias.com\\\/en\\\/transfers\\\/barcelona-surprise-option-reinforce-centre-defense_307678_102.html#breadcrumb\"},\"inLanguage\":\"en-US\",\"potentialAction\":[{\"@type\":\"ReadAction\",\"target\":[\"https:\\\/\\\/www.fcbarcelonanoticias.com\\\/en\\\/transfers\\\/barcelona-surprise-option-reinforce-centre-defense_307678_102.html\"]}]},{\"@type\":\"ImageObject\",\"inLanguage\":\"en-US\",\"@id\":\"https:\\\/\\\/www.fcbarcelonanoticias.com\\\/en\\\/transfers\\\/barcelona-surprise-option-reinforce-centre-defense_307678_102.html#primaryimage\",\"url\":\"https:\\\/\\\/www.fcbarcelonanoticias.com\\\/en\\\/wp-content\\\/uploads\\\/sites\\\/2\\\/2024\\\/10\\\/jorrel-hato-ajax-1.jpeg\",\"contentUrl\":\"https:\\\/\\\/www.fcbarcelonanoticias.com\\\/en\\\/wp-content\\\/uploads\\\/sites\\\/2\\\/2024\\\/10\\\/jorrel-hato-ajax-1.jpeg\",\"width\":1250,\"height\":730},{\"@type\":\"BreadcrumbList\",\"@id\":\"https:\\\/\\\/www.fcbarcelonanoticias.com\\\/en\\\/transfers\\\/barcelona-surprise-option-reinforce-centre-defense_307678_102.html#breadcrumb\",\"itemListElement\":[{\"@type\":\"ListItem\",\"position\":1,\"name\":\"Portada\",\"item\":\"https:\\\/\\\/www.fcbarcelonanoticias.com\\\/en\\\/\"},{\"@type\":\"ListItem\",\"position\":2,\"name\":\"FC Barcelona&#8217;s surprise option to reinforce the centre of defence\"}]},{\"@type\":\"WebSite\",\"@id\":\"https:\\\/\\\/www.fcbarcelonanoticias.com\\\/en\\\/#website\",\"url\":\"https:\\\/\\\/www.fcbarcelonanoticias.com\\\/en\\\/\",\"name\":\"EN - FC Barcelona Noticias\",\"description\":\"\",\"potentialAction\":[{\"@type\":\"SearchAction\",\"target\":{\"@type\":\"EntryPoint\",\"urlTemplate\":\"https:\\\/\\\/www.fcbarcelonanoticias.com\\\/en\\\/?s={search_term_string}\"},\"query-input\":{\"@type\":\"PropertyValueSpecification\",\"valueRequired\":true,\"valueName\":\"search_term_string\"}}],\"inLanguage\":\"en-US\"},{\"@type\":\"Person\",\"@id\":\"https:\\\/\\\/www.fcbarcelonanoticias.com\\\/en\\\/#\\\/schema\\\/person\\\/88d756918a0a1ae9fa593b5edddd1815\",\"name\":\"Juan Pablo Berdugo\",\"image\":{\"@type\":\"ImageObject\",\"inLanguage\":\"en-US\",\"@id\":\"https:\\\/\\\/secure.gravatar.com\\\/avatar\\\/?s=96&d=mm&r=g\",\"url\":\"https:\\\/\\\/secure.gravatar.com\\\/avatar\\\/?s=96&d=mm&r=g\",\"contentUrl\":\"https:\\\/\\\/secure.gravatar.com\\\/avatar\\\/?s=96&d=mm&r=g\",\"caption\":\"Juan Pablo Berdugo\"},\"description\":\"Juan Pablo Berdugo es graduado en Periodismo. Colabora con FCBN como especialista en informaci\u00f3n del primer equipo del FC Barcelona, f\u00fatbol internacional y mercado de fichajes. Destaca por su enfoque anal\u00edtico, su rigor informativo y su capacidad para detectar tendencias emergentes en el f\u00fatbol global.\",\"url\":\"https:\\\/\\\/www.fcbarcelonanoticias.com\\\/en\\\/fc-barcelona\\\/juan-pablo-berdugo_18_115.html\"}]}<\/script>\n<!-- \/ Yoast SEO plugin. -->","yoast_head_json":{"title":"FC Barcelona's surprise option to reinforce the centre of defence","description":"Jorrel Hato appears as one of the candidates to reinforce the centre of defence for Bar\u00e7a. The defender is 18 years old and is valued at 30 million","robots":{"index":"index","follow":"follow","max-snippet":"max-snippet:-1","max-image-preview":"max-image-preview:large","max-video-preview":"max-video-preview:-1"},"canonical":"https:\/\/www.fcbarcelonanoticias.com\/en\/transfers\/barcelona-surprise-option-reinforce-centre-defense_307678_102.html","og_locale":"en_US","og_type":"article","og_title":"FC Barcelona's surprise option to reinforce the centre of defence","og_description":"Jorrel Hato appears as one of the candidates to reinforce the centre of defence for Bar\u00e7a. The defender is 18 years old and is valued at 30 million","og_url":"https:\/\/www.fcbarcelonanoticias.com\/en\/transfers\/barcelona-surprise-option-reinforce-centre-defense_307678_102.html","og_site_name":"EN - FC Barcelona Noticias","article_published_time":"2024-10-02T23:17:00+00:00","og_image":[{"width":1250,"height":730,"url":"https:\/\/www.fcbarcelonanoticias.com\/en\/wp-content\/uploads\/sites\/2\/2024\/10\/jorrel-hato-ajax-1.jpeg","type":"image\/jpeg"}],"author":"Juan Pablo Berdugo","twitter_card":"summary_large_image","twitter_misc":{"Written by":"Juan Pablo Berdugo","Est. reading time":"2 minutes"},"schema":{"@context":"https:\/\/schema.org","@graph":[{"@type":"Article","@id":"https:\/\/www.fcbarcelonanoticias.com\/en\/transfers\/barcelona-surprise-option-reinforce-centre-defense_307678_102.html#article","isPartOf":{"@id":"https:\/\/www.fcbarcelonanoticias.com\/en\/transfers\/barcelona-surprise-option-reinforce-centre-defense_307678_102.html"},"author":{"name":"Juan Pablo Berdugo","@id":"https:\/\/www.fcbarcelonanoticias.com\/en\/#\/schema\/person\/88d756918a0a1ae9fa593b5edddd1815"},"headline":"FC Barcelona&#8217;s surprise option to reinforce the centre of defence","datePublished":"2024-10-02T23:17:00+00:00","mainEntityOfPage":{"@id":"https:\/\/www.fcbarcelonanoticias.com\/en\/transfers\/barcelona-surprise-option-reinforce-centre-defense_307678_102.html"},"wordCount":331,"image":{"@id":"https:\/\/www.fcbarcelonanoticias.com\/en\/transfers\/barcelona-surprise-option-reinforce-centre-defense_307678_102.html#primaryimage"},"thumbnailUrl":"https:\/\/www.fcbarcelonanoticias.com\/en\/wp-content\/uploads\/sites\/2\/2024\/10\/jorrel-hato-ajax-1.jpeg","keywords":["Ajax"],"articleSection":["Transfers","Transfers"],"inLanguage":"en-US"},{"@type":"WebPage","@id":"https:\/\/www.fcbarcelonanoticias.com\/en\/transfers\/barcelona-surprise-option-reinforce-centre-defense_307678_102.html","url":"https:\/\/www.fcbarcelonanoticias.com\/en\/transfers\/barcelona-surprise-option-reinforce-centre-defense_307678_102.html","name":"FC Barcelona's surprise option to reinforce the centre of defence","isPartOf":{"@id":"https:\/\/www.fcbarcelonanoticias.com\/en\/#website"},"primaryImageOfPage":{"@id":"https:\/\/www.fcbarcelonanoticias.com\/en\/transfers\/barcelona-surprise-option-reinforce-centre-defense_307678_102.html#primaryimage"},"image":{"@id":"https:\/\/www.fcbarcelonanoticias.com\/en\/transfers\/barcelona-surprise-option-reinforce-centre-defense_307678_102.html#primaryimage"},"thumbnailUrl":"https:\/\/www.fcbarcelonanoticias.com\/en\/wp-content\/uploads\/sites\/2\/2024\/10\/jorrel-hato-ajax-1.jpeg","datePublished":"2024-10-02T23:17:00+00:00","author":{"@id":"https:\/\/www.fcbarcelonanoticias.com\/en\/#\/schema\/person\/88d756918a0a1ae9fa593b5edddd1815"},"description":"Jorrel Hato appears as one of the candidates to reinforce the centre of defence for Bar\u00e7a. The defender is 18 years old and is valued at 30 million","breadcrumb":{"@id":"https:\/\/www.fcbarcelonanoticias.com\/en\/transfers\/barcelona-surprise-option-reinforce-centre-defense_307678_102.html#breadcrumb"},"inLanguage":"en-US","potentialAction":[{"@type":"ReadAction","target":["https:\/\/www.fcbarcelonanoticias.com\/en\/transfers\/barcelona-surprise-option-reinforce-centre-defense_307678_102.html"]}]},{"@type":"ImageObject","inLanguage":"en-US","@id":"https:\/\/www.fcbarcelonanoticias.com\/en\/transfers\/barcelona-surprise-option-reinforce-centre-defense_307678_102.html#primaryimage","url":"https:\/\/www.fcbarcelonanoticias.com\/en\/wp-content\/uploads\/sites\/2\/2024\/10\/jorrel-hato-ajax-1.jpeg","contentUrl":"https:\/\/www.fcbarcelonanoticias.com\/en\/wp-content\/uploads\/sites\/2\/2024\/10\/jorrel-hato-ajax-1.jpeg","width":1250,"height":730},{"@type":"BreadcrumbList","@id":"https:\/\/www.fcbarcelonanoticias.com\/en\/transfers\/barcelona-surprise-option-reinforce-centre-defense_307678_102.html#breadcrumb","itemListElement":[{"@type":"ListItem","position":1,"name":"Portada","item":"https:\/\/www.fcbarcelonanoticias.com\/en\/"},{"@type":"ListItem","position":2,"name":"FC Barcelona&#8217;s surprise option to reinforce the centre of defence"}]},{"@type":"WebSite","@id":"https:\/\/www.fcbarcelonanoticias.com\/en\/#website","url":"https:\/\/www.fcbarcelonanoticias.com\/en\/","name":"EN - FC Barcelona Noticias","description":"","potentialAction":[{"@type":"SearchAction","target":{"@type":"EntryPoint","urlTemplate":"https:\/\/www.fcbarcelonanoticias.com\/en\/?s={search_term_string}"},"query-input":{"@type":"PropertyValueSpecification","valueRequired":true,"valueName":"search_term_string"}}],"inLanguage":"en-US"},{"@type":"Person","@id":"https:\/\/www.fcbarcelonanoticias.com\/en\/#\/schema\/person\/88d756918a0a1ae9fa593b5edddd1815","name":"Juan Pablo Berdugo","image":{"@type":"ImageObject","inLanguage":"en-US","@id":"https:\/\/secure.gravatar.com\/avatar\/?s=96&d=mm&r=g","url":"https:\/\/secure.gravatar.com\/avatar\/?s=96&d=mm&r=g","contentUrl":"https:\/\/secure.gravatar.com\/avatar\/?s=96&d=mm&r=g","caption":"Juan Pablo Berdugo"},"description":"Juan Pablo Berdugo es graduado en Periodismo. Colabora con FCBN como especialista en informaci\u00f3n del primer equipo del FC Barcelona, f\u00fatbol internacional y mercado de fichajes. Destaca por su enfoque anal\u00edtico, su rigor informativo y su capacidad para detectar tendencias emergentes en el f\u00fatbol global.","url":"https:\/\/www.fcbarcelonanoticias.com\/en\/fc-barcelona\/juan-pablo-berdugo_18_115.html"}]}},"_links":{"self":[{"href":"https:\/\/www.fcbarcelonanoticias.com\/en\/wp-json\/wp\/v2\/posts\/95882","targetHints":{"allow":["GET"]}}],"collection":[{"href":"https:\/\/www.fcbarcelonanoticias.com\/en\/wp-json\/wp\/v2\/posts"}],"about":[{"href":"https:\/\/www.fcbarcelonanoticias.com\/en\/wp-json\/wp\/v2\/types\/post"}],"author":[{"embeddable":true,"href":"https:\/\/www.fcbarcelonanoticias.com\/en\/wp-json\/wp\/v2\/users\/358"}],"replies":[{"embeddable":true,"href":"https:\/\/www.fcbarcelonanoticias.com\/en\/wp-json\/wp\/v2\/comments?post=95882"}],"version-history":[{"count":1,"href":"https:\/\/www.fcbarcelonanoticias.com\/en\/wp-json\/wp\/v2\/posts\/95882\/revisions"}],"predecessor-version":[{"id":125243,"href":"https:\/\/www.fcbarcelonanoticias.com\/en\/wp-json\/wp\/v2\/posts\/95882\/revisions\/125243"}],"wp:featuredmedia":[{"embeddable":true,"href":"https:\/\/www.fcbarcelonanoticias.com\/en\/wp-json\/wp\/v2\/media\/95896"}],"wp:attachment":[{"href":"https:\/\/www.fcbarcelonanoticias.com\/en\/wp-json\/wp\/v2\/media?parent=95882"}],"wp:term":[{"taxonomy":"category","embeddable":true,"href":"https:\/\/www.fcbarcelonanoticias.com\/en\/wp-json\/wp\/v2\/categories?post=95882"},{"taxonomy":"post_tag","embeddable":true,"href":"https:\/\/www.fcbarcelonanoticias.com\/en\/wp-json\/wp\/v2\/tags?post=95882"}],"curies":[{"name":"wp","href":"https:\/\/api.w.org\/{rel}","templated":true}]}}