{"id":95889,"date":"2025-06-10T04:48:00","date_gmt":"2025-06-10T02:48:00","guid":{"rendered":"https:\/\/weisetech.dev\/fc-barcelona-noticias\/en\/consummate-failure-madrid-puts-arda-guler-on-market_313010_102\/"},"modified":"2026-03-27T11:34:53","modified_gmt":"2026-03-27T10:34:53","slug":"consummate-failure-madrid-puts-arda-guler-on-market_313010_102","status":"publish","type":"post","link":"https:\/\/www.fcbarcelonanoticias.com\/en\/transfers\/consummate-failure-madrid-puts-arda-guler-on-market_313010_102.html","title":{"rendered":"Consummate failure: Madrid puts Arda G\u00fcler on the market"},"content":{"rendered":"<h2 class=\"wp-block-heading\">The signing of Franco Mastantuono opens the door for Arda G\u00fcler to leave Real Madrid. The Whites &#8216;stole&#8217; the Turk from Bar\u00e7a in 2023, but now they are looking to get rid of him<\/h2>  \r\n<div class=\"article-addons\">\r\n    <a href=\"https:\/\/www.fcbarcelonanoticias.com\/en\/calendar-fc-barcelona.html\"\r\n       target=\"_self\"\r\n       title=\"Calendar of FC Barcelona\"\r\n       class=\"blue-gredient-btn\">\r\n       \r\n        Calendar of FC Barcelona    <\/a>\r\n<\/div>   <p>Real Madrid has serious options to put Arda G\u00fcler on the market next summer. The Turk has not managed to settle in the team in his first two seasons and, despite <a data-external=\"0\" data-intl-links-en=\"https:\/\/www.fcbarcelonanoticias.com\/en\/real-madrid\/real-madrid-barcelona-ancelotti-record_312562_102.html\" data-intl-links-es=\"https:\/\/www.fcbarcelonanoticias.com\/real-madrid\/real-madrid-barcelona-clasicos-ancelotti_312562_102.html\" href=\"https:\/\/www.fcbarcelonanoticias.com\/en\/real-madrid\/real-madrid-barcelona-ancelotti-record_312562_102.html\" rel=\"follow\" target=\"_self\" title=\"LAST dramatic DANCE of Ancelotti against Bar\u00e7a: History of the Cl\u00e1sicos\">Carlo Ancelotti&#8217;s departure from the &#8216;merengue&#8217; bench<\/a>, a weighty factor seems to seal his departure from the &#8216;Casa Blanca&#8217; this summer.<\/p>  <p>Madrid has closed an agreement with River Plate of Argentina for the transfer of Franco Mastantuono. <strong>The 17-year-old will arrive in Chamart\u00edn in exchange for 45 million euros<\/strong> and, being a footballer with similar characteristics (he is a natural right winger, but can also play as an inside midfielder or attacking midfielder), he will occupy the position theoretically reserved for G\u00fcler.<\/p>  <div class=\"cke-element cke-element--102\"><section class=\"c-related-article\"><figure class=\"c-image__fig\"><a href=\"https:\/\/www.fcbarcelonanoticias.com\/en\/fichajes\/real-madrid-desafia-fair-play-financiero-con-fichaje-mastantuono_312982_102.html\" title=\"Madrid challenges financial fair play with the signing of Mastantuono\" class=\"c-image__imglink\"><picture><img decoding=\"async\" src=\"https:\/\/www.fcbarcelonanoticias.com\/wp-content\/uploads\/sites\/2\/2025\/06\/fcbn-843ea8d995042e3e57286bdcefecf967.jpeg\" alt=\"Madrid challenges financial fair play with the signing of Mastantuono\" title=\"Madrid challenges financial fair play with the signing of Mastantuono\" class=\"c-image__img\" width=\"1200\" height=\"675\" loading=\"lazy\"><\/picture><\/a>     <\/figure><div class=\"c-related-article__wrapper\">         <p class=\"c-related-article__avantitle\">Related<\/p>         <h4 class=\"c-related-article__title\">             <a href=\"https:\/\/www.fcbarcelonanoticias.com\/en\/fichajes\/real-madrid-desafia-fair-play-financiero-con-fichaje-mastantuono_312982_102.html\" title=\"Real Madrid defies 'Financial Fair Play' with the signing of Mastantuono\" class=\"c-related-article__link\">                 Real Madrid defies &#8216;Financial Fair Play&#8217; with the signing of Mastantuono             <\/a>         <\/h4>     <\/div> <\/section><\/div>  <h2>Arda G\u00fcler&#8217;s signing for Madrid, a fiasco from start to finish<\/h2>  <p>The Ankara native landed in the Spanish capital in 2023 in exchange for 20 net &#8216;kilos&#8217; plus another 8 million extras in variables. Although it was a strategic signing, <a data-external=\"0\" data-intl-links-en=\"https:\/\/www.fcbarcelonanoticias.com\/en\/transfers\/arda-guler-reveals-some-of-the-reasons-why-she-chose-madrid-over-barca_303089_102.html\" data-intl-links-es=\"https:\/\/www.fcbarcelonanoticias.com\/fichajes\/arda-guler-desvela-algunas-razones-por-eligio-madrid-por-encima-barca_303089_102.html\" href=\"https:\/\/www.fcbarcelonanoticias.com\/en\/transfers\/arda-guler-reveals-some-of-the-reasons-why-she-chose-madrid-over-barca_303089_102.html\" rel=\"follow\" target=\"_self\" title=\"Arda G\u00fcler reveals some of the reasons why she chose Madrid over Bar\u00e7a\">preventing FC Barcelona from closing a transfer that was almost done with Fenerbahce<\/a>, sportingly the operation has been a real fiasco.<\/p>  <p>Arda was injured in his first season and only began to gain momentum in early 2024. In his second season, however, <strong>the signings of Kylian Mbapp\u00e9 and Endrick condemned him to ostracism<\/strong>.<\/p>  <p>In addition, <strong>Ancelotti&#8217;s refusal to bet on the young players in the squad<\/strong> when injuries and the poor performance of his &#8216;gal\u00e1cticos&#8217; hit the team ended up exhausting the patience of the Turk and his entourage.&nbsp;<\/p>  <p>With the signing of Mastantuono, his departure seems logical, since Xabi Alonso will have to put the Argentine on the right, yes or yes. In winter there was speculation about <strong>G\u00fcler&#8217;s return to his country or a possible loan to Inter Milan<\/strong>, which, finally, did not materialize.<\/p>  <div class=\"cke-element cke-element--102\"><section class=\"c-related-article\"><figure class=\"c-image__fig\"><a href=\"https:\/\/www.fcbarcelonanoticias.com\/en\/fichajes\/fin-aventura-en-madrid-arda-guler-busca-su-salvacion-en-inter_311610_102.html\" title=\"ca osasuna v real madrid cf la liga ea sports (2) (1)\" class=\"c-image__imglink\"><picture><img decoding=\"async\" src=\"https:\/\/www.fcbarcelonanoticias.com\/wp-content\/uploads\/sites\/2\/2025\/06\/fcbn-082af7b3e60cbcccdb0d4f8cf2d9b7a9.webp\" alt=\"ca osasuna v real madrid cf la liga ea sports (2) (1)\" title=\"ca osasuna v real madrid cf la liga ea sports (2) (1)\" class=\"c-image__img\" width=\"1200\" height=\"675\" loading=\"lazy\"><\/picture><\/a>     <\/figure><div class=\"c-related-article__wrapper\">         <p class=\"c-related-article__avantitle\">Related<\/p>         <h4 class=\"c-related-article__title\">             <a href=\"https:\/\/www.fcbarcelonanoticias.com\/en\/fichajes\/fin-aventura-en-madrid-arda-guler-busca-su-salvacion-en-inter_311610_102.html\" title=\"End of the adventure in Madrid? Arda G\u00fcler seeks his salvation at Inter\" class=\"c-related-article__link\">                 End of the adventure in Madrid? Arda G\u00fcler seeks his salvation at Inter             <\/a>         <\/h4>     <\/div> <\/section><\/div>  <h2>The Premier League, a possible escape route for Arda G\u00fcler<\/h2>  <p>As for the summer market, the latest information about the Turkish midfielder points to the Premier League as a possible destination for the 20-year-old player. <strong>Arsenal and Manchester United have shown interest in the Ankara native<\/strong>, although the &#8216;gunners&#8217; have already made their first formal offer.<\/p>  <p>In principle, <strong>the London club would offer 30 million net for Arda G\u00fcler<\/strong>. A reasonable figure, since the Fenerbahce youth player is still valued at around 45 &#8216;kilos&#8217; in Transfermarkt despite his limited role in Madrid.<\/p>  <p>In 24\/25, the Turk played 45 games (only 18 as a starter) in which he scored 5 goals and provided 9 assists. Carlo Ancelotti only gave him continuity in the last month of competition, when <strong>Rodrygo Goes<\/strong> was removed from the team due to alleged physical problems. The Brazilian, in fact, is also on the ropes for next season.<\/p>  <div class=\"cke-element cke-element--102\"><section class=\"c-related-article\"><figure class=\"c-image__fig\"><a href=\"https:\/\/www.fcbarcelonanoticias.com\/en\/fichajes\/culebron-verano-rodrygo-piensa-dejar-real-madrid-julio_312946_102.html\" title=\"The soap opera of the summer? Rodrygo plans to leave Real Madrid in July\" class=\"c-image__imglink\"><picture><img decoding=\"async\" src=\"https:\/\/www.fcbarcelonanoticias.com\/wp-content\/uploads\/sites\/2\/2025\/06\/fcbn-396e09295496ef9e5810337bb64d2740.jpeg\" alt=\"The soap opera of the summer? Rodrygo plans to leave Real Madrid in July\" title=\"The soap opera of the summer? Rodrygo plans to leave Real Madrid in July\" class=\"c-image__img\" width=\"1200\" height=\"675\" loading=\"lazy\"><\/picture><\/a>     <\/figure><div class=\"c-related-article__wrapper\">         <p class=\"c-related-article__avantitle\">Related<\/p>         <h4 class=\"c-related-article__title\">             <a href=\"https:\/\/www.fcbarcelonanoticias.com\/en\/fichajes\/culebron-verano-rodrygo-piensa-dejar-real-madrid-julio_312946_102.html\" title=\"The 'soap opera' of the summer? Rodrygo thinks about leaving Real Madrid in July\" class=\"c-related-article__link\">                 The &#8216;soap opera&#8217; of the summer? Rodrygo thinks about leaving Real Madrid in July             <\/a>         <\/h4>     <\/div> <\/section><\/div>  <p><strong>Arda G\u00fcler&#8217;s records with Real Madrid<\/strong><\/p>  <ol> <li> <strong>Matches played<\/strong>: 55<\/li> \t<li> <strong>Minutes played<\/strong>:&nbsp;2,215<\/li> \t<li> <strong>Goals<\/strong>: 11<\/li> \t<li> <strong>Assists<\/strong>: 9<\/li> \t<li> <strong>Warnings<\/strong>: 2<\/li> <\/ol> ","protected":false},"excerpt":{"rendered":"<p>The signing of Franco Mastantuono opens the door for Arda G\u00fcler to leave Real Madrid. The Whites &#8216;stole&#8217; the Turk from Bar\u00e7a in 2023, but now they are looking to get rid of him Real Madrid has serious options to put Arda G\u00fcler on the market next summer. The Turk has not managed to settle [&hellip;]<\/p>\n","protected":false},"author":347,"featured_media":95900,"comment_status":"closed","ping_status":"open","sticky":false,"template":"","format":"standard","meta":{"_acf_changed":false,"inline_featured_image":false,"_nextfly_llmd_date_locked":false,"footnotes":""},"categories":[449,106],"tags":[177,261],"class_list":["post-95889","post","type-post","status-publish","format-standard","has-post-thumbnail","hentry","category-transfers-2","category-transfers","tag-florentino-perez","tag-football-transfer-rumors"],"acf":[],"yoast_head":"<!-- This site is optimized with the Yoast SEO plugin v27.3 - https:\/\/yoast.com\/product\/yoast-seo-wordpress\/ -->\n<title>Consummate failure: Madrid puts Arda G\u00fcler on the market<\/title>\n<meta name=\"description\" content=\"Arda G\u00fcler runs out of space at Real Madrid after the imminent arrival of Franco Mastantuono. What will be the Turk&#039;s next team?\" \/>\n<meta name=\"robots\" content=\"index, follow, max-snippet:-1, max-image-preview:large, max-video-preview:-1\" \/>\n<link rel=\"canonical\" href=\"https:\/\/www.fcbarcelonanoticias.com\/en\/transfers\/consummate-failure-madrid-puts-arda-guler-on-market_313010_102.html\" \/>\n<meta property=\"og:locale\" content=\"en_US\" \/>\n<meta property=\"og:type\" content=\"article\" \/>\n<meta property=\"og:title\" content=\"Consummate failure: Madrid puts Arda G\u00fcler on the market\" \/>\n<meta property=\"og:description\" content=\"Arda G\u00fcler runs out of space at Real Madrid after the imminent arrival of Franco Mastantuono. What will be the Turk&#039;s next team?\" \/>\n<meta property=\"og:url\" content=\"https:\/\/www.fcbarcelonanoticias.com\/en\/transfers\/consummate-failure-madrid-puts-arda-guler-on-market_313010_102.html\" \/>\n<meta property=\"og:site_name\" content=\"EN - FC Barcelona Noticias\" \/>\n<meta property=\"article:published_time\" content=\"2025-06-10T02:48:00+00:00\" \/>\n<meta property=\"article:modified_time\" content=\"2026-03-27T10:34:53+00:00\" \/>\n<meta property=\"og:image\" content=\"https:\/\/www.fcbarcelonanoticias.com\/en\/wp-content\/uploads\/sites\/2\/2025\/06\/arda-guler-real-madrid.jpeg\" \/>\n\t<meta property=\"og:image:width\" content=\"1200\" \/>\n\t<meta property=\"og:image:height\" content=\"675\" \/>\n\t<meta property=\"og:image:type\" content=\"image\/jpeg\" \/>\n<meta name=\"author\" content=\"Andr\u00e9s Quiroz\" \/>\n<meta name=\"twitter:card\" content=\"summary_large_image\" \/>\n<meta name=\"twitter:label1\" content=\"Written by\" \/>\n\t<meta name=\"twitter:data1\" content=\"Andr\u00e9s Quiroz\" \/>\n\t<meta name=\"twitter:label2\" content=\"Est. reading time\" \/>\n\t<meta name=\"twitter:data2\" content=\"3 minutes\" \/>\n<script type=\"application\/ld+json\" class=\"yoast-schema-graph\">{\"@context\":\"https:\\\/\\\/schema.org\",\"@graph\":[{\"@type\":\"Article\",\"@id\":\"https:\\\/\\\/www.fcbarcelonanoticias.com\\\/en\\\/transfers\\\/consummate-failure-madrid-puts-arda-guler-on-market_313010_102.html#article\",\"isPartOf\":{\"@id\":\"https:\\\/\\\/www.fcbarcelonanoticias.com\\\/en\\\/transfers\\\/consummate-failure-madrid-puts-arda-guler-on-market_313010_102.html\"},\"author\":{\"name\":\"Andr\u00e9s Quiroz\",\"@id\":\"https:\\\/\\\/www.fcbarcelonanoticias.com\\\/en\\\/#\\\/schema\\\/person\\\/c2cd9f6fa1af5c0d0eccd0fefa575c88\"},\"headline\":\"Consummate failure: Madrid puts Arda G\u00fcler on the market\",\"datePublished\":\"2025-06-10T02:48:00+00:00\",\"dateModified\":\"2026-03-27T10:34:53+00:00\",\"mainEntityOfPage\":{\"@id\":\"https:\\\/\\\/www.fcbarcelonanoticias.com\\\/en\\\/transfers\\\/consummate-failure-madrid-puts-arda-guler-on-market_313010_102.html\"},\"wordCount\":544,\"image\":{\"@id\":\"https:\\\/\\\/www.fcbarcelonanoticias.com\\\/en\\\/transfers\\\/consummate-failure-madrid-puts-arda-guler-on-market_313010_102.html#primaryimage\"},\"thumbnailUrl\":\"https:\\\/\\\/www.fcbarcelonanoticias.com\\\/en\\\/wp-content\\\/uploads\\\/sites\\\/2\\\/2025\\\/06\\\/arda-guler-real-madrid.jpeg\",\"keywords\":[\"Florentino P\u00e9rez\",\"Transfer Rumors\"],\"articleSection\":[\"Transfers\",\"Transfers\"],\"inLanguage\":\"en-US\"},{\"@type\":\"WebPage\",\"@id\":\"https:\\\/\\\/www.fcbarcelonanoticias.com\\\/en\\\/transfers\\\/consummate-failure-madrid-puts-arda-guler-on-market_313010_102.html\",\"url\":\"https:\\\/\\\/www.fcbarcelonanoticias.com\\\/en\\\/transfers\\\/consummate-failure-madrid-puts-arda-guler-on-market_313010_102.html\",\"name\":\"Consummate failure: Madrid puts Arda G\u00fcler on the market\",\"isPartOf\":{\"@id\":\"https:\\\/\\\/www.fcbarcelonanoticias.com\\\/en\\\/#website\"},\"primaryImageOfPage\":{\"@id\":\"https:\\\/\\\/www.fcbarcelonanoticias.com\\\/en\\\/transfers\\\/consummate-failure-madrid-puts-arda-guler-on-market_313010_102.html#primaryimage\"},\"image\":{\"@id\":\"https:\\\/\\\/www.fcbarcelonanoticias.com\\\/en\\\/transfers\\\/consummate-failure-madrid-puts-arda-guler-on-market_313010_102.html#primaryimage\"},\"thumbnailUrl\":\"https:\\\/\\\/www.fcbarcelonanoticias.com\\\/en\\\/wp-content\\\/uploads\\\/sites\\\/2\\\/2025\\\/06\\\/arda-guler-real-madrid.jpeg\",\"datePublished\":\"2025-06-10T02:48:00+00:00\",\"dateModified\":\"2026-03-27T10:34:53+00:00\",\"author\":{\"@id\":\"https:\\\/\\\/www.fcbarcelonanoticias.com\\\/en\\\/#\\\/schema\\\/person\\\/c2cd9f6fa1af5c0d0eccd0fefa575c88\"},\"description\":\"Arda G\u00fcler runs out of space at Real Madrid after the imminent arrival of Franco Mastantuono. What will be the Turk's next team?\",\"breadcrumb\":{\"@id\":\"https:\\\/\\\/www.fcbarcelonanoticias.com\\\/en\\\/transfers\\\/consummate-failure-madrid-puts-arda-guler-on-market_313010_102.html#breadcrumb\"},\"inLanguage\":\"en-US\",\"potentialAction\":[{\"@type\":\"ReadAction\",\"target\":[\"https:\\\/\\\/www.fcbarcelonanoticias.com\\\/en\\\/transfers\\\/consummate-failure-madrid-puts-arda-guler-on-market_313010_102.html\"]}]},{\"@type\":\"ImageObject\",\"inLanguage\":\"en-US\",\"@id\":\"https:\\\/\\\/www.fcbarcelonanoticias.com\\\/en\\\/transfers\\\/consummate-failure-madrid-puts-arda-guler-on-market_313010_102.html#primaryimage\",\"url\":\"https:\\\/\\\/www.fcbarcelonanoticias.com\\\/en\\\/wp-content\\\/uploads\\\/sites\\\/2\\\/2025\\\/06\\\/arda-guler-real-madrid.jpeg\",\"contentUrl\":\"https:\\\/\\\/www.fcbarcelonanoticias.com\\\/en\\\/wp-content\\\/uploads\\\/sites\\\/2\\\/2025\\\/06\\\/arda-guler-real-madrid.jpeg\",\"width\":1200,\"height\":675},{\"@type\":\"BreadcrumbList\",\"@id\":\"https:\\\/\\\/www.fcbarcelonanoticias.com\\\/en\\\/transfers\\\/consummate-failure-madrid-puts-arda-guler-on-market_313010_102.html#breadcrumb\",\"itemListElement\":[{\"@type\":\"ListItem\",\"position\":1,\"name\":\"Portada\",\"item\":\"https:\\\/\\\/www.fcbarcelonanoticias.com\\\/en\\\/\"},{\"@type\":\"ListItem\",\"position\":2,\"name\":\"Consummate failure: Madrid puts Arda G\u00fcler on the market\"}]},{\"@type\":\"WebSite\",\"@id\":\"https:\\\/\\\/www.fcbarcelonanoticias.com\\\/en\\\/#website\",\"url\":\"https:\\\/\\\/www.fcbarcelonanoticias.com\\\/en\\\/\",\"name\":\"EN - FC Barcelona Noticias\",\"description\":\"\",\"potentialAction\":[{\"@type\":\"SearchAction\",\"target\":{\"@type\":\"EntryPoint\",\"urlTemplate\":\"https:\\\/\\\/www.fcbarcelonanoticias.com\\\/en\\\/?s={search_term_string}\"},\"query-input\":{\"@type\":\"PropertyValueSpecification\",\"valueRequired\":true,\"valueName\":\"search_term_string\"}}],\"inLanguage\":\"en-US\"},{\"@type\":\"Person\",\"@id\":\"https:\\\/\\\/www.fcbarcelonanoticias.com\\\/en\\\/#\\\/schema\\\/person\\\/c2cd9f6fa1af5c0d0eccd0fefa575c88\",\"name\":\"Andr\u00e9s Quiroz\",\"image\":{\"@type\":\"ImageObject\",\"inLanguage\":\"en-US\",\"@id\":\"https:\\\/\\\/secure.gravatar.com\\\/avatar\\\/?s=96&d=mm&r=g\",\"url\":\"https:\\\/\\\/secure.gravatar.com\\\/avatar\\\/?s=96&d=mm&r=g\",\"contentUrl\":\"https:\\\/\\\/secure.gravatar.com\\\/avatar\\\/?s=96&d=mm&r=g\",\"caption\":\"Andr\u00e9s Quiroz\"},\"description\":\"Licenciado en Periodismo por la Universidad de los Andes. Me encargo de analizar y compartir los contenidos m\u00e1s destacados de la\u00a0actualidad del F\u00fatbol Club Barcelona, Mercado de Fichajes y F\u00fatbol Internacional en FCBN. La informaci\u00f3n es poder, pero tambi\u00e9n conocimiento.\",\"url\":\"https:\\\/\\\/www.fcbarcelonanoticias.com\\\/en\\\/fc-barcelona\\\/andres-quiroz_17_115.html\"}]}<\/script>\n<!-- \/ Yoast SEO plugin. -->","yoast_head_json":{"title":"Consummate failure: Madrid puts Arda G\u00fcler on the market","description":"Arda G\u00fcler runs out of space at Real Madrid after the imminent arrival of Franco Mastantuono. What will be the Turk's next team?","robots":{"index":"index","follow":"follow","max-snippet":"max-snippet:-1","max-image-preview":"max-image-preview:large","max-video-preview":"max-video-preview:-1"},"canonical":"https:\/\/www.fcbarcelonanoticias.com\/en\/transfers\/consummate-failure-madrid-puts-arda-guler-on-market_313010_102.html","og_locale":"en_US","og_type":"article","og_title":"Consummate failure: Madrid puts Arda G\u00fcler on the market","og_description":"Arda G\u00fcler runs out of space at Real Madrid after the imminent arrival of Franco Mastantuono. What will be the Turk's next team?","og_url":"https:\/\/www.fcbarcelonanoticias.com\/en\/transfers\/consummate-failure-madrid-puts-arda-guler-on-market_313010_102.html","og_site_name":"EN - FC Barcelona Noticias","article_published_time":"2025-06-10T02:48:00+00:00","article_modified_time":"2026-03-27T10:34:53+00:00","og_image":[{"width":1200,"height":675,"url":"https:\/\/www.fcbarcelonanoticias.com\/en\/wp-content\/uploads\/sites\/2\/2025\/06\/arda-guler-real-madrid.jpeg","type":"image\/jpeg"}],"author":"Andr\u00e9s Quiroz","twitter_card":"summary_large_image","twitter_misc":{"Written by":"Andr\u00e9s Quiroz","Est. reading time":"3 minutes"},"schema":{"@context":"https:\/\/schema.org","@graph":[{"@type":"Article","@id":"https:\/\/www.fcbarcelonanoticias.com\/en\/transfers\/consummate-failure-madrid-puts-arda-guler-on-market_313010_102.html#article","isPartOf":{"@id":"https:\/\/www.fcbarcelonanoticias.com\/en\/transfers\/consummate-failure-madrid-puts-arda-guler-on-market_313010_102.html"},"author":{"name":"Andr\u00e9s Quiroz","@id":"https:\/\/www.fcbarcelonanoticias.com\/en\/#\/schema\/person\/c2cd9f6fa1af5c0d0eccd0fefa575c88"},"headline":"Consummate failure: Madrid puts Arda G\u00fcler on the market","datePublished":"2025-06-10T02:48:00+00:00","dateModified":"2026-03-27T10:34:53+00:00","mainEntityOfPage":{"@id":"https:\/\/www.fcbarcelonanoticias.com\/en\/transfers\/consummate-failure-madrid-puts-arda-guler-on-market_313010_102.html"},"wordCount":544,"image":{"@id":"https:\/\/www.fcbarcelonanoticias.com\/en\/transfers\/consummate-failure-madrid-puts-arda-guler-on-market_313010_102.html#primaryimage"},"thumbnailUrl":"https:\/\/www.fcbarcelonanoticias.com\/en\/wp-content\/uploads\/sites\/2\/2025\/06\/arda-guler-real-madrid.jpeg","keywords":["Florentino P\u00e9rez","Transfer Rumors"],"articleSection":["Transfers","Transfers"],"inLanguage":"en-US"},{"@type":"WebPage","@id":"https:\/\/www.fcbarcelonanoticias.com\/en\/transfers\/consummate-failure-madrid-puts-arda-guler-on-market_313010_102.html","url":"https:\/\/www.fcbarcelonanoticias.com\/en\/transfers\/consummate-failure-madrid-puts-arda-guler-on-market_313010_102.html","name":"Consummate failure: Madrid puts Arda G\u00fcler on the market","isPartOf":{"@id":"https:\/\/www.fcbarcelonanoticias.com\/en\/#website"},"primaryImageOfPage":{"@id":"https:\/\/www.fcbarcelonanoticias.com\/en\/transfers\/consummate-failure-madrid-puts-arda-guler-on-market_313010_102.html#primaryimage"},"image":{"@id":"https:\/\/www.fcbarcelonanoticias.com\/en\/transfers\/consummate-failure-madrid-puts-arda-guler-on-market_313010_102.html#primaryimage"},"thumbnailUrl":"https:\/\/www.fcbarcelonanoticias.com\/en\/wp-content\/uploads\/sites\/2\/2025\/06\/arda-guler-real-madrid.jpeg","datePublished":"2025-06-10T02:48:00+00:00","dateModified":"2026-03-27T10:34:53+00:00","author":{"@id":"https:\/\/www.fcbarcelonanoticias.com\/en\/#\/schema\/person\/c2cd9f6fa1af5c0d0eccd0fefa575c88"},"description":"Arda G\u00fcler runs out of space at Real Madrid after the imminent arrival of Franco Mastantuono. What will be the Turk's next team?","breadcrumb":{"@id":"https:\/\/www.fcbarcelonanoticias.com\/en\/transfers\/consummate-failure-madrid-puts-arda-guler-on-market_313010_102.html#breadcrumb"},"inLanguage":"en-US","potentialAction":[{"@type":"ReadAction","target":["https:\/\/www.fcbarcelonanoticias.com\/en\/transfers\/consummate-failure-madrid-puts-arda-guler-on-market_313010_102.html"]}]},{"@type":"ImageObject","inLanguage":"en-US","@id":"https:\/\/www.fcbarcelonanoticias.com\/en\/transfers\/consummate-failure-madrid-puts-arda-guler-on-market_313010_102.html#primaryimage","url":"https:\/\/www.fcbarcelonanoticias.com\/en\/wp-content\/uploads\/sites\/2\/2025\/06\/arda-guler-real-madrid.jpeg","contentUrl":"https:\/\/www.fcbarcelonanoticias.com\/en\/wp-content\/uploads\/sites\/2\/2025\/06\/arda-guler-real-madrid.jpeg","width":1200,"height":675},{"@type":"BreadcrumbList","@id":"https:\/\/www.fcbarcelonanoticias.com\/en\/transfers\/consummate-failure-madrid-puts-arda-guler-on-market_313010_102.html#breadcrumb","itemListElement":[{"@type":"ListItem","position":1,"name":"Portada","item":"https:\/\/www.fcbarcelonanoticias.com\/en\/"},{"@type":"ListItem","position":2,"name":"Consummate failure: Madrid puts Arda G\u00fcler on the market"}]},{"@type":"WebSite","@id":"https:\/\/www.fcbarcelonanoticias.com\/en\/#website","url":"https:\/\/www.fcbarcelonanoticias.com\/en\/","name":"EN - FC Barcelona Noticias","description":"","potentialAction":[{"@type":"SearchAction","target":{"@type":"EntryPoint","urlTemplate":"https:\/\/www.fcbarcelonanoticias.com\/en\/?s={search_term_string}"},"query-input":{"@type":"PropertyValueSpecification","valueRequired":true,"valueName":"search_term_string"}}],"inLanguage":"en-US"},{"@type":"Person","@id":"https:\/\/www.fcbarcelonanoticias.com\/en\/#\/schema\/person\/c2cd9f6fa1af5c0d0eccd0fefa575c88","name":"Andr\u00e9s Quiroz","image":{"@type":"ImageObject","inLanguage":"en-US","@id":"https:\/\/secure.gravatar.com\/avatar\/?s=96&d=mm&r=g","url":"https:\/\/secure.gravatar.com\/avatar\/?s=96&d=mm&r=g","contentUrl":"https:\/\/secure.gravatar.com\/avatar\/?s=96&d=mm&r=g","caption":"Andr\u00e9s Quiroz"},"description":"Licenciado en Periodismo por la Universidad de los Andes. Me encargo de analizar y compartir los contenidos m\u00e1s destacados de la\u00a0actualidad del F\u00fatbol Club Barcelona, Mercado de Fichajes y F\u00fatbol Internacional en FCBN. La informaci\u00f3n es poder, pero tambi\u00e9n conocimiento.","url":"https:\/\/www.fcbarcelonanoticias.com\/en\/fc-barcelona\/andres-quiroz_17_115.html"}]}},"_links":{"self":[{"href":"https:\/\/www.fcbarcelonanoticias.com\/en\/wp-json\/wp\/v2\/posts\/95889","targetHints":{"allow":["GET"]}}],"collection":[{"href":"https:\/\/www.fcbarcelonanoticias.com\/en\/wp-json\/wp\/v2\/posts"}],"about":[{"href":"https:\/\/www.fcbarcelonanoticias.com\/en\/wp-json\/wp\/v2\/types\/post"}],"author":[{"embeddable":true,"href":"https:\/\/www.fcbarcelonanoticias.com\/en\/wp-json\/wp\/v2\/users\/347"}],"replies":[{"embeddable":true,"href":"https:\/\/www.fcbarcelonanoticias.com\/en\/wp-json\/wp\/v2\/comments?post=95889"}],"version-history":[{"count":2,"href":"https:\/\/www.fcbarcelonanoticias.com\/en\/wp-json\/wp\/v2\/posts\/95889\/revisions"}],"predecessor-version":[{"id":159695,"href":"https:\/\/www.fcbarcelonanoticias.com\/en\/wp-json\/wp\/v2\/posts\/95889\/revisions\/159695"}],"wp:featuredmedia":[{"embeddable":true,"href":"https:\/\/www.fcbarcelonanoticias.com\/en\/wp-json\/wp\/v2\/media\/95900"}],"wp:attachment":[{"href":"https:\/\/www.fcbarcelonanoticias.com\/en\/wp-json\/wp\/v2\/media?parent=95889"}],"wp:term":[{"taxonomy":"category","embeddable":true,"href":"https:\/\/www.fcbarcelonanoticias.com\/en\/wp-json\/wp\/v2\/categories?post=95889"},{"taxonomy":"post_tag","embeddable":true,"href":"https:\/\/www.fcbarcelonanoticias.com\/en\/wp-json\/wp\/v2\/tags?post=95889"}],"curies":[{"name":"wp","href":"https:\/\/api.w.org\/{rel}","templated":true}]}}