{"id":95914,"date":"2023-08-11T10:15:00","date_gmt":"2023-08-11T08:15:00","guid":{"rendered":"https:\/\/weisetech.dev\/fc-barcelona-noticias\/en\/imminent-summit-for-future-vitor-roque_295009_102\/"},"modified":"2023-08-11T12:24:00","modified_gmt":"2023-08-11T10:24:00","slug":"imminent-summit-for-future-vitor-roque_295009_102","status":"publish","type":"post","link":"https:\/\/www.fcbarcelonanoticias.com\/en\/transfers\/imminent-summit-for-future-vitor-roque_295009_102.html","title":{"rendered":"Imminent &#8216;Summit&#8217; for the future of Vitor Roque!"},"content":{"rendered":"<h2 class=\"wp-block-heading\">Despite the fact that Athletico Paranaense &#8216;advanced&#8217; that they have Vitor Roque until the end of 2023, FC Barcelona intend to insist on landing in Barcelona this summer<\/h2>  \r\n<div class=\"article-addons\">\r\n    <a href=\"https:\/\/www.fcbarcelonanoticias.com\/en\/calendar-fc-barcelona.html\"\r\n       target=\"_self\"\r\n       title=\"Calendar of FC Barcelona\"\r\n       class=\"blue-gredient-btn\">\r\n       \r\n        Calendar of FC Barcelona    <\/a>\r\n<\/div>   <p><strong>The <a data-external=\"0\" data-intl-links-en=\"https:\/\/www.fcbarcelonanoticias.com\/en\/fc-barcelona\" data-intl-links-es=\"https:\/\/www.fcbarcelonanoticias.com\/fc-barcelona\" href=\"https:\/\/www.fcbarcelonanoticias.com\/en\/football-soccer\/fc-barcelona.html\" rel=\"follow\" target=\"_self\" title=\"FC Barcelona\">FC Barcelona<\/a> keeps the intention to reinforce his forward during this summer, in front of the imminent sale of Ousmane Demb\u00e9l\u00e9 to the Paris Saint-Germain.<\/strong> From the club have descartado that they can fichar to an extra player, by what pretend to exhaust all his options so that Vitor Roque land in the club before the planned. The intention is that recale in the City Condal during this summer, although from the Athletico Paranaense have closed in band.<\/p>  <p>In Brazil have urged to the Bar\u00e7a to respect the agreement that signed, does some weeks, so that the player of 18 years seen of Barcelona from January of 2024. They were the agreed conditions and, <strong>in spite of the urgencies of the Catalans, grasp to the agreement to avoid his escape ahead of time. S<\/strong>in Embargo, during this weekend will produce a meeting between the directors of the &#8216;Furacao&#8217; and the agent of Roque, Andr\u00e9 Cury, to try mediate between both teams and achieve the seen well so that the forward land before 31 July in the City Condal.<\/p>  <h2>The Glass Libertadores changed the history<\/h2>  <p>The initial plan that had Bar\u00e7a and Paranaense was that the player remained in Brazil to finish the season, while it gave margin to the blaugrana to resolve his problems with the Fair Play financial. In January will be in conditions to register him in LaLiga, but in front of the urgencies in the forward of Xavi Hern\u00e1ndez by the exit of Ousmane Demb\u00e9l\u00e9,<strong> have &#8216;understood&#8217; that need more gunpowder and, instead of fichar to a reinforcement, want to have he of immediate way. <\/strong><\/p>  <p>The recent elimination in the Glass Libertadores has intensified the wish of the blaugrana, place was the main aim of the ones of Curitiba this year and the main reason by which wanted to retain to the forward. However, for them it has not changed at all. Alexandre Mattos, sportive director of the club, advanced recently that<strong> &#8220;there is not any option that Vitor Roque firm by the Bar\u00e7a now in August&#8221;,<\/strong> adding that<strong> &#8220;he will go in January, that went the pact that did with the Bar\u00e7a and go it to respect&#8221;<\/strong> and that <strong>&#8220;need it for the last 20 parties to classify us for the Glass Libertadores 2024&#8221;. <\/strong><\/p>  <h2>The Bar\u00e7a does not close the debate<\/h2>  <p>In spite of the conclusive statements of the director of the Paranaense, the Bar\u00e7a pretends to follow insisting in the immediate incorporation of his forward &#8216;star&#8217;. Andr\u00e9 Cury already has displaced to Brazil and has foreseen to keep a meeting with the directors of the club to find pertinent solutions.<strong> It will serve of intermediary to define how much would cost to advance the signing for this summer.<\/strong> It would be an extra cost that, without place to doubts, the Barcelona entity did not have in his accounts.<\/p> ","protected":false},"excerpt":{"rendered":"<p>Despite the fact that Athletico Paranaense &#8216;advanced&#8217; that they have Vitor Roque until the end of 2023, FC Barcelona intend to insist on landing in Barcelona this summer The FC Barcelona keeps the intention to reinforce his forward during this summer, in front of the imminent sale of Ousmane Demb\u00e9l\u00e9 to the Paris Saint-Germain. From [&hellip;]<\/p>\n","protected":false},"author":0,"featured_media":95927,"comment_status":"closed","ping_status":"open","sticky":false,"template":"","format":"standard","meta":{"_acf_changed":false,"inline_featured_image":false,"_nextfly_llmd_date_locked":false,"footnotes":""},"categories":[449,106],"tags":[327],"class_list":["post-95914","post","type-post","status-publish","format-standard","has-post-thumbnail","hentry","category-transfers-2","category-transfers","tag-vitor-roque"],"acf":[],"yoast_head":"<!-- This site is optimized with the Yoast SEO plugin v27.3 - https:\/\/yoast.com\/product\/yoast-seo-wordpress\/ -->\n<title>Imminent &#039;Summit&#039; for the future of Vitor Roque!<\/title>\n<meta name=\"description\" content=\"Although from the Athletico Paranaense &#039;advanced&#039; that have Vitor Roque until finals of 2023, from the FC Barcelona pretend to insist in his landing in the City Condal during this summer\" \/>\n<meta name=\"robots\" content=\"index, follow, max-snippet:-1, max-image-preview:large, max-video-preview:-1\" \/>\n<link rel=\"canonical\" href=\"https:\/\/www.fcbarcelonanoticias.com\/en\/transfers\/imminent-summit-for-future-vitor-roque_295009_102.html\" \/>\n<meta property=\"og:locale\" content=\"en_US\" \/>\n<meta property=\"og:type\" content=\"article\" \/>\n<meta property=\"og:title\" content=\"Imminent &#039;Summit&#039; for the future of Vitor Roque!\" \/>\n<meta property=\"og:description\" content=\"Although from the Athletico Paranaense &#039;advanced&#039; that have Vitor Roque until finals of 2023, from the FC Barcelona pretend to insist in his landing in the City Condal during this summer\" \/>\n<meta property=\"og:url\" content=\"https:\/\/www.fcbarcelonanoticias.com\/en\/transfers\/imminent-summit-for-future-vitor-roque_295009_102.html\" \/>\n<meta property=\"og:site_name\" content=\"EN - FC Barcelona Noticias\" \/>\n<meta property=\"article:published_time\" content=\"2023-08-11T08:15:00+00:00\" \/>\n<meta property=\"article:modified_time\" content=\"2023-08-11T10:24:00+00:00\" \/>\n<meta property=\"og:image\" content=\"https:\/\/www.fcbarcelonanoticias.com\/en\/wp-content\/uploads\/sites\/2\/2023\/08\/vitor-roque-celebra-un-gol-con-el-paranaense.jpeg\" \/>\n\t<meta property=\"og:image:width\" content=\"1250\" \/>\n\t<meta property=\"og:image:height\" content=\"750\" \/>\n\t<meta property=\"og:image:type\" content=\"image\/jpeg\" \/>\n<meta name=\"twitter:card\" content=\"summary_large_image\" \/>\n<meta name=\"twitter:label1\" content=\"Est. reading time\" \/>\n\t<meta name=\"twitter:data1\" content=\"3 minutes\" \/>\n<script type=\"application\/ld+json\" class=\"yoast-schema-graph\">{\"@context\":\"https:\\\/\\\/schema.org\",\"@graph\":[{\"@type\":\"Article\",\"@id\":\"https:\\\/\\\/www.fcbarcelonanoticias.com\\\/en\\\/transfers\\\/imminent-summit-for-future-vitor-roque_295009_102.html#article\",\"isPartOf\":{\"@id\":\"https:\\\/\\\/www.fcbarcelonanoticias.com\\\/en\\\/transfers\\\/imminent-summit-for-future-vitor-roque_295009_102.html\"},\"author\":{\"name\":\"\",\"@id\":\"\"},\"headline\":\"Imminent &#8216;Summit&#8217; for the future of Vitor Roque!\",\"datePublished\":\"2023-08-11T08:15:00+00:00\",\"dateModified\":\"2023-08-11T10:24:00+00:00\",\"mainEntityOfPage\":{\"@id\":\"https:\\\/\\\/www.fcbarcelonanoticias.com\\\/en\\\/transfers\\\/imminent-summit-for-future-vitor-roque_295009_102.html\"},\"wordCount\":513,\"image\":{\"@id\":\"https:\\\/\\\/www.fcbarcelonanoticias.com\\\/en\\\/transfers\\\/imminent-summit-for-future-vitor-roque_295009_102.html#primaryimage\"},\"thumbnailUrl\":\"https:\\\/\\\/www.fcbarcelonanoticias.com\\\/en\\\/wp-content\\\/uploads\\\/sites\\\/2\\\/2023\\\/08\\\/vitor-roque-celebra-un-gol-con-el-paranaense.jpeg\",\"keywords\":[\"Vitor Roque\"],\"articleSection\":[\"Transfers\",\"Transfers\"],\"inLanguage\":\"en-US\"},{\"@type\":\"WebPage\",\"@id\":\"https:\\\/\\\/www.fcbarcelonanoticias.com\\\/en\\\/transfers\\\/imminent-summit-for-future-vitor-roque_295009_102.html\",\"url\":\"https:\\\/\\\/www.fcbarcelonanoticias.com\\\/en\\\/transfers\\\/imminent-summit-for-future-vitor-roque_295009_102.html\",\"name\":\"Imminent 'Summit' for the future of Vitor Roque!\",\"isPartOf\":{\"@id\":\"https:\\\/\\\/www.fcbarcelonanoticias.com\\\/en\\\/#website\"},\"primaryImageOfPage\":{\"@id\":\"https:\\\/\\\/www.fcbarcelonanoticias.com\\\/en\\\/transfers\\\/imminent-summit-for-future-vitor-roque_295009_102.html#primaryimage\"},\"image\":{\"@id\":\"https:\\\/\\\/www.fcbarcelonanoticias.com\\\/en\\\/transfers\\\/imminent-summit-for-future-vitor-roque_295009_102.html#primaryimage\"},\"thumbnailUrl\":\"https:\\\/\\\/www.fcbarcelonanoticias.com\\\/en\\\/wp-content\\\/uploads\\\/sites\\\/2\\\/2023\\\/08\\\/vitor-roque-celebra-un-gol-con-el-paranaense.jpeg\",\"datePublished\":\"2023-08-11T08:15:00+00:00\",\"dateModified\":\"2023-08-11T10:24:00+00:00\",\"author\":{\"@id\":\"\"},\"description\":\"Although from the Athletico Paranaense 'advanced' that have Vitor Roque until finals of 2023, from the FC Barcelona pretend to insist in his landing in the City Condal during this summer\",\"breadcrumb\":{\"@id\":\"https:\\\/\\\/www.fcbarcelonanoticias.com\\\/en\\\/transfers\\\/imminent-summit-for-future-vitor-roque_295009_102.html#breadcrumb\"},\"inLanguage\":\"en-US\",\"potentialAction\":[{\"@type\":\"ReadAction\",\"target\":[\"https:\\\/\\\/www.fcbarcelonanoticias.com\\\/en\\\/transfers\\\/imminent-summit-for-future-vitor-roque_295009_102.html\"]}]},{\"@type\":\"ImageObject\",\"inLanguage\":\"en-US\",\"@id\":\"https:\\\/\\\/www.fcbarcelonanoticias.com\\\/en\\\/transfers\\\/imminent-summit-for-future-vitor-roque_295009_102.html#primaryimage\",\"url\":\"https:\\\/\\\/www.fcbarcelonanoticias.com\\\/en\\\/wp-content\\\/uploads\\\/sites\\\/2\\\/2023\\\/08\\\/vitor-roque-celebra-un-gol-con-el-paranaense.jpeg\",\"contentUrl\":\"https:\\\/\\\/www.fcbarcelonanoticias.com\\\/en\\\/wp-content\\\/uploads\\\/sites\\\/2\\\/2023\\\/08\\\/vitor-roque-celebra-un-gol-con-el-paranaense.jpeg\",\"width\":1250,\"height\":750},{\"@type\":\"BreadcrumbList\",\"@id\":\"https:\\\/\\\/www.fcbarcelonanoticias.com\\\/en\\\/transfers\\\/imminent-summit-for-future-vitor-roque_295009_102.html#breadcrumb\",\"itemListElement\":[{\"@type\":\"ListItem\",\"position\":1,\"name\":\"Portada\",\"item\":\"https:\\\/\\\/www.fcbarcelonanoticias.com\\\/en\\\/\"},{\"@type\":\"ListItem\",\"position\":2,\"name\":\"Imminent &#8216;Summit&#8217; for the future of Vitor Roque!\"}]},{\"@type\":\"WebSite\",\"@id\":\"https:\\\/\\\/www.fcbarcelonanoticias.com\\\/en\\\/#website\",\"url\":\"https:\\\/\\\/www.fcbarcelonanoticias.com\\\/en\\\/\",\"name\":\"EN - FC Barcelona Noticias\",\"description\":\"\",\"potentialAction\":[{\"@type\":\"SearchAction\",\"target\":{\"@type\":\"EntryPoint\",\"urlTemplate\":\"https:\\\/\\\/www.fcbarcelonanoticias.com\\\/en\\\/?s={search_term_string}\"},\"query-input\":{\"@type\":\"PropertyValueSpecification\",\"valueRequired\":true,\"valueName\":\"search_term_string\"}}],\"inLanguage\":\"en-US\"}]}<\/script>\n<!-- \/ Yoast SEO plugin. -->","yoast_head_json":{"title":"Imminent 'Summit' for the future of Vitor Roque!","description":"Although from the Athletico Paranaense 'advanced' that have Vitor Roque until finals of 2023, from the FC Barcelona pretend to insist in his landing in the City Condal during this summer","robots":{"index":"index","follow":"follow","max-snippet":"max-snippet:-1","max-image-preview":"max-image-preview:large","max-video-preview":"max-video-preview:-1"},"canonical":"https:\/\/www.fcbarcelonanoticias.com\/en\/transfers\/imminent-summit-for-future-vitor-roque_295009_102.html","og_locale":"en_US","og_type":"article","og_title":"Imminent 'Summit' for the future of Vitor Roque!","og_description":"Although from the Athletico Paranaense 'advanced' that have Vitor Roque until finals of 2023, from the FC Barcelona pretend to insist in his landing in the City Condal during this summer","og_url":"https:\/\/www.fcbarcelonanoticias.com\/en\/transfers\/imminent-summit-for-future-vitor-roque_295009_102.html","og_site_name":"EN - FC Barcelona Noticias","article_published_time":"2023-08-11T08:15:00+00:00","article_modified_time":"2023-08-11T10:24:00+00:00","og_image":[{"width":1250,"height":750,"url":"https:\/\/www.fcbarcelonanoticias.com\/en\/wp-content\/uploads\/sites\/2\/2023\/08\/vitor-roque-celebra-un-gol-con-el-paranaense.jpeg","type":"image\/jpeg"}],"twitter_card":"summary_large_image","twitter_misc":{"Est. reading time":"3 minutes"},"schema":{"@context":"https:\/\/schema.org","@graph":[{"@type":"Article","@id":"https:\/\/www.fcbarcelonanoticias.com\/en\/transfers\/imminent-summit-for-future-vitor-roque_295009_102.html#article","isPartOf":{"@id":"https:\/\/www.fcbarcelonanoticias.com\/en\/transfers\/imminent-summit-for-future-vitor-roque_295009_102.html"},"author":{"name":"","@id":""},"headline":"Imminent &#8216;Summit&#8217; for the future of Vitor Roque!","datePublished":"2023-08-11T08:15:00+00:00","dateModified":"2023-08-11T10:24:00+00:00","mainEntityOfPage":{"@id":"https:\/\/www.fcbarcelonanoticias.com\/en\/transfers\/imminent-summit-for-future-vitor-roque_295009_102.html"},"wordCount":513,"image":{"@id":"https:\/\/www.fcbarcelonanoticias.com\/en\/transfers\/imminent-summit-for-future-vitor-roque_295009_102.html#primaryimage"},"thumbnailUrl":"https:\/\/www.fcbarcelonanoticias.com\/en\/wp-content\/uploads\/sites\/2\/2023\/08\/vitor-roque-celebra-un-gol-con-el-paranaense.jpeg","keywords":["Vitor Roque"],"articleSection":["Transfers","Transfers"],"inLanguage":"en-US"},{"@type":"WebPage","@id":"https:\/\/www.fcbarcelonanoticias.com\/en\/transfers\/imminent-summit-for-future-vitor-roque_295009_102.html","url":"https:\/\/www.fcbarcelonanoticias.com\/en\/transfers\/imminent-summit-for-future-vitor-roque_295009_102.html","name":"Imminent 'Summit' for the future of Vitor Roque!","isPartOf":{"@id":"https:\/\/www.fcbarcelonanoticias.com\/en\/#website"},"primaryImageOfPage":{"@id":"https:\/\/www.fcbarcelonanoticias.com\/en\/transfers\/imminent-summit-for-future-vitor-roque_295009_102.html#primaryimage"},"image":{"@id":"https:\/\/www.fcbarcelonanoticias.com\/en\/transfers\/imminent-summit-for-future-vitor-roque_295009_102.html#primaryimage"},"thumbnailUrl":"https:\/\/www.fcbarcelonanoticias.com\/en\/wp-content\/uploads\/sites\/2\/2023\/08\/vitor-roque-celebra-un-gol-con-el-paranaense.jpeg","datePublished":"2023-08-11T08:15:00+00:00","dateModified":"2023-08-11T10:24:00+00:00","author":{"@id":""},"description":"Although from the Athletico Paranaense 'advanced' that have Vitor Roque until finals of 2023, from the FC Barcelona pretend to insist in his landing in the City Condal during this summer","breadcrumb":{"@id":"https:\/\/www.fcbarcelonanoticias.com\/en\/transfers\/imminent-summit-for-future-vitor-roque_295009_102.html#breadcrumb"},"inLanguage":"en-US","potentialAction":[{"@type":"ReadAction","target":["https:\/\/www.fcbarcelonanoticias.com\/en\/transfers\/imminent-summit-for-future-vitor-roque_295009_102.html"]}]},{"@type":"ImageObject","inLanguage":"en-US","@id":"https:\/\/www.fcbarcelonanoticias.com\/en\/transfers\/imminent-summit-for-future-vitor-roque_295009_102.html#primaryimage","url":"https:\/\/www.fcbarcelonanoticias.com\/en\/wp-content\/uploads\/sites\/2\/2023\/08\/vitor-roque-celebra-un-gol-con-el-paranaense.jpeg","contentUrl":"https:\/\/www.fcbarcelonanoticias.com\/en\/wp-content\/uploads\/sites\/2\/2023\/08\/vitor-roque-celebra-un-gol-con-el-paranaense.jpeg","width":1250,"height":750},{"@type":"BreadcrumbList","@id":"https:\/\/www.fcbarcelonanoticias.com\/en\/transfers\/imminent-summit-for-future-vitor-roque_295009_102.html#breadcrumb","itemListElement":[{"@type":"ListItem","position":1,"name":"Portada","item":"https:\/\/www.fcbarcelonanoticias.com\/en\/"},{"@type":"ListItem","position":2,"name":"Imminent &#8216;Summit&#8217; for the future of Vitor Roque!"}]},{"@type":"WebSite","@id":"https:\/\/www.fcbarcelonanoticias.com\/en\/#website","url":"https:\/\/www.fcbarcelonanoticias.com\/en\/","name":"EN - FC Barcelona Noticias","description":"","potentialAction":[{"@type":"SearchAction","target":{"@type":"EntryPoint","urlTemplate":"https:\/\/www.fcbarcelonanoticias.com\/en\/?s={search_term_string}"},"query-input":{"@type":"PropertyValueSpecification","valueRequired":true,"valueName":"search_term_string"}}],"inLanguage":"en-US"}]}},"_links":{"self":[{"href":"https:\/\/www.fcbarcelonanoticias.com\/en\/wp-json\/wp\/v2\/posts\/95914","targetHints":{"allow":["GET"]}}],"collection":[{"href":"https:\/\/www.fcbarcelonanoticias.com\/en\/wp-json\/wp\/v2\/posts"}],"about":[{"href":"https:\/\/www.fcbarcelonanoticias.com\/en\/wp-json\/wp\/v2\/types\/post"}],"replies":[{"embeddable":true,"href":"https:\/\/www.fcbarcelonanoticias.com\/en\/wp-json\/wp\/v2\/comments?post=95914"}],"version-history":[{"count":1,"href":"https:\/\/www.fcbarcelonanoticias.com\/en\/wp-json\/wp\/v2\/posts\/95914\/revisions"}],"predecessor-version":[{"id":126835,"href":"https:\/\/www.fcbarcelonanoticias.com\/en\/wp-json\/wp\/v2\/posts\/95914\/revisions\/126835"}],"wp:featuredmedia":[{"embeddable":true,"href":"https:\/\/www.fcbarcelonanoticias.com\/en\/wp-json\/wp\/v2\/media\/95927"}],"wp:attachment":[{"href":"https:\/\/www.fcbarcelonanoticias.com\/en\/wp-json\/wp\/v2\/media?parent=95914"}],"wp:term":[{"taxonomy":"category","embeddable":true,"href":"https:\/\/www.fcbarcelonanoticias.com\/en\/wp-json\/wp\/v2\/categories?post=95914"},{"taxonomy":"post_tag","embeddable":true,"href":"https:\/\/www.fcbarcelonanoticias.com\/en\/wp-json\/wp\/v2\/tags?post=95914"}],"curies":[{"name":"wp","href":"https:\/\/api.w.org\/{rel}","templated":true}]}}