{"id":96006,"date":"2022-08-02T23:54:00","date_gmt":"2022-08-02T21:54:00","guid":{"rendered":"https:\/\/weisetech.dev\/fc-barcelona-noticias\/en\/proposed-by-inigo-martinez-the-barca-wants-to-to-the-central_282827_102\/"},"modified":"2022-08-03T10:03:00","modified_gmt":"2022-08-03T08:03:00","slug":"proposed-by-inigo-martinez-the-barca-wants-to-to-the-central_282827_102","status":"publish","type":"post","link":"https:\/\/www.fcbarcelonanoticias.com\/en\/transfers\/proposed-by-inigo-martinez-the-barca-wants-to-to-the-central_282827_102.html","title":{"rendered":"Proposal by I\u00f1igo Mart\u00ednez! Bar\u00e7a wants the central defender this summer"},"content":{"rendered":"<h2 class=\"wp-block-heading\">The FC Barcelona board wants to sign another central defender in the summer market and the favorite of the coaching staff is I\u00f1igo Mart\u00ednez. According to &#8216;SPORT&#8217;, the club has already made a first offer for the Ond\u00e1rroa player: 15 million euros<\/h2>  \r\n<div class=\"article-addons\">\r\n    <a href=\"https:\/\/www.fcbarcelonanoticias.com\/en\/calendar-fc-barcelona.html\"\r\n       target=\"_self\"\r\n       title=\"Calendar of FC Barcelona\"\r\n       class=\"blue-gredient-btn\">\r\n       \r\n        Calendar of FC Barcelona    <\/a>\r\n<\/div>   <p>I\u00f1igo Mart\u00ednez goes back to approach to the <a data-external=\"0\" data-intl-links-en=\"https:\/\/www.fcbarcelonanoticias.com\/en\/transfers\/official-riqui-puig-leaves-barcelona-play-in-mls_282821_102.html\" data-intl-links-es=\"https:\/\/www.fcbarcelonanoticias.com\/fichajes\/oficial-riqui-puig-deja-barcelona-jugar-en-mls_282821_102.html\" href=\"https:\/\/www.fcbarcelonanoticias.com\/en\/transfers\/official-riqui-puig-leaves-barcelona-play-in-mls_282821_102.html\" rel=\"follow\" target=\"_self\" title=\"OFICIAL: Riqui Puig deja el Bar\u00e7a para jugar en la MLS\">FC Barcelona<\/a>. While the central follows working in the pre-season with the Athletic Bilbao, the managerial cul\u00e9 advances contacts for ficharle before the beginning of LaLiga the next 12 August. In this sense, the newspaper &#8216;SPORT&#8217; informed that <strong>Mateu Alemany conversed with Jon Berasategi, general director of the &#8216;lions&#8217; and formulated a first offer<\/strong> by the player of 31 years: 15 million more variable euros.<\/p>  <p>The one of Ond\u00e1rroa culminates agreement in June of 2023 and, for the moment, has descartado renew with the ones of Saint Mam\u00e9s. <strong>The defender formed in the Real Sociedad has contested five seasons with the &#8216;rojiblancos&#8217; contesting a total of 159 parties<\/strong> (7 goals). With a clause of rescission of 80 &#8216;kilos&#8217; and a value of market in Transfermarkt of 25M, is likely that the first offer cul\u00e9 seem low in the offices of Saint Mam\u00e9s.<\/p>  <p>However, if I\u00f1igo follows without renewing, <strong>the most likely is that the directive headed by Jon Iriarte opt by trasnferirle this same summer by a mount near to the 25 million euros<\/strong>, this in front of the possibility to lose him free the next year. Mart\u00ednez is a key piece for Luis Enrique in the Spanish Selection and knows that this could be his last big opportunity to leave to a big club, by which would be loved to play in <a data-external=\"0\" data-intl-links-en=\"https:\/\/www.fcbarcelonanoticias.com\/en\/transfers\/gaya-and-soler-aim-to-be-two-options-free-for-the_282824_102.html\" data-intl-links-es=\"https:\/\/www.fcbarcelonanoticias.com\/fichajes\/gaya-soler-apuntan-ser-dos-opciones-gratis-barcelona-en-2023_282824_102.html\" href=\"https:\/\/www.fcbarcelonanoticias.com\/en\/transfers\/gaya-and-soler-aim-to-be-two-options-free-for-the_282824_102.html\" rel=\"follow\" target=\"_self\" title=\"Gay\u00e0 y Soler apuntan a ser dos opciones 'gratis' para el Bar\u00e7a en 2023\">the Bar\u00e7a<\/a>.<\/p>  <p>Likewise, for the ones of Xavi Hern\u00e1ndez, the addition of the Basque would be the frutilla of the cake for a staff reinforced in all his lines in the market veraniego. <strong>The club already closed the signing of Jules Kound\u00e9 and has six head offices in the staff<\/strong> (including to Samuel Umtiti), but still does not give by satisfied and trusts to close a pair of reinforcements more in the next days. In addition to another central, the priority is &#8216;fish&#8217; a side (C\u00e9sar Azpilicueta, the best opcionado) and, maybe, another midfield player if Frenkie of Jong finishes leaving.<\/p>  <h3>I\u00f1igo descarta renew and only thinks in the Bar\u00e7a<\/h3>  <p>The contacts between the managerial &#8216;rojiblanca&#8217; and the central broke from does months, since the defender has kept firm in his posture of not renewing. In this regard, <strong>&#8216;SPORT&#8217; ensures that Mart\u00ednez presionar\u00e1 to the club to force his immediate exit or, in his defect, will expect to January to sign<\/strong> an agreement with the group blaugrana for fichar &#8216;to cost zero&#8217; in July of 2023.<\/p>  <p>In Blbao, the journalist Jos\u00e9 Manuel Monk of &#8216;Basque Wave&#8217; advanced the Monday that the Bar\u00e7a would go with everything to by the central, with the one who already would have an agreement of word. Like this it has arrived the first formal offer: 15M more variable on the table. Further of the possible negative initial of the Bilbao, <strong>Joan Laporta will apply the same strategy that with other signings of the summer: expect that the club yield in front of the pressure of the players<\/strong>. Like this it did it with Raphinha, Lewandowski and Kound\u00e9. The results are in sight.<\/p> ","protected":false},"excerpt":{"rendered":"<p>The FC Barcelona board wants to sign another central defender in the summer market and the favorite of the coaching staff is I\u00f1igo Mart\u00ednez. According to &#8216;SPORT&#8217;, the club has already made a first offer for the Ond\u00e1rroa player: 15 million euros I\u00f1igo Mart\u00ednez goes back to approach to the FC Barcelona. While the central [&hellip;]<\/p>\n","protected":false},"author":347,"featured_media":96014,"comment_status":"closed","ping_status":"open","sticky":false,"template":"","format":"standard","meta":{"_acf_changed":false,"inline_featured_image":false,"_nextfly_llmd_date_locked":false,"footnotes":""},"categories":[106,449],"tags":[81],"class_list":["post-96006","post","type-post","status-publish","format-standard","has-post-thumbnail","hentry","category-transfers","category-transfers-2","tag-athletic-de-bilbao"],"acf":[],"yoast_head":"<!-- This site is optimized with the Yoast SEO plugin v27.3 - https:\/\/yoast.com\/product\/yoast-seo-wordpress\/ -->\n<title>Proposal by I\u00f1igo Mart\u00ednez! Bar\u00e7a wants the central defender this summer<\/title>\n<meta name=\"description\" content=\"The directive of the FC Barcelona wants to fichar to another central in the market of summer and the favourite of the technical body is I\u00f1igo Mart\u00ednez. As it advances &#039;SPORT&#039;...\" \/>\n<meta name=\"robots\" content=\"index, follow, max-snippet:-1, max-image-preview:large, max-video-preview:-1\" \/>\n<link rel=\"canonical\" href=\"https:\/\/www.fcbarcelonanoticias.com\/en\/transfers\/proposed-by-inigo-martinez-the-barca-wants-to-to-the-central_282827_102.html\" \/>\n<meta property=\"og:locale\" content=\"en_US\" \/>\n<meta property=\"og:type\" content=\"article\" \/>\n<meta property=\"og:title\" content=\"Proposal by I\u00f1igo Mart\u00ednez! Bar\u00e7a wants the central defender this summer\" \/>\n<meta property=\"og:description\" content=\"The directive of the FC Barcelona wants to fichar to another central in the market of summer and the favourite of the technical body is I\u00f1igo Mart\u00ednez. As it advances &#039;SPORT&#039;...\" \/>\n<meta property=\"og:url\" content=\"https:\/\/www.fcbarcelonanoticias.com\/en\/transfers\/proposed-by-inigo-martinez-the-barca-wants-to-to-the-central_282827_102.html\" \/>\n<meta property=\"og:site_name\" content=\"EN - FC Barcelona Noticias\" \/>\n<meta property=\"article:published_time\" content=\"2022-08-02T21:54:00+00:00\" \/>\n<meta property=\"article:modified_time\" content=\"2022-08-03T08:03:00+00:00\" \/>\n<meta property=\"og:image\" content=\"https:\/\/www.fcbarcelonanoticias.com\/en\/wp-content\/uploads\/sites\/2\/2022\/08\/inigo-martinez-athletic-bilbao.jpeg\" \/>\n\t<meta property=\"og:image:width\" content=\"1300\" \/>\n\t<meta property=\"og:image:height\" content=\"732\" \/>\n\t<meta property=\"og:image:type\" content=\"image\/jpeg\" \/>\n<meta name=\"author\" content=\"Andr\u00e9s Quiroz\" \/>\n<meta name=\"twitter:card\" content=\"summary_large_image\" \/>\n<meta name=\"twitter:label1\" content=\"Written by\" \/>\n\t<meta name=\"twitter:data1\" content=\"Andr\u00e9s Quiroz\" \/>\n\t<meta name=\"twitter:label2\" content=\"Est. reading time\" \/>\n\t<meta name=\"twitter:data2\" content=\"3 minutes\" \/>\n<script type=\"application\/ld+json\" class=\"yoast-schema-graph\">{\"@context\":\"https:\\\/\\\/schema.org\",\"@graph\":[{\"@type\":\"Article\",\"@id\":\"https:\\\/\\\/www.fcbarcelonanoticias.com\\\/en\\\/transfers\\\/proposed-by-inigo-martinez-the-barca-wants-to-to-the-central_282827_102.html#article\",\"isPartOf\":{\"@id\":\"https:\\\/\\\/www.fcbarcelonanoticias.com\\\/en\\\/transfers\\\/proposed-by-inigo-martinez-the-barca-wants-to-to-the-central_282827_102.html\"},\"author\":{\"name\":\"Andr\u00e9s Quiroz\",\"@id\":\"https:\\\/\\\/www.fcbarcelonanoticias.com\\\/en\\\/#\\\/schema\\\/person\\\/c2cd9f6fa1af5c0d0eccd0fefa575c88\"},\"headline\":\"Proposal by I\u00f1igo Mart\u00ednez! Bar\u00e7a wants the central defender this summer\",\"datePublished\":\"2022-08-02T21:54:00+00:00\",\"dateModified\":\"2022-08-03T08:03:00+00:00\",\"mainEntityOfPage\":{\"@id\":\"https:\\\/\\\/www.fcbarcelonanoticias.com\\\/en\\\/transfers\\\/proposed-by-inigo-martinez-the-barca-wants-to-to-the-central_282827_102.html\"},\"wordCount\":571,\"image\":{\"@id\":\"https:\\\/\\\/www.fcbarcelonanoticias.com\\\/en\\\/transfers\\\/proposed-by-inigo-martinez-the-barca-wants-to-to-the-central_282827_102.html#primaryimage\"},\"thumbnailUrl\":\"https:\\\/\\\/www.fcbarcelonanoticias.com\\\/en\\\/wp-content\\\/uploads\\\/sites\\\/2\\\/2022\\\/08\\\/inigo-martinez-athletic-bilbao.jpeg\",\"keywords\":[\"Athletic de Bilbao\"],\"articleSection\":[\"Transfers\",\"Transfers\"],\"inLanguage\":\"en-US\"},{\"@type\":\"WebPage\",\"@id\":\"https:\\\/\\\/www.fcbarcelonanoticias.com\\\/en\\\/transfers\\\/proposed-by-inigo-martinez-the-barca-wants-to-to-the-central_282827_102.html\",\"url\":\"https:\\\/\\\/www.fcbarcelonanoticias.com\\\/en\\\/transfers\\\/proposed-by-inigo-martinez-the-barca-wants-to-to-the-central_282827_102.html\",\"name\":\"Proposal by I\u00f1igo Mart\u00ednez! Bar\u00e7a wants the central defender this summer\",\"isPartOf\":{\"@id\":\"https:\\\/\\\/www.fcbarcelonanoticias.com\\\/en\\\/#website\"},\"primaryImageOfPage\":{\"@id\":\"https:\\\/\\\/www.fcbarcelonanoticias.com\\\/en\\\/transfers\\\/proposed-by-inigo-martinez-the-barca-wants-to-to-the-central_282827_102.html#primaryimage\"},\"image\":{\"@id\":\"https:\\\/\\\/www.fcbarcelonanoticias.com\\\/en\\\/transfers\\\/proposed-by-inigo-martinez-the-barca-wants-to-to-the-central_282827_102.html#primaryimage\"},\"thumbnailUrl\":\"https:\\\/\\\/www.fcbarcelonanoticias.com\\\/en\\\/wp-content\\\/uploads\\\/sites\\\/2\\\/2022\\\/08\\\/inigo-martinez-athletic-bilbao.jpeg\",\"datePublished\":\"2022-08-02T21:54:00+00:00\",\"dateModified\":\"2022-08-03T08:03:00+00:00\",\"author\":{\"@id\":\"https:\\\/\\\/www.fcbarcelonanoticias.com\\\/en\\\/#\\\/schema\\\/person\\\/c2cd9f6fa1af5c0d0eccd0fefa575c88\"},\"description\":\"The directive of the FC Barcelona wants to fichar to another central in the market of summer and the favourite of the technical body is I\u00f1igo Mart\u00ednez. As it advances 'SPORT'...\",\"breadcrumb\":{\"@id\":\"https:\\\/\\\/www.fcbarcelonanoticias.com\\\/en\\\/transfers\\\/proposed-by-inigo-martinez-the-barca-wants-to-to-the-central_282827_102.html#breadcrumb\"},\"inLanguage\":\"en-US\",\"potentialAction\":[{\"@type\":\"ReadAction\",\"target\":[\"https:\\\/\\\/www.fcbarcelonanoticias.com\\\/en\\\/transfers\\\/proposed-by-inigo-martinez-the-barca-wants-to-to-the-central_282827_102.html\"]}]},{\"@type\":\"ImageObject\",\"inLanguage\":\"en-US\",\"@id\":\"https:\\\/\\\/www.fcbarcelonanoticias.com\\\/en\\\/transfers\\\/proposed-by-inigo-martinez-the-barca-wants-to-to-the-central_282827_102.html#primaryimage\",\"url\":\"https:\\\/\\\/www.fcbarcelonanoticias.com\\\/en\\\/wp-content\\\/uploads\\\/sites\\\/2\\\/2022\\\/08\\\/inigo-martinez-athletic-bilbao.jpeg\",\"contentUrl\":\"https:\\\/\\\/www.fcbarcelonanoticias.com\\\/en\\\/wp-content\\\/uploads\\\/sites\\\/2\\\/2022\\\/08\\\/inigo-martinez-athletic-bilbao.jpeg\",\"width\":1300,\"height\":732},{\"@type\":\"BreadcrumbList\",\"@id\":\"https:\\\/\\\/www.fcbarcelonanoticias.com\\\/en\\\/transfers\\\/proposed-by-inigo-martinez-the-barca-wants-to-to-the-central_282827_102.html#breadcrumb\",\"itemListElement\":[{\"@type\":\"ListItem\",\"position\":1,\"name\":\"Portada\",\"item\":\"https:\\\/\\\/www.fcbarcelonanoticias.com\\\/en\\\/\"},{\"@type\":\"ListItem\",\"position\":2,\"name\":\"Proposal by I\u00f1igo Mart\u00ednez! Bar\u00e7a wants the central defender this summer\"}]},{\"@type\":\"WebSite\",\"@id\":\"https:\\\/\\\/www.fcbarcelonanoticias.com\\\/en\\\/#website\",\"url\":\"https:\\\/\\\/www.fcbarcelonanoticias.com\\\/en\\\/\",\"name\":\"EN - FC Barcelona Noticias\",\"description\":\"\",\"potentialAction\":[{\"@type\":\"SearchAction\",\"target\":{\"@type\":\"EntryPoint\",\"urlTemplate\":\"https:\\\/\\\/www.fcbarcelonanoticias.com\\\/en\\\/?s={search_term_string}\"},\"query-input\":{\"@type\":\"PropertyValueSpecification\",\"valueRequired\":true,\"valueName\":\"search_term_string\"}}],\"inLanguage\":\"en-US\"},{\"@type\":\"Person\",\"@id\":\"https:\\\/\\\/www.fcbarcelonanoticias.com\\\/en\\\/#\\\/schema\\\/person\\\/c2cd9f6fa1af5c0d0eccd0fefa575c88\",\"name\":\"Andr\u00e9s Quiroz\",\"image\":{\"@type\":\"ImageObject\",\"inLanguage\":\"en-US\",\"@id\":\"https:\\\/\\\/secure.gravatar.com\\\/avatar\\\/?s=96&d=mm&r=g\",\"url\":\"https:\\\/\\\/secure.gravatar.com\\\/avatar\\\/?s=96&d=mm&r=g\",\"contentUrl\":\"https:\\\/\\\/secure.gravatar.com\\\/avatar\\\/?s=96&d=mm&r=g\",\"caption\":\"Andr\u00e9s Quiroz\"},\"description\":\"Licenciado en Periodismo por la Universidad de los Andes. Me encargo de analizar y compartir los contenidos m\u00e1s destacados de la\u00a0actualidad del F\u00fatbol Club Barcelona, Mercado de Fichajes y F\u00fatbol Internacional en FCBN. La informaci\u00f3n es poder, pero tambi\u00e9n conocimiento.\",\"url\":\"https:\\\/\\\/www.fcbarcelonanoticias.com\\\/en\\\/fc-barcelona\\\/andres-quiroz_17_115.html\"}]}<\/script>\n<!-- \/ Yoast SEO plugin. -->","yoast_head_json":{"title":"Proposal by I\u00f1igo Mart\u00ednez! Bar\u00e7a wants the central defender this summer","description":"The directive of the FC Barcelona wants to fichar to another central in the market of summer and the favourite of the technical body is I\u00f1igo Mart\u00ednez. As it advances 'SPORT'...","robots":{"index":"index","follow":"follow","max-snippet":"max-snippet:-1","max-image-preview":"max-image-preview:large","max-video-preview":"max-video-preview:-1"},"canonical":"https:\/\/www.fcbarcelonanoticias.com\/en\/transfers\/proposed-by-inigo-martinez-the-barca-wants-to-to-the-central_282827_102.html","og_locale":"en_US","og_type":"article","og_title":"Proposal by I\u00f1igo Mart\u00ednez! Bar\u00e7a wants the central defender this summer","og_description":"The directive of the FC Barcelona wants to fichar to another central in the market of summer and the favourite of the technical body is I\u00f1igo Mart\u00ednez. As it advances 'SPORT'...","og_url":"https:\/\/www.fcbarcelonanoticias.com\/en\/transfers\/proposed-by-inigo-martinez-the-barca-wants-to-to-the-central_282827_102.html","og_site_name":"EN - FC Barcelona Noticias","article_published_time":"2022-08-02T21:54:00+00:00","article_modified_time":"2022-08-03T08:03:00+00:00","og_image":[{"width":1300,"height":732,"url":"https:\/\/www.fcbarcelonanoticias.com\/en\/wp-content\/uploads\/sites\/2\/2022\/08\/inigo-martinez-athletic-bilbao.jpeg","type":"image\/jpeg"}],"author":"Andr\u00e9s Quiroz","twitter_card":"summary_large_image","twitter_misc":{"Written by":"Andr\u00e9s Quiroz","Est. reading time":"3 minutes"},"schema":{"@context":"https:\/\/schema.org","@graph":[{"@type":"Article","@id":"https:\/\/www.fcbarcelonanoticias.com\/en\/transfers\/proposed-by-inigo-martinez-the-barca-wants-to-to-the-central_282827_102.html#article","isPartOf":{"@id":"https:\/\/www.fcbarcelonanoticias.com\/en\/transfers\/proposed-by-inigo-martinez-the-barca-wants-to-to-the-central_282827_102.html"},"author":{"name":"Andr\u00e9s Quiroz","@id":"https:\/\/www.fcbarcelonanoticias.com\/en\/#\/schema\/person\/c2cd9f6fa1af5c0d0eccd0fefa575c88"},"headline":"Proposal by I\u00f1igo Mart\u00ednez! Bar\u00e7a wants the central defender this summer","datePublished":"2022-08-02T21:54:00+00:00","dateModified":"2022-08-03T08:03:00+00:00","mainEntityOfPage":{"@id":"https:\/\/www.fcbarcelonanoticias.com\/en\/transfers\/proposed-by-inigo-martinez-the-barca-wants-to-to-the-central_282827_102.html"},"wordCount":571,"image":{"@id":"https:\/\/www.fcbarcelonanoticias.com\/en\/transfers\/proposed-by-inigo-martinez-the-barca-wants-to-to-the-central_282827_102.html#primaryimage"},"thumbnailUrl":"https:\/\/www.fcbarcelonanoticias.com\/en\/wp-content\/uploads\/sites\/2\/2022\/08\/inigo-martinez-athletic-bilbao.jpeg","keywords":["Athletic de Bilbao"],"articleSection":["Transfers","Transfers"],"inLanguage":"en-US"},{"@type":"WebPage","@id":"https:\/\/www.fcbarcelonanoticias.com\/en\/transfers\/proposed-by-inigo-martinez-the-barca-wants-to-to-the-central_282827_102.html","url":"https:\/\/www.fcbarcelonanoticias.com\/en\/transfers\/proposed-by-inigo-martinez-the-barca-wants-to-to-the-central_282827_102.html","name":"Proposal by I\u00f1igo Mart\u00ednez! Bar\u00e7a wants the central defender this summer","isPartOf":{"@id":"https:\/\/www.fcbarcelonanoticias.com\/en\/#website"},"primaryImageOfPage":{"@id":"https:\/\/www.fcbarcelonanoticias.com\/en\/transfers\/proposed-by-inigo-martinez-the-barca-wants-to-to-the-central_282827_102.html#primaryimage"},"image":{"@id":"https:\/\/www.fcbarcelonanoticias.com\/en\/transfers\/proposed-by-inigo-martinez-the-barca-wants-to-to-the-central_282827_102.html#primaryimage"},"thumbnailUrl":"https:\/\/www.fcbarcelonanoticias.com\/en\/wp-content\/uploads\/sites\/2\/2022\/08\/inigo-martinez-athletic-bilbao.jpeg","datePublished":"2022-08-02T21:54:00+00:00","dateModified":"2022-08-03T08:03:00+00:00","author":{"@id":"https:\/\/www.fcbarcelonanoticias.com\/en\/#\/schema\/person\/c2cd9f6fa1af5c0d0eccd0fefa575c88"},"description":"The directive of the FC Barcelona wants to fichar to another central in the market of summer and the favourite of the technical body is I\u00f1igo Mart\u00ednez. As it advances 'SPORT'...","breadcrumb":{"@id":"https:\/\/www.fcbarcelonanoticias.com\/en\/transfers\/proposed-by-inigo-martinez-the-barca-wants-to-to-the-central_282827_102.html#breadcrumb"},"inLanguage":"en-US","potentialAction":[{"@type":"ReadAction","target":["https:\/\/www.fcbarcelonanoticias.com\/en\/transfers\/proposed-by-inigo-martinez-the-barca-wants-to-to-the-central_282827_102.html"]}]},{"@type":"ImageObject","inLanguage":"en-US","@id":"https:\/\/www.fcbarcelonanoticias.com\/en\/transfers\/proposed-by-inigo-martinez-the-barca-wants-to-to-the-central_282827_102.html#primaryimage","url":"https:\/\/www.fcbarcelonanoticias.com\/en\/wp-content\/uploads\/sites\/2\/2022\/08\/inigo-martinez-athletic-bilbao.jpeg","contentUrl":"https:\/\/www.fcbarcelonanoticias.com\/en\/wp-content\/uploads\/sites\/2\/2022\/08\/inigo-martinez-athletic-bilbao.jpeg","width":1300,"height":732},{"@type":"BreadcrumbList","@id":"https:\/\/www.fcbarcelonanoticias.com\/en\/transfers\/proposed-by-inigo-martinez-the-barca-wants-to-to-the-central_282827_102.html#breadcrumb","itemListElement":[{"@type":"ListItem","position":1,"name":"Portada","item":"https:\/\/www.fcbarcelonanoticias.com\/en\/"},{"@type":"ListItem","position":2,"name":"Proposal by I\u00f1igo Mart\u00ednez! Bar\u00e7a wants the central defender this summer"}]},{"@type":"WebSite","@id":"https:\/\/www.fcbarcelonanoticias.com\/en\/#website","url":"https:\/\/www.fcbarcelonanoticias.com\/en\/","name":"EN - FC Barcelona Noticias","description":"","potentialAction":[{"@type":"SearchAction","target":{"@type":"EntryPoint","urlTemplate":"https:\/\/www.fcbarcelonanoticias.com\/en\/?s={search_term_string}"},"query-input":{"@type":"PropertyValueSpecification","valueRequired":true,"valueName":"search_term_string"}}],"inLanguage":"en-US"},{"@type":"Person","@id":"https:\/\/www.fcbarcelonanoticias.com\/en\/#\/schema\/person\/c2cd9f6fa1af5c0d0eccd0fefa575c88","name":"Andr\u00e9s Quiroz","image":{"@type":"ImageObject","inLanguage":"en-US","@id":"https:\/\/secure.gravatar.com\/avatar\/?s=96&d=mm&r=g","url":"https:\/\/secure.gravatar.com\/avatar\/?s=96&d=mm&r=g","contentUrl":"https:\/\/secure.gravatar.com\/avatar\/?s=96&d=mm&r=g","caption":"Andr\u00e9s Quiroz"},"description":"Licenciado en Periodismo por la Universidad de los Andes. Me encargo de analizar y compartir los contenidos m\u00e1s destacados de la\u00a0actualidad del F\u00fatbol Club Barcelona, Mercado de Fichajes y F\u00fatbol Internacional en FCBN. La informaci\u00f3n es poder, pero tambi\u00e9n conocimiento.","url":"https:\/\/www.fcbarcelonanoticias.com\/en\/fc-barcelona\/andres-quiroz_17_115.html"}]}},"_links":{"self":[{"href":"https:\/\/www.fcbarcelonanoticias.com\/en\/wp-json\/wp\/v2\/posts\/96006","targetHints":{"allow":["GET"]}}],"collection":[{"href":"https:\/\/www.fcbarcelonanoticias.com\/en\/wp-json\/wp\/v2\/posts"}],"about":[{"href":"https:\/\/www.fcbarcelonanoticias.com\/en\/wp-json\/wp\/v2\/types\/post"}],"author":[{"embeddable":true,"href":"https:\/\/www.fcbarcelonanoticias.com\/en\/wp-json\/wp\/v2\/users\/347"}],"replies":[{"embeddable":true,"href":"https:\/\/www.fcbarcelonanoticias.com\/en\/wp-json\/wp\/v2\/comments?post=96006"}],"version-history":[{"count":1,"href":"https:\/\/www.fcbarcelonanoticias.com\/en\/wp-json\/wp\/v2\/posts\/96006\/revisions"}],"predecessor-version":[{"id":131236,"href":"https:\/\/www.fcbarcelonanoticias.com\/en\/wp-json\/wp\/v2\/posts\/96006\/revisions\/131236"}],"wp:featuredmedia":[{"embeddable":true,"href":"https:\/\/www.fcbarcelonanoticias.com\/en\/wp-json\/wp\/v2\/media\/96014"}],"wp:attachment":[{"href":"https:\/\/www.fcbarcelonanoticias.com\/en\/wp-json\/wp\/v2\/media?parent=96006"}],"wp:term":[{"taxonomy":"category","embeddable":true,"href":"https:\/\/www.fcbarcelonanoticias.com\/en\/wp-json\/wp\/v2\/categories?post=96006"},{"taxonomy":"post_tag","embeddable":true,"href":"https:\/\/www.fcbarcelonanoticias.com\/en\/wp-json\/wp\/v2\/tags?post=96006"}],"curies":[{"name":"wp","href":"https:\/\/api.w.org\/{rel}","templated":true}]}}