{"id":96099,"date":"2023-05-26T17:34:00","date_gmt":"2023-05-26T15:34:00","guid":{"rendered":"https:\/\/weisetech.dev\/fc-barcelona-noticias\/en\/psg-don-t-forget-dembele-as-a-possible-summer-reinforcement_292683_102\/"},"modified":"2023-05-26T17:34:00","modified_gmt":"2023-05-26T15:34:00","slug":"psg-don-t-forget-dembele-as-a-possible-summer-reinforcement_292683_102","status":"publish","type":"post","link":"https:\/\/www.fcbarcelonanoticias.com\/en\/transfers\/psg-don-t-forget-dembele-as-a-possible-summer-reinforcement_292683_102.html","title":{"rendered":"PSG does not forget Demb\u00e9l\u00e9 as a possible summer reinforcement"},"content":{"rendered":"<h2 class=\"wp-block-heading\">New information from France ensures that Ousmane Demb\u00e9l\u00e9 is still on the list of candidates for Paris Saint-Germain to reinforce his offensive plot during the summer<\/h2>  \r\n<div class=\"article-addons\">\r\n    <a href=\"https:\/\/www.fcbarcelonanoticias.com\/en\/calendar-fc-barcelona.html\"\r\n       target=\"_self\"\r\n       title=\"Calendar of FC Barcelona\"\r\n       class=\"blue-gredient-btn\">\r\n       \r\n        Calendar of FC Barcelona    <\/a>\r\n<\/div>   <p>The sportive direction of Paris Saint-Germain has clear that <strong>needs to carry out a restructuring of the staff<\/strong> if it wants to trascend in Europe. To the c\u00fapula of the club does not cost him with winning Tie it 1 all the years and <strong>aspire to compete by the Champions League in the 2023\/24<\/strong>, since it will be a marked year by the culmination of the agreement of Kylian Mbapp\u00e9.<\/p>  <p>Nowadays <a data-external=\"0\" data-intl-links-en=\"https:\/\/www.fcbarcelonanoticias.com\/en\/transfers\/the-pressure-increases-in-paris-mbappe-refuses-to-renew-and-leaves-the-french-in-check_292615_102.html\" data-intl-links-es=\"https:\/\/www.fcbarcelonanoticias.com\/fichajes\/mbappe-deja-psg-en-jaque-frances-se-niega-renovar-presiona-salir_292615_102.html\" href=\"https:\/\/www.fcbarcelonanoticias.com\/en\/transfers\/the-pressure-increases-in-paris-mbappe-refuses-to-renew-and-leaves-the-french-in-check_292615_102.html\" rel=\"follow\" target=\"_self\" title=\"\u00a1Mbapp\u00e9 deja al PSG en jaque! El franc\u00e9s se niega a renovar y presiona para salir\">the forward is not by the work to exert the optional year of his agreement<\/a> and will depend on the feelings that have in the next campaign, where could remain only in the front of attack <strong>in front of the imminent exit of Leo Messi and the possible sale of Neymar J\u00fanior.<\/strong> It is thus that in the dispatches are working in those names that can give him a new face to the team and give them back the competitive character.<\/p>  <h2>The PSG does not forget of Demb\u00e9l\u00e9<\/h2>  <p>Bernardo Silva is in the tope of the list followed of Randal Kolo Muani, the one who is leaving very good number in the Eintrach Frankfurt. However, a new information of the newspaper &#8216;L&#8217;\u00c9quipe&#8217; sustains that <strong>Ousmane Demb\u00e9l\u00e9 keeps in the list of futuribles of the PSG <\/strong>of face to the next campaign. The attacker has not signed his renewal with the FC Barcelona and <strong>will happen to have a clause of rescission valued in 50 million euros during the summer,<\/strong> a mount more than affordable for the economy of the Park of the Princes.<\/p>  <p>In fact, from Spain confirm that<a data-external=\"0\" data-intl-links-en=\"https:\/\/www.fcbarcelonanoticias.com\/en\/transfers\/barca-waits-to-renovate-dembele-before-market-opens-its-doors_292681_102.html\" data-intl-links-es=\"https:\/\/www.fcbarcelonanoticias.com\/fichajes\/barca-espera-renovar-dembele-antes-mercado-abra-sus-puertas_292681_102.html\" href=\"https:\/\/www.fcbarcelonanoticias.com\/en\/transfers\/barca-waits-to-renovate-dembele-before-market-opens-its-doors_292681_102.html\" rel=\"follow\" target=\"_self\" title=\"El Bar\u00e7a espera renovar a Demb\u00e9l\u00e9 antes de que el mercado abra sus puertas\"> the Barcelona are working in the continuity of the &#8216;Mosquito&#8217;<\/a> to avoid that other clubs seduce him with a millionaire wage. <strong>The predisposition is good between both parts and would be by the work to sign an agreement until 2027,<\/strong> although still at all is ensured due to the fact that his representative, Moussa Sissoko, follows evaluating the proposal of the Bar\u00e7a.<\/p>  <h2>Demb\u00e9l\u00e9 Is indisputable for Xavi<\/h2>  <p>&#8216;Dembouz&#8217; Has been essential for Xavi Hern\u00e1ndez since it assumed the place in the bench. <strong>His confidence in him has been full and has given him back the confidence that had lost from his landing in 2017,<\/strong> leaving clear that it can turn into the best footballer of the world in his position. Nowadays it would be more near to remain in the Spotify Camp Nou that another thing, <strong>but the Parisian group will keep to the expectation and no descarta credit his clause<\/strong> with such to do with his services.<\/p> ","protected":false},"excerpt":{"rendered":"<p>New information from France ensures that Ousmane Demb\u00e9l\u00e9 is still on the list of candidates for Paris Saint-Germain to reinforce his offensive plot during the summer The sportive direction of Paris Saint-Germain has clear that needs to carry out a restructuring of the staff if it wants to trascend in Europe. To the c\u00fapula of [&hellip;]<\/p>\n","protected":false},"author":0,"featured_media":96120,"comment_status":"closed","ping_status":"open","sticky":false,"template":"","format":"standard","meta":{"_acf_changed":false,"inline_featured_image":false,"_nextfly_llmd_date_locked":false,"footnotes":""},"categories":[449,106],"tags":[146,171,88],"class_list":["post-96099","post","type-post","status-publish","format-standard","has-post-thumbnail","hentry","category-transfers-2","category-transfers","tag-dembele","tag-mbappe","tag-paris-saint-germain"],"acf":[],"yoast_head":"<!-- This site is optimized with the Yoast SEO plugin v27.3 - https:\/\/yoast.com\/product\/yoast-seo-wordpress\/ -->\n<title>PSG does not forget Demb\u00e9l\u00e9 as a possible summer reinforcement<\/title>\n<meta name=\"description\" content=\"New information from France ensures that Ousmane Demb\u00e9l\u00e9 is still on the list of candidates for Paris Saint-Germain to reinforce his offensive plot during the summer\" \/>\n<meta name=\"robots\" content=\"index, follow, max-snippet:-1, max-image-preview:large, max-video-preview:-1\" \/>\n<link rel=\"canonical\" href=\"https:\/\/www.fcbarcelonanoticias.com\/en\/transfers\/psg-don-t-forget-dembele-as-a-possible-summer-reinforcement_292683_102.html\" \/>\n<meta property=\"og:locale\" content=\"en_US\" \/>\n<meta property=\"og:type\" content=\"article\" \/>\n<meta property=\"og:title\" content=\"PSG does not forget Demb\u00e9l\u00e9 as a possible summer reinforcement\" \/>\n<meta property=\"og:description\" content=\"New information from France ensures that Ousmane Demb\u00e9l\u00e9 is still on the list of candidates for Paris Saint-Germain to reinforce his offensive plot during the summer\" \/>\n<meta property=\"og:url\" content=\"https:\/\/www.fcbarcelonanoticias.com\/en\/transfers\/psg-don-t-forget-dembele-as-a-possible-summer-reinforcement_292683_102.html\" \/>\n<meta property=\"og:site_name\" content=\"EN - FC Barcelona Noticias\" \/>\n<meta property=\"article:published_time\" content=\"2023-05-26T15:34:00+00:00\" \/>\n<meta property=\"og:image\" content=\"https:\/\/www.fcbarcelonanoticias.com\/en\/wp-content\/uploads\/sites\/2\/2023\/05\/la-asistencia-de-dembe-le-a-mbappe-contra-australia.jpeg\" \/>\n\t<meta property=\"og:image:width\" content=\"1200\" \/>\n\t<meta property=\"og:image:height\" content=\"675\" \/>\n\t<meta property=\"og:image:type\" content=\"image\/jpeg\" \/>\n<meta name=\"twitter:card\" content=\"summary_large_image\" \/>\n<meta name=\"twitter:label1\" content=\"Est. reading time\" \/>\n\t<meta name=\"twitter:data1\" content=\"2 minutes\" \/>\n<script type=\"application\/ld+json\" class=\"yoast-schema-graph\">{\"@context\":\"https:\\\/\\\/schema.org\",\"@graph\":[{\"@type\":\"Article\",\"@id\":\"https:\\\/\\\/www.fcbarcelonanoticias.com\\\/en\\\/transfers\\\/psg-don-t-forget-dembele-as-a-possible-summer-reinforcement_292683_102.html#article\",\"isPartOf\":{\"@id\":\"https:\\\/\\\/www.fcbarcelonanoticias.com\\\/en\\\/transfers\\\/psg-don-t-forget-dembele-as-a-possible-summer-reinforcement_292683_102.html\"},\"author\":{\"name\":\"\",\"@id\":\"\"},\"headline\":\"PSG does not forget Demb\u00e9l\u00e9 as a possible summer reinforcement\",\"datePublished\":\"2023-05-26T15:34:00+00:00\",\"mainEntityOfPage\":{\"@id\":\"https:\\\/\\\/www.fcbarcelonanoticias.com\\\/en\\\/transfers\\\/psg-don-t-forget-dembele-as-a-possible-summer-reinforcement_292683_102.html\"},\"wordCount\":459,\"image\":{\"@id\":\"https:\\\/\\\/www.fcbarcelonanoticias.com\\\/en\\\/transfers\\\/psg-don-t-forget-dembele-as-a-possible-summer-reinforcement_292683_102.html#primaryimage\"},\"thumbnailUrl\":\"https:\\\/\\\/www.fcbarcelonanoticias.com\\\/en\\\/wp-content\\\/uploads\\\/sites\\\/2\\\/2023\\\/05\\\/la-asistencia-de-dembe-le-a-mbappe-contra-australia.jpeg\",\"keywords\":[\"Demb\u00e9l\u00e9\",\"Mbapp\u00e9\",\"Paris Saint-Germain\"],\"articleSection\":[\"Transfers\",\"Transfers\"],\"inLanguage\":\"en-US\"},{\"@type\":\"WebPage\",\"@id\":\"https:\\\/\\\/www.fcbarcelonanoticias.com\\\/en\\\/transfers\\\/psg-don-t-forget-dembele-as-a-possible-summer-reinforcement_292683_102.html\",\"url\":\"https:\\\/\\\/www.fcbarcelonanoticias.com\\\/en\\\/transfers\\\/psg-don-t-forget-dembele-as-a-possible-summer-reinforcement_292683_102.html\",\"name\":\"PSG does not forget Demb\u00e9l\u00e9 as a possible summer reinforcement\",\"isPartOf\":{\"@id\":\"https:\\\/\\\/www.fcbarcelonanoticias.com\\\/en\\\/#website\"},\"primaryImageOfPage\":{\"@id\":\"https:\\\/\\\/www.fcbarcelonanoticias.com\\\/en\\\/transfers\\\/psg-don-t-forget-dembele-as-a-possible-summer-reinforcement_292683_102.html#primaryimage\"},\"image\":{\"@id\":\"https:\\\/\\\/www.fcbarcelonanoticias.com\\\/en\\\/transfers\\\/psg-don-t-forget-dembele-as-a-possible-summer-reinforcement_292683_102.html#primaryimage\"},\"thumbnailUrl\":\"https:\\\/\\\/www.fcbarcelonanoticias.com\\\/en\\\/wp-content\\\/uploads\\\/sites\\\/2\\\/2023\\\/05\\\/la-asistencia-de-dembe-le-a-mbappe-contra-australia.jpeg\",\"datePublished\":\"2023-05-26T15:34:00+00:00\",\"author\":{\"@id\":\"\"},\"description\":\"New information from France ensures that Ousmane Demb\u00e9l\u00e9 is still on the list of candidates for Paris Saint-Germain to reinforce his offensive plot during the summer\",\"breadcrumb\":{\"@id\":\"https:\\\/\\\/www.fcbarcelonanoticias.com\\\/en\\\/transfers\\\/psg-don-t-forget-dembele-as-a-possible-summer-reinforcement_292683_102.html#breadcrumb\"},\"inLanguage\":\"en-US\",\"potentialAction\":[{\"@type\":\"ReadAction\",\"target\":[\"https:\\\/\\\/www.fcbarcelonanoticias.com\\\/en\\\/transfers\\\/psg-don-t-forget-dembele-as-a-possible-summer-reinforcement_292683_102.html\"]}]},{\"@type\":\"ImageObject\",\"inLanguage\":\"en-US\",\"@id\":\"https:\\\/\\\/www.fcbarcelonanoticias.com\\\/en\\\/transfers\\\/psg-don-t-forget-dembele-as-a-possible-summer-reinforcement_292683_102.html#primaryimage\",\"url\":\"https:\\\/\\\/www.fcbarcelonanoticias.com\\\/en\\\/wp-content\\\/uploads\\\/sites\\\/2\\\/2023\\\/05\\\/la-asistencia-de-dembe-le-a-mbappe-contra-australia.jpeg\",\"contentUrl\":\"https:\\\/\\\/www.fcbarcelonanoticias.com\\\/en\\\/wp-content\\\/uploads\\\/sites\\\/2\\\/2023\\\/05\\\/la-asistencia-de-dembe-le-a-mbappe-contra-australia.jpeg\",\"width\":1200,\"height\":675},{\"@type\":\"BreadcrumbList\",\"@id\":\"https:\\\/\\\/www.fcbarcelonanoticias.com\\\/en\\\/transfers\\\/psg-don-t-forget-dembele-as-a-possible-summer-reinforcement_292683_102.html#breadcrumb\",\"itemListElement\":[{\"@type\":\"ListItem\",\"position\":1,\"name\":\"Portada\",\"item\":\"https:\\\/\\\/www.fcbarcelonanoticias.com\\\/en\\\/\"},{\"@type\":\"ListItem\",\"position\":2,\"name\":\"PSG does not forget Demb\u00e9l\u00e9 as a possible summer reinforcement\"}]},{\"@type\":\"WebSite\",\"@id\":\"https:\\\/\\\/www.fcbarcelonanoticias.com\\\/en\\\/#website\",\"url\":\"https:\\\/\\\/www.fcbarcelonanoticias.com\\\/en\\\/\",\"name\":\"EN - FC Barcelona Noticias\",\"description\":\"\",\"potentialAction\":[{\"@type\":\"SearchAction\",\"target\":{\"@type\":\"EntryPoint\",\"urlTemplate\":\"https:\\\/\\\/www.fcbarcelonanoticias.com\\\/en\\\/?s={search_term_string}\"},\"query-input\":{\"@type\":\"PropertyValueSpecification\",\"valueRequired\":true,\"valueName\":\"search_term_string\"}}],\"inLanguage\":\"en-US\"}]}<\/script>\n<!-- \/ Yoast SEO plugin. -->","yoast_head_json":{"title":"PSG does not forget Demb\u00e9l\u00e9 as a possible summer reinforcement","description":"New information from France ensures that Ousmane Demb\u00e9l\u00e9 is still on the list of candidates for Paris Saint-Germain to reinforce his offensive plot during the summer","robots":{"index":"index","follow":"follow","max-snippet":"max-snippet:-1","max-image-preview":"max-image-preview:large","max-video-preview":"max-video-preview:-1"},"canonical":"https:\/\/www.fcbarcelonanoticias.com\/en\/transfers\/psg-don-t-forget-dembele-as-a-possible-summer-reinforcement_292683_102.html","og_locale":"en_US","og_type":"article","og_title":"PSG does not forget Demb\u00e9l\u00e9 as a possible summer reinforcement","og_description":"New information from France ensures that Ousmane Demb\u00e9l\u00e9 is still on the list of candidates for Paris Saint-Germain to reinforce his offensive plot during the summer","og_url":"https:\/\/www.fcbarcelonanoticias.com\/en\/transfers\/psg-don-t-forget-dembele-as-a-possible-summer-reinforcement_292683_102.html","og_site_name":"EN - FC Barcelona Noticias","article_published_time":"2023-05-26T15:34:00+00:00","og_image":[{"width":1200,"height":675,"url":"https:\/\/www.fcbarcelonanoticias.com\/en\/wp-content\/uploads\/sites\/2\/2023\/05\/la-asistencia-de-dembe-le-a-mbappe-contra-australia.jpeg","type":"image\/jpeg"}],"twitter_card":"summary_large_image","twitter_misc":{"Est. reading time":"2 minutes"},"schema":{"@context":"https:\/\/schema.org","@graph":[{"@type":"Article","@id":"https:\/\/www.fcbarcelonanoticias.com\/en\/transfers\/psg-don-t-forget-dembele-as-a-possible-summer-reinforcement_292683_102.html#article","isPartOf":{"@id":"https:\/\/www.fcbarcelonanoticias.com\/en\/transfers\/psg-don-t-forget-dembele-as-a-possible-summer-reinforcement_292683_102.html"},"author":{"name":"","@id":""},"headline":"PSG does not forget Demb\u00e9l\u00e9 as a possible summer reinforcement","datePublished":"2023-05-26T15:34:00+00:00","mainEntityOfPage":{"@id":"https:\/\/www.fcbarcelonanoticias.com\/en\/transfers\/psg-don-t-forget-dembele-as-a-possible-summer-reinforcement_292683_102.html"},"wordCount":459,"image":{"@id":"https:\/\/www.fcbarcelonanoticias.com\/en\/transfers\/psg-don-t-forget-dembele-as-a-possible-summer-reinforcement_292683_102.html#primaryimage"},"thumbnailUrl":"https:\/\/www.fcbarcelonanoticias.com\/en\/wp-content\/uploads\/sites\/2\/2023\/05\/la-asistencia-de-dembe-le-a-mbappe-contra-australia.jpeg","keywords":["Demb\u00e9l\u00e9","Mbapp\u00e9","Paris Saint-Germain"],"articleSection":["Transfers","Transfers"],"inLanguage":"en-US"},{"@type":"WebPage","@id":"https:\/\/www.fcbarcelonanoticias.com\/en\/transfers\/psg-don-t-forget-dembele-as-a-possible-summer-reinforcement_292683_102.html","url":"https:\/\/www.fcbarcelonanoticias.com\/en\/transfers\/psg-don-t-forget-dembele-as-a-possible-summer-reinforcement_292683_102.html","name":"PSG does not forget Demb\u00e9l\u00e9 as a possible summer reinforcement","isPartOf":{"@id":"https:\/\/www.fcbarcelonanoticias.com\/en\/#website"},"primaryImageOfPage":{"@id":"https:\/\/www.fcbarcelonanoticias.com\/en\/transfers\/psg-don-t-forget-dembele-as-a-possible-summer-reinforcement_292683_102.html#primaryimage"},"image":{"@id":"https:\/\/www.fcbarcelonanoticias.com\/en\/transfers\/psg-don-t-forget-dembele-as-a-possible-summer-reinforcement_292683_102.html#primaryimage"},"thumbnailUrl":"https:\/\/www.fcbarcelonanoticias.com\/en\/wp-content\/uploads\/sites\/2\/2023\/05\/la-asistencia-de-dembe-le-a-mbappe-contra-australia.jpeg","datePublished":"2023-05-26T15:34:00+00:00","author":{"@id":""},"description":"New information from France ensures that Ousmane Demb\u00e9l\u00e9 is still on the list of candidates for Paris Saint-Germain to reinforce his offensive plot during the summer","breadcrumb":{"@id":"https:\/\/www.fcbarcelonanoticias.com\/en\/transfers\/psg-don-t-forget-dembele-as-a-possible-summer-reinforcement_292683_102.html#breadcrumb"},"inLanguage":"en-US","potentialAction":[{"@type":"ReadAction","target":["https:\/\/www.fcbarcelonanoticias.com\/en\/transfers\/psg-don-t-forget-dembele-as-a-possible-summer-reinforcement_292683_102.html"]}]},{"@type":"ImageObject","inLanguage":"en-US","@id":"https:\/\/www.fcbarcelonanoticias.com\/en\/transfers\/psg-don-t-forget-dembele-as-a-possible-summer-reinforcement_292683_102.html#primaryimage","url":"https:\/\/www.fcbarcelonanoticias.com\/en\/wp-content\/uploads\/sites\/2\/2023\/05\/la-asistencia-de-dembe-le-a-mbappe-contra-australia.jpeg","contentUrl":"https:\/\/www.fcbarcelonanoticias.com\/en\/wp-content\/uploads\/sites\/2\/2023\/05\/la-asistencia-de-dembe-le-a-mbappe-contra-australia.jpeg","width":1200,"height":675},{"@type":"BreadcrumbList","@id":"https:\/\/www.fcbarcelonanoticias.com\/en\/transfers\/psg-don-t-forget-dembele-as-a-possible-summer-reinforcement_292683_102.html#breadcrumb","itemListElement":[{"@type":"ListItem","position":1,"name":"Portada","item":"https:\/\/www.fcbarcelonanoticias.com\/en\/"},{"@type":"ListItem","position":2,"name":"PSG does not forget Demb\u00e9l\u00e9 as a possible summer reinforcement"}]},{"@type":"WebSite","@id":"https:\/\/www.fcbarcelonanoticias.com\/en\/#website","url":"https:\/\/www.fcbarcelonanoticias.com\/en\/","name":"EN - FC Barcelona Noticias","description":"","potentialAction":[{"@type":"SearchAction","target":{"@type":"EntryPoint","urlTemplate":"https:\/\/www.fcbarcelonanoticias.com\/en\/?s={search_term_string}"},"query-input":{"@type":"PropertyValueSpecification","valueRequired":true,"valueName":"search_term_string"}}],"inLanguage":"en-US"}]}},"_links":{"self":[{"href":"https:\/\/www.fcbarcelonanoticias.com\/en\/wp-json\/wp\/v2\/posts\/96099","targetHints":{"allow":["GET"]}}],"collection":[{"href":"https:\/\/www.fcbarcelonanoticias.com\/en\/wp-json\/wp\/v2\/posts"}],"about":[{"href":"https:\/\/www.fcbarcelonanoticias.com\/en\/wp-json\/wp\/v2\/types\/post"}],"replies":[{"embeddable":true,"href":"https:\/\/www.fcbarcelonanoticias.com\/en\/wp-json\/wp\/v2\/comments?post=96099"}],"version-history":[{"count":1,"href":"https:\/\/www.fcbarcelonanoticias.com\/en\/wp-json\/wp\/v2\/posts\/96099\/revisions"}],"predecessor-version":[{"id":131354,"href":"https:\/\/www.fcbarcelonanoticias.com\/en\/wp-json\/wp\/v2\/posts\/96099\/revisions\/131354"}],"wp:featuredmedia":[{"embeddable":true,"href":"https:\/\/www.fcbarcelonanoticias.com\/en\/wp-json\/wp\/v2\/media\/96120"}],"wp:attachment":[{"href":"https:\/\/www.fcbarcelonanoticias.com\/en\/wp-json\/wp\/v2\/media?parent=96099"}],"wp:term":[{"taxonomy":"category","embeddable":true,"href":"https:\/\/www.fcbarcelonanoticias.com\/en\/wp-json\/wp\/v2\/categories?post=96099"},{"taxonomy":"post_tag","embeddable":true,"href":"https:\/\/www.fcbarcelonanoticias.com\/en\/wp-json\/wp\/v2\/tags?post=96099"}],"curies":[{"name":"wp","href":"https:\/\/api.w.org\/{rel}","templated":true}]}}