{"id":96344,"date":"2024-10-09T20:20:00","date_gmt":"2024-10-09T18:20:00","guid":{"rendered":"https:\/\/weisetech.dev\/fc-barcelona-noticias\/en\/psg-will-look-to-leave-barcelona-without-one-defensive-pillars-2025_307820_102\/"},"modified":"2024-10-09T20:20:00","modified_gmt":"2024-10-09T18:20:00","slug":"psg-will-look-to-leave-barcelona-without-one-defensive-pillars-2025_307820_102","status":"publish","type":"post","link":"https:\/\/www.fcbarcelonanoticias.com\/en\/transfers\/psg-will-look-to-leave-barcelona-without-one-defensive-pillars-2025_307820_102.html","title":{"rendered":"PSG will seek to leave Bar\u00e7a without one of its defensive pillars in 2025"},"content":{"rendered":"<h2 class=\"wp-block-heading\">Paris Saint-Germain keeps its sights set on the &#8216;jewels&#8217; of FC Barcelona for the 2025 summer market. In addition to Lamine Yamal, Luis Enrique&#8217;s men would like Pau Cubars\u00ed<\/h2>  \r\n<div class=\"article-addons\">\r\n    <a href=\"https:\/\/www.fcbarcelonanoticias.com\/en\/calendar-fc-barcelona.html\"\r\n       target=\"_self\"\r\n       title=\"Calendar of FC Barcelona\"\r\n       class=\"blue-gredient-btn\">\r\n       \r\n        Calendar of FC Barcelona    <\/a>\r\n<\/div>   <p>Paris Saint-Germain could go very seriously for one of the defensive pillars of FC Barcelona. Beyond having top central defenders, such as Marquinhos and Milan Skriniar, <strong>Luis Enrique would have set his sights on one of the &#8216;jewels&#8217; of the Catalans to protect the Parisian defense in 2025<\/strong>, as long as PSG manages to take advantage of Bar\u00e7a&#8217;s financial emergencies to negotiate a reasonable transfer.<\/p>  <p>According to the latest information, the Asturian would have asked the club to sign Pau Cubars\u00ed in the next summer market. <strong>The 17-year-old center back has become a key piece of the Bar\u00e7a defense this year, with a total of 35 games played (2,735 minutes)<\/strong> in which he has made a couple of assists. Despite his young age, the &#8216;2&#8217; cul\u00e9 has already managed to win an Olympic gold and remains undisputed in Hansi Flick&#8217;s XI, maintaining the position he won in the final stretch of Xavi Hern\u00e1ndez&#8217;s cycle.<\/p>  <h2>Bar\u00e7a is not willing to listen to offers for Pau Cubars\u00ed<\/h2>  <p>However, Bar\u00e7a does not plan to listen to offers for the youth player in 2025, regardless of how juicy the offers from PSG, Manchester City or any other European giant could be. <strong>Pau renewed until 2027 with a termination clause of 500 million euros<\/strong>, a figure that the club that wishes to sign him must pay as long as Bar\u00e7a does not change its mind regarding the defender&#8217;s future.<\/p>  <p>Cubars\u00ed was the last &#8216;discovery&#8217; of Xavi Hern\u00e1ndez before his departure from the cul\u00e9 bench. <strong>The Egarense gave him his debut in the Champions League against Naples at the age of 17 years and 50 days<\/strong>, with which the boy became the youngest defender to play in a &#8216;KO&#8217; phase match in the Champions League. In the quarterfinals, precisely against PSG, he also broke another record for precocity, as the youngest defender to reach this stage of the tournament (17 years and 79 days). In that key, the Catalan &#8216;fell in love&#8217; with Luis Enrique, who dreams of taking him to the French capital in 2025 along with Lamine Yamal, the other great Parisian objective for the future.<\/p> ","protected":false},"excerpt":{"rendered":"<p>Paris Saint-Germain keeps its sights set on the &#8216;jewels&#8217; of FC Barcelona for the 2025 summer market. In addition to Lamine Yamal, Luis Enrique&#8217;s men would like Pau Cubars\u00ed Paris Saint-Germain could go very seriously for one of the defensive pillars of FC Barcelona. Beyond having top central defenders, such as Marquinhos and Milan Skriniar, [&hellip;]<\/p>\n","protected":false},"author":347,"featured_media":96359,"comment_status":"closed","ping_status":"open","sticky":false,"template":"","format":"standard","meta":{"_acf_changed":false,"inline_featured_image":false,"_nextfly_llmd_date_locked":false,"footnotes":""},"categories":[449,106],"tags":[148,88],"class_list":["post-96344","post","type-post","status-publish","format-standard","has-post-thumbnail","hentry","category-transfers-2","category-transfers","tag-luis-enrique","tag-paris-saint-germain"],"acf":[],"yoast_head":"<!-- This site is optimized with the Yoast SEO plugin v27.3 - https:\/\/yoast.com\/product\/yoast-seo-wordpress\/ -->\n<title>PSG will seek to leave Bar\u00e7a without one of its defensive pillars in 2025<\/title>\n<meta name=\"description\" content=\"Paris Saint-Germain keeps its sights set on the &#039;jewels&#039; of FC Barcelona for the 2025 summer market. In addition to Lamine Yamal, Luis Enrique&#039;s men would like Pau Cubars\u00ed\" \/>\n<meta name=\"robots\" content=\"index, follow, max-snippet:-1, max-image-preview:large, max-video-preview:-1\" \/>\n<link rel=\"canonical\" href=\"https:\/\/www.fcbarcelonanoticias.com\/en\/transfers\/psg-will-look-to-leave-barcelona-without-one-defensive-pillars-2025_307820_102.html\" \/>\n<meta property=\"og:locale\" content=\"en_US\" \/>\n<meta property=\"og:type\" content=\"article\" \/>\n<meta property=\"og:title\" content=\"PSG will seek to leave Bar\u00e7a without one of its defensive pillars in 2025\" \/>\n<meta property=\"og:description\" content=\"Paris Saint-Germain keeps its sights set on the &#039;jewels&#039; of FC Barcelona for the 2025 summer market. In addition to Lamine Yamal, Luis Enrique&#039;s men would like Pau Cubars\u00ed\" \/>\n<meta property=\"og:url\" content=\"https:\/\/www.fcbarcelonanoticias.com\/en\/transfers\/psg-will-look-to-leave-barcelona-without-one-defensive-pillars-2025_307820_102.html\" \/>\n<meta property=\"og:site_name\" content=\"EN - FC Barcelona Noticias\" \/>\n<meta property=\"article:published_time\" content=\"2024-10-09T18:20:00+00:00\" \/>\n<meta property=\"og:image\" content=\"https:\/\/www.fcbarcelonanoticias.com\/en\/wp-content\/uploads\/sites\/2\/2024\/10\/pau-cubarsi-fc-barcelona.jpeg\" \/>\n\t<meta property=\"og:image:width\" content=\"1250\" \/>\n\t<meta property=\"og:image:height\" content=\"730\" \/>\n\t<meta property=\"og:image:type\" content=\"image\/jpeg\" \/>\n<meta name=\"author\" content=\"Andr\u00e9s Quiroz\" \/>\n<meta name=\"twitter:card\" content=\"summary_large_image\" \/>\n<meta name=\"twitter:label1\" content=\"Written by\" \/>\n\t<meta name=\"twitter:data1\" content=\"Andr\u00e9s Quiroz\" \/>\n\t<meta name=\"twitter:label2\" content=\"Est. reading time\" \/>\n\t<meta name=\"twitter:data2\" content=\"2 minutes\" \/>\n<script type=\"application\/ld+json\" class=\"yoast-schema-graph\">{\"@context\":\"https:\\\/\\\/schema.org\",\"@graph\":[{\"@type\":\"Article\",\"@id\":\"https:\\\/\\\/www.fcbarcelonanoticias.com\\\/en\\\/transfers\\\/psg-will-look-to-leave-barcelona-without-one-defensive-pillars-2025_307820_102.html#article\",\"isPartOf\":{\"@id\":\"https:\\\/\\\/www.fcbarcelonanoticias.com\\\/en\\\/transfers\\\/psg-will-look-to-leave-barcelona-without-one-defensive-pillars-2025_307820_102.html\"},\"author\":{\"name\":\"Andr\u00e9s Quiroz\",\"@id\":\"https:\\\/\\\/www.fcbarcelonanoticias.com\\\/en\\\/#\\\/schema\\\/person\\\/c2cd9f6fa1af5c0d0eccd0fefa575c88\"},\"headline\":\"PSG will seek to leave Bar\u00e7a without one of its defensive pillars in 2025\",\"datePublished\":\"2024-10-09T18:20:00+00:00\",\"mainEntityOfPage\":{\"@id\":\"https:\\\/\\\/www.fcbarcelonanoticias.com\\\/en\\\/transfers\\\/psg-will-look-to-leave-barcelona-without-one-defensive-pillars-2025_307820_102.html\"},\"wordCount\":394,\"image\":{\"@id\":\"https:\\\/\\\/www.fcbarcelonanoticias.com\\\/en\\\/transfers\\\/psg-will-look-to-leave-barcelona-without-one-defensive-pillars-2025_307820_102.html#primaryimage\"},\"thumbnailUrl\":\"https:\\\/\\\/www.fcbarcelonanoticias.com\\\/en\\\/wp-content\\\/uploads\\\/sites\\\/2\\\/2024\\\/10\\\/pau-cubarsi-fc-barcelona.jpeg\",\"keywords\":[\"Luis Enrique\",\"Paris Saint-Germain\"],\"articleSection\":[\"Transfers\",\"Transfers\"],\"inLanguage\":\"en-US\"},{\"@type\":\"WebPage\",\"@id\":\"https:\\\/\\\/www.fcbarcelonanoticias.com\\\/en\\\/transfers\\\/psg-will-look-to-leave-barcelona-without-one-defensive-pillars-2025_307820_102.html\",\"url\":\"https:\\\/\\\/www.fcbarcelonanoticias.com\\\/en\\\/transfers\\\/psg-will-look-to-leave-barcelona-without-one-defensive-pillars-2025_307820_102.html\",\"name\":\"PSG will seek to leave Bar\u00e7a without one of its defensive pillars in 2025\",\"isPartOf\":{\"@id\":\"https:\\\/\\\/www.fcbarcelonanoticias.com\\\/en\\\/#website\"},\"primaryImageOfPage\":{\"@id\":\"https:\\\/\\\/www.fcbarcelonanoticias.com\\\/en\\\/transfers\\\/psg-will-look-to-leave-barcelona-without-one-defensive-pillars-2025_307820_102.html#primaryimage\"},\"image\":{\"@id\":\"https:\\\/\\\/www.fcbarcelonanoticias.com\\\/en\\\/transfers\\\/psg-will-look-to-leave-barcelona-without-one-defensive-pillars-2025_307820_102.html#primaryimage\"},\"thumbnailUrl\":\"https:\\\/\\\/www.fcbarcelonanoticias.com\\\/en\\\/wp-content\\\/uploads\\\/sites\\\/2\\\/2024\\\/10\\\/pau-cubarsi-fc-barcelona.jpeg\",\"datePublished\":\"2024-10-09T18:20:00+00:00\",\"author\":{\"@id\":\"https:\\\/\\\/www.fcbarcelonanoticias.com\\\/en\\\/#\\\/schema\\\/person\\\/c2cd9f6fa1af5c0d0eccd0fefa575c88\"},\"description\":\"Paris Saint-Germain keeps its sights set on the 'jewels' of FC Barcelona for the 2025 summer market. In addition to Lamine Yamal, Luis Enrique's men would like Pau Cubars\u00ed\",\"breadcrumb\":{\"@id\":\"https:\\\/\\\/www.fcbarcelonanoticias.com\\\/en\\\/transfers\\\/psg-will-look-to-leave-barcelona-without-one-defensive-pillars-2025_307820_102.html#breadcrumb\"},\"inLanguage\":\"en-US\",\"potentialAction\":[{\"@type\":\"ReadAction\",\"target\":[\"https:\\\/\\\/www.fcbarcelonanoticias.com\\\/en\\\/transfers\\\/psg-will-look-to-leave-barcelona-without-one-defensive-pillars-2025_307820_102.html\"]}]},{\"@type\":\"ImageObject\",\"inLanguage\":\"en-US\",\"@id\":\"https:\\\/\\\/www.fcbarcelonanoticias.com\\\/en\\\/transfers\\\/psg-will-look-to-leave-barcelona-without-one-defensive-pillars-2025_307820_102.html#primaryimage\",\"url\":\"https:\\\/\\\/www.fcbarcelonanoticias.com\\\/en\\\/wp-content\\\/uploads\\\/sites\\\/2\\\/2024\\\/10\\\/pau-cubarsi-fc-barcelona.jpeg\",\"contentUrl\":\"https:\\\/\\\/www.fcbarcelonanoticias.com\\\/en\\\/wp-content\\\/uploads\\\/sites\\\/2\\\/2024\\\/10\\\/pau-cubarsi-fc-barcelona.jpeg\",\"width\":1250,\"height\":730},{\"@type\":\"BreadcrumbList\",\"@id\":\"https:\\\/\\\/www.fcbarcelonanoticias.com\\\/en\\\/transfers\\\/psg-will-look-to-leave-barcelona-without-one-defensive-pillars-2025_307820_102.html#breadcrumb\",\"itemListElement\":[{\"@type\":\"ListItem\",\"position\":1,\"name\":\"Portada\",\"item\":\"https:\\\/\\\/www.fcbarcelonanoticias.com\\\/en\\\/\"},{\"@type\":\"ListItem\",\"position\":2,\"name\":\"PSG will seek to leave Bar\u00e7a without one of its defensive pillars in 2025\"}]},{\"@type\":\"WebSite\",\"@id\":\"https:\\\/\\\/www.fcbarcelonanoticias.com\\\/en\\\/#website\",\"url\":\"https:\\\/\\\/www.fcbarcelonanoticias.com\\\/en\\\/\",\"name\":\"EN - FC Barcelona Noticias\",\"description\":\"\",\"potentialAction\":[{\"@type\":\"SearchAction\",\"target\":{\"@type\":\"EntryPoint\",\"urlTemplate\":\"https:\\\/\\\/www.fcbarcelonanoticias.com\\\/en\\\/?s={search_term_string}\"},\"query-input\":{\"@type\":\"PropertyValueSpecification\",\"valueRequired\":true,\"valueName\":\"search_term_string\"}}],\"inLanguage\":\"en-US\"},{\"@type\":\"Person\",\"@id\":\"https:\\\/\\\/www.fcbarcelonanoticias.com\\\/en\\\/#\\\/schema\\\/person\\\/c2cd9f6fa1af5c0d0eccd0fefa575c88\",\"name\":\"Andr\u00e9s Quiroz\",\"image\":{\"@type\":\"ImageObject\",\"inLanguage\":\"en-US\",\"@id\":\"https:\\\/\\\/secure.gravatar.com\\\/avatar\\\/?s=96&d=mm&r=g\",\"url\":\"https:\\\/\\\/secure.gravatar.com\\\/avatar\\\/?s=96&d=mm&r=g\",\"contentUrl\":\"https:\\\/\\\/secure.gravatar.com\\\/avatar\\\/?s=96&d=mm&r=g\",\"caption\":\"Andr\u00e9s Quiroz\"},\"description\":\"Licenciado en Periodismo por la Universidad de los Andes. Me encargo de analizar y compartir los contenidos m\u00e1s destacados de la\u00a0actualidad del F\u00fatbol Club Barcelona, Mercado de Fichajes y F\u00fatbol Internacional en FCBN. La informaci\u00f3n es poder, pero tambi\u00e9n conocimiento.\",\"url\":\"https:\\\/\\\/www.fcbarcelonanoticias.com\\\/en\\\/fc-barcelona\\\/andres-quiroz_17_115.html\"}]}<\/script>\n<!-- \/ Yoast SEO plugin. -->","yoast_head_json":{"title":"PSG will seek to leave Bar\u00e7a without one of its defensive pillars in 2025","description":"Paris Saint-Germain keeps its sights set on the 'jewels' of FC Barcelona for the 2025 summer market. In addition to Lamine Yamal, Luis Enrique's men would like Pau Cubars\u00ed","robots":{"index":"index","follow":"follow","max-snippet":"max-snippet:-1","max-image-preview":"max-image-preview:large","max-video-preview":"max-video-preview:-1"},"canonical":"https:\/\/www.fcbarcelonanoticias.com\/en\/transfers\/psg-will-look-to-leave-barcelona-without-one-defensive-pillars-2025_307820_102.html","og_locale":"en_US","og_type":"article","og_title":"PSG will seek to leave Bar\u00e7a without one of its defensive pillars in 2025","og_description":"Paris Saint-Germain keeps its sights set on the 'jewels' of FC Barcelona for the 2025 summer market. In addition to Lamine Yamal, Luis Enrique's men would like Pau Cubars\u00ed","og_url":"https:\/\/www.fcbarcelonanoticias.com\/en\/transfers\/psg-will-look-to-leave-barcelona-without-one-defensive-pillars-2025_307820_102.html","og_site_name":"EN - FC Barcelona Noticias","article_published_time":"2024-10-09T18:20:00+00:00","og_image":[{"width":1250,"height":730,"url":"https:\/\/www.fcbarcelonanoticias.com\/en\/wp-content\/uploads\/sites\/2\/2024\/10\/pau-cubarsi-fc-barcelona.jpeg","type":"image\/jpeg"}],"author":"Andr\u00e9s Quiroz","twitter_card":"summary_large_image","twitter_misc":{"Written by":"Andr\u00e9s Quiroz","Est. reading time":"2 minutes"},"schema":{"@context":"https:\/\/schema.org","@graph":[{"@type":"Article","@id":"https:\/\/www.fcbarcelonanoticias.com\/en\/transfers\/psg-will-look-to-leave-barcelona-without-one-defensive-pillars-2025_307820_102.html#article","isPartOf":{"@id":"https:\/\/www.fcbarcelonanoticias.com\/en\/transfers\/psg-will-look-to-leave-barcelona-without-one-defensive-pillars-2025_307820_102.html"},"author":{"name":"Andr\u00e9s Quiroz","@id":"https:\/\/www.fcbarcelonanoticias.com\/en\/#\/schema\/person\/c2cd9f6fa1af5c0d0eccd0fefa575c88"},"headline":"PSG will seek to leave Bar\u00e7a without one of its defensive pillars in 2025","datePublished":"2024-10-09T18:20:00+00:00","mainEntityOfPage":{"@id":"https:\/\/www.fcbarcelonanoticias.com\/en\/transfers\/psg-will-look-to-leave-barcelona-without-one-defensive-pillars-2025_307820_102.html"},"wordCount":394,"image":{"@id":"https:\/\/www.fcbarcelonanoticias.com\/en\/transfers\/psg-will-look-to-leave-barcelona-without-one-defensive-pillars-2025_307820_102.html#primaryimage"},"thumbnailUrl":"https:\/\/www.fcbarcelonanoticias.com\/en\/wp-content\/uploads\/sites\/2\/2024\/10\/pau-cubarsi-fc-barcelona.jpeg","keywords":["Luis Enrique","Paris Saint-Germain"],"articleSection":["Transfers","Transfers"],"inLanguage":"en-US"},{"@type":"WebPage","@id":"https:\/\/www.fcbarcelonanoticias.com\/en\/transfers\/psg-will-look-to-leave-barcelona-without-one-defensive-pillars-2025_307820_102.html","url":"https:\/\/www.fcbarcelonanoticias.com\/en\/transfers\/psg-will-look-to-leave-barcelona-without-one-defensive-pillars-2025_307820_102.html","name":"PSG will seek to leave Bar\u00e7a without one of its defensive pillars in 2025","isPartOf":{"@id":"https:\/\/www.fcbarcelonanoticias.com\/en\/#website"},"primaryImageOfPage":{"@id":"https:\/\/www.fcbarcelonanoticias.com\/en\/transfers\/psg-will-look-to-leave-barcelona-without-one-defensive-pillars-2025_307820_102.html#primaryimage"},"image":{"@id":"https:\/\/www.fcbarcelonanoticias.com\/en\/transfers\/psg-will-look-to-leave-barcelona-without-one-defensive-pillars-2025_307820_102.html#primaryimage"},"thumbnailUrl":"https:\/\/www.fcbarcelonanoticias.com\/en\/wp-content\/uploads\/sites\/2\/2024\/10\/pau-cubarsi-fc-barcelona.jpeg","datePublished":"2024-10-09T18:20:00+00:00","author":{"@id":"https:\/\/www.fcbarcelonanoticias.com\/en\/#\/schema\/person\/c2cd9f6fa1af5c0d0eccd0fefa575c88"},"description":"Paris Saint-Germain keeps its sights set on the 'jewels' of FC Barcelona for the 2025 summer market. In addition to Lamine Yamal, Luis Enrique's men would like Pau Cubars\u00ed","breadcrumb":{"@id":"https:\/\/www.fcbarcelonanoticias.com\/en\/transfers\/psg-will-look-to-leave-barcelona-without-one-defensive-pillars-2025_307820_102.html#breadcrumb"},"inLanguage":"en-US","potentialAction":[{"@type":"ReadAction","target":["https:\/\/www.fcbarcelonanoticias.com\/en\/transfers\/psg-will-look-to-leave-barcelona-without-one-defensive-pillars-2025_307820_102.html"]}]},{"@type":"ImageObject","inLanguage":"en-US","@id":"https:\/\/www.fcbarcelonanoticias.com\/en\/transfers\/psg-will-look-to-leave-barcelona-without-one-defensive-pillars-2025_307820_102.html#primaryimage","url":"https:\/\/www.fcbarcelonanoticias.com\/en\/wp-content\/uploads\/sites\/2\/2024\/10\/pau-cubarsi-fc-barcelona.jpeg","contentUrl":"https:\/\/www.fcbarcelonanoticias.com\/en\/wp-content\/uploads\/sites\/2\/2024\/10\/pau-cubarsi-fc-barcelona.jpeg","width":1250,"height":730},{"@type":"BreadcrumbList","@id":"https:\/\/www.fcbarcelonanoticias.com\/en\/transfers\/psg-will-look-to-leave-barcelona-without-one-defensive-pillars-2025_307820_102.html#breadcrumb","itemListElement":[{"@type":"ListItem","position":1,"name":"Portada","item":"https:\/\/www.fcbarcelonanoticias.com\/en\/"},{"@type":"ListItem","position":2,"name":"PSG will seek to leave Bar\u00e7a without one of its defensive pillars in 2025"}]},{"@type":"WebSite","@id":"https:\/\/www.fcbarcelonanoticias.com\/en\/#website","url":"https:\/\/www.fcbarcelonanoticias.com\/en\/","name":"EN - FC Barcelona Noticias","description":"","potentialAction":[{"@type":"SearchAction","target":{"@type":"EntryPoint","urlTemplate":"https:\/\/www.fcbarcelonanoticias.com\/en\/?s={search_term_string}"},"query-input":{"@type":"PropertyValueSpecification","valueRequired":true,"valueName":"search_term_string"}}],"inLanguage":"en-US"},{"@type":"Person","@id":"https:\/\/www.fcbarcelonanoticias.com\/en\/#\/schema\/person\/c2cd9f6fa1af5c0d0eccd0fefa575c88","name":"Andr\u00e9s Quiroz","image":{"@type":"ImageObject","inLanguage":"en-US","@id":"https:\/\/secure.gravatar.com\/avatar\/?s=96&d=mm&r=g","url":"https:\/\/secure.gravatar.com\/avatar\/?s=96&d=mm&r=g","contentUrl":"https:\/\/secure.gravatar.com\/avatar\/?s=96&d=mm&r=g","caption":"Andr\u00e9s Quiroz"},"description":"Licenciado en Periodismo por la Universidad de los Andes. Me encargo de analizar y compartir los contenidos m\u00e1s destacados de la\u00a0actualidad del F\u00fatbol Club Barcelona, Mercado de Fichajes y F\u00fatbol Internacional en FCBN. La informaci\u00f3n es poder, pero tambi\u00e9n conocimiento.","url":"https:\/\/www.fcbarcelonanoticias.com\/en\/fc-barcelona\/andres-quiroz_17_115.html"}]}},"_links":{"self":[{"href":"https:\/\/www.fcbarcelonanoticias.com\/en\/wp-json\/wp\/v2\/posts\/96344","targetHints":{"allow":["GET"]}}],"collection":[{"href":"https:\/\/www.fcbarcelonanoticias.com\/en\/wp-json\/wp\/v2\/posts"}],"about":[{"href":"https:\/\/www.fcbarcelonanoticias.com\/en\/wp-json\/wp\/v2\/types\/post"}],"author":[{"embeddable":true,"href":"https:\/\/www.fcbarcelonanoticias.com\/en\/wp-json\/wp\/v2\/users\/347"}],"replies":[{"embeddable":true,"href":"https:\/\/www.fcbarcelonanoticias.com\/en\/wp-json\/wp\/v2\/comments?post=96344"}],"version-history":[{"count":1,"href":"https:\/\/www.fcbarcelonanoticias.com\/en\/wp-json\/wp\/v2\/posts\/96344\/revisions"}],"predecessor-version":[{"id":131401,"href":"https:\/\/www.fcbarcelonanoticias.com\/en\/wp-json\/wp\/v2\/posts\/96344\/revisions\/131401"}],"wp:featuredmedia":[{"embeddable":true,"href":"https:\/\/www.fcbarcelonanoticias.com\/en\/wp-json\/wp\/v2\/media\/96359"}],"wp:attachment":[{"href":"https:\/\/www.fcbarcelonanoticias.com\/en\/wp-json\/wp\/v2\/media?parent=96344"}],"wp:term":[{"taxonomy":"category","embeddable":true,"href":"https:\/\/www.fcbarcelonanoticias.com\/en\/wp-json\/wp\/v2\/categories?post=96344"},{"taxonomy":"post_tag","embeddable":true,"href":"https:\/\/www.fcbarcelonanoticias.com\/en\/wp-json\/wp\/v2\/tags?post=96344"}],"curies":[{"name":"wp","href":"https:\/\/api.w.org\/{rel}","templated":true}]}}