{"id":96430,"date":"2026-01-17T21:59:00","date_gmt":"2026-01-17T20:59:00","guid":{"rendered":"https:\/\/weisetech.dev\/fc-barcelona-noticias\/en\/psg-will-pay-barcelona-6-millions-for-dro-fernandez-clause_315775_102\/"},"modified":"2026-03-27T11:34:57","modified_gmt":"2026-03-27T10:34:57","slug":"psg-will-pay-barcelona-6-millions-for-dro-fernandez-clause_315775_102","status":"publish","type":"post","link":"https:\/\/www.fcbarcelonanoticias.com\/en\/transfers\/psg-will-pay-barcelona-6-millions-for-dro-fernandez-clause_315775_102.html","title":{"rendered":"Deal closed: PSG will pay Bar\u00e7a the &#8216;Dro&#8217; Fern\u00e1ndez clause"},"content":{"rendered":"<h2 class=\"wp-block-heading\">Pedro &#8216;Dro&#8217; Fern\u00e1ndez will soon be a Paris Saint-Germain player. The 28-year-old midfielder will sign with the French club for four and a half seasons, until June 2030, once his release clause is paid<\/h2>  \r\n<div class=\"article-addons\">\r\n    <a href=\"https:\/\/www.fcbarcelonanoticias.com\/en\/calendar-fc-barcelona.html\"\r\n       target=\"_self\"\r\n       title=\"Calendar of FC Barcelona\"\r\n       class=\"blue-gredient-btn\">\r\n       \r\n        Calendar of FC Barcelona    <\/a>\r\n<\/div>   <p><strong>Paris Saint-Germain<\/strong> has managed to &#8216;steal&#8217; one of La Masia&#8217;s &#8216;pearls&#8217; from <strong>FC Barcelona<\/strong>. Media outlets such as &#8216;L&#8217;Equipe&#8217; and &#8216;Mundo Deportivo&#8217; confirmed the agreement reached between the team managed by <strong>Luis Enrique<\/strong> and <strong>Pedro &#8216;Dro&#8217; Fern\u00e1ndez<\/strong> to sign him with immediate effect, paying the <strong>6 million euros<\/strong> that Bar\u00e7a had initially set as the midfielder&#8217;s release clause.<\/p>  <p>The Spanish player, of Filipino descent, <strong>had a contract with the Catalans until 2027<\/strong>. Although the club expected to discuss a contract extension and a readjustment of his clause shortly, PSG managed to convince the La Masia academy graduate to move to the Parc des Princes.<\/p>  <h2>PSG managed to convince &#8216;Dro&#8217; with a long-term contract<\/h2>  <p>The negotiation was leaked on Friday by journalist <strong><a data-external=\"1\" href=\"https:\/\/x.com\/en\/FabrizioRomano\/status\/2012355396229275688\" rel=\"nofollow\" target=\"_blank\" title=\"El PSG acepta pagar la cl\u00e1usula de 'Dro' Fern\u00e1ndez\">Fabrizio Romano<\/a><\/strong>, after &#8216;Dro&#8217; was left out of <strong>Hansi Flick<\/strong>&#8216;s squad for the Copa del Rey round of 16 match against <strong><a data-external=\"0\" data-intl-links-en=\"https:\/\/www.fcbarcelonanoticias.com\/en\/copa-del-rey\/racing-0-2-barcelona-copa-del-rey-2025-26-summary_315763_102.html\" data-intl-links-es=\"https:\/\/www.fcbarcelonanoticias.com\/copa-del-rey\/resumen-racing-santander-0-2-fc-barcelona-copa-del-rey-2025-26_315763_102.html\" href=\"https:\/\/www.fcbarcelonanoticias.com\/en\/copa-del-rey\/racing-0-2-barcelona-copa-del-rey-2025-26-summary_315763_102.html\" rel=\"follow\" target=\"_self\" title=\"Resumen del Racing de Santander 0-2 FC Barcelona - Copa del Rey 2025-26\">Racing de Santander<\/a><\/strong>. The player from Nigr\u00e1n was also unavailable in the <a data-external=\"0\" data-intl-links-en=\"https:\/\/www.fcbarcelonanoticias.com\/en\/spanish-super-cup\/fc-barcelona-3-2-real-madrid-supercopa-2026-summary_315728_102.html\" data-intl-links-es=\"https:\/\/www.fcbarcelonanoticias.com\/supercopa-de-espana\/resumen-fc-barcelona-3-2-real-madrid-supercopa-espana-2026_315728_102.html\" href=\"https:\/\/www.fcbarcelonanoticias.com\/en\/spanish-super-cup\/fc-barcelona-3-2-real-madrid-supercopa-2026-summary_315728_102.html\" rel=\"follow\" target=\"_self\" title=\"Resumen del FC Barcelona 3-2 Real Madrid - Supercopa de Espa\u00f1a 2026\">Spanish Super Cup final<\/a> due to muscle discomfort and finally accepted the Parisian offer.<\/p>  <p>His agent, **Iv\u00e1n de la Pe\u00f1a**, closed a deal **for four and a half seasons, until June 2030**, with PSG. Luis Enrique&#8217;s team, in this way, signs the 18-year-old midfielder, who last summer managed to earn a place in Flick&#8217;s team after playing 79 minutes in preseason, as well as scoring a goal in the Asian tour against **Vissel Kobe (1-3)**<\/p>  <h2>Flick loses a valuable piece for his rotation plan<\/h2>  <div class=\"media media-image\" data-ck-asset-wrapper=\"\"> <div class=\"media-item\"> <img loading=\"lazy\" decoding=\"async\" alt=\"Dro Fern\u00e1ndez debuts as a starter with Barcelona in LaLiga\" data-id=\"1523822\" data-resize=\"9\" height=\"563\" src=\"https:\/\/www.fcbarcelonanoticias.com\/wp-content\/uploads\/sites\/2\/2026\/01\/fcbn-6292b7ea0d544745f98b8767f9db063f.webp\" title=\"Dro Fern\u00e1ndez debuts as a starter with Barcelona in LaLiga\" width=\"1000\"><div class=\"media-title\">Dro Fern\u00e1ndez debuts as a starter with Barcelona in LaLiga<\/div> <\/div> <\/div>  <p>Although he barely played one game as a starter in La Liga (45&#8242; in the 2-1 win against Real Sociedad) and another in the Champions League (59&#8242; in the 6-1 thrashing of Olympiacos), the coaching staff considered him for all matches in the 25\/26 season, with the exception of five games due to muscular problems.<\/p>  <p>In total, Fern\u00e1ndez accumulated 148 minutes of action in 5 appearances (4 in the League) this season, contributing one assist in the Champions League. He also played 3 matches (182 minutes) with the reserve team before accepting the Parisian offer.<\/p>  <p>In the press conference prior to the league visit to Real Sociedad, <a data-external=\"0\" data-intl-links-en=\"https:\/\/www.fcbarcelonanoticias.com\/en\/fc-barcelona\/flick-laments-dro-departure-and-opens-the-door-to-ter-stegen_315770_102.html\" data-intl-links-es=\"https:\/\/www.fcbarcelonanoticias.com\/fc-barcelona\/flick-se-sincera-sobre-mercado-barca-inminentes-salidas-dro-ter-stegen_315770_102.html\" href=\"https:\/\/www.fcbarcelonanoticias.com\/en\/fc-barcelona\/flick-laments-dro-departure-and-opens-the-door-to-ter-stegen_315770_102.html\" rel=\"follow\" target=\"_self\" title=\"Flick se sincera sobre el mercado del Bar\u00e7a ante las inminentes salidas de Dro y Ter Stegen\">Hansi Flick lamented the academy player&#8217;s decision<\/a> to leave. Although he understands that all players want to play as many games as possible, he is also clear that it is a decision &#8220;influenced&#8221; by various factors.<\/p>  <p>&#8220;Things happen in football. You may not agree, but **they are 18-year-old players, adults, who make decisions. And there are adults who can incite them&#8230;** I&#8217;ve said enough,&#8221; the German pointed out regarding the &#8216;Dro case&#8217;.<\/p>  <h2>Bar\u00e7a to Have Other Market Novelties After &#8216;Dro&#8217; Fern\u00e1ndez&#8217;s Departure<\/h2>  <p>Barcelona will thus close its first transfer of 2026. The next to leave is expected to be Senegalese Mamadou Mbacke. The Senegalese is set to return to the American MLS after a year and a half in the reserves, where he played 60 games.<\/p>  <p>Another player finalizing details about his departure is **Marc-Andr\u00e9 ter Stegen**. Although the German will travel with the first team to San Sebasti\u00e1n, next week he should finalize his six-month loan to **Girona**. The agreement between the parties is total, and Barcelona will cover a majority percentage of his salary.<\/p> ","protected":false},"excerpt":{"rendered":"<p>Pedro &#8216;Dro&#8217; Fern\u00e1ndez will soon be a Paris Saint-Germain player. The 28-year-old midfielder will sign with the French club for four and a half seasons, until June 2030, once his release clause is paid Paris Saint-Germain has managed to &#8216;steal&#8217; one of La Masia&#8217;s &#8216;pearls&#8217; from FC Barcelona. Media outlets such as &#8216;L&#8217;Equipe&#8217; and &#8216;Mundo [&hellip;]<\/p>\n","protected":false},"author":347,"featured_media":96444,"comment_status":"closed","ping_status":"open","sticky":false,"template":"","format":"standard","meta":{"_acf_changed":false,"inline_featured_image":false,"_nextfly_llmd_date_locked":false,"footnotes":""},"categories":[106,449],"tags":[284,470,88],"class_list":["post-96430","post","type-post","status-publish","format-standard","has-post-thumbnail","hentry","category-transfers","category-transfers-2","tag-dro-fernandez","tag-dro-fernandez-2","tag-paris-saint-germain"],"acf":[],"yoast_head":"<!-- This site is optimized with the Yoast SEO plugin v27.3 - https:\/\/yoast.com\/product\/yoast-seo-wordpress\/ -->\n<title>PSG will pay Bar\u00e7a \u20ac6M for Dro Fern\u00e1ndez&#039;s clause<\/title>\n<meta name=\"description\" content=\"Pedro &#039;Dro&#039; Fern\u00e1ndez will soon be a Paris Saint-Germain player. The 28-year-old midfielder will sign with the French club for 4 and a half seasons\" \/>\n<meta name=\"robots\" content=\"index, follow, max-snippet:-1, max-image-preview:large, max-video-preview:-1\" \/>\n<link rel=\"canonical\" href=\"https:\/\/www.fcbarcelonanoticias.com\/en\/transfers\/psg-will-pay-barcelona-6-millions-for-dro-fernandez-clause_315775_102.html\" \/>\n<meta property=\"og:locale\" content=\"en_US\" \/>\n<meta property=\"og:type\" content=\"article\" \/>\n<meta property=\"og:title\" content=\"PSG will pay Bar\u00e7a \u20ac6M for Dro Fern\u00e1ndez&#039;s clause\" \/>\n<meta property=\"og:description\" content=\"Pedro &#039;Dro&#039; Fern\u00e1ndez will soon be a Paris Saint-Germain player. The 28-year-old midfielder will sign with the French club for 4 and a half seasons\" \/>\n<meta property=\"og:url\" content=\"https:\/\/www.fcbarcelonanoticias.com\/en\/transfers\/psg-will-pay-barcelona-6-millions-for-dro-fernandez-clause_315775_102.html\" \/>\n<meta property=\"og:site_name\" content=\"EN - FC Barcelona Noticias\" \/>\n<meta property=\"article:published_time\" content=\"2026-01-17T20:59:00+00:00\" \/>\n<meta property=\"article:modified_time\" content=\"2026-03-27T10:34:57+00:00\" \/>\n<meta property=\"og:image\" content=\"https:\/\/www.fcbarcelonanoticias.com\/en\/wp-content\/uploads\/sites\/2\/2026\/01\/dro-fernandez-v-atletico-laliga-25-26.jpeg\" \/>\n\t<meta property=\"og:image:width\" content=\"1300\" \/>\n\t<meta property=\"og:image:height\" content=\"732\" \/>\n\t<meta property=\"og:image:type\" content=\"image\/jpeg\" \/>\n<meta name=\"author\" content=\"Andr\u00e9s Quiroz\" \/>\n<meta name=\"twitter:card\" content=\"summary_large_image\" \/>\n<meta name=\"twitter:label1\" content=\"Written by\" \/>\n\t<meta name=\"twitter:data1\" content=\"Andr\u00e9s Quiroz\" \/>\n\t<meta name=\"twitter:label2\" content=\"Est. reading time\" \/>\n\t<meta name=\"twitter:data2\" content=\"3 minutes\" \/>\n<script type=\"application\/ld+json\" class=\"yoast-schema-graph\">{\"@context\":\"https:\\\/\\\/schema.org\",\"@graph\":[{\"@type\":\"Article\",\"@id\":\"https:\\\/\\\/www.fcbarcelonanoticias.com\\\/en\\\/transfers\\\/psg-will-pay-barcelona-6-millions-for-dro-fernandez-clause_315775_102.html#article\",\"isPartOf\":{\"@id\":\"https:\\\/\\\/www.fcbarcelonanoticias.com\\\/en\\\/transfers\\\/psg-will-pay-barcelona-6-millions-for-dro-fernandez-clause_315775_102.html\"},\"author\":{\"name\":\"Andr\u00e9s Quiroz\",\"@id\":\"https:\\\/\\\/www.fcbarcelonanoticias.com\\\/en\\\/#\\\/schema\\\/person\\\/c2cd9f6fa1af5c0d0eccd0fefa575c88\"},\"headline\":\"Deal closed: PSG will pay Bar\u00e7a the &#8216;Dro&#8217; Fern\u00e1ndez clause\",\"datePublished\":\"2026-01-17T20:59:00+00:00\",\"dateModified\":\"2026-03-27T10:34:57+00:00\",\"mainEntityOfPage\":{\"@id\":\"https:\\\/\\\/www.fcbarcelonanoticias.com\\\/en\\\/transfers\\\/psg-will-pay-barcelona-6-millions-for-dro-fernandez-clause_315775_102.html\"},\"wordCount\":581,\"image\":{\"@id\":\"https:\\\/\\\/www.fcbarcelonanoticias.com\\\/en\\\/transfers\\\/psg-will-pay-barcelona-6-millions-for-dro-fernandez-clause_315775_102.html#primaryimage\"},\"thumbnailUrl\":\"https:\\\/\\\/www.fcbarcelonanoticias.com\\\/en\\\/wp-content\\\/uploads\\\/sites\\\/2\\\/2026\\\/01\\\/dro-fernandez-v-atletico-laliga-25-26.jpeg\",\"keywords\":[\"Dro Fern\u00e1ndez\",\"Dro Fern\u00e1ndez\",\"Paris Saint-Germain\"],\"articleSection\":[\"Transfers\",\"Transfers\"],\"inLanguage\":\"en-US\"},{\"@type\":\"WebPage\",\"@id\":\"https:\\\/\\\/www.fcbarcelonanoticias.com\\\/en\\\/transfers\\\/psg-will-pay-barcelona-6-millions-for-dro-fernandez-clause_315775_102.html\",\"url\":\"https:\\\/\\\/www.fcbarcelonanoticias.com\\\/en\\\/transfers\\\/psg-will-pay-barcelona-6-millions-for-dro-fernandez-clause_315775_102.html\",\"name\":\"PSG will pay Bar\u00e7a \u20ac6M for Dro Fern\u00e1ndez's clause\",\"isPartOf\":{\"@id\":\"https:\\\/\\\/www.fcbarcelonanoticias.com\\\/en\\\/#website\"},\"primaryImageOfPage\":{\"@id\":\"https:\\\/\\\/www.fcbarcelonanoticias.com\\\/en\\\/transfers\\\/psg-will-pay-barcelona-6-millions-for-dro-fernandez-clause_315775_102.html#primaryimage\"},\"image\":{\"@id\":\"https:\\\/\\\/www.fcbarcelonanoticias.com\\\/en\\\/transfers\\\/psg-will-pay-barcelona-6-millions-for-dro-fernandez-clause_315775_102.html#primaryimage\"},\"thumbnailUrl\":\"https:\\\/\\\/www.fcbarcelonanoticias.com\\\/en\\\/wp-content\\\/uploads\\\/sites\\\/2\\\/2026\\\/01\\\/dro-fernandez-v-atletico-laliga-25-26.jpeg\",\"datePublished\":\"2026-01-17T20:59:00+00:00\",\"dateModified\":\"2026-03-27T10:34:57+00:00\",\"author\":{\"@id\":\"https:\\\/\\\/www.fcbarcelonanoticias.com\\\/en\\\/#\\\/schema\\\/person\\\/c2cd9f6fa1af5c0d0eccd0fefa575c88\"},\"description\":\"Pedro 'Dro' Fern\u00e1ndez will soon be a Paris Saint-Germain player. The 28-year-old midfielder will sign with the French club for 4 and a half seasons\",\"breadcrumb\":{\"@id\":\"https:\\\/\\\/www.fcbarcelonanoticias.com\\\/en\\\/transfers\\\/psg-will-pay-barcelona-6-millions-for-dro-fernandez-clause_315775_102.html#breadcrumb\"},\"inLanguage\":\"en-US\",\"potentialAction\":[{\"@type\":\"ReadAction\",\"target\":[\"https:\\\/\\\/www.fcbarcelonanoticias.com\\\/en\\\/transfers\\\/psg-will-pay-barcelona-6-millions-for-dro-fernandez-clause_315775_102.html\"]}]},{\"@type\":\"ImageObject\",\"inLanguage\":\"en-US\",\"@id\":\"https:\\\/\\\/www.fcbarcelonanoticias.com\\\/en\\\/transfers\\\/psg-will-pay-barcelona-6-millions-for-dro-fernandez-clause_315775_102.html#primaryimage\",\"url\":\"https:\\\/\\\/www.fcbarcelonanoticias.com\\\/en\\\/wp-content\\\/uploads\\\/sites\\\/2\\\/2026\\\/01\\\/dro-fernandez-v-atletico-laliga-25-26.jpeg\",\"contentUrl\":\"https:\\\/\\\/www.fcbarcelonanoticias.com\\\/en\\\/wp-content\\\/uploads\\\/sites\\\/2\\\/2026\\\/01\\\/dro-fernandez-v-atletico-laliga-25-26.jpeg\",\"width\":1300,\"height\":732},{\"@type\":\"BreadcrumbList\",\"@id\":\"https:\\\/\\\/www.fcbarcelonanoticias.com\\\/en\\\/transfers\\\/psg-will-pay-barcelona-6-millions-for-dro-fernandez-clause_315775_102.html#breadcrumb\",\"itemListElement\":[{\"@type\":\"ListItem\",\"position\":1,\"name\":\"Portada\",\"item\":\"https:\\\/\\\/www.fcbarcelonanoticias.com\\\/en\\\/\"},{\"@type\":\"ListItem\",\"position\":2,\"name\":\"Deal closed: PSG will pay Bar\u00e7a the &#8216;Dro&#8217; Fern\u00e1ndez clause\"}]},{\"@type\":\"WebSite\",\"@id\":\"https:\\\/\\\/www.fcbarcelonanoticias.com\\\/en\\\/#website\",\"url\":\"https:\\\/\\\/www.fcbarcelonanoticias.com\\\/en\\\/\",\"name\":\"EN - FC Barcelona Noticias\",\"description\":\"\",\"potentialAction\":[{\"@type\":\"SearchAction\",\"target\":{\"@type\":\"EntryPoint\",\"urlTemplate\":\"https:\\\/\\\/www.fcbarcelonanoticias.com\\\/en\\\/?s={search_term_string}\"},\"query-input\":{\"@type\":\"PropertyValueSpecification\",\"valueRequired\":true,\"valueName\":\"search_term_string\"}}],\"inLanguage\":\"en-US\"},{\"@type\":\"Person\",\"@id\":\"https:\\\/\\\/www.fcbarcelonanoticias.com\\\/en\\\/#\\\/schema\\\/person\\\/c2cd9f6fa1af5c0d0eccd0fefa575c88\",\"name\":\"Andr\u00e9s Quiroz\",\"image\":{\"@type\":\"ImageObject\",\"inLanguage\":\"en-US\",\"@id\":\"https:\\\/\\\/secure.gravatar.com\\\/avatar\\\/?s=96&d=mm&r=g\",\"url\":\"https:\\\/\\\/secure.gravatar.com\\\/avatar\\\/?s=96&d=mm&r=g\",\"contentUrl\":\"https:\\\/\\\/secure.gravatar.com\\\/avatar\\\/?s=96&d=mm&r=g\",\"caption\":\"Andr\u00e9s Quiroz\"},\"description\":\"Licenciado en Periodismo por la Universidad de los Andes. Me encargo de analizar y compartir los contenidos m\u00e1s destacados de la\u00a0actualidad del F\u00fatbol Club Barcelona, Mercado de Fichajes y F\u00fatbol Internacional en FCBN. La informaci\u00f3n es poder, pero tambi\u00e9n conocimiento.\",\"url\":\"https:\\\/\\\/www.fcbarcelonanoticias.com\\\/en\\\/fc-barcelona\\\/andres-quiroz_17_115.html\"}]}<\/script>\n<!-- \/ Yoast SEO plugin. -->","yoast_head_json":{"title":"PSG will pay Bar\u00e7a \u20ac6M for Dro Fern\u00e1ndez's clause","description":"Pedro 'Dro' Fern\u00e1ndez will soon be a Paris Saint-Germain player. The 28-year-old midfielder will sign with the French club for 4 and a half seasons","robots":{"index":"index","follow":"follow","max-snippet":"max-snippet:-1","max-image-preview":"max-image-preview:large","max-video-preview":"max-video-preview:-1"},"canonical":"https:\/\/www.fcbarcelonanoticias.com\/en\/transfers\/psg-will-pay-barcelona-6-millions-for-dro-fernandez-clause_315775_102.html","og_locale":"en_US","og_type":"article","og_title":"PSG will pay Bar\u00e7a \u20ac6M for Dro Fern\u00e1ndez's clause","og_description":"Pedro 'Dro' Fern\u00e1ndez will soon be a Paris Saint-Germain player. The 28-year-old midfielder will sign with the French club for 4 and a half seasons","og_url":"https:\/\/www.fcbarcelonanoticias.com\/en\/transfers\/psg-will-pay-barcelona-6-millions-for-dro-fernandez-clause_315775_102.html","og_site_name":"EN - FC Barcelona Noticias","article_published_time":"2026-01-17T20:59:00+00:00","article_modified_time":"2026-03-27T10:34:57+00:00","og_image":[{"width":1300,"height":732,"url":"https:\/\/www.fcbarcelonanoticias.com\/en\/wp-content\/uploads\/sites\/2\/2026\/01\/dro-fernandez-v-atletico-laliga-25-26.jpeg","type":"image\/jpeg"}],"author":"Andr\u00e9s Quiroz","twitter_card":"summary_large_image","twitter_misc":{"Written by":"Andr\u00e9s Quiroz","Est. reading time":"3 minutes"},"schema":{"@context":"https:\/\/schema.org","@graph":[{"@type":"Article","@id":"https:\/\/www.fcbarcelonanoticias.com\/en\/transfers\/psg-will-pay-barcelona-6-millions-for-dro-fernandez-clause_315775_102.html#article","isPartOf":{"@id":"https:\/\/www.fcbarcelonanoticias.com\/en\/transfers\/psg-will-pay-barcelona-6-millions-for-dro-fernandez-clause_315775_102.html"},"author":{"name":"Andr\u00e9s Quiroz","@id":"https:\/\/www.fcbarcelonanoticias.com\/en\/#\/schema\/person\/c2cd9f6fa1af5c0d0eccd0fefa575c88"},"headline":"Deal closed: PSG will pay Bar\u00e7a the &#8216;Dro&#8217; Fern\u00e1ndez clause","datePublished":"2026-01-17T20:59:00+00:00","dateModified":"2026-03-27T10:34:57+00:00","mainEntityOfPage":{"@id":"https:\/\/www.fcbarcelonanoticias.com\/en\/transfers\/psg-will-pay-barcelona-6-millions-for-dro-fernandez-clause_315775_102.html"},"wordCount":581,"image":{"@id":"https:\/\/www.fcbarcelonanoticias.com\/en\/transfers\/psg-will-pay-barcelona-6-millions-for-dro-fernandez-clause_315775_102.html#primaryimage"},"thumbnailUrl":"https:\/\/www.fcbarcelonanoticias.com\/en\/wp-content\/uploads\/sites\/2\/2026\/01\/dro-fernandez-v-atletico-laliga-25-26.jpeg","keywords":["Dro Fern\u00e1ndez","Dro Fern\u00e1ndez","Paris Saint-Germain"],"articleSection":["Transfers","Transfers"],"inLanguage":"en-US"},{"@type":"WebPage","@id":"https:\/\/www.fcbarcelonanoticias.com\/en\/transfers\/psg-will-pay-barcelona-6-millions-for-dro-fernandez-clause_315775_102.html","url":"https:\/\/www.fcbarcelonanoticias.com\/en\/transfers\/psg-will-pay-barcelona-6-millions-for-dro-fernandez-clause_315775_102.html","name":"PSG will pay Bar\u00e7a \u20ac6M for Dro Fern\u00e1ndez's clause","isPartOf":{"@id":"https:\/\/www.fcbarcelonanoticias.com\/en\/#website"},"primaryImageOfPage":{"@id":"https:\/\/www.fcbarcelonanoticias.com\/en\/transfers\/psg-will-pay-barcelona-6-millions-for-dro-fernandez-clause_315775_102.html#primaryimage"},"image":{"@id":"https:\/\/www.fcbarcelonanoticias.com\/en\/transfers\/psg-will-pay-barcelona-6-millions-for-dro-fernandez-clause_315775_102.html#primaryimage"},"thumbnailUrl":"https:\/\/www.fcbarcelonanoticias.com\/en\/wp-content\/uploads\/sites\/2\/2026\/01\/dro-fernandez-v-atletico-laliga-25-26.jpeg","datePublished":"2026-01-17T20:59:00+00:00","dateModified":"2026-03-27T10:34:57+00:00","author":{"@id":"https:\/\/www.fcbarcelonanoticias.com\/en\/#\/schema\/person\/c2cd9f6fa1af5c0d0eccd0fefa575c88"},"description":"Pedro 'Dro' Fern\u00e1ndez will soon be a Paris Saint-Germain player. The 28-year-old midfielder will sign with the French club for 4 and a half seasons","breadcrumb":{"@id":"https:\/\/www.fcbarcelonanoticias.com\/en\/transfers\/psg-will-pay-barcelona-6-millions-for-dro-fernandez-clause_315775_102.html#breadcrumb"},"inLanguage":"en-US","potentialAction":[{"@type":"ReadAction","target":["https:\/\/www.fcbarcelonanoticias.com\/en\/transfers\/psg-will-pay-barcelona-6-millions-for-dro-fernandez-clause_315775_102.html"]}]},{"@type":"ImageObject","inLanguage":"en-US","@id":"https:\/\/www.fcbarcelonanoticias.com\/en\/transfers\/psg-will-pay-barcelona-6-millions-for-dro-fernandez-clause_315775_102.html#primaryimage","url":"https:\/\/www.fcbarcelonanoticias.com\/en\/wp-content\/uploads\/sites\/2\/2026\/01\/dro-fernandez-v-atletico-laliga-25-26.jpeg","contentUrl":"https:\/\/www.fcbarcelonanoticias.com\/en\/wp-content\/uploads\/sites\/2\/2026\/01\/dro-fernandez-v-atletico-laliga-25-26.jpeg","width":1300,"height":732},{"@type":"BreadcrumbList","@id":"https:\/\/www.fcbarcelonanoticias.com\/en\/transfers\/psg-will-pay-barcelona-6-millions-for-dro-fernandez-clause_315775_102.html#breadcrumb","itemListElement":[{"@type":"ListItem","position":1,"name":"Portada","item":"https:\/\/www.fcbarcelonanoticias.com\/en\/"},{"@type":"ListItem","position":2,"name":"Deal closed: PSG will pay Bar\u00e7a the &#8216;Dro&#8217; Fern\u00e1ndez clause"}]},{"@type":"WebSite","@id":"https:\/\/www.fcbarcelonanoticias.com\/en\/#website","url":"https:\/\/www.fcbarcelonanoticias.com\/en\/","name":"EN - FC Barcelona Noticias","description":"","potentialAction":[{"@type":"SearchAction","target":{"@type":"EntryPoint","urlTemplate":"https:\/\/www.fcbarcelonanoticias.com\/en\/?s={search_term_string}"},"query-input":{"@type":"PropertyValueSpecification","valueRequired":true,"valueName":"search_term_string"}}],"inLanguage":"en-US"},{"@type":"Person","@id":"https:\/\/www.fcbarcelonanoticias.com\/en\/#\/schema\/person\/c2cd9f6fa1af5c0d0eccd0fefa575c88","name":"Andr\u00e9s Quiroz","image":{"@type":"ImageObject","inLanguage":"en-US","@id":"https:\/\/secure.gravatar.com\/avatar\/?s=96&d=mm&r=g","url":"https:\/\/secure.gravatar.com\/avatar\/?s=96&d=mm&r=g","contentUrl":"https:\/\/secure.gravatar.com\/avatar\/?s=96&d=mm&r=g","caption":"Andr\u00e9s Quiroz"},"description":"Licenciado en Periodismo por la Universidad de los Andes. Me encargo de analizar y compartir los contenidos m\u00e1s destacados de la\u00a0actualidad del F\u00fatbol Club Barcelona, Mercado de Fichajes y F\u00fatbol Internacional en FCBN. La informaci\u00f3n es poder, pero tambi\u00e9n conocimiento.","url":"https:\/\/www.fcbarcelonanoticias.com\/en\/fc-barcelona\/andres-quiroz_17_115.html"}]}},"_links":{"self":[{"href":"https:\/\/www.fcbarcelonanoticias.com\/en\/wp-json\/wp\/v2\/posts\/96430","targetHints":{"allow":["GET"]}}],"collection":[{"href":"https:\/\/www.fcbarcelonanoticias.com\/en\/wp-json\/wp\/v2\/posts"}],"about":[{"href":"https:\/\/www.fcbarcelonanoticias.com\/en\/wp-json\/wp\/v2\/types\/post"}],"author":[{"embeddable":true,"href":"https:\/\/www.fcbarcelonanoticias.com\/en\/wp-json\/wp\/v2\/users\/347"}],"replies":[{"embeddable":true,"href":"https:\/\/www.fcbarcelonanoticias.com\/en\/wp-json\/wp\/v2\/comments?post=96430"}],"version-history":[{"count":2,"href":"https:\/\/www.fcbarcelonanoticias.com\/en\/wp-json\/wp\/v2\/posts\/96430\/revisions"}],"predecessor-version":[{"id":159711,"href":"https:\/\/www.fcbarcelonanoticias.com\/en\/wp-json\/wp\/v2\/posts\/96430\/revisions\/159711"}],"wp:featuredmedia":[{"embeddable":true,"href":"https:\/\/www.fcbarcelonanoticias.com\/en\/wp-json\/wp\/v2\/media\/96444"}],"wp:attachment":[{"href":"https:\/\/www.fcbarcelonanoticias.com\/en\/wp-json\/wp\/v2\/media?parent=96430"}],"wp:term":[{"taxonomy":"category","embeddable":true,"href":"https:\/\/www.fcbarcelonanoticias.com\/en\/wp-json\/wp\/v2\/categories?post=96430"},{"taxonomy":"post_tag","embeddable":true,"href":"https:\/\/www.fcbarcelonanoticias.com\/en\/wp-json\/wp\/v2\/tags?post=96430"}],"curies":[{"name":"wp","href":"https:\/\/api.w.org\/{rel}","templated":true}]}}