{"id":96689,"date":"2023-01-17T16:59:00","date_gmt":"2023-01-17T15:59:00","guid":{"rendered":"https:\/\/weisetech.dev\/fc-barcelona-noticias\/en\/no-of-kessie-franck-does-not-have-any-intention-to-leave-the-barca_288718_102\/"},"modified":"2023-01-17T19:29:00","modified_gmt":"2023-01-17T18:29:00","slug":"no-of-kessie-franck-does-not-have-any-intention-to-leave-the-barca_288718_102","status":"publish","type":"post","link":"https:\/\/www.fcbarcelonanoticias.com\/en\/transfers\/no-of-kessie-franck-does-not-have-any-intention-to-leave-the-barca_288718_102.html","title":{"rendered":"&#8216;No&#8217; from Kessie! Franck has no intention of leaving Bar\u00e7a"},"content":{"rendered":"<h2 class=\"wp-block-heading\">Although he has not had the expected number of minutes, Franck Kessi\u00e9 has been optimistic about his time at Bar\u00e7a and those around him have denied that he plans to change scenery<\/h2>  \r\n<div class=\"article-addons\">\r\n    <a href=\"https:\/\/www.fcbarcelonanoticias.com\/en\/calendar-fc-barcelona.html\"\r\n       target=\"_self\"\r\n       title=\"Calendar of FC Barcelona\"\r\n       class=\"blue-gredient-btn\">\r\n       \r\n        Calendar of FC Barcelona    <\/a>\r\n<\/div>   <p>In the middle of the wintry market of signings have circulated diverse informations on a possible exchange between the FC Barcelona and the Inter of Milan, <strong>where the involved could be <a data-external=\"0\" data-intl-links-en=\"https:\/\/www.fcbarcelonanoticias.com\/en\/transfers\/survey-it-would-hit-the-barca-changing-to-kessie-by-brozovic_288696_102.html\" data-intl-links-es=\"https:\/\/www.fcbarcelonanoticias.com\/fichajes\/encuesta-acertaria-barcelona-cambiando-kessie-por-brozovic_288696_102.html\" href=\"https:\/\/www.fcbarcelonanoticias.com\/en\/transfers\/survey-it-would-hit-the-barca-changing-to-kessie-by-brozovic_288696_102.html\" rel=\"follow\" target=\"_self\" title=\"ENCUESTA: \u00bfAcertar\u00eda el Bar\u00e7a cambiando a Kessi\u00e9 por Brozovic?\">Franck Kessi\u00e9<\/a> or Memphis Depay in the case of the Barcelona team<\/strong>, as well as Marcelo Brozovic or Carlos Joaqu\u00edn Correa by part of the lombardos. However, the marfile\u00f1o would not be by the work to abandon the City Condal in an immediate future.<\/p>  <p>This operation, that also would have been descartada by Xavi,<strong> would not be in the plans of Kessi\u00e9, whose surroundings, in accordance with the information of the newspaper &#8216;Sport&#8217; would not give the &#8220;ok&#8221;<\/strong>, all time that feels comfortable in Barcelona in spite of not having the minutes neither the leadership expected in the middle of a process of adaptation to the diagram of game of the egarense, what has woken up some interests on his continuity.<\/p>  <p>Kessi\u00e9 Has not had sufficient presence on the field along the season in course. However,<strong> the marfile\u00f1o feels optimistic and conscious that still it subtracts him a lot of work for doing<\/strong> to reach a similar level to the that showed when it was a member of the rows of the AC Milan, with which would finish conquering the title of the Italian championship. Besides, it feels protected when having the confidence of Xavi Hern\u00e1ndez.<\/p>  <h4>Kessi\u00e9, optimistic with the Bar\u00e7a<\/h4>  <p>The marfile\u00f1o is to the so much of the difficulties that supposes to do with a fixed square in the eleven Barcelona in front of the quality of the effective that are used to to exert in the medullary, but wants to continue struggling to convince to the technical body that his place is in the Spotify Camp Nou. Meanwhile, <strong>the managerial will be patient with his case and will expect at least to the end of the season<\/strong> before thinking in an operation of market.<\/p>  <p>To date, <strong>Franck Kessi\u00e9 has been present in the field along 664 minutes in which it has been able to add a goal<\/strong>, for then in the Champions in front of Viktoria Plzen. Likewise, it has come adding new opportunities in his last presentations, as when it was to title in front of the Intercity, stage that will repeat in the following instance in front of the Ceuta, as well as in the batch of penaltis in front of the Betis.<\/p> ","protected":false},"excerpt":{"rendered":"<p>Although he has not had the expected number of minutes, Franck Kessi\u00e9 has been optimistic about his time at Bar\u00e7a and those around him have denied that he plans to change scenery In the middle of the wintry market of signings have circulated diverse informations on a possible exchange between the FC Barcelona and the [&hellip;]<\/p>\n","protected":false},"author":363,"featured_media":96697,"comment_status":"closed","ping_status":"open","sticky":false,"template":"","format":"standard","meta":{"_acf_changed":false,"inline_featured_image":false,"_nextfly_llmd_date_locked":false,"footnotes":""},"categories":[449,106],"tags":[305],"class_list":["post-96689","post","type-post","status-publish","format-standard","has-post-thumbnail","hentry","category-transfers-2","category-transfers","tag-frank-kessie"],"acf":[],"yoast_head":"<!-- This site is optimized with the Yoast SEO plugin v27.3 - https:\/\/yoast.com\/product\/yoast-seo-wordpress\/ -->\n<title>&#039;No&#039; of Kessi\u00e9! Franck does not have any intention to leave the Bar\u00e7a<\/title>\n<meta name=\"description\" content=\"Although it has not had the quantity of minutes expected, Franck Kessi\u00e9 has showed optimistic with his stage in the Bar\u00e7a and from his surroundings have denied that have thought to change of airs\" \/>\n<meta name=\"robots\" content=\"index, follow, max-snippet:-1, max-image-preview:large, max-video-preview:-1\" \/>\n<link rel=\"canonical\" href=\"https:\/\/www.fcbarcelonanoticias.com\/en\/transfers\/no-of-kessie-franck-does-not-have-any-intention-to-leave-the-barca_288718_102.html\" \/>\n<meta property=\"og:locale\" content=\"en_US\" \/>\n<meta property=\"og:type\" content=\"article\" \/>\n<meta property=\"og:title\" content=\"&#039;No&#039; of Kessi\u00e9! Franck does not have any intention to leave the Bar\u00e7a\" \/>\n<meta property=\"og:description\" content=\"Although it has not had the quantity of minutes expected, Franck Kessi\u00e9 has showed optimistic with his stage in the Bar\u00e7a and from his surroundings have denied that have thought to change of airs\" \/>\n<meta property=\"og:url\" content=\"https:\/\/www.fcbarcelonanoticias.com\/en\/transfers\/no-of-kessie-franck-does-not-have-any-intention-to-leave-the-barca_288718_102.html\" \/>\n<meta property=\"og:site_name\" content=\"EN - FC Barcelona Noticias\" \/>\n<meta property=\"article:published_time\" content=\"2023-01-17T15:59:00+00:00\" \/>\n<meta property=\"article:modified_time\" content=\"2023-01-17T18:29:00+00:00\" \/>\n<meta property=\"og:image\" content=\"https:\/\/www.fcbarcelonanoticias.com\/en\/wp-content\/uploads\/sites\/2\/2023\/01\/fbl-esp-cup-intercity-barcelona-1-1.jpeg\" \/>\n\t<meta property=\"og:image:width\" content=\"1200\" \/>\n\t<meta property=\"og:image:height\" content=\"695\" \/>\n\t<meta property=\"og:image:type\" content=\"image\/jpeg\" \/>\n<meta name=\"author\" content=\"Claudio Betancourt\" \/>\n<meta name=\"twitter:card\" content=\"summary_large_image\" \/>\n<meta name=\"twitter:label1\" content=\"Written by\" \/>\n\t<meta name=\"twitter:data1\" content=\"Claudio Betancourt\" \/>\n\t<meta name=\"twitter:label2\" content=\"Est. reading time\" \/>\n\t<meta name=\"twitter:data2\" content=\"2 minutes\" \/>\n<script type=\"application\/ld+json\" class=\"yoast-schema-graph\">{\"@context\":\"https:\\\/\\\/schema.org\",\"@graph\":[{\"@type\":\"Article\",\"@id\":\"https:\\\/\\\/www.fcbarcelonanoticias.com\\\/en\\\/transfers\\\/no-of-kessie-franck-does-not-have-any-intention-to-leave-the-barca_288718_102.html#article\",\"isPartOf\":{\"@id\":\"https:\\\/\\\/www.fcbarcelonanoticias.com\\\/en\\\/transfers\\\/no-of-kessie-franck-does-not-have-any-intention-to-leave-the-barca_288718_102.html\"},\"author\":{\"name\":\"Claudio Betancourt\",\"@id\":\"https:\\\/\\\/www.fcbarcelonanoticias.com\\\/en\\\/#\\\/schema\\\/person\\\/76c77917e39f918eb1604c571055386e\"},\"headline\":\"&#8216;No&#8217; from Kessie! Franck has no intention of leaving Bar\u00e7a\",\"datePublished\":\"2023-01-17T15:59:00+00:00\",\"dateModified\":\"2023-01-17T18:29:00+00:00\",\"mainEntityOfPage\":{\"@id\":\"https:\\\/\\\/www.fcbarcelonanoticias.com\\\/en\\\/transfers\\\/no-of-kessie-franck-does-not-have-any-intention-to-leave-the-barca_288718_102.html\"},\"wordCount\":448,\"image\":{\"@id\":\"https:\\\/\\\/www.fcbarcelonanoticias.com\\\/en\\\/transfers\\\/no-of-kessie-franck-does-not-have-any-intention-to-leave-the-barca_288718_102.html#primaryimage\"},\"thumbnailUrl\":\"https:\\\/\\\/www.fcbarcelonanoticias.com\\\/en\\\/wp-content\\\/uploads\\\/sites\\\/2\\\/2023\\\/01\\\/fbl-esp-cup-intercity-barcelona-1-1.jpeg\",\"keywords\":[\"Frank Kessi\u00e9\"],\"articleSection\":[\"Transfers\",\"Transfers\"],\"inLanguage\":\"en-US\"},{\"@type\":\"WebPage\",\"@id\":\"https:\\\/\\\/www.fcbarcelonanoticias.com\\\/en\\\/transfers\\\/no-of-kessie-franck-does-not-have-any-intention-to-leave-the-barca_288718_102.html\",\"url\":\"https:\\\/\\\/www.fcbarcelonanoticias.com\\\/en\\\/transfers\\\/no-of-kessie-franck-does-not-have-any-intention-to-leave-the-barca_288718_102.html\",\"name\":\"'No' of Kessi\u00e9! Franck does not have any intention to leave the Bar\u00e7a\",\"isPartOf\":{\"@id\":\"https:\\\/\\\/www.fcbarcelonanoticias.com\\\/en\\\/#website\"},\"primaryImageOfPage\":{\"@id\":\"https:\\\/\\\/www.fcbarcelonanoticias.com\\\/en\\\/transfers\\\/no-of-kessie-franck-does-not-have-any-intention-to-leave-the-barca_288718_102.html#primaryimage\"},\"image\":{\"@id\":\"https:\\\/\\\/www.fcbarcelonanoticias.com\\\/en\\\/transfers\\\/no-of-kessie-franck-does-not-have-any-intention-to-leave-the-barca_288718_102.html#primaryimage\"},\"thumbnailUrl\":\"https:\\\/\\\/www.fcbarcelonanoticias.com\\\/en\\\/wp-content\\\/uploads\\\/sites\\\/2\\\/2023\\\/01\\\/fbl-esp-cup-intercity-barcelona-1-1.jpeg\",\"datePublished\":\"2023-01-17T15:59:00+00:00\",\"dateModified\":\"2023-01-17T18:29:00+00:00\",\"author\":{\"@id\":\"https:\\\/\\\/www.fcbarcelonanoticias.com\\\/en\\\/#\\\/schema\\\/person\\\/76c77917e39f918eb1604c571055386e\"},\"description\":\"Although it has not had the quantity of minutes expected, Franck Kessi\u00e9 has showed optimistic with his stage in the Bar\u00e7a and from his surroundings have denied that have thought to change of airs\",\"breadcrumb\":{\"@id\":\"https:\\\/\\\/www.fcbarcelonanoticias.com\\\/en\\\/transfers\\\/no-of-kessie-franck-does-not-have-any-intention-to-leave-the-barca_288718_102.html#breadcrumb\"},\"inLanguage\":\"en-US\",\"potentialAction\":[{\"@type\":\"ReadAction\",\"target\":[\"https:\\\/\\\/www.fcbarcelonanoticias.com\\\/en\\\/transfers\\\/no-of-kessie-franck-does-not-have-any-intention-to-leave-the-barca_288718_102.html\"]}]},{\"@type\":\"ImageObject\",\"inLanguage\":\"en-US\",\"@id\":\"https:\\\/\\\/www.fcbarcelonanoticias.com\\\/en\\\/transfers\\\/no-of-kessie-franck-does-not-have-any-intention-to-leave-the-barca_288718_102.html#primaryimage\",\"url\":\"https:\\\/\\\/www.fcbarcelonanoticias.com\\\/en\\\/wp-content\\\/uploads\\\/sites\\\/2\\\/2023\\\/01\\\/fbl-esp-cup-intercity-barcelona-1-1.jpeg\",\"contentUrl\":\"https:\\\/\\\/www.fcbarcelonanoticias.com\\\/en\\\/wp-content\\\/uploads\\\/sites\\\/2\\\/2023\\\/01\\\/fbl-esp-cup-intercity-barcelona-1-1.jpeg\",\"width\":1200,\"height\":695},{\"@type\":\"BreadcrumbList\",\"@id\":\"https:\\\/\\\/www.fcbarcelonanoticias.com\\\/en\\\/transfers\\\/no-of-kessie-franck-does-not-have-any-intention-to-leave-the-barca_288718_102.html#breadcrumb\",\"itemListElement\":[{\"@type\":\"ListItem\",\"position\":1,\"name\":\"Portada\",\"item\":\"https:\\\/\\\/www.fcbarcelonanoticias.com\\\/en\\\/\"},{\"@type\":\"ListItem\",\"position\":2,\"name\":\"&#8216;No&#8217; from Kessie! Franck has no intention of leaving Bar\u00e7a\"}]},{\"@type\":\"WebSite\",\"@id\":\"https:\\\/\\\/www.fcbarcelonanoticias.com\\\/en\\\/#website\",\"url\":\"https:\\\/\\\/www.fcbarcelonanoticias.com\\\/en\\\/\",\"name\":\"EN - FC Barcelona Noticias\",\"description\":\"\",\"potentialAction\":[{\"@type\":\"SearchAction\",\"target\":{\"@type\":\"EntryPoint\",\"urlTemplate\":\"https:\\\/\\\/www.fcbarcelonanoticias.com\\\/en\\\/?s={search_term_string}\"},\"query-input\":{\"@type\":\"PropertyValueSpecification\",\"valueRequired\":true,\"valueName\":\"search_term_string\"}}],\"inLanguage\":\"en-US\"},{\"@type\":\"Person\",\"@id\":\"https:\\\/\\\/www.fcbarcelonanoticias.com\\\/en\\\/#\\\/schema\\\/person\\\/76c77917e39f918eb1604c571055386e\",\"name\":\"Claudio Betancourt\",\"image\":{\"@type\":\"ImageObject\",\"inLanguage\":\"en-US\",\"@id\":\"https:\\\/\\\/secure.gravatar.com\\\/avatar\\\/?s=96&d=mm&r=g\",\"url\":\"https:\\\/\\\/secure.gravatar.com\\\/avatar\\\/?s=96&d=mm&r=g\",\"contentUrl\":\"https:\\\/\\\/secure.gravatar.com\\\/avatar\\\/?s=96&d=mm&r=g\",\"caption\":\"Claudio Betancourt\"},\"url\":\"https:\\\/\\\/www.fcbarcelonanoticias.com\\\/en\\\/claudio-betancourt_14_115.html\"}]}<\/script>\n<!-- \/ Yoast SEO plugin. -->","yoast_head_json":{"title":"'No' of Kessi\u00e9! Franck does not have any intention to leave the Bar\u00e7a","description":"Although it has not had the quantity of minutes expected, Franck Kessi\u00e9 has showed optimistic with his stage in the Bar\u00e7a and from his surroundings have denied that have thought to change of airs","robots":{"index":"index","follow":"follow","max-snippet":"max-snippet:-1","max-image-preview":"max-image-preview:large","max-video-preview":"max-video-preview:-1"},"canonical":"https:\/\/www.fcbarcelonanoticias.com\/en\/transfers\/no-of-kessie-franck-does-not-have-any-intention-to-leave-the-barca_288718_102.html","og_locale":"en_US","og_type":"article","og_title":"'No' of Kessi\u00e9! Franck does not have any intention to leave the Bar\u00e7a","og_description":"Although it has not had the quantity of minutes expected, Franck Kessi\u00e9 has showed optimistic with his stage in the Bar\u00e7a and from his surroundings have denied that have thought to change of airs","og_url":"https:\/\/www.fcbarcelonanoticias.com\/en\/transfers\/no-of-kessie-franck-does-not-have-any-intention-to-leave-the-barca_288718_102.html","og_site_name":"EN - FC Barcelona Noticias","article_published_time":"2023-01-17T15:59:00+00:00","article_modified_time":"2023-01-17T18:29:00+00:00","og_image":[{"width":1200,"height":695,"url":"https:\/\/www.fcbarcelonanoticias.com\/en\/wp-content\/uploads\/sites\/2\/2023\/01\/fbl-esp-cup-intercity-barcelona-1-1.jpeg","type":"image\/jpeg"}],"author":"Claudio Betancourt","twitter_card":"summary_large_image","twitter_misc":{"Written by":"Claudio Betancourt","Est. reading time":"2 minutes"},"schema":{"@context":"https:\/\/schema.org","@graph":[{"@type":"Article","@id":"https:\/\/www.fcbarcelonanoticias.com\/en\/transfers\/no-of-kessie-franck-does-not-have-any-intention-to-leave-the-barca_288718_102.html#article","isPartOf":{"@id":"https:\/\/www.fcbarcelonanoticias.com\/en\/transfers\/no-of-kessie-franck-does-not-have-any-intention-to-leave-the-barca_288718_102.html"},"author":{"name":"Claudio Betancourt","@id":"https:\/\/www.fcbarcelonanoticias.com\/en\/#\/schema\/person\/76c77917e39f918eb1604c571055386e"},"headline":"&#8216;No&#8217; from Kessie! Franck has no intention of leaving Bar\u00e7a","datePublished":"2023-01-17T15:59:00+00:00","dateModified":"2023-01-17T18:29:00+00:00","mainEntityOfPage":{"@id":"https:\/\/www.fcbarcelonanoticias.com\/en\/transfers\/no-of-kessie-franck-does-not-have-any-intention-to-leave-the-barca_288718_102.html"},"wordCount":448,"image":{"@id":"https:\/\/www.fcbarcelonanoticias.com\/en\/transfers\/no-of-kessie-franck-does-not-have-any-intention-to-leave-the-barca_288718_102.html#primaryimage"},"thumbnailUrl":"https:\/\/www.fcbarcelonanoticias.com\/en\/wp-content\/uploads\/sites\/2\/2023\/01\/fbl-esp-cup-intercity-barcelona-1-1.jpeg","keywords":["Frank Kessi\u00e9"],"articleSection":["Transfers","Transfers"],"inLanguage":"en-US"},{"@type":"WebPage","@id":"https:\/\/www.fcbarcelonanoticias.com\/en\/transfers\/no-of-kessie-franck-does-not-have-any-intention-to-leave-the-barca_288718_102.html","url":"https:\/\/www.fcbarcelonanoticias.com\/en\/transfers\/no-of-kessie-franck-does-not-have-any-intention-to-leave-the-barca_288718_102.html","name":"'No' of Kessi\u00e9! Franck does not have any intention to leave the Bar\u00e7a","isPartOf":{"@id":"https:\/\/www.fcbarcelonanoticias.com\/en\/#website"},"primaryImageOfPage":{"@id":"https:\/\/www.fcbarcelonanoticias.com\/en\/transfers\/no-of-kessie-franck-does-not-have-any-intention-to-leave-the-barca_288718_102.html#primaryimage"},"image":{"@id":"https:\/\/www.fcbarcelonanoticias.com\/en\/transfers\/no-of-kessie-franck-does-not-have-any-intention-to-leave-the-barca_288718_102.html#primaryimage"},"thumbnailUrl":"https:\/\/www.fcbarcelonanoticias.com\/en\/wp-content\/uploads\/sites\/2\/2023\/01\/fbl-esp-cup-intercity-barcelona-1-1.jpeg","datePublished":"2023-01-17T15:59:00+00:00","dateModified":"2023-01-17T18:29:00+00:00","author":{"@id":"https:\/\/www.fcbarcelonanoticias.com\/en\/#\/schema\/person\/76c77917e39f918eb1604c571055386e"},"description":"Although it has not had the quantity of minutes expected, Franck Kessi\u00e9 has showed optimistic with his stage in the Bar\u00e7a and from his surroundings have denied that have thought to change of airs","breadcrumb":{"@id":"https:\/\/www.fcbarcelonanoticias.com\/en\/transfers\/no-of-kessie-franck-does-not-have-any-intention-to-leave-the-barca_288718_102.html#breadcrumb"},"inLanguage":"en-US","potentialAction":[{"@type":"ReadAction","target":["https:\/\/www.fcbarcelonanoticias.com\/en\/transfers\/no-of-kessie-franck-does-not-have-any-intention-to-leave-the-barca_288718_102.html"]}]},{"@type":"ImageObject","inLanguage":"en-US","@id":"https:\/\/www.fcbarcelonanoticias.com\/en\/transfers\/no-of-kessie-franck-does-not-have-any-intention-to-leave-the-barca_288718_102.html#primaryimage","url":"https:\/\/www.fcbarcelonanoticias.com\/en\/wp-content\/uploads\/sites\/2\/2023\/01\/fbl-esp-cup-intercity-barcelona-1-1.jpeg","contentUrl":"https:\/\/www.fcbarcelonanoticias.com\/en\/wp-content\/uploads\/sites\/2\/2023\/01\/fbl-esp-cup-intercity-barcelona-1-1.jpeg","width":1200,"height":695},{"@type":"BreadcrumbList","@id":"https:\/\/www.fcbarcelonanoticias.com\/en\/transfers\/no-of-kessie-franck-does-not-have-any-intention-to-leave-the-barca_288718_102.html#breadcrumb","itemListElement":[{"@type":"ListItem","position":1,"name":"Portada","item":"https:\/\/www.fcbarcelonanoticias.com\/en\/"},{"@type":"ListItem","position":2,"name":"&#8216;No&#8217; from Kessie! Franck has no intention of leaving Bar\u00e7a"}]},{"@type":"WebSite","@id":"https:\/\/www.fcbarcelonanoticias.com\/en\/#website","url":"https:\/\/www.fcbarcelonanoticias.com\/en\/","name":"EN - FC Barcelona Noticias","description":"","potentialAction":[{"@type":"SearchAction","target":{"@type":"EntryPoint","urlTemplate":"https:\/\/www.fcbarcelonanoticias.com\/en\/?s={search_term_string}"},"query-input":{"@type":"PropertyValueSpecification","valueRequired":true,"valueName":"search_term_string"}}],"inLanguage":"en-US"},{"@type":"Person","@id":"https:\/\/www.fcbarcelonanoticias.com\/en\/#\/schema\/person\/76c77917e39f918eb1604c571055386e","name":"Claudio Betancourt","image":{"@type":"ImageObject","inLanguage":"en-US","@id":"https:\/\/secure.gravatar.com\/avatar\/?s=96&d=mm&r=g","url":"https:\/\/secure.gravatar.com\/avatar\/?s=96&d=mm&r=g","contentUrl":"https:\/\/secure.gravatar.com\/avatar\/?s=96&d=mm&r=g","caption":"Claudio Betancourt"},"url":"https:\/\/www.fcbarcelonanoticias.com\/en\/claudio-betancourt_14_115.html"}]}},"_links":{"self":[{"href":"https:\/\/www.fcbarcelonanoticias.com\/en\/wp-json\/wp\/v2\/posts\/96689","targetHints":{"allow":["GET"]}}],"collection":[{"href":"https:\/\/www.fcbarcelonanoticias.com\/en\/wp-json\/wp\/v2\/posts"}],"about":[{"href":"https:\/\/www.fcbarcelonanoticias.com\/en\/wp-json\/wp\/v2\/types\/post"}],"author":[{"embeddable":true,"href":"https:\/\/www.fcbarcelonanoticias.com\/en\/wp-json\/wp\/v2\/users\/363"}],"replies":[{"embeddable":true,"href":"https:\/\/www.fcbarcelonanoticias.com\/en\/wp-json\/wp\/v2\/comments?post=96689"}],"version-history":[{"count":1,"href":"https:\/\/www.fcbarcelonanoticias.com\/en\/wp-json\/wp\/v2\/posts\/96689\/revisions"}],"predecessor-version":[{"id":131504,"href":"https:\/\/www.fcbarcelonanoticias.com\/en\/wp-json\/wp\/v2\/posts\/96689\/revisions\/131504"}],"wp:featuredmedia":[{"embeddable":true,"href":"https:\/\/www.fcbarcelonanoticias.com\/en\/wp-json\/wp\/v2\/media\/96697"}],"wp:attachment":[{"href":"https:\/\/www.fcbarcelonanoticias.com\/en\/wp-json\/wp\/v2\/media?parent=96689"}],"wp:term":[{"taxonomy":"category","embeddable":true,"href":"https:\/\/www.fcbarcelonanoticias.com\/en\/wp-json\/wp\/v2\/categories?post=96689"},{"taxonomy":"post_tag","embeddable":true,"href":"https:\/\/www.fcbarcelonanoticias.com\/en\/wp-json\/wp\/v2\/tags?post=96689"}],"curies":[{"name":"wp","href":"https:\/\/api.w.org\/{rel}","templated":true}]}}